{"id":129449,"date":"2025-12-08T09:03:32","date_gmt":"2025-12-08T12:03:32","guid":{"rendered":"https:\/\/www.noticiasradioreflejos.com.ar\/2021\/?p=129449"},"modified":"2025-12-08T09:51:36","modified_gmt":"2025-12-08T12:51:36","slug":"tragedia-en-villa-la-arcadia-murio-el-dueno-del-hotel-pillahuinco-dias-despues-de-sufrir-graves-quemaduras-por-una-explosion","status":"publish","type":"post","link":"https:\/\/www.noticiasradioreflejos.com.ar\/2021\/tragedia-en-villa-la-arcadia-murio-el-dueno-del-hotel-pillahuinco-dias-despues-de-sufrir-graves-quemaduras-por-una-explosion\/","title":{"rendered":"Tragedia en Villa La Arcadia: Muri\u00f3 el hombre del Hotel Pillahuinc\u00f3 d\u00edas despu\u00e9s de sufrir graves quemaduras por una explosi\u00f3n"},"content":{"rendered":"<p><b>Nicol\u00e1s Alberto Ru\u00edz<\/b>, de 40 a\u00f1os, encargado del <b>Hotel Pillahuinc\u00f3<\/b> de Villa La Arcadia (partido de Coronel Su\u00e1rez), muri\u00f3 esta madrugada a causa de las graves quemaduras sufridas tras una explosi\u00f3n registrada en un anexo del establecimiento. La v\u00edctima ten\u00eda el <b>50% de su cuerpo afectado por el fuego<\/b> en manos y brazos.<\/p>\n<p><!--more-->Nicol\u00e1s Alberto Ru\u00edz muri\u00f3 esta madrugada en el Hospital de Tornquist donde permanec\u00eda internado en terapia intensiva como consecuencia de las graves quemaduras que hab\u00eda sufrido en manos y brazos tras una explosi\u00f3n que se registr\u00f3 en un anexo del Hotel Pillahuinc\u00f3, ubicado en Villa La Arcadia, partido de Coronel Su\u00e1rez.<\/p>\n<p>Tal como hab\u00edamos informado en nuestro portal<a href=\"https:\/\/www.noticiasradioreflejos.com.ar\/2021\/explosion-en-hotel-de-villa-la-arcadia-bomberos-voluntarios-de-sierra-de-la-ventana-en-alerta\/\"><em><strong>\u00a0Noticias Radio Reflejos<\/strong>,<\/em><\/a>\u00a0el hecho ocurri\u00f3 cerca de las 19 del s\u00e1bado, cuando vecinos alertaron a las autoridades por el estallido.<\/p>\n<p data-path-to-node=\"2\">\u00a0Seg\u00fan informaron fuentes de Bomberos Voluntarios de Sierra de la Ventana, la explosi\u00f3n se habr\u00eda producido en la <b>sala de m\u00e1quinas donde opera una caldera<\/b>, cuando Ru\u00edz intentaba encenderla. Pese al r\u00e1pido accionar de los servidores p\u00fablicos, que intentaron estabilizarlo para trasladarlo a un centro de mayor complejidad, Ru\u00edz no logr\u00f3 resistir las heridas. Peritos y autoridades trabajan para establecer el origen preciso del siniestro.<\/p>\n<p>&nbsp;<\/p>\n","protected":false},"excerpt":{"rendered":"<p>Nicol\u00e1s Alberto Ru\u00edz, de 40 a\u00f1os, encargado del Hotel Pillahuinc\u00f3 de Villa La Arcadia (partido de Coronel Su\u00e1rez), muri\u00f3 esta madrugada a causa de las graves quemaduras sufridas tras una explosi\u00f3n registrada en un anexo del establecimiento. La v\u00edctima ten\u00eda el 50% de su cuerpo afectado por el fuego en manos y brazos.<\/p>\n","protected":false},"author":3,"featured_media":88495,"comment_status":"closed","ping_status":"closed","sticky":false,"template":"","format":"standard","meta":{"footnotes":""},"categories":[29],"tags":[48],"class_list":["post-129449","post","type-post","status-publish","format-standard","has-post-thumbnail","hentry","category-policiales","tag-destacada"],"yoast_head":"<!-- This site is optimized with the Yoast SEO plugin v25.9 - https:\/\/yoast.com\/wordpress\/plugins\/seo\/ -->\n<title>Tragedia en Villa La Arcadia: Muri\u00f3 el hombre del Hotel Pillahuinc\u00f3 d\u00edas despu\u00e9s de sufrir graves quemaduras por una explosi\u00f3n - Noticias Radio Reflejos<\/title>\n<meta name=\"robots\" content=\"index, follow, max-snippet:-1, max-image-preview:large, max-video-preview:-1\" \/>\n<link rel=\"canonical\" href=\"https:\/\/www.noticiasradioreflejos.com.ar\/2021\/tragedia-en-villa-la-arcadia-murio-el-dueno-del-hotel-pillahuinco-dias-despues-de-sufrir-graves-quemaduras-por-una-explosion\/\" \/>\n<meta property=\"og:locale\" content=\"es_ES\" \/>\n<meta property=\"og:type\" content=\"article\" \/>\n<meta property=\"og:title\" content=\"Tragedia en Villa La Arcadia: Muri\u00f3 el hombre del Hotel Pillahuinc\u00f3 d\u00edas despu\u00e9s de sufrir graves quemaduras por una explosi\u00f3n - Noticias Radio Reflejos\" \/>\n<meta property=\"og:description\" content=\"Nicol\u00e1s Alberto Ru\u00edz, de 40 a\u00f1os, encargado del Hotel Pillahuinc\u00f3 de Villa La Arcadia (partido de Coronel Su\u00e1rez), muri\u00f3 esta madrugada a causa de las graves quemaduras sufridas tras una explosi\u00f3n registrada en un anexo del establecimiento. La v\u00edctima ten\u00eda el 50% de su cuerpo afectado por el fuego en manos y brazos.\" \/>\n<meta property=\"og:url\" content=\"https:\/\/www.noticiasradioreflejos.com.ar\/2021\/tragedia-en-villa-la-arcadia-murio-el-dueno-del-hotel-pillahuinco-dias-despues-de-sufrir-graves-quemaduras-por-una-explosion\/\" \/>\n<meta property=\"og:site_name\" content=\"Noticias Radio Reflejos\" \/>\n<meta property=\"article:published_time\" content=\"2025-12-08T12:03:32+00:00\" \/>\n<meta property=\"article:modified_time\" content=\"2025-12-08T12:51:36+00:00\" \/>\n<meta property=\"og:image\" content=\"https:\/\/www.noticiasradioreflejos.com.ar\/2021\/wp-content\/uploads\/2023\/05\/Hotel-Pillahuinco.jpg\" \/>\n\t<meta property=\"og:image:width\" content=\"550\" \/>\n\t<meta property=\"og:image:height\" content=\"412\" \/>\n\t<meta property=\"og:image:type\" content=\"image\/jpeg\" \/>\n<meta name=\"author\" content=\"Arnaldo Botto\" \/>\n<meta name=\"twitter:card\" content=\"summary_large_image\" \/>\n<script type=\"application\/ld+json\" class=\"yoast-schema-graph\">{\"@context\":\"https:\/\/schema.org\",\"@graph\":[{\"@type\":\"WebPage\",\"@id\":\"https:\/\/www.noticiasradioreflejos.com.ar\/2021\/tragedia-en-villa-la-arcadia-murio-el-dueno-del-hotel-pillahuinco-dias-despues-de-sufrir-graves-quemaduras-por-una-explosion\/\",\"url\":\"https:\/\/www.noticiasradioreflejos.com.ar\/2021\/tragedia-en-villa-la-arcadia-murio-el-dueno-del-hotel-pillahuinco-dias-despues-de-sufrir-graves-quemaduras-por-una-explosion\/\",\"name\":\"Tragedia en Villa La Arcadia: Muri\u00f3 el hombre del Hotel Pillahuinc\u00f3 d\u00edas despu\u00e9s de sufrir graves quemaduras por una explosi\u00f3n - Noticias Radio Reflejos\",\"isPartOf\":{\"@id\":\"https:\/\/www.noticiasradioreflejos.com.ar\/2021\/#website\"},\"primaryImageOfPage\":{\"@id\":\"https:\/\/www.noticiasradioreflejos.com.ar\/2021\/tragedia-en-villa-la-arcadia-murio-el-dueno-del-hotel-pillahuinco-dias-despues-de-sufrir-graves-quemaduras-por-una-explosion\/#primaryimage\"},\"image\":{\"@id\":\"https:\/\/www.noticiasradioreflejos.com.ar\/2021\/tragedia-en-villa-la-arcadia-murio-el-dueno-del-hotel-pillahuinco-dias-despues-de-sufrir-graves-quemaduras-por-una-explosion\/#primaryimage\"},\"thumbnailUrl\":\"https:\/\/www.noticiasradioreflejos.com.ar\/2021\/wp-content\/uploads\/2023\/05\/Hotel-Pillahuinco.jpg\",\"datePublished\":\"2025-12-08T12:03:32+00:00\",\"dateModified\":\"2025-12-08T12:51:36+00:00\",\"author\":{\"@id\":\"https:\/\/www.noticiasradioreflejos.com.ar\/2021\/#\/schema\/person\/ad82545263dcc5ec0996818884fd5fb1\"},\"breadcrumb\":{\"@id\":\"https:\/\/www.noticiasradioreflejos.com.ar\/2021\/tragedia-en-villa-la-arcadia-murio-el-dueno-del-hotel-pillahuinco-dias-despues-de-sufrir-graves-quemaduras-por-una-explosion\/#breadcrumb\"},\"inLanguage\":\"es\",\"potentialAction\":[{\"@type\":\"ReadAction\",\"target\":[\"https:\/\/www.noticiasradioreflejos.com.ar\/2021\/tragedia-en-villa-la-arcadia-murio-el-dueno-del-hotel-pillahuinco-dias-despues-de-sufrir-graves-quemaduras-por-una-explosion\/\"]}]},{\"@type\":\"ImageObject\",\"inLanguage\":\"es\",\"@id\":\"https:\/\/www.noticiasradioreflejos.com.ar\/2021\/tragedia-en-villa-la-arcadia-murio-el-dueno-del-hotel-pillahuinco-dias-despues-de-sufrir-graves-quemaduras-por-una-explosion\/#primaryimage\",\"url\":\"https:\/\/www.noticiasradioreflejos.com.ar\/2021\/wp-content\/uploads\/2023\/05\/Hotel-Pillahuinco.jpg\",\"contentUrl\":\"https:\/\/www.noticiasradioreflejos.com.ar\/2021\/wp-content\/uploads\/2023\/05\/Hotel-Pillahuinco.jpg\",\"width\":550,\"height\":412},{\"@type\":\"BreadcrumbList\",\"@id\":\"https:\/\/www.noticiasradioreflejos.com.ar\/2021\/tragedia-en-villa-la-arcadia-murio-el-dueno-del-hotel-pillahuinco-dias-despues-de-sufrir-graves-quemaduras-por-una-explosion\/#breadcrumb\",\"itemListElement\":[{\"@type\":\"ListItem\",\"position\":1,\"name\":\"Portada\",\"item\":\"https:\/\/www.noticiasradioreflejos.com.ar\/2021\/\"},{\"@type\":\"ListItem\",\"position\":2,\"name\":\"Tragedia en Villa La Arcadia: Muri\u00f3 el hombre del Hotel Pillahuinc\u00f3 d\u00edas despu\u00e9s de sufrir graves quemaduras por una explosi\u00f3n\"}]},{\"@type\":\"WebSite\",\"@id\":\"https:\/\/www.noticiasradioreflejos.com.ar\/2021\/#website\",\"url\":\"https:\/\/www.noticiasradioreflejos.com.ar\/2021\/\",\"name\":\"Noticias Radio Reflejos\",\"description\":\"Las noticias de mi comarca\",\"potentialAction\":[{\"@type\":\"SearchAction\",\"target\":{\"@type\":\"EntryPoint\",\"urlTemplate\":\"https:\/\/www.noticiasradioreflejos.com.ar\/2021\/?s={search_term_string}\"},\"query-input\":{\"@type\":\"PropertyValueSpecification\",\"valueRequired\":true,\"valueName\":\"search_term_string\"}}],\"inLanguage\":\"es\"},{\"@type\":\"Person\",\"@id\":\"https:\/\/www.noticiasradioreflejos.com.ar\/2021\/#\/schema\/person\/ad82545263dcc5ec0996818884fd5fb1\",\"name\":\"Arnaldo Botto\",\"image\":{\"@type\":\"ImageObject\",\"inLanguage\":\"es\",\"@id\":\"https:\/\/www.noticiasradioreflejos.com.ar\/2021\/#\/schema\/person\/image\/\",\"url\":\"https:\/\/secure.gravatar.com\/avatar\/55cb5e37c1efa326397366e6974cb338056df65cb50e7d64d1cf314e87504837?s=96&d=mm&r=g\",\"contentUrl\":\"https:\/\/secure.gravatar.com\/avatar\/55cb5e37c1efa326397366e6974cb338056df65cb50e7d64d1cf314e87504837?s=96&d=mm&r=g\",\"caption\":\"Arnaldo Botto\"},\"url\":\"https:\/\/www.noticiasradioreflejos.com.ar\/2021\/author\/arnaldo\/\"}]}<\/script>\n<!-- \/ Yoast SEO plugin. -->","yoast_head_json":{"title":"Tragedia en Villa La Arcadia: Muri\u00f3 el hombre del Hotel Pillahuinc\u00f3 d\u00edas despu\u00e9s de sufrir graves quemaduras por una explosi\u00f3n - Noticias Radio Reflejos","robots":{"index":"index","follow":"follow","max-snippet":"max-snippet:-1","max-image-preview":"max-image-preview:large","max-video-preview":"max-video-preview:-1"},"canonical":"https:\/\/www.noticiasradioreflejos.com.ar\/2021\/tragedia-en-villa-la-arcadia-murio-el-dueno-del-hotel-pillahuinco-dias-despues-de-sufrir-graves-quemaduras-por-una-explosion\/","og_locale":"es_ES","og_type":"article","og_title":"Tragedia en Villa La Arcadia: Muri\u00f3 el hombre del Hotel Pillahuinc\u00f3 d\u00edas despu\u00e9s de sufrir graves quemaduras por una explosi\u00f3n - Noticias Radio Reflejos","og_description":"Nicol\u00e1s Alberto Ru\u00edz, de 40 a\u00f1os, encargado del Hotel Pillahuinc\u00f3 de Villa La Arcadia (partido de Coronel Su\u00e1rez), muri\u00f3 esta madrugada a causa de las graves quemaduras sufridas tras una explosi\u00f3n registrada en un anexo del establecimiento. La v\u00edctima ten\u00eda el 50% de su cuerpo afectado por el fuego en manos y brazos.","og_url":"https:\/\/www.noticiasradioreflejos.com.ar\/2021\/tragedia-en-villa-la-arcadia-murio-el-dueno-del-hotel-pillahuinco-dias-despues-de-sufrir-graves-quemaduras-por-una-explosion\/","og_site_name":"Noticias Radio Reflejos","article_published_time":"2025-12-08T12:03:32+00:00","article_modified_time":"2025-12-08T12:51:36+00:00","og_image":[{"width":550,"height":412,"url":"https:\/\/www.noticiasradioreflejos.com.ar\/2021\/wp-content\/uploads\/2023\/05\/Hotel-Pillahuinco.jpg","type":"image\/jpeg"}],"author":"Arnaldo Botto","twitter_card":"summary_large_image","schema":{"@context":"https:\/\/schema.org","@graph":[{"@type":"WebPage","@id":"https:\/\/www.noticiasradioreflejos.com.ar\/2021\/tragedia-en-villa-la-arcadia-murio-el-dueno-del-hotel-pillahuinco-dias-despues-de-sufrir-graves-quemaduras-por-una-explosion\/","url":"https:\/\/www.noticiasradioreflejos.com.ar\/2021\/tragedia-en-villa-la-arcadia-murio-el-dueno-del-hotel-pillahuinco-dias-despues-de-sufrir-graves-quemaduras-por-una-explosion\/","name":"Tragedia en Villa La Arcadia: Muri\u00f3 el hombre del Hotel Pillahuinc\u00f3 d\u00edas despu\u00e9s de sufrir graves quemaduras por una explosi\u00f3n - Noticias Radio Reflejos","isPartOf":{"@id":"https:\/\/www.noticiasradioreflejos.com.ar\/2021\/#website"},"primaryImageOfPage":{"@id":"https:\/\/www.noticiasradioreflejos.com.ar\/2021\/tragedia-en-villa-la-arcadia-murio-el-dueno-del-hotel-pillahuinco-dias-despues-de-sufrir-graves-quemaduras-por-una-explosion\/#primaryimage"},"image":{"@id":"https:\/\/www.noticiasradioreflejos.com.ar\/2021\/tragedia-en-villa-la-arcadia-murio-el-dueno-del-hotel-pillahuinco-dias-despues-de-sufrir-graves-quemaduras-por-una-explosion\/#primaryimage"},"thumbnailUrl":"https:\/\/www.noticiasradioreflejos.com.ar\/2021\/wp-content\/uploads\/2023\/05\/Hotel-Pillahuinco.jpg","datePublished":"2025-12-08T12:03:32+00:00","dateModified":"2025-12-08T12:51:36+00:00","author":{"@id":"https:\/\/www.noticiasradioreflejos.com.ar\/2021\/#\/schema\/person\/ad82545263dcc5ec0996818884fd5fb1"},"breadcrumb":{"@id":"https:\/\/www.noticiasradioreflejos.com.ar\/2021\/tragedia-en-villa-la-arcadia-murio-el-dueno-del-hotel-pillahuinco-dias-despues-de-sufrir-graves-quemaduras-por-una-explosion\/#breadcrumb"},"inLanguage":"es","potentialAction":[{"@type":"ReadAction","target":["https:\/\/www.noticiasradioreflejos.com.ar\/2021\/tragedia-en-villa-la-arcadia-murio-el-dueno-del-hotel-pillahuinco-dias-despues-de-sufrir-graves-quemaduras-por-una-explosion\/"]}]},{"@type":"ImageObject","inLanguage":"es","@id":"https:\/\/www.noticiasradioreflejos.com.ar\/2021\/tragedia-en-villa-la-arcadia-murio-el-dueno-del-hotel-pillahuinco-dias-despues-de-sufrir-graves-quemaduras-por-una-explosion\/#primaryimage","url":"https:\/\/www.noticiasradioreflejos.com.ar\/2021\/wp-content\/uploads\/2023\/05\/Hotel-Pillahuinco.jpg","contentUrl":"https:\/\/www.noticiasradioreflejos.com.ar\/2021\/wp-content\/uploads\/2023\/05\/Hotel-Pillahuinco.jpg","width":550,"height":412},{"@type":"BreadcrumbList","@id":"https:\/\/www.noticiasradioreflejos.com.ar\/2021\/tragedia-en-villa-la-arcadia-murio-el-dueno-del-hotel-pillahuinco-dias-despues-de-sufrir-graves-quemaduras-por-una-explosion\/#breadcrumb","itemListElement":[{"@type":"ListItem","position":1,"name":"Portada","item":"https:\/\/www.noticiasradioreflejos.com.ar\/2021\/"},{"@type":"ListItem","position":2,"name":"Tragedia en Villa La Arcadia: Muri\u00f3 el hombre del Hotel Pillahuinc\u00f3 d\u00edas despu\u00e9s de sufrir graves quemaduras por una explosi\u00f3n"}]},{"@type":"WebSite","@id":"https:\/\/www.noticiasradioreflejos.com.ar\/2021\/#website","url":"https:\/\/www.noticiasradioreflejos.com.ar\/2021\/","name":"Noticias Radio Reflejos","description":"Las noticias de mi comarca","potentialAction":[{"@type":"SearchAction","target":{"@type":"EntryPoint","urlTemplate":"https:\/\/www.noticiasradioreflejos.com.ar\/2021\/?s={search_term_string}"},"query-input":{"@type":"PropertyValueSpecification","valueRequired":true,"valueName":"search_term_string"}}],"inLanguage":"es"},{"@type":"Person","@id":"https:\/\/www.noticiasradioreflejos.com.ar\/2021\/#\/schema\/person\/ad82545263dcc5ec0996818884fd5fb1","name":"Arnaldo Botto","image":{"@type":"ImageObject","inLanguage":"es","@id":"https:\/\/www.noticiasradioreflejos.com.ar\/2021\/#\/schema\/person\/image\/","url":"https:\/\/secure.gravatar.com\/avatar\/55cb5e37c1efa326397366e6974cb338056df65cb50e7d64d1cf314e87504837?s=96&d=mm&r=g","contentUrl":"https:\/\/secure.gravatar.com\/avatar\/55cb5e37c1efa326397366e6974cb338056df65cb50e7d64d1cf314e87504837?s=96&d=mm&r=g","caption":"Arnaldo Botto"},"url":"https:\/\/www.noticiasradioreflejos.com.ar\/2021\/author\/arnaldo\/"}]}},"_links":{"self":[{"href":"https:\/\/www.noticiasradioreflejos.com.ar\/2021\/wp-json\/wp\/v2\/posts\/129449","targetHints":{"allow":["GET"]}}],"collection":[{"href":"https:\/\/www.noticiasradioreflejos.com.ar\/2021\/wp-json\/wp\/v2\/posts"}],"about":[{"href":"https:\/\/www.noticiasradioreflejos.com.ar\/2021\/wp-json\/wp\/v2\/types\/post"}],"author":[{"embeddable":true,"href":"https:\/\/www.noticiasradioreflejos.com.ar\/2021\/wp-json\/wp\/v2\/users\/3"}],"replies":[{"embeddable":true,"href":"https:\/\/www.noticiasradioreflejos.com.ar\/2021\/wp-json\/wp\/v2\/comments?post=129449"}],"version-history":[{"count":2,"href":"https:\/\/www.noticiasradioreflejos.com.ar\/2021\/wp-json\/wp\/v2\/posts\/129449\/revisions"}],"predecessor-version":[{"id":129457,"href":"https:\/\/www.noticiasradioreflejos.com.ar\/2021\/wp-json\/wp\/v2\/posts\/129449\/revisions\/129457"}],"wp:featuredmedia":[{"embeddable":true,"href":"https:\/\/www.noticiasradioreflejos.com.ar\/2021\/wp-json\/wp\/v2\/media\/88495"}],"wp:attachment":[{"href":"https:\/\/www.noticiasradioreflejos.com.ar\/2021\/wp-json\/wp\/v2\/media?parent=129449"}],"wp:term":[{"taxonomy":"category","embeddable":true,"href":"https:\/\/www.noticiasradioreflejos.com.ar\/2021\/wp-json\/wp\/v2\/categories?post=129449"},{"taxonomy":"post_tag","embeddable":true,"href":"https:\/\/www.noticiasradioreflejos.com.ar\/2021\/wp-json\/wp\/v2\/tags?post=129449"}],"curies":[{"name":"wp","href":"https:\/\/api.w.org\/{rel}","templated":true}]}}