{"id":129446,"date":"2025-12-08T08:55:31","date_gmt":"2025-12-08T11:55:31","guid":{"rendered":"https:\/\/www.noticiasradioreflejos.com.ar\/2021\/?p=129446"},"modified":"2025-12-08T08:55:31","modified_gmt":"2025-12-08T11:55:31","slug":"calor-e-inestabilidad-para-arrancar-la-semana-la-comarca-serrana-con-maximas-de-33c-y-alerta-de-tormentas","status":"publish","type":"post","link":"https:\/\/www.noticiasradioreflejos.com.ar\/2021\/calor-e-inestabilidad-para-arrancar-la-semana-la-comarca-serrana-con-maximas-de-33c-y-alerta-de-tormentas\/","title":{"rendered":"Calor e inestabilidad para arrancar la semana: La comarca serrana con m\u00e1ximas de 33\u00b0C y alerta de Tormentas\u00a0"},"content":{"rendered":"<p>El inicio del feriado de este lunes 8 de diciembre marca el comienzo de una semana que se anticipa calurosa e inestable para Sierra de la Ventana y el Valle del Sauce Grande. La jornada de hoy tendr\u00e1 una m\u00e1xima que rondar\u00eda los 33 grados, con el Servicio Meteorol\u00f3gico Nacional pronosticando vientos muy suaves a calmos de direcciones variables y cielo parcialmente nublado a nublado.<!--more--><\/p>\n<p>La inestabilidad se mantendr\u00e1 durante gran parte de la semana, con dos d\u00edas consecutivos con probabilidad de tormentas en horas de la tarde. Sin embargo, la semana cerrar\u00e1 con un marcado descenso de la temperatura y el regreso de los cielos despejados.<\/p>\n<h4><strong>Pron\u00f3stico Extendido para la Comarca Serrana<\/strong><\/h4>\n<p><strong>Martes:<\/strong> Se espera otro d\u00eda caluroso, con una m\u00ednima de 18\u00b0C y una m\u00e1xima de hasta 31\u00b0C. El cielo estar\u00e1 cubierto a nublado, con probabilidad de tormentas durante la tarde.<\/p>\n<p><strong>Mi\u00e9rcoles:<\/strong> Las condiciones ser\u00e1n similares a las del martes, con una m\u00e1xima de 31\u00b0C. Se pronostican cielos nublados por la ma\u00f1ana y cubierto con probabilidad de chaparrones durante la tarde. Los vientos ser\u00e1n suaves del noroeste.<\/p>\n<p><strong>Jueves: <\/strong>Se repite el pron\u00f3stico del d\u00eda anterior con m\u00ednimas de 18 y m\u00e1xima de 30 grados, cielos mayormente nublados,\u00a0 vientos moderados del NO rotando al SO durante la tarde y probabilidad de chaparrones aislados.<\/p>\n<p><strong>A partir del Viernes:<\/strong> Se espera el ingreso de vientos moderados a fuertes del sudoeste en el Valle de Sierra de la Ventana. Esto traer\u00e1 un descenso de las temperaturas y cielos soleados.<\/p>\n<p><strong>Pr\u00f3ximo Fin de Semana:<\/strong> El fin de semana se estima con m\u00ednimas de 14\u00b0C y m\u00e1ximas de hasta 24\u00b0C. Los vientos ser\u00e1n moderados a fuertes del Noroeste (NO) y los cielos presentar\u00e1n ligera nubosidad.<\/p>\n","protected":false},"excerpt":{"rendered":"<p>El inicio del feriado de este lunes 8 de diciembre marca el comienzo de una semana que se anticipa calurosa e inestable para Sierra de la Ventana y el Valle del Sauce Grande. La jornada de hoy tendr\u00e1 una m\u00e1xima que rondar\u00eda los 33 grados, con el Servicio Meteorol\u00f3gico Nacional pronosticando vientos muy suaves a [&hellip;]<\/p>\n","protected":false},"author":3,"featured_media":129447,"comment_status":"closed","ping_status":"closed","sticky":false,"template":"","format":"standard","meta":{"footnotes":""},"categories":[46],"tags":[48],"class_list":["post-129446","post","type-post","status-publish","format-standard","has-post-thumbnail","hentry","category-ciencia-y-tecnologia","tag-destacada"],"yoast_head":"<!-- This site is optimized with the Yoast SEO plugin v25.9 - https:\/\/yoast.com\/wordpress\/plugins\/seo\/ -->\n<title>Calor e inestabilidad para arrancar la semana: La comarca serrana con m\u00e1ximas de 33\u00b0C y alerta de Tormentas\u00a0 - Noticias Radio Reflejos<\/title>\n<meta name=\"robots\" content=\"index, follow, max-snippet:-1, max-image-preview:large, max-video-preview:-1\" \/>\n<link rel=\"canonical\" href=\"https:\/\/www.noticiasradioreflejos.com.ar\/2021\/calor-e-inestabilidad-para-arrancar-la-semana-la-comarca-serrana-con-maximas-de-33c-y-alerta-de-tormentas\/\" \/>\n<meta property=\"og:locale\" content=\"es_ES\" \/>\n<meta property=\"og:type\" content=\"article\" \/>\n<meta property=\"og:title\" content=\"Calor e inestabilidad para arrancar la semana: La comarca serrana con m\u00e1ximas de 33\u00b0C y alerta de Tormentas\u00a0 - Noticias Radio Reflejos\" \/>\n<meta property=\"og:description\" content=\"El inicio del feriado de este lunes 8 de diciembre marca el comienzo de una semana que se anticipa calurosa e inestable para Sierra de la Ventana y el Valle del Sauce Grande. La jornada de hoy tendr\u00e1 una m\u00e1xima que rondar\u00eda los 33 grados, con el Servicio Meteorol\u00f3gico Nacional pronosticando vientos muy suaves a [&hellip;]\" \/>\n<meta property=\"og:url\" content=\"https:\/\/www.noticiasradioreflejos.com.ar\/2021\/calor-e-inestabilidad-para-arrancar-la-semana-la-comarca-serrana-con-maximas-de-33c-y-alerta-de-tormentas\/\" \/>\n<meta property=\"og:site_name\" content=\"Noticias Radio Reflejos\" \/>\n<meta property=\"article:published_time\" content=\"2025-12-08T11:55:31+00:00\" \/>\n<meta property=\"og:image\" content=\"https:\/\/www.noticiasradioreflejos.com.ar\/2021\/wp-content\/uploads\/2025\/12\/Sierra-desde-el-cerro.jpg\" \/>\n\t<meta property=\"og:image:width\" content=\"2048\" \/>\n\t<meta property=\"og:image:height\" content=\"921\" \/>\n\t<meta property=\"og:image:type\" content=\"image\/jpeg\" \/>\n<meta name=\"author\" content=\"Arnaldo Botto\" \/>\n<meta name=\"twitter:card\" content=\"summary_large_image\" \/>\n<script type=\"application\/ld+json\" class=\"yoast-schema-graph\">{\"@context\":\"https:\/\/schema.org\",\"@graph\":[{\"@type\":\"WebPage\",\"@id\":\"https:\/\/www.noticiasradioreflejos.com.ar\/2021\/calor-e-inestabilidad-para-arrancar-la-semana-la-comarca-serrana-con-maximas-de-33c-y-alerta-de-tormentas\/\",\"url\":\"https:\/\/www.noticiasradioreflejos.com.ar\/2021\/calor-e-inestabilidad-para-arrancar-la-semana-la-comarca-serrana-con-maximas-de-33c-y-alerta-de-tormentas\/\",\"name\":\"Calor e inestabilidad para arrancar la semana: La comarca serrana con m\u00e1ximas de 33\u00b0C y alerta de Tormentas\u00a0 - Noticias Radio Reflejos\",\"isPartOf\":{\"@id\":\"https:\/\/www.noticiasradioreflejos.com.ar\/2021\/#website\"},\"primaryImageOfPage\":{\"@id\":\"https:\/\/www.noticiasradioreflejos.com.ar\/2021\/calor-e-inestabilidad-para-arrancar-la-semana-la-comarca-serrana-con-maximas-de-33c-y-alerta-de-tormentas\/#primaryimage\"},\"image\":{\"@id\":\"https:\/\/www.noticiasradioreflejos.com.ar\/2021\/calor-e-inestabilidad-para-arrancar-la-semana-la-comarca-serrana-con-maximas-de-33c-y-alerta-de-tormentas\/#primaryimage\"},\"thumbnailUrl\":\"https:\/\/www.noticiasradioreflejos.com.ar\/2021\/wp-content\/uploads\/2025\/12\/Sierra-desde-el-cerro.jpg\",\"datePublished\":\"2025-12-08T11:55:31+00:00\",\"author\":{\"@id\":\"https:\/\/www.noticiasradioreflejos.com.ar\/2021\/#\/schema\/person\/ad82545263dcc5ec0996818884fd5fb1\"},\"breadcrumb\":{\"@id\":\"https:\/\/www.noticiasradioreflejos.com.ar\/2021\/calor-e-inestabilidad-para-arrancar-la-semana-la-comarca-serrana-con-maximas-de-33c-y-alerta-de-tormentas\/#breadcrumb\"},\"inLanguage\":\"es\",\"potentialAction\":[{\"@type\":\"ReadAction\",\"target\":[\"https:\/\/www.noticiasradioreflejos.com.ar\/2021\/calor-e-inestabilidad-para-arrancar-la-semana-la-comarca-serrana-con-maximas-de-33c-y-alerta-de-tormentas\/\"]}]},{\"@type\":\"ImageObject\",\"inLanguage\":\"es\",\"@id\":\"https:\/\/www.noticiasradioreflejos.com.ar\/2021\/calor-e-inestabilidad-para-arrancar-la-semana-la-comarca-serrana-con-maximas-de-33c-y-alerta-de-tormentas\/#primaryimage\",\"url\":\"https:\/\/www.noticiasradioreflejos.com.ar\/2021\/wp-content\/uploads\/2025\/12\/Sierra-desde-el-cerro.jpg\",\"contentUrl\":\"https:\/\/www.noticiasradioreflejos.com.ar\/2021\/wp-content\/uploads\/2025\/12\/Sierra-desde-el-cerro.jpg\",\"width\":2048,\"height\":921},{\"@type\":\"BreadcrumbList\",\"@id\":\"https:\/\/www.noticiasradioreflejos.com.ar\/2021\/calor-e-inestabilidad-para-arrancar-la-semana-la-comarca-serrana-con-maximas-de-33c-y-alerta-de-tormentas\/#breadcrumb\",\"itemListElement\":[{\"@type\":\"ListItem\",\"position\":1,\"name\":\"Portada\",\"item\":\"https:\/\/www.noticiasradioreflejos.com.ar\/2021\/\"},{\"@type\":\"ListItem\",\"position\":2,\"name\":\"Calor e inestabilidad para arrancar la semana: La comarca serrana con m\u00e1ximas de 33\u00b0C y alerta de Tormentas\u00a0\"}]},{\"@type\":\"WebSite\",\"@id\":\"https:\/\/www.noticiasradioreflejos.com.ar\/2021\/#website\",\"url\":\"https:\/\/www.noticiasradioreflejos.com.ar\/2021\/\",\"name\":\"Noticias Radio Reflejos\",\"description\":\"Las noticias de mi comarca\",\"potentialAction\":[{\"@type\":\"SearchAction\",\"target\":{\"@type\":\"EntryPoint\",\"urlTemplate\":\"https:\/\/www.noticiasradioreflejos.com.ar\/2021\/?s={search_term_string}\"},\"query-input\":{\"@type\":\"PropertyValueSpecification\",\"valueRequired\":true,\"valueName\":\"search_term_string\"}}],\"inLanguage\":\"es\"},{\"@type\":\"Person\",\"@id\":\"https:\/\/www.noticiasradioreflejos.com.ar\/2021\/#\/schema\/person\/ad82545263dcc5ec0996818884fd5fb1\",\"name\":\"Arnaldo Botto\",\"image\":{\"@type\":\"ImageObject\",\"inLanguage\":\"es\",\"@id\":\"https:\/\/www.noticiasradioreflejos.com.ar\/2021\/#\/schema\/person\/image\/\",\"url\":\"https:\/\/secure.gravatar.com\/avatar\/55cb5e37c1efa326397366e6974cb338056df65cb50e7d64d1cf314e87504837?s=96&d=mm&r=g\",\"contentUrl\":\"https:\/\/secure.gravatar.com\/avatar\/55cb5e37c1efa326397366e6974cb338056df65cb50e7d64d1cf314e87504837?s=96&d=mm&r=g\",\"caption\":\"Arnaldo Botto\"},\"url\":\"https:\/\/www.noticiasradioreflejos.com.ar\/2021\/author\/arnaldo\/\"}]}<\/script>\n<!-- \/ Yoast SEO plugin. -->","yoast_head_json":{"title":"Calor e inestabilidad para arrancar la semana: La comarca serrana con m\u00e1ximas de 33\u00b0C y alerta de Tormentas\u00a0 - Noticias Radio Reflejos","robots":{"index":"index","follow":"follow","max-snippet":"max-snippet:-1","max-image-preview":"max-image-preview:large","max-video-preview":"max-video-preview:-1"},"canonical":"https:\/\/www.noticiasradioreflejos.com.ar\/2021\/calor-e-inestabilidad-para-arrancar-la-semana-la-comarca-serrana-con-maximas-de-33c-y-alerta-de-tormentas\/","og_locale":"es_ES","og_type":"article","og_title":"Calor e inestabilidad para arrancar la semana: La comarca serrana con m\u00e1ximas de 33\u00b0C y alerta de Tormentas\u00a0 - Noticias Radio Reflejos","og_description":"El inicio del feriado de este lunes 8 de diciembre marca el comienzo de una semana que se anticipa calurosa e inestable para Sierra de la Ventana y el Valle del Sauce Grande. La jornada de hoy tendr\u00e1 una m\u00e1xima que rondar\u00eda los 33 grados, con el Servicio Meteorol\u00f3gico Nacional pronosticando vientos muy suaves a [&hellip;]","og_url":"https:\/\/www.noticiasradioreflejos.com.ar\/2021\/calor-e-inestabilidad-para-arrancar-la-semana-la-comarca-serrana-con-maximas-de-33c-y-alerta-de-tormentas\/","og_site_name":"Noticias Radio Reflejos","article_published_time":"2025-12-08T11:55:31+00:00","og_image":[{"width":2048,"height":921,"url":"https:\/\/www.noticiasradioreflejos.com.ar\/2021\/wp-content\/uploads\/2025\/12\/Sierra-desde-el-cerro.jpg","type":"image\/jpeg"}],"author":"Arnaldo Botto","twitter_card":"summary_large_image","schema":{"@context":"https:\/\/schema.org","@graph":[{"@type":"WebPage","@id":"https:\/\/www.noticiasradioreflejos.com.ar\/2021\/calor-e-inestabilidad-para-arrancar-la-semana-la-comarca-serrana-con-maximas-de-33c-y-alerta-de-tormentas\/","url":"https:\/\/www.noticiasradioreflejos.com.ar\/2021\/calor-e-inestabilidad-para-arrancar-la-semana-la-comarca-serrana-con-maximas-de-33c-y-alerta-de-tormentas\/","name":"Calor e inestabilidad para arrancar la semana: La comarca serrana con m\u00e1ximas de 33\u00b0C y alerta de Tormentas\u00a0 - Noticias Radio Reflejos","isPartOf":{"@id":"https:\/\/www.noticiasradioreflejos.com.ar\/2021\/#website"},"primaryImageOfPage":{"@id":"https:\/\/www.noticiasradioreflejos.com.ar\/2021\/calor-e-inestabilidad-para-arrancar-la-semana-la-comarca-serrana-con-maximas-de-33c-y-alerta-de-tormentas\/#primaryimage"},"image":{"@id":"https:\/\/www.noticiasradioreflejos.com.ar\/2021\/calor-e-inestabilidad-para-arrancar-la-semana-la-comarca-serrana-con-maximas-de-33c-y-alerta-de-tormentas\/#primaryimage"},"thumbnailUrl":"https:\/\/www.noticiasradioreflejos.com.ar\/2021\/wp-content\/uploads\/2025\/12\/Sierra-desde-el-cerro.jpg","datePublished":"2025-12-08T11:55:31+00:00","author":{"@id":"https:\/\/www.noticiasradioreflejos.com.ar\/2021\/#\/schema\/person\/ad82545263dcc5ec0996818884fd5fb1"},"breadcrumb":{"@id":"https:\/\/www.noticiasradioreflejos.com.ar\/2021\/calor-e-inestabilidad-para-arrancar-la-semana-la-comarca-serrana-con-maximas-de-33c-y-alerta-de-tormentas\/#breadcrumb"},"inLanguage":"es","potentialAction":[{"@type":"ReadAction","target":["https:\/\/www.noticiasradioreflejos.com.ar\/2021\/calor-e-inestabilidad-para-arrancar-la-semana-la-comarca-serrana-con-maximas-de-33c-y-alerta-de-tormentas\/"]}]},{"@type":"ImageObject","inLanguage":"es","@id":"https:\/\/www.noticiasradioreflejos.com.ar\/2021\/calor-e-inestabilidad-para-arrancar-la-semana-la-comarca-serrana-con-maximas-de-33c-y-alerta-de-tormentas\/#primaryimage","url":"https:\/\/www.noticiasradioreflejos.com.ar\/2021\/wp-content\/uploads\/2025\/12\/Sierra-desde-el-cerro.jpg","contentUrl":"https:\/\/www.noticiasradioreflejos.com.ar\/2021\/wp-content\/uploads\/2025\/12\/Sierra-desde-el-cerro.jpg","width":2048,"height":921},{"@type":"BreadcrumbList","@id":"https:\/\/www.noticiasradioreflejos.com.ar\/2021\/calor-e-inestabilidad-para-arrancar-la-semana-la-comarca-serrana-con-maximas-de-33c-y-alerta-de-tormentas\/#breadcrumb","itemListElement":[{"@type":"ListItem","position":1,"name":"Portada","item":"https:\/\/www.noticiasradioreflejos.com.ar\/2021\/"},{"@type":"ListItem","position":2,"name":"Calor e inestabilidad para arrancar la semana: La comarca serrana con m\u00e1ximas de 33\u00b0C y alerta de Tormentas\u00a0"}]},{"@type":"WebSite","@id":"https:\/\/www.noticiasradioreflejos.com.ar\/2021\/#website","url":"https:\/\/www.noticiasradioreflejos.com.ar\/2021\/","name":"Noticias Radio Reflejos","description":"Las noticias de mi comarca","potentialAction":[{"@type":"SearchAction","target":{"@type":"EntryPoint","urlTemplate":"https:\/\/www.noticiasradioreflejos.com.ar\/2021\/?s={search_term_string}"},"query-input":{"@type":"PropertyValueSpecification","valueRequired":true,"valueName":"search_term_string"}}],"inLanguage":"es"},{"@type":"Person","@id":"https:\/\/www.noticiasradioreflejos.com.ar\/2021\/#\/schema\/person\/ad82545263dcc5ec0996818884fd5fb1","name":"Arnaldo Botto","image":{"@type":"ImageObject","inLanguage":"es","@id":"https:\/\/www.noticiasradioreflejos.com.ar\/2021\/#\/schema\/person\/image\/","url":"https:\/\/secure.gravatar.com\/avatar\/55cb5e37c1efa326397366e6974cb338056df65cb50e7d64d1cf314e87504837?s=96&d=mm&r=g","contentUrl":"https:\/\/secure.gravatar.com\/avatar\/55cb5e37c1efa326397366e6974cb338056df65cb50e7d64d1cf314e87504837?s=96&d=mm&r=g","caption":"Arnaldo Botto"},"url":"https:\/\/www.noticiasradioreflejos.com.ar\/2021\/author\/arnaldo\/"}]}},"_links":{"self":[{"href":"https:\/\/www.noticiasradioreflejos.com.ar\/2021\/wp-json\/wp\/v2\/posts\/129446","targetHints":{"allow":["GET"]}}],"collection":[{"href":"https:\/\/www.noticiasradioreflejos.com.ar\/2021\/wp-json\/wp\/v2\/posts"}],"about":[{"href":"https:\/\/www.noticiasradioreflejos.com.ar\/2021\/wp-json\/wp\/v2\/types\/post"}],"author":[{"embeddable":true,"href":"https:\/\/www.noticiasradioreflejos.com.ar\/2021\/wp-json\/wp\/v2\/users\/3"}],"replies":[{"embeddable":true,"href":"https:\/\/www.noticiasradioreflejos.com.ar\/2021\/wp-json\/wp\/v2\/comments?post=129446"}],"version-history":[{"count":1,"href":"https:\/\/www.noticiasradioreflejos.com.ar\/2021\/wp-json\/wp\/v2\/posts\/129446\/revisions"}],"predecessor-version":[{"id":129448,"href":"https:\/\/www.noticiasradioreflejos.com.ar\/2021\/wp-json\/wp\/v2\/posts\/129446\/revisions\/129448"}],"wp:featuredmedia":[{"embeddable":true,"href":"https:\/\/www.noticiasradioreflejos.com.ar\/2021\/wp-json\/wp\/v2\/media\/129447"}],"wp:attachment":[{"href":"https:\/\/www.noticiasradioreflejos.com.ar\/2021\/wp-json\/wp\/v2\/media?parent=129446"}],"wp:term":[{"taxonomy":"category","embeddable":true,"href":"https:\/\/www.noticiasradioreflejos.com.ar\/2021\/wp-json\/wp\/v2\/categories?post=129446"},{"taxonomy":"post_tag","embeddable":true,"href":"https:\/\/www.noticiasradioreflejos.com.ar\/2021\/wp-json\/wp\/v2\/tags?post=129446"}],"curies":[{"name":"wp","href":"https:\/\/api.w.org\/{rel}","templated":true}]}}