{"id":12944,"date":"2017-07-31T07:57:18","date_gmt":"2017-07-31T10:57:18","guid":{"rendered":"http:\/\/www.noticiasradioreflejos.com.ar\/noticias\/?p=12944"},"modified":"2017-07-31T07:57:18","modified_gmt":"2017-07-31T10:57:18","slug":"se-viene-el-20o-festival-regional-union-del-nino","status":"publish","type":"post","link":"https:\/\/www.noticiasradioreflejos.com.ar\/2021\/se-viene-el-20o-festival-regional-union-del-nino\/","title":{"rendered":"Se viene el 20\u00ba Festival Regional Uni\u00f3n del Ni\u00f1o"},"content":{"rendered":"<p>El s\u00e1bado 5 de agosto se realizar\u00e1 el 20\u00ba Festival Regional Uni\u00f3n del Ni\u00f1o, el evento en el que el Club Uni\u00f3n de Tornquist agasaja a todos los ni\u00f1os de la comunidad en su d\u00eda.<!--more--><br \/>\nLa jornada tendr\u00e1 lugar en el gimnasio \u201cMariano Morteo\u201d de la sede social de la entidad desde las 13.30 hs.<br \/>\nEl festival contar\u00e1 con el show del mago e ilusionista NITO y el espect\u00e1culo circense \u201cPURO CIRCO\u201d de Od\u00edn.<br \/>\nComo en cada edici\u00f3n, habr\u00e1 una importante cantidad de sorteos de juguetes y de bicicletas, adem\u00e1s de la entrega de la tradicional bolsita de golosinas a la salida del festival para cada uno de los ni\u00f1os que asistan.<br \/>\nEl ingreso ser\u00e1 sin costo para los menores de edad, mientras que los adultos deber\u00e1n abonar una m\u00f3dica entrada de $30.<br \/>\nPara la realizaci\u00f3n del evento, se encuentra trabajando la flamante subcomisi\u00f3n del festival, integrada por j\u00f3venes que se sumaron a la iniciativa y personas que vienen colaborando desde sus inicios.<br \/>\nAsimismo, muchos comercios de la ciudad y el municipio hacen un indispensable aporte, como as\u00ed tambi\u00e9n la firma Lheritier Argentina S.A., con una donaci\u00f3n por dem\u00e1s importante.<br \/>\nEn el marco de la organizaci\u00f3n del festival, se encuentra a la venta un bono contribuci\u00f3n de $30 que se sortear\u00e1 el d\u00eda del evento y entregar\u00e1 los siguientes premios:<br \/>\n1\u00ba: Torta m\u00e1gica \u201cUni\u00f3n del Ni\u00f1o\u201d;<br \/>\n2\u00ba: Lech\u00f3n con bebidas;<br \/>\n3\u00ba: Cabalgata para 2 personas;<br \/>\n4\u00ba: Cami\u00f3n con golosinas;<br \/>\n5\u00ba: Tabla de fiambres.<br \/>\nPrensa Club Uni\u00f3n<br \/>\nwww.uniondetornquist.com &#8211; clubuniondetornquist@gmail.com &#8211; \/ClubUnionDeTornquist &#8211; @UnionTornquist<\/p>\n","protected":false},"excerpt":{"rendered":"<p>El s\u00e1bado 5 de agosto se realizar\u00e1 el 20\u00ba Festival Regional Uni\u00f3n del Ni\u00f1o, el evento en el que el Club Uni\u00f3n de Tornquist agasaja a todos los ni\u00f1os de la comunidad en su d\u00eda.<\/p>\n","protected":false},"author":3,"featured_media":0,"comment_status":"closed","ping_status":"open","sticky":false,"template":"","format":"standard","meta":{"footnotes":""},"categories":[26],"tags":[],"class_list":["post-12944","post","type-post","status-publish","format-standard","hentry","category-sociedad"],"yoast_head":"<!-- This site is optimized with the Yoast SEO plugin v25.9 - https:\/\/yoast.com\/wordpress\/plugins\/seo\/ -->\n<title>Se viene el 20\u00ba Festival Regional Uni\u00f3n del Ni\u00f1o - Noticias Radio Reflejos<\/title>\n<meta name=\"robots\" content=\"index, follow, max-snippet:-1, max-image-preview:large, max-video-preview:-1\" \/>\n<link rel=\"canonical\" href=\"https:\/\/www.noticiasradioreflejos.com.ar\/2021\/se-viene-el-20o-festival-regional-union-del-nino\/\" \/>\n<meta property=\"og:locale\" content=\"es_ES\" \/>\n<meta property=\"og:type\" content=\"article\" \/>\n<meta property=\"og:title\" content=\"Se viene el 20\u00ba Festival Regional Uni\u00f3n del Ni\u00f1o - Noticias Radio Reflejos\" \/>\n<meta property=\"og:description\" content=\"El s\u00e1bado 5 de agosto se realizar\u00e1 el 20\u00ba Festival Regional Uni\u00f3n del Ni\u00f1o, el evento en el que el Club Uni\u00f3n de Tornquist agasaja a todos los ni\u00f1os de la comunidad en su d\u00eda.\" \/>\n<meta property=\"og:url\" content=\"https:\/\/www.noticiasradioreflejos.com.ar\/2021\/se-viene-el-20o-festival-regional-union-del-nino\/\" \/>\n<meta property=\"og:site_name\" content=\"Noticias Radio Reflejos\" \/>\n<meta property=\"article:published_time\" content=\"2017-07-31T10:57:18+00:00\" \/>\n<meta property=\"og:image\" content=\"https:\/\/www.noticiasradioreflejos.com.ar\/2021\/wp-content\/uploads\/2021\/07\/logosol300x200.png\" \/>\n\t<meta property=\"og:image:width\" content=\"300\" \/>\n\t<meta property=\"og:image:height\" content=\"200\" \/>\n\t<meta property=\"og:image:type\" content=\"image\/png\" \/>\n<meta name=\"author\" content=\"Arnaldo Botto\" \/>\n<meta name=\"twitter:card\" content=\"summary_large_image\" \/>\n<script type=\"application\/ld+json\" class=\"yoast-schema-graph\">{\"@context\":\"https:\/\/schema.org\",\"@graph\":[{\"@type\":\"WebPage\",\"@id\":\"https:\/\/www.noticiasradioreflejos.com.ar\/2021\/se-viene-el-20o-festival-regional-union-del-nino\/\",\"url\":\"https:\/\/www.noticiasradioreflejos.com.ar\/2021\/se-viene-el-20o-festival-regional-union-del-nino\/\",\"name\":\"Se viene el 20\u00ba Festival Regional Uni\u00f3n del Ni\u00f1o - Noticias Radio Reflejos\",\"isPartOf\":{\"@id\":\"https:\/\/www.noticiasradioreflejos.com.ar\/2021\/#website\"},\"datePublished\":\"2017-07-31T10:57:18+00:00\",\"author\":{\"@id\":\"https:\/\/www.noticiasradioreflejos.com.ar\/2021\/#\/schema\/person\/ad82545263dcc5ec0996818884fd5fb1\"},\"breadcrumb\":{\"@id\":\"https:\/\/www.noticiasradioreflejos.com.ar\/2021\/se-viene-el-20o-festival-regional-union-del-nino\/#breadcrumb\"},\"inLanguage\":\"es\",\"potentialAction\":[{\"@type\":\"ReadAction\",\"target\":[\"https:\/\/www.noticiasradioreflejos.com.ar\/2021\/se-viene-el-20o-festival-regional-union-del-nino\/\"]}]},{\"@type\":\"BreadcrumbList\",\"@id\":\"https:\/\/www.noticiasradioreflejos.com.ar\/2021\/se-viene-el-20o-festival-regional-union-del-nino\/#breadcrumb\",\"itemListElement\":[{\"@type\":\"ListItem\",\"position\":1,\"name\":\"Portada\",\"item\":\"https:\/\/www.noticiasradioreflejos.com.ar\/2021\/\"},{\"@type\":\"ListItem\",\"position\":2,\"name\":\"Se viene el 20\u00ba Festival Regional Uni\u00f3n del Ni\u00f1o\"}]},{\"@type\":\"WebSite\",\"@id\":\"https:\/\/www.noticiasradioreflejos.com.ar\/2021\/#website\",\"url\":\"https:\/\/www.noticiasradioreflejos.com.ar\/2021\/\",\"name\":\"Noticias Radio Reflejos\",\"description\":\"Las noticias de mi comarca\",\"potentialAction\":[{\"@type\":\"SearchAction\",\"target\":{\"@type\":\"EntryPoint\",\"urlTemplate\":\"https:\/\/www.noticiasradioreflejos.com.ar\/2021\/?s={search_term_string}\"},\"query-input\":{\"@type\":\"PropertyValueSpecification\",\"valueRequired\":true,\"valueName\":\"search_term_string\"}}],\"inLanguage\":\"es\"},{\"@type\":\"Person\",\"@id\":\"https:\/\/www.noticiasradioreflejos.com.ar\/2021\/#\/schema\/person\/ad82545263dcc5ec0996818884fd5fb1\",\"name\":\"Arnaldo Botto\",\"image\":{\"@type\":\"ImageObject\",\"inLanguage\":\"es\",\"@id\":\"https:\/\/www.noticiasradioreflejos.com.ar\/2021\/#\/schema\/person\/image\/\",\"url\":\"https:\/\/secure.gravatar.com\/avatar\/55cb5e37c1efa326397366e6974cb338056df65cb50e7d64d1cf314e87504837?s=96&d=mm&r=g\",\"contentUrl\":\"https:\/\/secure.gravatar.com\/avatar\/55cb5e37c1efa326397366e6974cb338056df65cb50e7d64d1cf314e87504837?s=96&d=mm&r=g\",\"caption\":\"Arnaldo Botto\"},\"url\":\"https:\/\/www.noticiasradioreflejos.com.ar\/2021\/author\/arnaldo\/\"}]}<\/script>\n<!-- \/ Yoast SEO plugin. -->","yoast_head_json":{"title":"Se viene el 20\u00ba Festival Regional Uni\u00f3n del Ni\u00f1o - Noticias Radio Reflejos","robots":{"index":"index","follow":"follow","max-snippet":"max-snippet:-1","max-image-preview":"max-image-preview:large","max-video-preview":"max-video-preview:-1"},"canonical":"https:\/\/www.noticiasradioreflejos.com.ar\/2021\/se-viene-el-20o-festival-regional-union-del-nino\/","og_locale":"es_ES","og_type":"article","og_title":"Se viene el 20\u00ba Festival Regional Uni\u00f3n del Ni\u00f1o - Noticias Radio Reflejos","og_description":"El s\u00e1bado 5 de agosto se realizar\u00e1 el 20\u00ba Festival Regional Uni\u00f3n del Ni\u00f1o, el evento en el que el Club Uni\u00f3n de Tornquist agasaja a todos los ni\u00f1os de la comunidad en su d\u00eda.","og_url":"https:\/\/www.noticiasradioreflejos.com.ar\/2021\/se-viene-el-20o-festival-regional-union-del-nino\/","og_site_name":"Noticias Radio Reflejos","article_published_time":"2017-07-31T10:57:18+00:00","og_image":[{"width":300,"height":200,"url":"https:\/\/www.noticiasradioreflejos.com.ar\/2021\/wp-content\/uploads\/2021\/07\/logosol300x200.png","type":"image\/png"}],"author":"Arnaldo Botto","twitter_card":"summary_large_image","schema":{"@context":"https:\/\/schema.org","@graph":[{"@type":"WebPage","@id":"https:\/\/www.noticiasradioreflejos.com.ar\/2021\/se-viene-el-20o-festival-regional-union-del-nino\/","url":"https:\/\/www.noticiasradioreflejos.com.ar\/2021\/se-viene-el-20o-festival-regional-union-del-nino\/","name":"Se viene el 20\u00ba Festival Regional Uni\u00f3n del Ni\u00f1o - Noticias Radio Reflejos","isPartOf":{"@id":"https:\/\/www.noticiasradioreflejos.com.ar\/2021\/#website"},"datePublished":"2017-07-31T10:57:18+00:00","author":{"@id":"https:\/\/www.noticiasradioreflejos.com.ar\/2021\/#\/schema\/person\/ad82545263dcc5ec0996818884fd5fb1"},"breadcrumb":{"@id":"https:\/\/www.noticiasradioreflejos.com.ar\/2021\/se-viene-el-20o-festival-regional-union-del-nino\/#breadcrumb"},"inLanguage":"es","potentialAction":[{"@type":"ReadAction","target":["https:\/\/www.noticiasradioreflejos.com.ar\/2021\/se-viene-el-20o-festival-regional-union-del-nino\/"]}]},{"@type":"BreadcrumbList","@id":"https:\/\/www.noticiasradioreflejos.com.ar\/2021\/se-viene-el-20o-festival-regional-union-del-nino\/#breadcrumb","itemListElement":[{"@type":"ListItem","position":1,"name":"Portada","item":"https:\/\/www.noticiasradioreflejos.com.ar\/2021\/"},{"@type":"ListItem","position":2,"name":"Se viene el 20\u00ba Festival Regional Uni\u00f3n del Ni\u00f1o"}]},{"@type":"WebSite","@id":"https:\/\/www.noticiasradioreflejos.com.ar\/2021\/#website","url":"https:\/\/www.noticiasradioreflejos.com.ar\/2021\/","name":"Noticias Radio Reflejos","description":"Las noticias de mi comarca","potentialAction":[{"@type":"SearchAction","target":{"@type":"EntryPoint","urlTemplate":"https:\/\/www.noticiasradioreflejos.com.ar\/2021\/?s={search_term_string}"},"query-input":{"@type":"PropertyValueSpecification","valueRequired":true,"valueName":"search_term_string"}}],"inLanguage":"es"},{"@type":"Person","@id":"https:\/\/www.noticiasradioreflejos.com.ar\/2021\/#\/schema\/person\/ad82545263dcc5ec0996818884fd5fb1","name":"Arnaldo Botto","image":{"@type":"ImageObject","inLanguage":"es","@id":"https:\/\/www.noticiasradioreflejos.com.ar\/2021\/#\/schema\/person\/image\/","url":"https:\/\/secure.gravatar.com\/avatar\/55cb5e37c1efa326397366e6974cb338056df65cb50e7d64d1cf314e87504837?s=96&d=mm&r=g","contentUrl":"https:\/\/secure.gravatar.com\/avatar\/55cb5e37c1efa326397366e6974cb338056df65cb50e7d64d1cf314e87504837?s=96&d=mm&r=g","caption":"Arnaldo Botto"},"url":"https:\/\/www.noticiasradioreflejos.com.ar\/2021\/author\/arnaldo\/"}]}},"_links":{"self":[{"href":"https:\/\/www.noticiasradioreflejos.com.ar\/2021\/wp-json\/wp\/v2\/posts\/12944","targetHints":{"allow":["GET"]}}],"collection":[{"href":"https:\/\/www.noticiasradioreflejos.com.ar\/2021\/wp-json\/wp\/v2\/posts"}],"about":[{"href":"https:\/\/www.noticiasradioreflejos.com.ar\/2021\/wp-json\/wp\/v2\/types\/post"}],"author":[{"embeddable":true,"href":"https:\/\/www.noticiasradioreflejos.com.ar\/2021\/wp-json\/wp\/v2\/users\/3"}],"replies":[{"embeddable":true,"href":"https:\/\/www.noticiasradioreflejos.com.ar\/2021\/wp-json\/wp\/v2\/comments?post=12944"}],"version-history":[{"count":0,"href":"https:\/\/www.noticiasradioreflejos.com.ar\/2021\/wp-json\/wp\/v2\/posts\/12944\/revisions"}],"wp:attachment":[{"href":"https:\/\/www.noticiasradioreflejos.com.ar\/2021\/wp-json\/wp\/v2\/media?parent=12944"}],"wp:term":[{"taxonomy":"category","embeddable":true,"href":"https:\/\/www.noticiasradioreflejos.com.ar\/2021\/wp-json\/wp\/v2\/categories?post=12944"},{"taxonomy":"post_tag","embeddable":true,"href":"https:\/\/www.noticiasradioreflejos.com.ar\/2021\/wp-json\/wp\/v2\/tags?post=12944"}],"curies":[{"name":"wp","href":"https:\/\/api.w.org\/{rel}","templated":true}]}}