{"id":129421,"date":"2025-12-06T19:32:15","date_gmt":"2025-12-06T22:32:15","guid":{"rendered":"https:\/\/www.noticiasradioreflejos.com.ar\/2021\/?p=129421"},"modified":"2025-12-08T09:03:56","modified_gmt":"2025-12-08T12:03:56","slug":"explosion-en-hotel-de-villa-la-arcadia-bomberos-voluntarios-de-sierra-de-la-ventana-en-alerta","status":"publish","type":"post","link":"https:\/\/www.noticiasradioreflejos.com.ar\/2021\/explosion-en-hotel-de-villa-la-arcadia-bomberos-voluntarios-de-sierra-de-la-ventana-en-alerta\/","title":{"rendered":"Explosi\u00f3n en hotel de Villa La Arcadia: Bomberos Voluntarios de Sierra de la Ventana en alerta"},"content":{"rendered":"<p data-path-to-node=\"2\">Una explosi\u00f3n en un anexo del Hotel Pillahuinc\u00f3, en Villa La Arcadia, ha desencadenado una alerta de emergencia. El suceso, notificado por vecinos cerca de las 19:00 horas de este s\u00e1bado a las autoridades, moviliz\u00f3 inmediatamente a los servicios de emergencia.<!--more--><\/p>\n<p data-path-to-node=\"3\">Dos m\u00f3viles de Bomberos Voluntarios de Sierra de la Ventana, liderados por el jefe Marcos Wimbender, se desplazaron al lugar. Desde el cuartel, informaron que la explosi\u00f3n se produjo en una <b>sala de m\u00e1quinas que contiene una caldera<\/b>.<\/p>\n<p data-path-to-node=\"4\">La onda expansiva de la detonaci\u00f3n fue lo suficientemente fuerte como para <b>romper vidrios y otros elementos<\/b> en el lugar. Se confirm\u00f3 que hab\u00eda una persona en la sala al momento del incidente, la cual fue <b>trasladada al Hospital Menor de Sierra de la Ventana<\/b> antes de la llegada del personal de bomberos.<\/p>\n<p data-path-to-node=\"4\">La v\u00edctima es un hombre de 40 a\u00f1os . Nicol\u00e1s Alberto Ruiz y sufri\u00f3 quemaduras en ambas manos y brazos con pron\u00f3stico reservado.<\/p>\n<p data-path-to-node=\"4\">Asistieron al lugar el m\u00f3vil 10 (unidad pesada para rescate) y m\u00f3vil 11 (unidad liviana para 1er asistencia).<br \/>\nA cargo del operativo, sub comandante Marcos Weinbender jefe de Cuerpo activo<\/p>\n<p data-path-to-node=\"5\">La causa exacta de la explosi\u00f3n a\u00fan se desconoce, pero seg\u00fan fuentes extraoficiales se abr\u00eda\u00a0 originado por una perdida de gas en el s\u00f3tano del edificio\u00a0 y la situaci\u00f3n se encuentra en desarrollo.<\/p>\n<p data-path-to-node=\"5\">\u00a0Intervino Polic\u00eda de Villa la Arcadia y personal de polic\u00eda cient\u00edfica.<\/p>\n","protected":false},"excerpt":{"rendered":"<p>Una explosi\u00f3n en un anexo del Hotel Pillahuinc\u00f3, en Villa La Arcadia, ha desencadenado una alerta de emergencia. El suceso, notificado por vecinos cerca de las 19:00 horas de este s\u00e1bado a las autoridades, moviliz\u00f3 inmediatamente a los servicios de emergencia.<\/p>\n","protected":false},"author":3,"featured_media":129428,"comment_status":"closed","ping_status":"closed","sticky":false,"template":"","format":"standard","meta":{"footnotes":""},"categories":[29],"tags":[],"class_list":["post-129421","post","type-post","status-publish","format-standard","has-post-thumbnail","hentry","category-policiales"],"yoast_head":"<!-- This site is optimized with the Yoast SEO plugin v25.9 - https:\/\/yoast.com\/wordpress\/plugins\/seo\/ -->\n<title>Explosi\u00f3n en hotel de Villa La Arcadia: Bomberos Voluntarios de Sierra de la Ventana en alerta - Noticias Radio Reflejos<\/title>\n<meta name=\"robots\" content=\"index, follow, max-snippet:-1, max-image-preview:large, max-video-preview:-1\" \/>\n<link rel=\"canonical\" href=\"https:\/\/www.noticiasradioreflejos.com.ar\/2021\/explosion-en-hotel-de-villa-la-arcadia-bomberos-voluntarios-de-sierra-de-la-ventana-en-alerta\/\" \/>\n<meta property=\"og:locale\" content=\"es_ES\" \/>\n<meta property=\"og:type\" content=\"article\" \/>\n<meta property=\"og:title\" content=\"Explosi\u00f3n en hotel de Villa La Arcadia: Bomberos Voluntarios de Sierra de la Ventana en alerta - Noticias Radio Reflejos\" \/>\n<meta property=\"og:description\" content=\"Una explosi\u00f3n en un anexo del Hotel Pillahuinc\u00f3, en Villa La Arcadia, ha desencadenado una alerta de emergencia. El suceso, notificado por vecinos cerca de las 19:00 horas de este s\u00e1bado a las autoridades, moviliz\u00f3 inmediatamente a los servicios de emergencia.\" \/>\n<meta property=\"og:url\" content=\"https:\/\/www.noticiasradioreflejos.com.ar\/2021\/explosion-en-hotel-de-villa-la-arcadia-bomberos-voluntarios-de-sierra-de-la-ventana-en-alerta\/\" \/>\n<meta property=\"og:site_name\" content=\"Noticias Radio Reflejos\" \/>\n<meta property=\"article:published_time\" content=\"2025-12-06T22:32:15+00:00\" \/>\n<meta property=\"article:modified_time\" content=\"2025-12-08T12:03:56+00:00\" \/>\n<meta property=\"og:image\" content=\"https:\/\/www.noticiasradioreflejos.com.ar\/2021\/wp-content\/uploads\/2025\/12\/IMG-20251206-WA0069.jpg\" \/>\n\t<meta property=\"og:image:width\" content=\"576\" \/>\n\t<meta property=\"og:image:height\" content=\"1280\" \/>\n\t<meta property=\"og:image:type\" content=\"image\/jpeg\" \/>\n<meta name=\"author\" content=\"Arnaldo Botto\" \/>\n<meta name=\"twitter:card\" content=\"summary_large_image\" \/>\n<script type=\"application\/ld+json\" class=\"yoast-schema-graph\">{\"@context\":\"https:\/\/schema.org\",\"@graph\":[{\"@type\":\"WebPage\",\"@id\":\"https:\/\/www.noticiasradioreflejos.com.ar\/2021\/explosion-en-hotel-de-villa-la-arcadia-bomberos-voluntarios-de-sierra-de-la-ventana-en-alerta\/\",\"url\":\"https:\/\/www.noticiasradioreflejos.com.ar\/2021\/explosion-en-hotel-de-villa-la-arcadia-bomberos-voluntarios-de-sierra-de-la-ventana-en-alerta\/\",\"name\":\"Explosi\u00f3n en hotel de Villa La Arcadia: Bomberos Voluntarios de Sierra de la Ventana en alerta - Noticias Radio Reflejos\",\"isPartOf\":{\"@id\":\"https:\/\/www.noticiasradioreflejos.com.ar\/2021\/#website\"},\"primaryImageOfPage\":{\"@id\":\"https:\/\/www.noticiasradioreflejos.com.ar\/2021\/explosion-en-hotel-de-villa-la-arcadia-bomberos-voluntarios-de-sierra-de-la-ventana-en-alerta\/#primaryimage\"},\"image\":{\"@id\":\"https:\/\/www.noticiasradioreflejos.com.ar\/2021\/explosion-en-hotel-de-villa-la-arcadia-bomberos-voluntarios-de-sierra-de-la-ventana-en-alerta\/#primaryimage\"},\"thumbnailUrl\":\"https:\/\/www.noticiasradioreflejos.com.ar\/2021\/wp-content\/uploads\/2025\/12\/IMG-20251206-WA0069.jpg\",\"datePublished\":\"2025-12-06T22:32:15+00:00\",\"dateModified\":\"2025-12-08T12:03:56+00:00\",\"author\":{\"@id\":\"https:\/\/www.noticiasradioreflejos.com.ar\/2021\/#\/schema\/person\/ad82545263dcc5ec0996818884fd5fb1\"},\"breadcrumb\":{\"@id\":\"https:\/\/www.noticiasradioreflejos.com.ar\/2021\/explosion-en-hotel-de-villa-la-arcadia-bomberos-voluntarios-de-sierra-de-la-ventana-en-alerta\/#breadcrumb\"},\"inLanguage\":\"es\",\"potentialAction\":[{\"@type\":\"ReadAction\",\"target\":[\"https:\/\/www.noticiasradioreflejos.com.ar\/2021\/explosion-en-hotel-de-villa-la-arcadia-bomberos-voluntarios-de-sierra-de-la-ventana-en-alerta\/\"]}]},{\"@type\":\"ImageObject\",\"inLanguage\":\"es\",\"@id\":\"https:\/\/www.noticiasradioreflejos.com.ar\/2021\/explosion-en-hotel-de-villa-la-arcadia-bomberos-voluntarios-de-sierra-de-la-ventana-en-alerta\/#primaryimage\",\"url\":\"https:\/\/www.noticiasradioreflejos.com.ar\/2021\/wp-content\/uploads\/2025\/12\/IMG-20251206-WA0069.jpg\",\"contentUrl\":\"https:\/\/www.noticiasradioreflejos.com.ar\/2021\/wp-content\/uploads\/2025\/12\/IMG-20251206-WA0069.jpg\",\"width\":576,\"height\":1280},{\"@type\":\"BreadcrumbList\",\"@id\":\"https:\/\/www.noticiasradioreflejos.com.ar\/2021\/explosion-en-hotel-de-villa-la-arcadia-bomberos-voluntarios-de-sierra-de-la-ventana-en-alerta\/#breadcrumb\",\"itemListElement\":[{\"@type\":\"ListItem\",\"position\":1,\"name\":\"Portada\",\"item\":\"https:\/\/www.noticiasradioreflejos.com.ar\/2021\/\"},{\"@type\":\"ListItem\",\"position\":2,\"name\":\"Explosi\u00f3n en hotel de Villa La Arcadia: Bomberos Voluntarios de Sierra de la Ventana en alerta\"}]},{\"@type\":\"WebSite\",\"@id\":\"https:\/\/www.noticiasradioreflejos.com.ar\/2021\/#website\",\"url\":\"https:\/\/www.noticiasradioreflejos.com.ar\/2021\/\",\"name\":\"Noticias Radio Reflejos\",\"description\":\"Las noticias de mi comarca\",\"potentialAction\":[{\"@type\":\"SearchAction\",\"target\":{\"@type\":\"EntryPoint\",\"urlTemplate\":\"https:\/\/www.noticiasradioreflejos.com.ar\/2021\/?s={search_term_string}\"},\"query-input\":{\"@type\":\"PropertyValueSpecification\",\"valueRequired\":true,\"valueName\":\"search_term_string\"}}],\"inLanguage\":\"es\"},{\"@type\":\"Person\",\"@id\":\"https:\/\/www.noticiasradioreflejos.com.ar\/2021\/#\/schema\/person\/ad82545263dcc5ec0996818884fd5fb1\",\"name\":\"Arnaldo Botto\",\"image\":{\"@type\":\"ImageObject\",\"inLanguage\":\"es\",\"@id\":\"https:\/\/www.noticiasradioreflejos.com.ar\/2021\/#\/schema\/person\/image\/\",\"url\":\"https:\/\/secure.gravatar.com\/avatar\/55cb5e37c1efa326397366e6974cb338056df65cb50e7d64d1cf314e87504837?s=96&d=mm&r=g\",\"contentUrl\":\"https:\/\/secure.gravatar.com\/avatar\/55cb5e37c1efa326397366e6974cb338056df65cb50e7d64d1cf314e87504837?s=96&d=mm&r=g\",\"caption\":\"Arnaldo Botto\"},\"url\":\"https:\/\/www.noticiasradioreflejos.com.ar\/2021\/author\/arnaldo\/\"}]}<\/script>\n<!-- \/ Yoast SEO plugin. -->","yoast_head_json":{"title":"Explosi\u00f3n en hotel de Villa La Arcadia: Bomberos Voluntarios de Sierra de la Ventana en alerta - Noticias Radio Reflejos","robots":{"index":"index","follow":"follow","max-snippet":"max-snippet:-1","max-image-preview":"max-image-preview:large","max-video-preview":"max-video-preview:-1"},"canonical":"https:\/\/www.noticiasradioreflejos.com.ar\/2021\/explosion-en-hotel-de-villa-la-arcadia-bomberos-voluntarios-de-sierra-de-la-ventana-en-alerta\/","og_locale":"es_ES","og_type":"article","og_title":"Explosi\u00f3n en hotel de Villa La Arcadia: Bomberos Voluntarios de Sierra de la Ventana en alerta - Noticias Radio Reflejos","og_description":"Una explosi\u00f3n en un anexo del Hotel Pillahuinc\u00f3, en Villa La Arcadia, ha desencadenado una alerta de emergencia. El suceso, notificado por vecinos cerca de las 19:00 horas de este s\u00e1bado a las autoridades, moviliz\u00f3 inmediatamente a los servicios de emergencia.","og_url":"https:\/\/www.noticiasradioreflejos.com.ar\/2021\/explosion-en-hotel-de-villa-la-arcadia-bomberos-voluntarios-de-sierra-de-la-ventana-en-alerta\/","og_site_name":"Noticias Radio Reflejos","article_published_time":"2025-12-06T22:32:15+00:00","article_modified_time":"2025-12-08T12:03:56+00:00","og_image":[{"width":576,"height":1280,"url":"https:\/\/www.noticiasradioreflejos.com.ar\/2021\/wp-content\/uploads\/2025\/12\/IMG-20251206-WA0069.jpg","type":"image\/jpeg"}],"author":"Arnaldo Botto","twitter_card":"summary_large_image","schema":{"@context":"https:\/\/schema.org","@graph":[{"@type":"WebPage","@id":"https:\/\/www.noticiasradioreflejos.com.ar\/2021\/explosion-en-hotel-de-villa-la-arcadia-bomberos-voluntarios-de-sierra-de-la-ventana-en-alerta\/","url":"https:\/\/www.noticiasradioreflejos.com.ar\/2021\/explosion-en-hotel-de-villa-la-arcadia-bomberos-voluntarios-de-sierra-de-la-ventana-en-alerta\/","name":"Explosi\u00f3n en hotel de Villa La Arcadia: Bomberos Voluntarios de Sierra de la Ventana en alerta - Noticias Radio Reflejos","isPartOf":{"@id":"https:\/\/www.noticiasradioreflejos.com.ar\/2021\/#website"},"primaryImageOfPage":{"@id":"https:\/\/www.noticiasradioreflejos.com.ar\/2021\/explosion-en-hotel-de-villa-la-arcadia-bomberos-voluntarios-de-sierra-de-la-ventana-en-alerta\/#primaryimage"},"image":{"@id":"https:\/\/www.noticiasradioreflejos.com.ar\/2021\/explosion-en-hotel-de-villa-la-arcadia-bomberos-voluntarios-de-sierra-de-la-ventana-en-alerta\/#primaryimage"},"thumbnailUrl":"https:\/\/www.noticiasradioreflejos.com.ar\/2021\/wp-content\/uploads\/2025\/12\/IMG-20251206-WA0069.jpg","datePublished":"2025-12-06T22:32:15+00:00","dateModified":"2025-12-08T12:03:56+00:00","author":{"@id":"https:\/\/www.noticiasradioreflejos.com.ar\/2021\/#\/schema\/person\/ad82545263dcc5ec0996818884fd5fb1"},"breadcrumb":{"@id":"https:\/\/www.noticiasradioreflejos.com.ar\/2021\/explosion-en-hotel-de-villa-la-arcadia-bomberos-voluntarios-de-sierra-de-la-ventana-en-alerta\/#breadcrumb"},"inLanguage":"es","potentialAction":[{"@type":"ReadAction","target":["https:\/\/www.noticiasradioreflejos.com.ar\/2021\/explosion-en-hotel-de-villa-la-arcadia-bomberos-voluntarios-de-sierra-de-la-ventana-en-alerta\/"]}]},{"@type":"ImageObject","inLanguage":"es","@id":"https:\/\/www.noticiasradioreflejos.com.ar\/2021\/explosion-en-hotel-de-villa-la-arcadia-bomberos-voluntarios-de-sierra-de-la-ventana-en-alerta\/#primaryimage","url":"https:\/\/www.noticiasradioreflejos.com.ar\/2021\/wp-content\/uploads\/2025\/12\/IMG-20251206-WA0069.jpg","contentUrl":"https:\/\/www.noticiasradioreflejos.com.ar\/2021\/wp-content\/uploads\/2025\/12\/IMG-20251206-WA0069.jpg","width":576,"height":1280},{"@type":"BreadcrumbList","@id":"https:\/\/www.noticiasradioreflejos.com.ar\/2021\/explosion-en-hotel-de-villa-la-arcadia-bomberos-voluntarios-de-sierra-de-la-ventana-en-alerta\/#breadcrumb","itemListElement":[{"@type":"ListItem","position":1,"name":"Portada","item":"https:\/\/www.noticiasradioreflejos.com.ar\/2021\/"},{"@type":"ListItem","position":2,"name":"Explosi\u00f3n en hotel de Villa La Arcadia: Bomberos Voluntarios de Sierra de la Ventana en alerta"}]},{"@type":"WebSite","@id":"https:\/\/www.noticiasradioreflejos.com.ar\/2021\/#website","url":"https:\/\/www.noticiasradioreflejos.com.ar\/2021\/","name":"Noticias Radio Reflejos","description":"Las noticias de mi comarca","potentialAction":[{"@type":"SearchAction","target":{"@type":"EntryPoint","urlTemplate":"https:\/\/www.noticiasradioreflejos.com.ar\/2021\/?s={search_term_string}"},"query-input":{"@type":"PropertyValueSpecification","valueRequired":true,"valueName":"search_term_string"}}],"inLanguage":"es"},{"@type":"Person","@id":"https:\/\/www.noticiasradioreflejos.com.ar\/2021\/#\/schema\/person\/ad82545263dcc5ec0996818884fd5fb1","name":"Arnaldo Botto","image":{"@type":"ImageObject","inLanguage":"es","@id":"https:\/\/www.noticiasradioreflejos.com.ar\/2021\/#\/schema\/person\/image\/","url":"https:\/\/secure.gravatar.com\/avatar\/55cb5e37c1efa326397366e6974cb338056df65cb50e7d64d1cf314e87504837?s=96&d=mm&r=g","contentUrl":"https:\/\/secure.gravatar.com\/avatar\/55cb5e37c1efa326397366e6974cb338056df65cb50e7d64d1cf314e87504837?s=96&d=mm&r=g","caption":"Arnaldo Botto"},"url":"https:\/\/www.noticiasradioreflejos.com.ar\/2021\/author\/arnaldo\/"}]}},"_links":{"self":[{"href":"https:\/\/www.noticiasradioreflejos.com.ar\/2021\/wp-json\/wp\/v2\/posts\/129421","targetHints":{"allow":["GET"]}}],"collection":[{"href":"https:\/\/www.noticiasradioreflejos.com.ar\/2021\/wp-json\/wp\/v2\/posts"}],"about":[{"href":"https:\/\/www.noticiasradioreflejos.com.ar\/2021\/wp-json\/wp\/v2\/types\/post"}],"author":[{"embeddable":true,"href":"https:\/\/www.noticiasradioreflejos.com.ar\/2021\/wp-json\/wp\/v2\/users\/3"}],"replies":[{"embeddable":true,"href":"https:\/\/www.noticiasradioreflejos.com.ar\/2021\/wp-json\/wp\/v2\/comments?post=129421"}],"version-history":[{"count":7,"href":"https:\/\/www.noticiasradioreflejos.com.ar\/2021\/wp-json\/wp\/v2\/posts\/129421\/revisions"}],"predecessor-version":[{"id":129433,"href":"https:\/\/www.noticiasradioreflejos.com.ar\/2021\/wp-json\/wp\/v2\/posts\/129421\/revisions\/129433"}],"wp:featuredmedia":[{"embeddable":true,"href":"https:\/\/www.noticiasradioreflejos.com.ar\/2021\/wp-json\/wp\/v2\/media\/129428"}],"wp:attachment":[{"href":"https:\/\/www.noticiasradioreflejos.com.ar\/2021\/wp-json\/wp\/v2\/media?parent=129421"}],"wp:term":[{"taxonomy":"category","embeddable":true,"href":"https:\/\/www.noticiasradioreflejos.com.ar\/2021\/wp-json\/wp\/v2\/categories?post=129421"},{"taxonomy":"post_tag","embeddable":true,"href":"https:\/\/www.noticiasradioreflejos.com.ar\/2021\/wp-json\/wp\/v2\/tags?post=129421"}],"curies":[{"name":"wp","href":"https:\/\/api.w.org\/{rel}","templated":true}]}}