{"id":129415,"date":"2025-12-06T19:27:31","date_gmt":"2025-12-06T22:27:31","guid":{"rendered":"https:\/\/www.noticiasradioreflejos.com.ar\/2021\/?p=129415"},"modified":"2025-12-06T19:30:57","modified_gmt":"2025-12-06T22:30:57","slug":"epica-apuesta-4-dias-para-la-62-fiesta-de-reyes-magos-en-sierra-de-la-ventana","status":"publish","type":"post","link":"https:\/\/www.noticiasradioreflejos.com.ar\/2021\/epica-apuesta-4-dias-para-la-62-fiesta-de-reyes-magos-en-sierra-de-la-ventana\/","title":{"rendered":"\u00ab\u00c9pica apuesta\u00bb: 4 d\u00edas para la 62\u00b0 Fiesta de Reyes Magos en Sierra de la Ventana"},"content":{"rendered":"<p data-path-to-node=\"1\">La presidenta de Bomberos Voluntarios de Sierra de la Ventana, <strong>Florencia Savisky<\/strong>, y la intendenta de Tornquist, <strong>Estefan\u00eda Bordoni<\/strong>, brindaron detalles a<strong><a href=\"https:\/\/www.noticiasradioreflejos.com.ar\/2021\/radio-en-vivo\/\"> FM Reflejos<\/a><\/strong> tras la conferencia de prensa de lanzamiento de la 62\u00b0 Fiesta de Reyes Magos. A pesar de la coyuntura econ\u00f3mica, el evento se extiende a cuatro d\u00edas, apostando a mejorar la calidad y la afluencia tur\u00edstica en toda la comarca.<\/p>\n<hr data-path-to-node=\"2\" \/>\n<p data-path-to-node=\"5,0,0\">\u00abTotalmente, la Fiesta de Reyes, n\u00famero 62, estamos muy felices de de anunciarla hoy en este espacio, de anunciar todas las cosas lindas, nuevas, mejoradas, porque realmente eso es lo que hacemos a\u00f1o tras a\u00f1o.\u00bb expres\u00f3 en el comienzo de la nota Florencia.<\/p>\n<p data-path-to-node=\"5,2,0\">Detallando los avances apuntados para esta edici\u00f3n de la tradicional fiesta dijo: \u00abMejorar la calidad de de sonido, de pantalla, de espect\u00e1culos, y muy orgullosos realmente de todo el equipo de trabajo. Del intercambio que tenemos con el resto de las instituciones, con el municipio.\u00bb<\/p>\n<p data-path-to-node=\"5,4,0\">La Presidenta de bomberos respondi\u00f3 frente a la coyuntura vigente que muestra la grave situaci\u00f3n que vive el turismo ante la crisis econ\u00f3mica destacando: \u00abEn realidad, lo que se tuvo que pensar son nuevas acciones, nuevas estrategias, eh como para que la gente colabore, participe, est\u00e9 presente, se sienta parte y lo logramos.\u00bb<\/p>\n<p data-path-to-node=\"5,5,0\">Adem\u00e1s enfantiz\u00f3 : \u00abUna apuesta, a partir del viernes 2 de enero, 4 d\u00edas a pura fiesta, a puro show, para que la estad\u00eda de los turistas tambi\u00e9n se alargue. Siempre decimos que esto directa o indirectamente nos beneficia a todos tur\u00edsticamente, no solo a Sierra de la Ventana.\u00bb<\/p>\n<p>Para finalizar dijo: \u00abla edici\u00f3n pasada fueron m\u00e1s de 15.000 personas las que estuvieron el d\u00eda 5 de enero, as\u00ed que eso para nosotros es un term\u00f3metro de que podemos ir mejorando y que la gente va a venir.\u00bb<\/p>\n<p>Por su parte la <strong>intendenta de Tornquist<\/strong> defini\u00f3: \u00abTodos conocemos la situaci\u00f3n econ\u00f3mica que estamos atravesando, la verdad, con este gran equipo que forman de la Comisi\u00f3n de Festejos, da gusto colaborar y adem\u00e1s entre lo p\u00fablico y lo privado se puede hacer una fiesta tradicional como es la de Reyes Magos.\u00bb<\/p>\n<p data-path-to-node=\"7,2,0\">Estefan\u00eda defini\u00f3 como <strong>\u00e9pica<\/strong> la realizaci\u00f3n de esta edici\u00f3n de la 62\u00b0 Fiesta de reyes\u00a0 en la localidad: \u00abComo dije, para m\u00ed este a\u00f1o va a ser \u00e9pica, son 4 d\u00edas. No se la pueden perder, as\u00ed que estamos muy contentos con eso y la verdad muy a gusto de de poder estar en en esta organizaci\u00f3n y colaborando desde el municipio en esta fiesta.\u00bb<\/p>\n<p data-path-to-node=\"7,2,0\">Finalmente asegur\u00f3 su presencia acompa\u00f1ada de sus hijas a las que manifest\u00f3 que: \u00abellas se lo esperan, adem\u00e1s les encanta ir al pesebre, as\u00ed que espero que tambi\u00e9n.\u00bb<\/p>\n<audio class=\"wp-audio-shortcode\" id=\"audio-129415-1\" preload=\"none\" style=\"width: 100%;\" controls=\"controls\"><source type=\"audio\/mpeg\" src=\"https:\/\/www.noticiasradioreflejos.com.ar\/2021\/wp-content\/uploads\/2025\/12\/Florencia-Savisky-Estefania-Bordoni.mp3?_=1\" \/><a href=\"https:\/\/www.noticiasradioreflejos.com.ar\/2021\/wp-content\/uploads\/2025\/12\/Florencia-Savisky-Estefania-Bordoni.mp3\">https:\/\/www.noticiasradioreflejos.com.ar\/2021\/wp-content\/uploads\/2025\/12\/Florencia-Savisky-Estefania-Bordoni.mp3<\/a><\/audio>\n","protected":false},"excerpt":{"rendered":"<p>La presidenta de Bomberos Voluntarios de Sierra de la Ventana, Florencia Savisky, y la intendenta de Tornquist, Estefan\u00eda Bordoni, brindaron detalles a FM Reflejos tras la conferencia de prensa de lanzamiento de la 62\u00b0 Fiesta de Reyes Magos. A pesar de la coyuntura econ\u00f3mica, el evento se extiende a cuatro d\u00edas, apostando a mejorar la [&hellip;]<\/p>\n","protected":false},"author":3,"featured_media":129417,"comment_status":"closed","ping_status":"closed","sticky":false,"template":"","format":"standard","meta":{"footnotes":""},"categories":[28,33],"tags":[48],"class_list":["post-129415","post","type-post","status-publish","format-standard","has-post-thumbnail","hentry","category-municipales","category-turismo","tag-destacada"],"yoast_head":"<!-- This site is optimized with the Yoast SEO plugin v25.9 - https:\/\/yoast.com\/wordpress\/plugins\/seo\/ -->\n<title>&quot;\u00c9pica apuesta&quot;: 4 d\u00edas para la 62\u00b0 Fiesta de Reyes Magos en Sierra de la Ventana - Noticias Radio Reflejos<\/title>\n<meta name=\"robots\" content=\"index, follow, max-snippet:-1, max-image-preview:large, max-video-preview:-1\" \/>\n<link rel=\"canonical\" href=\"https:\/\/www.noticiasradioreflejos.com.ar\/2021\/epica-apuesta-4-dias-para-la-62-fiesta-de-reyes-magos-en-sierra-de-la-ventana\/\" \/>\n<meta property=\"og:locale\" content=\"es_ES\" \/>\n<meta property=\"og:type\" content=\"article\" \/>\n<meta property=\"og:title\" content=\"&quot;\u00c9pica apuesta&quot;: 4 d\u00edas para la 62\u00b0 Fiesta de Reyes Magos en Sierra de la Ventana - Noticias Radio Reflejos\" \/>\n<meta property=\"og:description\" content=\"La presidenta de Bomberos Voluntarios de Sierra de la Ventana, Florencia Savisky, y la intendenta de Tornquist, Estefan\u00eda Bordoni, brindaron detalles a FM Reflejos tras la conferencia de prensa de lanzamiento de la 62\u00b0 Fiesta de Reyes Magos. A pesar de la coyuntura econ\u00f3mica, el evento se extiende a cuatro d\u00edas, apostando a mejorar la [&hellip;]\" \/>\n<meta property=\"og:url\" content=\"https:\/\/www.noticiasradioreflejos.com.ar\/2021\/epica-apuesta-4-dias-para-la-62-fiesta-de-reyes-magos-en-sierra-de-la-ventana\/\" \/>\n<meta property=\"og:site_name\" content=\"Noticias Radio Reflejos\" \/>\n<meta property=\"article:published_time\" content=\"2025-12-06T22:27:31+00:00\" \/>\n<meta property=\"article:modified_time\" content=\"2025-12-06T22:30:57+00:00\" \/>\n<meta property=\"og:image\" content=\"https:\/\/www.noticiasradioreflejos.com.ar\/2021\/wp-content\/uploads\/2025\/12\/Savisky-bordoni.jpeg\" \/>\n\t<meta property=\"og:image:width\" content=\"1600\" \/>\n\t<meta property=\"og:image:height\" content=\"720\" \/>\n\t<meta property=\"og:image:type\" content=\"image\/jpeg\" \/>\n<meta name=\"author\" content=\"Arnaldo Botto\" \/>\n<meta name=\"twitter:card\" content=\"summary_large_image\" \/>\n<script type=\"application\/ld+json\" class=\"yoast-schema-graph\">{\"@context\":\"https:\/\/schema.org\",\"@graph\":[{\"@type\":\"WebPage\",\"@id\":\"https:\/\/www.noticiasradioreflejos.com.ar\/2021\/epica-apuesta-4-dias-para-la-62-fiesta-de-reyes-magos-en-sierra-de-la-ventana\/\",\"url\":\"https:\/\/www.noticiasradioreflejos.com.ar\/2021\/epica-apuesta-4-dias-para-la-62-fiesta-de-reyes-magos-en-sierra-de-la-ventana\/\",\"name\":\"\\\"\u00c9pica apuesta\\\": 4 d\u00edas para la 62\u00b0 Fiesta de Reyes Magos en Sierra de la Ventana - Noticias Radio Reflejos\",\"isPartOf\":{\"@id\":\"https:\/\/www.noticiasradioreflejos.com.ar\/2021\/#website\"},\"primaryImageOfPage\":{\"@id\":\"https:\/\/www.noticiasradioreflejos.com.ar\/2021\/epica-apuesta-4-dias-para-la-62-fiesta-de-reyes-magos-en-sierra-de-la-ventana\/#primaryimage\"},\"image\":{\"@id\":\"https:\/\/www.noticiasradioreflejos.com.ar\/2021\/epica-apuesta-4-dias-para-la-62-fiesta-de-reyes-magos-en-sierra-de-la-ventana\/#primaryimage\"},\"thumbnailUrl\":\"https:\/\/www.noticiasradioreflejos.com.ar\/2021\/wp-content\/uploads\/2025\/12\/Savisky-bordoni.jpeg\",\"datePublished\":\"2025-12-06T22:27:31+00:00\",\"dateModified\":\"2025-12-06T22:30:57+00:00\",\"author\":{\"@id\":\"https:\/\/www.noticiasradioreflejos.com.ar\/2021\/#\/schema\/person\/ad82545263dcc5ec0996818884fd5fb1\"},\"breadcrumb\":{\"@id\":\"https:\/\/www.noticiasradioreflejos.com.ar\/2021\/epica-apuesta-4-dias-para-la-62-fiesta-de-reyes-magos-en-sierra-de-la-ventana\/#breadcrumb\"},\"inLanguage\":\"es\",\"potentialAction\":[{\"@type\":\"ReadAction\",\"target\":[\"https:\/\/www.noticiasradioreflejos.com.ar\/2021\/epica-apuesta-4-dias-para-la-62-fiesta-de-reyes-magos-en-sierra-de-la-ventana\/\"]}]},{\"@type\":\"ImageObject\",\"inLanguage\":\"es\",\"@id\":\"https:\/\/www.noticiasradioreflejos.com.ar\/2021\/epica-apuesta-4-dias-para-la-62-fiesta-de-reyes-magos-en-sierra-de-la-ventana\/#primaryimage\",\"url\":\"https:\/\/www.noticiasradioreflejos.com.ar\/2021\/wp-content\/uploads\/2025\/12\/Savisky-bordoni.jpeg\",\"contentUrl\":\"https:\/\/www.noticiasradioreflejos.com.ar\/2021\/wp-content\/uploads\/2025\/12\/Savisky-bordoni.jpeg\",\"width\":1600,\"height\":720},{\"@type\":\"BreadcrumbList\",\"@id\":\"https:\/\/www.noticiasradioreflejos.com.ar\/2021\/epica-apuesta-4-dias-para-la-62-fiesta-de-reyes-magos-en-sierra-de-la-ventana\/#breadcrumb\",\"itemListElement\":[{\"@type\":\"ListItem\",\"position\":1,\"name\":\"Portada\",\"item\":\"https:\/\/www.noticiasradioreflejos.com.ar\/2021\/\"},{\"@type\":\"ListItem\",\"position\":2,\"name\":\"\u00ab\u00c9pica apuesta\u00bb: 4 d\u00edas para la 62\u00b0 Fiesta de Reyes Magos en Sierra de la Ventana\"}]},{\"@type\":\"WebSite\",\"@id\":\"https:\/\/www.noticiasradioreflejos.com.ar\/2021\/#website\",\"url\":\"https:\/\/www.noticiasradioreflejos.com.ar\/2021\/\",\"name\":\"Noticias Radio Reflejos\",\"description\":\"Las noticias de mi comarca\",\"potentialAction\":[{\"@type\":\"SearchAction\",\"target\":{\"@type\":\"EntryPoint\",\"urlTemplate\":\"https:\/\/www.noticiasradioreflejos.com.ar\/2021\/?s={search_term_string}\"},\"query-input\":{\"@type\":\"PropertyValueSpecification\",\"valueRequired\":true,\"valueName\":\"search_term_string\"}}],\"inLanguage\":\"es\"},{\"@type\":\"Person\",\"@id\":\"https:\/\/www.noticiasradioreflejos.com.ar\/2021\/#\/schema\/person\/ad82545263dcc5ec0996818884fd5fb1\",\"name\":\"Arnaldo Botto\",\"image\":{\"@type\":\"ImageObject\",\"inLanguage\":\"es\",\"@id\":\"https:\/\/www.noticiasradioreflejos.com.ar\/2021\/#\/schema\/person\/image\/\",\"url\":\"https:\/\/secure.gravatar.com\/avatar\/55cb5e37c1efa326397366e6974cb338056df65cb50e7d64d1cf314e87504837?s=96&d=mm&r=g\",\"contentUrl\":\"https:\/\/secure.gravatar.com\/avatar\/55cb5e37c1efa326397366e6974cb338056df65cb50e7d64d1cf314e87504837?s=96&d=mm&r=g\",\"caption\":\"Arnaldo Botto\"},\"url\":\"https:\/\/www.noticiasradioreflejos.com.ar\/2021\/author\/arnaldo\/\"}]}<\/script>\n<!-- \/ Yoast SEO plugin. -->","yoast_head_json":{"title":"\"\u00c9pica apuesta\": 4 d\u00edas para la 62\u00b0 Fiesta de Reyes Magos en Sierra de la Ventana - Noticias Radio Reflejos","robots":{"index":"index","follow":"follow","max-snippet":"max-snippet:-1","max-image-preview":"max-image-preview:large","max-video-preview":"max-video-preview:-1"},"canonical":"https:\/\/www.noticiasradioreflejos.com.ar\/2021\/epica-apuesta-4-dias-para-la-62-fiesta-de-reyes-magos-en-sierra-de-la-ventana\/","og_locale":"es_ES","og_type":"article","og_title":"\"\u00c9pica apuesta\": 4 d\u00edas para la 62\u00b0 Fiesta de Reyes Magos en Sierra de la Ventana - Noticias Radio Reflejos","og_description":"La presidenta de Bomberos Voluntarios de Sierra de la Ventana, Florencia Savisky, y la intendenta de Tornquist, Estefan\u00eda Bordoni, brindaron detalles a FM Reflejos tras la conferencia de prensa de lanzamiento de la 62\u00b0 Fiesta de Reyes Magos. A pesar de la coyuntura econ\u00f3mica, el evento se extiende a cuatro d\u00edas, apostando a mejorar la [&hellip;]","og_url":"https:\/\/www.noticiasradioreflejos.com.ar\/2021\/epica-apuesta-4-dias-para-la-62-fiesta-de-reyes-magos-en-sierra-de-la-ventana\/","og_site_name":"Noticias Radio Reflejos","article_published_time":"2025-12-06T22:27:31+00:00","article_modified_time":"2025-12-06T22:30:57+00:00","og_image":[{"width":1600,"height":720,"url":"https:\/\/www.noticiasradioreflejos.com.ar\/2021\/wp-content\/uploads\/2025\/12\/Savisky-bordoni.jpeg","type":"image\/jpeg"}],"author":"Arnaldo Botto","twitter_card":"summary_large_image","schema":{"@context":"https:\/\/schema.org","@graph":[{"@type":"WebPage","@id":"https:\/\/www.noticiasradioreflejos.com.ar\/2021\/epica-apuesta-4-dias-para-la-62-fiesta-de-reyes-magos-en-sierra-de-la-ventana\/","url":"https:\/\/www.noticiasradioreflejos.com.ar\/2021\/epica-apuesta-4-dias-para-la-62-fiesta-de-reyes-magos-en-sierra-de-la-ventana\/","name":"\"\u00c9pica apuesta\": 4 d\u00edas para la 62\u00b0 Fiesta de Reyes Magos en Sierra de la Ventana - Noticias Radio Reflejos","isPartOf":{"@id":"https:\/\/www.noticiasradioreflejos.com.ar\/2021\/#website"},"primaryImageOfPage":{"@id":"https:\/\/www.noticiasradioreflejos.com.ar\/2021\/epica-apuesta-4-dias-para-la-62-fiesta-de-reyes-magos-en-sierra-de-la-ventana\/#primaryimage"},"image":{"@id":"https:\/\/www.noticiasradioreflejos.com.ar\/2021\/epica-apuesta-4-dias-para-la-62-fiesta-de-reyes-magos-en-sierra-de-la-ventana\/#primaryimage"},"thumbnailUrl":"https:\/\/www.noticiasradioreflejos.com.ar\/2021\/wp-content\/uploads\/2025\/12\/Savisky-bordoni.jpeg","datePublished":"2025-12-06T22:27:31+00:00","dateModified":"2025-12-06T22:30:57+00:00","author":{"@id":"https:\/\/www.noticiasradioreflejos.com.ar\/2021\/#\/schema\/person\/ad82545263dcc5ec0996818884fd5fb1"},"breadcrumb":{"@id":"https:\/\/www.noticiasradioreflejos.com.ar\/2021\/epica-apuesta-4-dias-para-la-62-fiesta-de-reyes-magos-en-sierra-de-la-ventana\/#breadcrumb"},"inLanguage":"es","potentialAction":[{"@type":"ReadAction","target":["https:\/\/www.noticiasradioreflejos.com.ar\/2021\/epica-apuesta-4-dias-para-la-62-fiesta-de-reyes-magos-en-sierra-de-la-ventana\/"]}]},{"@type":"ImageObject","inLanguage":"es","@id":"https:\/\/www.noticiasradioreflejos.com.ar\/2021\/epica-apuesta-4-dias-para-la-62-fiesta-de-reyes-magos-en-sierra-de-la-ventana\/#primaryimage","url":"https:\/\/www.noticiasradioreflejos.com.ar\/2021\/wp-content\/uploads\/2025\/12\/Savisky-bordoni.jpeg","contentUrl":"https:\/\/www.noticiasradioreflejos.com.ar\/2021\/wp-content\/uploads\/2025\/12\/Savisky-bordoni.jpeg","width":1600,"height":720},{"@type":"BreadcrumbList","@id":"https:\/\/www.noticiasradioreflejos.com.ar\/2021\/epica-apuesta-4-dias-para-la-62-fiesta-de-reyes-magos-en-sierra-de-la-ventana\/#breadcrumb","itemListElement":[{"@type":"ListItem","position":1,"name":"Portada","item":"https:\/\/www.noticiasradioreflejos.com.ar\/2021\/"},{"@type":"ListItem","position":2,"name":"\u00ab\u00c9pica apuesta\u00bb: 4 d\u00edas para la 62\u00b0 Fiesta de Reyes Magos en Sierra de la Ventana"}]},{"@type":"WebSite","@id":"https:\/\/www.noticiasradioreflejos.com.ar\/2021\/#website","url":"https:\/\/www.noticiasradioreflejos.com.ar\/2021\/","name":"Noticias Radio Reflejos","description":"Las noticias de mi comarca","potentialAction":[{"@type":"SearchAction","target":{"@type":"EntryPoint","urlTemplate":"https:\/\/www.noticiasradioreflejos.com.ar\/2021\/?s={search_term_string}"},"query-input":{"@type":"PropertyValueSpecification","valueRequired":true,"valueName":"search_term_string"}}],"inLanguage":"es"},{"@type":"Person","@id":"https:\/\/www.noticiasradioreflejos.com.ar\/2021\/#\/schema\/person\/ad82545263dcc5ec0996818884fd5fb1","name":"Arnaldo Botto","image":{"@type":"ImageObject","inLanguage":"es","@id":"https:\/\/www.noticiasradioreflejos.com.ar\/2021\/#\/schema\/person\/image\/","url":"https:\/\/secure.gravatar.com\/avatar\/55cb5e37c1efa326397366e6974cb338056df65cb50e7d64d1cf314e87504837?s=96&d=mm&r=g","contentUrl":"https:\/\/secure.gravatar.com\/avatar\/55cb5e37c1efa326397366e6974cb338056df65cb50e7d64d1cf314e87504837?s=96&d=mm&r=g","caption":"Arnaldo Botto"},"url":"https:\/\/www.noticiasradioreflejos.com.ar\/2021\/author\/arnaldo\/"}]}},"_links":{"self":[{"href":"https:\/\/www.noticiasradioreflejos.com.ar\/2021\/wp-json\/wp\/v2\/posts\/129415","targetHints":{"allow":["GET"]}}],"collection":[{"href":"https:\/\/www.noticiasradioreflejos.com.ar\/2021\/wp-json\/wp\/v2\/posts"}],"about":[{"href":"https:\/\/www.noticiasradioreflejos.com.ar\/2021\/wp-json\/wp\/v2\/types\/post"}],"author":[{"embeddable":true,"href":"https:\/\/www.noticiasradioreflejos.com.ar\/2021\/wp-json\/wp\/v2\/users\/3"}],"replies":[{"embeddable":true,"href":"https:\/\/www.noticiasradioreflejos.com.ar\/2021\/wp-json\/wp\/v2\/comments?post=129415"}],"version-history":[{"count":3,"href":"https:\/\/www.noticiasradioreflejos.com.ar\/2021\/wp-json\/wp\/v2\/posts\/129415\/revisions"}],"predecessor-version":[{"id":129420,"href":"https:\/\/www.noticiasradioreflejos.com.ar\/2021\/wp-json\/wp\/v2\/posts\/129415\/revisions\/129420"}],"wp:featuredmedia":[{"embeddable":true,"href":"https:\/\/www.noticiasradioreflejos.com.ar\/2021\/wp-json\/wp\/v2\/media\/129417"}],"wp:attachment":[{"href":"https:\/\/www.noticiasradioreflejos.com.ar\/2021\/wp-json\/wp\/v2\/media?parent=129415"}],"wp:term":[{"taxonomy":"category","embeddable":true,"href":"https:\/\/www.noticiasradioreflejos.com.ar\/2021\/wp-json\/wp\/v2\/categories?post=129415"},{"taxonomy":"post_tag","embeddable":true,"href":"https:\/\/www.noticiasradioreflejos.com.ar\/2021\/wp-json\/wp\/v2\/tags?post=129415"}],"curies":[{"name":"wp","href":"https:\/\/api.w.org\/{rel}","templated":true}]}}