{"id":129407,"date":"2025-12-06T18:51:59","date_gmt":"2025-12-06T21:51:59","guid":{"rendered":"https:\/\/www.noticiasradioreflejos.com.ar\/2021\/?p=129407"},"modified":"2025-12-06T18:51:59","modified_gmt":"2025-12-06T21:51:59","slug":"conferencia-de-prensa-inauguracion-de-temporada-y-fiesta-provincial-de-reyes-magos-n-62-en-sierra-de-la-ventana","status":"publish","type":"post","link":"https:\/\/www.noticiasradioreflejos.com.ar\/2021\/conferencia-de-prensa-inauguracion-de-temporada-y-fiesta-provincial-de-reyes-magos-n-62-en-sierra-de-la-ventana\/","title":{"rendered":"CONFERENCIA DE PRENSA: Inauguraci\u00f3n de Temporada y Fiesta Provincial de Reyes Magos N\u00b0 62 en Sierra de la Ventana"},"content":{"rendered":"<p data-path-to-node=\"3\">Este <b>s\u00e1bado por la tarde<\/b>, en las instalaciones de un reconocido <b>hotel de Sierra de la Ventana<\/b>, tuvo lugar la conferencia de prensa oficial para el lanzamiento de la <b>62\u00b0 Fiesta Provincial de los Reyes Magos<\/b> y la inauguraci\u00f3n de la temporada de verano.<!--more--> El encuentro, encabezado por la Intendenta Estefan\u00eda Bordoni, reuni\u00f3 a autoridades municipales y miembros de la comisi\u00f3n organizadora para ultimar detalles log\u00edsticos, anunciar las expectativas tur\u00edsticas y, de manera central, confirmar el avance en la Legislatura Provincial para declarar la festividad bajo una denominaci\u00f3n m\u00e1s inclusiva.<\/p>\n<p data-path-to-node=\"4\">La conferencia de prensa de presentaci\u00f3n de la 62\u00b0 edici\u00f3n de la Fiesta, un evento que marca el inicio de la temporada estival en la comarca, cont\u00f3 con la presencia de: <b>Estefan\u00eda Bordoni:<\/b> Intendenta del Partido de Tornquist. <b>Viviana Montibeller:<\/b> Delegada Municipal de Sierra de la Ventana. <b>Carlos Lamas:<\/b> Secretario de Turismo Municipal. <b>Maximiliano Brunengo:<\/b> Representante de CAMCOTISAS (C\u00e1mara de Comercio, Turismo, Servicios y Afines), abriendo el di\u00e1logo en nombre de las instituciones locales. <b>Gabriel Ollari:<\/b> Integrante de la Comisi\u00f3n Organizadora de la 62\u00b0 Fiesta de Reyes Magos.<\/p>\n<p data-path-to-node=\"15\">Adem\u00e1s del anuncio central, los expositores destacaron los siguientes puntos sobre la organizaci\u00f3n y el desarrollo de la fiesta:<\/p>\n<ul data-path-to-node=\"16\">\n<li>\n<p data-path-to-node=\"16,0,0\"><b>Maximiliano Brunengo (CAMCOTISAS):<\/b><\/p>\n<blockquote data-path-to-node=\"16,0,1\">\n<p data-path-to-node=\"16,0,1,0\">El representante de la C\u00e1mara de Comercio resalt\u00f3 la <b>labor coordinada<\/b> entre el sector privado, los vecinos y el Municipio, subrayando que \u00abel \u00e9xito de la Fiesta de Reyes es un term\u00f3metro para la temporada. Las instituciones locales estamos m\u00e1s comprometidas que nunca para que los visitantes vivan una experiencia inolvidable que exceda el 5 de enero.\u00bb<\/p>\n<\/blockquote>\n<\/li>\n<li>\n<p data-path-to-node=\"16,1,0\"><b>Carlos Lamas (Secretario de Turismo):<\/b><\/p>\n<blockquote data-path-to-node=\"16,1,1\">\n<p data-path-to-node=\"16,1,1,0\">El Secretario de Turismo se enfoc\u00f3 en el despliegue de la infraestructura tur\u00edstica: \u00abEsperamos una afluencia r\u00e9cord de visitantes. La fiesta se extiende por tres o cuatro d\u00edas, y hemos reforzado \u00e1reas clave como <b>seguridad, salud y servicios<\/b> para garantizar que tanto la bajada de los Reyes como los espect\u00e1culos musicales y el patio de comidas se desarrollen con excelencia y comodidad para todas las familias.\u00bb<\/p>\n<\/blockquote>\n<\/li>\n<li>\n<p data-path-to-node=\"16,2,0\"><b>Gabriel Ollari (Comisi\u00f3n Organizadora):<\/b><\/p>\n<blockquote data-path-to-node=\"16,2,1\">\n<p data-path-to-node=\"16,2,1,0\">Ollari hizo hincapi\u00e9 en la log\u00edstica detr\u00e1s de la tradici\u00f3n central: \u00abEl trabajo en la Comisi\u00f3n empieza casi al terminar la edici\u00f3n anterior. El momento de la <b>bajada de los Reyes por el Cerro del Amor<\/b> y la <b>entrega de miles de juguetes<\/b> es el coraz\u00f3n de nuestro evento. Nuestro esfuerzo se centra en mantener esa magia intacta, con un despliegue t\u00e9cnico superior en sonido y luces para honrar la tradici\u00f3n en su 62\u00b0 aniversario.\u00bb<\/p>\n<\/blockquote>\n<\/li>\n<\/ul>\n<h3 data-path-to-node=\"7\">El anuncio crucial de Estefan\u00eda Bordoni y la importancia legislativa<\/h3>\n<p data-path-to-node=\"8\">El momento m\u00e1s relevante de la conferencia fue la confirmaci\u00f3n por parte de la Intendenta <b>Estefan\u00eda Bordoni<\/b> sobre un avance significativo en el reconocimiento oficial del evento a nivel provincial.<\/p>\n<p data-path-to-node=\"9\">La Intendenta confirm\u00f3 que la <b>Legislatura Provincial<\/b> (de la Provincia de Buenos Aires) tiene previsto tratar en los pr\u00f3ximos d\u00edas, en una <b>sesi\u00f3n extraordinaria<\/b>, la declaraci\u00f3n de la festividad como <b>\u00abFiesta Provincial de Reyes Magos\u00bb<\/b>.<\/p>\n<p data-path-to-node=\"11\">La posible aprobaci\u00f3n y cambio de nombre a <b>\u00abReyes Magos\u00bb<\/b> tendr\u00eda una trascendental importancia para el Distrito de Tornquist, simbolizando un paso adelante dentro de las tradiciones culturales y tur\u00edsticas.<\/p>\n<ul data-path-to-node=\"12\">\n<li>\n<p data-path-to-node=\"12,0,0\"><b>Reconocimiento:<\/b> La Intendenta destac\u00f3 que esta modificaci\u00f3n en el nombre, si se aprueba, no solo consolidar\u00e1 el rango provincial de la fiesta, sino que tambi\u00e9n\u00a0un enfoque m\u00e1s amplio en la identidad del evento.<\/p>\n<\/li>\n<li>\n<p data-path-to-node=\"12,1,0\"><b>Posicionamiento Tur\u00edstico:<\/b> Esta declaraci\u00f3n oficial, tratada en sesi\u00f3n extraordinaria, garantiza un <b>mayor apoyo institucional<\/b> y una visibilidad amplificada del evento a nivel provincial y nacional, reforzando a Sierra de la Ventana como un destino clave para el turismo familiar durante el verano.<\/p>\n<\/li>\n<\/ul>\n<p>&nbsp;<\/p>\n<p>&nbsp;<br \/>\n<iframe loading=\"lazy\" width=\"640\" height=\"360\" src=\"https:\/\/www.youtube.com\/embed\/dAcSScdkhys\" title=\"CONFERENCIA DE PRENSA: Inauguraci\u00f3n de Temporada y Fiesta de Reyes Magos N\u00b0 62  Sierra de la Ventana\" frameborder=\"0\" allow=\"accelerometer; autoplay; clipboard-write; encrypted-media; gyroscope; picture-in-picture; web-share\" referrerpolicy=\"strict-origin-when-cross-origin\" allowfullscreen><\/iframe><\/p>\n","protected":false},"excerpt":{"rendered":"<p>Este s\u00e1bado por la tarde, en las instalaciones de un reconocido hotel de Sierra de la Ventana, tuvo lugar la conferencia de prensa oficial para el lanzamiento de la 62\u00b0 Fiesta Provincial de los Reyes Magos y la inauguraci\u00f3n de la temporada de verano.<\/p>\n","protected":false},"author":3,"featured_media":129408,"comment_status":"closed","ping_status":"closed","sticky":false,"template":"","format":"standard","meta":{"footnotes":""},"categories":[28,24,26,33],"tags":[48],"class_list":["post-129407","post","type-post","status-publish","format-standard","has-post-thumbnail","hentry","category-municipales","category-politica","category-sociedad","category-turismo","tag-destacada"],"yoast_head":"<!-- This site is optimized with the Yoast SEO plugin v25.9 - https:\/\/yoast.com\/wordpress\/plugins\/seo\/ -->\n<title>CONFERENCIA DE PRENSA: Inauguraci\u00f3n de Temporada y Fiesta Provincial de Reyes Magos N\u00b0 62 en Sierra de la Ventana - Noticias Radio Reflejos<\/title>\n<meta name=\"robots\" content=\"index, follow, max-snippet:-1, max-image-preview:large, max-video-preview:-1\" \/>\n<link rel=\"canonical\" href=\"https:\/\/www.noticiasradioreflejos.com.ar\/2021\/conferencia-de-prensa-inauguracion-de-temporada-y-fiesta-provincial-de-reyes-magos-n-62-en-sierra-de-la-ventana\/\" \/>\n<meta property=\"og:locale\" content=\"es_ES\" \/>\n<meta property=\"og:type\" content=\"article\" \/>\n<meta property=\"og:title\" content=\"CONFERENCIA DE PRENSA: Inauguraci\u00f3n de Temporada y Fiesta Provincial de Reyes Magos N\u00b0 62 en Sierra de la Ventana - Noticias Radio Reflejos\" \/>\n<meta property=\"og:description\" content=\"Este s\u00e1bado por la tarde, en las instalaciones de un reconocido hotel de Sierra de la Ventana, tuvo lugar la conferencia de prensa oficial para el lanzamiento de la 62\u00b0 Fiesta Provincial de los Reyes Magos y la inauguraci\u00f3n de la temporada de verano.\" \/>\n<meta property=\"og:url\" content=\"https:\/\/www.noticiasradioreflejos.com.ar\/2021\/conferencia-de-prensa-inauguracion-de-temporada-y-fiesta-provincial-de-reyes-magos-n-62-en-sierra-de-la-ventana\/\" \/>\n<meta property=\"og:site_name\" content=\"Noticias Radio Reflejos\" \/>\n<meta property=\"article:published_time\" content=\"2025-12-06T21:51:59+00:00\" \/>\n<meta property=\"og:image\" content=\"https:\/\/www.noticiasradioreflejos.com.ar\/2021\/wp-content\/uploads\/2025\/12\/fiesta-de-Reyes.jpg\" \/>\n\t<meta property=\"og:image:width\" content=\"1473\" \/>\n\t<meta property=\"og:image:height\" content=\"676\" \/>\n\t<meta property=\"og:image:type\" content=\"image\/jpeg\" \/>\n<meta name=\"author\" content=\"Arnaldo Botto\" \/>\n<meta name=\"twitter:card\" content=\"summary_large_image\" \/>\n<script type=\"application\/ld+json\" class=\"yoast-schema-graph\">{\"@context\":\"https:\/\/schema.org\",\"@graph\":[{\"@type\":\"WebPage\",\"@id\":\"https:\/\/www.noticiasradioreflejos.com.ar\/2021\/conferencia-de-prensa-inauguracion-de-temporada-y-fiesta-provincial-de-reyes-magos-n-62-en-sierra-de-la-ventana\/\",\"url\":\"https:\/\/www.noticiasradioreflejos.com.ar\/2021\/conferencia-de-prensa-inauguracion-de-temporada-y-fiesta-provincial-de-reyes-magos-n-62-en-sierra-de-la-ventana\/\",\"name\":\"CONFERENCIA DE PRENSA: Inauguraci\u00f3n de Temporada y Fiesta Provincial de Reyes Magos N\u00b0 62 en Sierra de la Ventana - Noticias Radio Reflejos\",\"isPartOf\":{\"@id\":\"https:\/\/www.noticiasradioreflejos.com.ar\/2021\/#website\"},\"primaryImageOfPage\":{\"@id\":\"https:\/\/www.noticiasradioreflejos.com.ar\/2021\/conferencia-de-prensa-inauguracion-de-temporada-y-fiesta-provincial-de-reyes-magos-n-62-en-sierra-de-la-ventana\/#primaryimage\"},\"image\":{\"@id\":\"https:\/\/www.noticiasradioreflejos.com.ar\/2021\/conferencia-de-prensa-inauguracion-de-temporada-y-fiesta-provincial-de-reyes-magos-n-62-en-sierra-de-la-ventana\/#primaryimage\"},\"thumbnailUrl\":\"https:\/\/www.noticiasradioreflejos.com.ar\/2021\/wp-content\/uploads\/2025\/12\/fiesta-de-Reyes.jpg\",\"datePublished\":\"2025-12-06T21:51:59+00:00\",\"author\":{\"@id\":\"https:\/\/www.noticiasradioreflejos.com.ar\/2021\/#\/schema\/person\/ad82545263dcc5ec0996818884fd5fb1\"},\"breadcrumb\":{\"@id\":\"https:\/\/www.noticiasradioreflejos.com.ar\/2021\/conferencia-de-prensa-inauguracion-de-temporada-y-fiesta-provincial-de-reyes-magos-n-62-en-sierra-de-la-ventana\/#breadcrumb\"},\"inLanguage\":\"es\",\"potentialAction\":[{\"@type\":\"ReadAction\",\"target\":[\"https:\/\/www.noticiasradioreflejos.com.ar\/2021\/conferencia-de-prensa-inauguracion-de-temporada-y-fiesta-provincial-de-reyes-magos-n-62-en-sierra-de-la-ventana\/\"]}]},{\"@type\":\"ImageObject\",\"inLanguage\":\"es\",\"@id\":\"https:\/\/www.noticiasradioreflejos.com.ar\/2021\/conferencia-de-prensa-inauguracion-de-temporada-y-fiesta-provincial-de-reyes-magos-n-62-en-sierra-de-la-ventana\/#primaryimage\",\"url\":\"https:\/\/www.noticiasradioreflejos.com.ar\/2021\/wp-content\/uploads\/2025\/12\/fiesta-de-Reyes.jpg\",\"contentUrl\":\"https:\/\/www.noticiasradioreflejos.com.ar\/2021\/wp-content\/uploads\/2025\/12\/fiesta-de-Reyes.jpg\",\"width\":1473,\"height\":676},{\"@type\":\"BreadcrumbList\",\"@id\":\"https:\/\/www.noticiasradioreflejos.com.ar\/2021\/conferencia-de-prensa-inauguracion-de-temporada-y-fiesta-provincial-de-reyes-magos-n-62-en-sierra-de-la-ventana\/#breadcrumb\",\"itemListElement\":[{\"@type\":\"ListItem\",\"position\":1,\"name\":\"Portada\",\"item\":\"https:\/\/www.noticiasradioreflejos.com.ar\/2021\/\"},{\"@type\":\"ListItem\",\"position\":2,\"name\":\"CONFERENCIA DE PRENSA: Inauguraci\u00f3n de Temporada y Fiesta Provincial de Reyes Magos N\u00b0 62 en Sierra de la Ventana\"}]},{\"@type\":\"WebSite\",\"@id\":\"https:\/\/www.noticiasradioreflejos.com.ar\/2021\/#website\",\"url\":\"https:\/\/www.noticiasradioreflejos.com.ar\/2021\/\",\"name\":\"Noticias Radio Reflejos\",\"description\":\"Las noticias de mi comarca\",\"potentialAction\":[{\"@type\":\"SearchAction\",\"target\":{\"@type\":\"EntryPoint\",\"urlTemplate\":\"https:\/\/www.noticiasradioreflejos.com.ar\/2021\/?s={search_term_string}\"},\"query-input\":{\"@type\":\"PropertyValueSpecification\",\"valueRequired\":true,\"valueName\":\"search_term_string\"}}],\"inLanguage\":\"es\"},{\"@type\":\"Person\",\"@id\":\"https:\/\/www.noticiasradioreflejos.com.ar\/2021\/#\/schema\/person\/ad82545263dcc5ec0996818884fd5fb1\",\"name\":\"Arnaldo Botto\",\"image\":{\"@type\":\"ImageObject\",\"inLanguage\":\"es\",\"@id\":\"https:\/\/www.noticiasradioreflejos.com.ar\/2021\/#\/schema\/person\/image\/\",\"url\":\"https:\/\/secure.gravatar.com\/avatar\/55cb5e37c1efa326397366e6974cb338056df65cb50e7d64d1cf314e87504837?s=96&d=mm&r=g\",\"contentUrl\":\"https:\/\/secure.gravatar.com\/avatar\/55cb5e37c1efa326397366e6974cb338056df65cb50e7d64d1cf314e87504837?s=96&d=mm&r=g\",\"caption\":\"Arnaldo Botto\"},\"url\":\"https:\/\/www.noticiasradioreflejos.com.ar\/2021\/author\/arnaldo\/\"}]}<\/script>\n<!-- \/ Yoast SEO plugin. -->","yoast_head_json":{"title":"CONFERENCIA DE PRENSA: Inauguraci\u00f3n de Temporada y Fiesta Provincial de Reyes Magos N\u00b0 62 en Sierra de la Ventana - Noticias Radio Reflejos","robots":{"index":"index","follow":"follow","max-snippet":"max-snippet:-1","max-image-preview":"max-image-preview:large","max-video-preview":"max-video-preview:-1"},"canonical":"https:\/\/www.noticiasradioreflejos.com.ar\/2021\/conferencia-de-prensa-inauguracion-de-temporada-y-fiesta-provincial-de-reyes-magos-n-62-en-sierra-de-la-ventana\/","og_locale":"es_ES","og_type":"article","og_title":"CONFERENCIA DE PRENSA: Inauguraci\u00f3n de Temporada y Fiesta Provincial de Reyes Magos N\u00b0 62 en Sierra de la Ventana - Noticias Radio Reflejos","og_description":"Este s\u00e1bado por la tarde, en las instalaciones de un reconocido hotel de Sierra de la Ventana, tuvo lugar la conferencia de prensa oficial para el lanzamiento de la 62\u00b0 Fiesta Provincial de los Reyes Magos y la inauguraci\u00f3n de la temporada de verano.","og_url":"https:\/\/www.noticiasradioreflejos.com.ar\/2021\/conferencia-de-prensa-inauguracion-de-temporada-y-fiesta-provincial-de-reyes-magos-n-62-en-sierra-de-la-ventana\/","og_site_name":"Noticias Radio Reflejos","article_published_time":"2025-12-06T21:51:59+00:00","og_image":[{"width":1473,"height":676,"url":"https:\/\/www.noticiasradioreflejos.com.ar\/2021\/wp-content\/uploads\/2025\/12\/fiesta-de-Reyes.jpg","type":"image\/jpeg"}],"author":"Arnaldo Botto","twitter_card":"summary_large_image","schema":{"@context":"https:\/\/schema.org","@graph":[{"@type":"WebPage","@id":"https:\/\/www.noticiasradioreflejos.com.ar\/2021\/conferencia-de-prensa-inauguracion-de-temporada-y-fiesta-provincial-de-reyes-magos-n-62-en-sierra-de-la-ventana\/","url":"https:\/\/www.noticiasradioreflejos.com.ar\/2021\/conferencia-de-prensa-inauguracion-de-temporada-y-fiesta-provincial-de-reyes-magos-n-62-en-sierra-de-la-ventana\/","name":"CONFERENCIA DE PRENSA: Inauguraci\u00f3n de Temporada y Fiesta Provincial de Reyes Magos N\u00b0 62 en Sierra de la Ventana - Noticias Radio Reflejos","isPartOf":{"@id":"https:\/\/www.noticiasradioreflejos.com.ar\/2021\/#website"},"primaryImageOfPage":{"@id":"https:\/\/www.noticiasradioreflejos.com.ar\/2021\/conferencia-de-prensa-inauguracion-de-temporada-y-fiesta-provincial-de-reyes-magos-n-62-en-sierra-de-la-ventana\/#primaryimage"},"image":{"@id":"https:\/\/www.noticiasradioreflejos.com.ar\/2021\/conferencia-de-prensa-inauguracion-de-temporada-y-fiesta-provincial-de-reyes-magos-n-62-en-sierra-de-la-ventana\/#primaryimage"},"thumbnailUrl":"https:\/\/www.noticiasradioreflejos.com.ar\/2021\/wp-content\/uploads\/2025\/12\/fiesta-de-Reyes.jpg","datePublished":"2025-12-06T21:51:59+00:00","author":{"@id":"https:\/\/www.noticiasradioreflejos.com.ar\/2021\/#\/schema\/person\/ad82545263dcc5ec0996818884fd5fb1"},"breadcrumb":{"@id":"https:\/\/www.noticiasradioreflejos.com.ar\/2021\/conferencia-de-prensa-inauguracion-de-temporada-y-fiesta-provincial-de-reyes-magos-n-62-en-sierra-de-la-ventana\/#breadcrumb"},"inLanguage":"es","potentialAction":[{"@type":"ReadAction","target":["https:\/\/www.noticiasradioreflejos.com.ar\/2021\/conferencia-de-prensa-inauguracion-de-temporada-y-fiesta-provincial-de-reyes-magos-n-62-en-sierra-de-la-ventana\/"]}]},{"@type":"ImageObject","inLanguage":"es","@id":"https:\/\/www.noticiasradioreflejos.com.ar\/2021\/conferencia-de-prensa-inauguracion-de-temporada-y-fiesta-provincial-de-reyes-magos-n-62-en-sierra-de-la-ventana\/#primaryimage","url":"https:\/\/www.noticiasradioreflejos.com.ar\/2021\/wp-content\/uploads\/2025\/12\/fiesta-de-Reyes.jpg","contentUrl":"https:\/\/www.noticiasradioreflejos.com.ar\/2021\/wp-content\/uploads\/2025\/12\/fiesta-de-Reyes.jpg","width":1473,"height":676},{"@type":"BreadcrumbList","@id":"https:\/\/www.noticiasradioreflejos.com.ar\/2021\/conferencia-de-prensa-inauguracion-de-temporada-y-fiesta-provincial-de-reyes-magos-n-62-en-sierra-de-la-ventana\/#breadcrumb","itemListElement":[{"@type":"ListItem","position":1,"name":"Portada","item":"https:\/\/www.noticiasradioreflejos.com.ar\/2021\/"},{"@type":"ListItem","position":2,"name":"CONFERENCIA DE PRENSA: Inauguraci\u00f3n de Temporada y Fiesta Provincial de Reyes Magos N\u00b0 62 en Sierra de la Ventana"}]},{"@type":"WebSite","@id":"https:\/\/www.noticiasradioreflejos.com.ar\/2021\/#website","url":"https:\/\/www.noticiasradioreflejos.com.ar\/2021\/","name":"Noticias Radio Reflejos","description":"Las noticias de mi comarca","potentialAction":[{"@type":"SearchAction","target":{"@type":"EntryPoint","urlTemplate":"https:\/\/www.noticiasradioreflejos.com.ar\/2021\/?s={search_term_string}"},"query-input":{"@type":"PropertyValueSpecification","valueRequired":true,"valueName":"search_term_string"}}],"inLanguage":"es"},{"@type":"Person","@id":"https:\/\/www.noticiasradioreflejos.com.ar\/2021\/#\/schema\/person\/ad82545263dcc5ec0996818884fd5fb1","name":"Arnaldo Botto","image":{"@type":"ImageObject","inLanguage":"es","@id":"https:\/\/www.noticiasradioreflejos.com.ar\/2021\/#\/schema\/person\/image\/","url":"https:\/\/secure.gravatar.com\/avatar\/55cb5e37c1efa326397366e6974cb338056df65cb50e7d64d1cf314e87504837?s=96&d=mm&r=g","contentUrl":"https:\/\/secure.gravatar.com\/avatar\/55cb5e37c1efa326397366e6974cb338056df65cb50e7d64d1cf314e87504837?s=96&d=mm&r=g","caption":"Arnaldo Botto"},"url":"https:\/\/www.noticiasradioreflejos.com.ar\/2021\/author\/arnaldo\/"}]}},"_links":{"self":[{"href":"https:\/\/www.noticiasradioreflejos.com.ar\/2021\/wp-json\/wp\/v2\/posts\/129407","targetHints":{"allow":["GET"]}}],"collection":[{"href":"https:\/\/www.noticiasradioreflejos.com.ar\/2021\/wp-json\/wp\/v2\/posts"}],"about":[{"href":"https:\/\/www.noticiasradioreflejos.com.ar\/2021\/wp-json\/wp\/v2\/types\/post"}],"author":[{"embeddable":true,"href":"https:\/\/www.noticiasradioreflejos.com.ar\/2021\/wp-json\/wp\/v2\/users\/3"}],"replies":[{"embeddable":true,"href":"https:\/\/www.noticiasradioreflejos.com.ar\/2021\/wp-json\/wp\/v2\/comments?post=129407"}],"version-history":[{"count":1,"href":"https:\/\/www.noticiasradioreflejos.com.ar\/2021\/wp-json\/wp\/v2\/posts\/129407\/revisions"}],"predecessor-version":[{"id":129409,"href":"https:\/\/www.noticiasradioreflejos.com.ar\/2021\/wp-json\/wp\/v2\/posts\/129407\/revisions\/129409"}],"wp:featuredmedia":[{"embeddable":true,"href":"https:\/\/www.noticiasradioreflejos.com.ar\/2021\/wp-json\/wp\/v2\/media\/129408"}],"wp:attachment":[{"href":"https:\/\/www.noticiasradioreflejos.com.ar\/2021\/wp-json\/wp\/v2\/media?parent=129407"}],"wp:term":[{"taxonomy":"category","embeddable":true,"href":"https:\/\/www.noticiasradioreflejos.com.ar\/2021\/wp-json\/wp\/v2\/categories?post=129407"},{"taxonomy":"post_tag","embeddable":true,"href":"https:\/\/www.noticiasradioreflejos.com.ar\/2021\/wp-json\/wp\/v2\/tags?post=129407"}],"curies":[{"name":"wp","href":"https:\/\/api.w.org\/{rel}","templated":true}]}}