{"id":129404,"date":"2025-12-06T18:38:34","date_gmt":"2025-12-06T21:38:34","guid":{"rendered":"https:\/\/www.noticiasradioreflejos.com.ar\/2021\/?p=129404"},"modified":"2025-12-06T18:38:34","modified_gmt":"2025-12-06T21:38:34","slug":"dia-del-productor-de-radio-y-tv-por-que-se-celebra-el-6-de-diciembre","status":"publish","type":"post","link":"https:\/\/www.noticiasradioreflejos.com.ar\/2021\/dia-del-productor-de-radio-y-tv-por-que-se-celebra-el-6-de-diciembre\/","title":{"rendered":"D\u00eda del Productor de Radio y TV: \u00bfpor qu\u00e9 se celebra el 6 de diciembre?"},"content":{"rendered":"<p>En esta fecha se conmemora, en Argentina, el nacimiento de la conductora, periodista y productora Paloma Efr\u00f3n. Particip\u00f3 de la producci\u00f3n de reconocidos programas como Titanes en el Ring y ejerci\u00f3 como directora de Canal 7.<!--more--><br \/>\nCada 6 de diciembre se celebra, en Argentina, el <strong>D\u00eda del Productor de Radio y Televisi\u00f3n<\/strong>\u00a0para conmemorar el\u00a0<strong>nacimiento de Paloma Efr\u00f3n<\/strong>, periodista y conductora pionera en estos medios. En 2022, se cumplieron 110 a\u00f1os de su natalicio.<\/p>\n<div class=\"partner-wrapper article-page__body-row\">\n<div class=\"second-col\">\n<p class=\"article-text\">M\u00e1s conocida como \u201c<strong>Blackie<\/strong>\u201d, dirigi\u00f3 Canal 7 junto a Cecilio Madanes. Produjo m\u00faltiples programas entre los que destacan\u00a0<em>Odol Pregunta y Titanes en el Ring<\/em>\u00a0e integr\u00f3 los equipo de\u00a0<em>Tato Bores, Di\u00e1logos con Blackie, La mujer en la tarde, Derecho a r\u00e9plica, Volver a vivir y La historia del jazz.<\/em><\/p>\n<p class=\"article-text\">Este \u00faltimo programa no fue el \u00fanico que la vincula al mundo musical. Efr\u00f3n es considerada la\u00a0<strong>primera cantante profesional de jazz a nivel nacional<\/strong>. Nacida en la colonia de inmigrantes jud\u00edos de Basavilbaso, Entre R\u00edos, a los 21 a\u00f1os particip\u00f3 de un concurso de cantantes de Radio Stentor y gan\u00f3 el primer premio por la manera en que interpret\u00f3 \u201cStormy Weather\u201d de Arlen y Koehler.<\/p>\n<figure class=\"embed-container embed-container--type-youtube ratio\"><script src=\"https:\/\/www.youtube.com\/iframe_api\"><\/script><script type=\"module\">window.marfeel.cmd.push(['multimedia', function(multimedia) { multimedia.initializeItem('yt-7nJK-FW6r2w-3349', 'youtube', '7nJK-FW6r2w', document.getElementById('yt-7nJK-FW6r2w-3349')); }]);<\/script><iframe id=\"yt-7nJK-FW6r2w-3349\" title=\"Blackie: una vida en blanco y negro (Alberto Ponce, Argentina, 2012). Pel\u00edcula completa HD. Oficial.\" src=\"https:\/\/www.youtube.com\/embed\/7nJK-FW6r2w?enablejsapi=1\" frameborder=\"0\" data-gtm-yt-inspected-34399851_303=\"true\" data-gtm-yt-inspected-34399851_396=\"true\" data-gtm-yt-inspected-40=\"true\" data-mce-fragment=\"1\"><\/iframe><\/figure>\n<p class=\"article-text\">Gracias a este concurso, tambi\u00e9n logr\u00f3 que el empresario Jaime Yenkelevich le ofreciera un contrato para que inclinase por cantar tangos. La conductora, sin embargo, prefiri\u00f3 continuar por el sendero del g\u00f3spel y el jazz.<\/p>\n<div id=\"container-after-news-outlook\"><\/div>\n<p class=\"article-text\">M\u00e1s tarde, integr\u00f3 el\u00a0<strong>elenco de \u201cEl otro yo de Marcela\u201d<\/strong>\u00a0a cargo de la Compa\u00f1\u00eda de Comedias Musicales encabezada por Juan Carlos Thorry-Delia Garc\u00e9s-Mariano Mores. La obra se present\u00f3 en el Teatro Presidente Alvear en 1948.<\/p>\n<figure><picture class=\"news-image\"><source srcset=\"https:\/\/static.eldiario.es\/clip\/73e166d6-f992-4071-8de8-a48467ec8430_16-9-discover-aspect-ratio_50p_0.webp\" type=\"image\/webp\" media=\"(max-width: 576px)\" \/><source srcset=\"https:\/\/static.eldiario.es\/clip\/73e166d6-f992-4071-8de8-a48467ec8430_16-9-discover-aspect-ratio_50p_0.jpg\" type=\"image\/jpg\" media=\"(max-width: 576px)\" \/><source srcset=\"https:\/\/static.eldiario.es\/clip\/73e166d6-f992-4071-8de8-a48467ec8430_16-9-discover-aspect-ratio_75p_0.webp\" type=\"image\/webp\" media=\"(max-width: 767px)\" \/><source srcset=\"https:\/\/static.eldiario.es\/clip\/73e166d6-f992-4071-8de8-a48467ec8430_16-9-discover-aspect-ratio_75p_0.jpg\" type=\"image\/jpg\" media=\"(max-width: 767px)\" \/><source srcset=\"https:\/\/static.eldiario.es\/clip\/73e166d6-f992-4071-8de8-a48467ec8430_16-9-discover-aspect-ratio_default_0.webp\" type=\"image\/webp\" media=\"(min-width: 768px)\" \/><source srcset=\"https:\/\/static.eldiario.es\/clip\/73e166d6-f992-4071-8de8-a48467ec8430_16-9-discover-aspect-ratio_default_0.jpg\" type=\"image\/jpg\" media=\"(min-width: 768px)\" \/><source srcset=\"https:\/\/static.eldiario.es\/clip\/73e166d6-f992-4071-8de8-a48467ec8430_16-9-discover-aspect-ratio_default_0.webp\" type=\"image\/webp\" \/><img decoding=\"async\" class=\"lazy entered loaded\" src=\"https:\/\/static.eldiario.es\/clip\/73e166d6-f992-4071-8de8-a48467ec8430_16-9-discover-aspect-ratio_default_0.jpg\" alt=\"Paloma Efron, m\u00e1s conocida como &quot;Blackie&quot;\" data-src=\"https:\/\/static.eldiario.es\/clip\/73e166d6-f992-4071-8de8-a48467ec8430_16-9-discover-aspect-ratio_default_0.jpg\" data-ll-status=\"loaded\" \/><\/picture><\/figure>\n<\/div>\n<\/div>\n<p><span class=\"title\">Paloma Efron, m\u00e1s conocida como \u00abBlackie\u00bb<\/span><\/p>\n<p class=\"article-text\">Adem\u00e1s de ganar el concurso musical, a los 21 a\u00f1os, su padre la envi\u00f3 en un viaje a Estados Unidos para que perfeccionara su ingl\u00e9s y conociera en mayor profundidad la\u00a0<strong>cultura afroamericana<\/strong>\u00a0por la cual mostraba gran inter\u00e9s. A su retorno, en 1952, comenz\u00f3 a presentarse p\u00fablicamente con el apodo \u201cBlackie\u201d con el que se la recuerda hoy en d\u00eda.<\/p>\n<figure class=\"embed-container embed-container--type-youtube ratio\"><script src=\"https:\/\/www.youtube.com\/iframe_api\"><\/script><script type=\"module\">window.marfeel.cmd.push(['multimedia', function(multimedia) { multimedia.initializeItem('yt-KAaep-ziCWk-4506', 'youtube', 'KAaep-ziCWk', document.getElementById('yt-KAaep-ziCWk-4506')); }]);<\/script><iframe id=\"yt-KAaep-ziCWk-4506\" title=\"Blackie - Paloma Efron - Informe con su trayectoria 1993\" src=\"https:\/\/www.youtube.com\/embed\/KAaep-ziCWk?enablejsapi=1\" frameborder=\"0\" data-gtm-yt-inspected-34399851_303=\"true\" data-gtm-yt-inspected-34399851_396=\"true\" data-gtm-yt-inspected-40=\"true\" data-mce-fragment=\"1\"><\/iframe><\/figure>\n<div class=\"first-col\">\n<div class=\"tags\" data-mrf-recirculation=\"etiquetas\">\n<ul class=\"tags-wrapper\">\n<li><\/li>\n<\/ul>\n<\/div>\n<\/div>\n","protected":false},"excerpt":{"rendered":"<p>En esta fecha se conmemora, en Argentina, el nacimiento de la conductora, periodista y productora Paloma Efr\u00f3n. Particip\u00f3 de la producci\u00f3n de reconocidos programas como Titanes en el Ring y ejerci\u00f3 como directora de Canal 7.<\/p>\n","protected":false},"author":3,"featured_media":129405,"comment_status":"closed","ping_status":"closed","sticky":false,"template":"","format":"standard","meta":{"footnotes":""},"categories":[1],"tags":[],"class_list":["post-129404","post","type-post","status-publish","format-standard","has-post-thumbnail","hentry","category-sin-categoria"],"yoast_head":"<!-- This site is optimized with the Yoast SEO plugin v25.9 - https:\/\/yoast.com\/wordpress\/plugins\/seo\/ -->\n<title>D\u00eda del Productor de Radio y TV: \u00bfpor qu\u00e9 se celebra el 6 de diciembre? - Noticias Radio Reflejos<\/title>\n<meta name=\"robots\" content=\"index, follow, max-snippet:-1, max-image-preview:large, max-video-preview:-1\" \/>\n<link rel=\"canonical\" href=\"https:\/\/www.noticiasradioreflejos.com.ar\/2021\/dia-del-productor-de-radio-y-tv-por-que-se-celebra-el-6-de-diciembre\/\" \/>\n<meta property=\"og:locale\" content=\"es_ES\" \/>\n<meta property=\"og:type\" content=\"article\" \/>\n<meta property=\"og:title\" content=\"D\u00eda del Productor de Radio y TV: \u00bfpor qu\u00e9 se celebra el 6 de diciembre? - Noticias Radio Reflejos\" \/>\n<meta property=\"og:description\" content=\"En esta fecha se conmemora, en Argentina, el nacimiento de la conductora, periodista y productora Paloma Efr\u00f3n. Particip\u00f3 de la producci\u00f3n de reconocidos programas como Titanes en el Ring y ejerci\u00f3 como directora de Canal 7.\" \/>\n<meta property=\"og:url\" content=\"https:\/\/www.noticiasradioreflejos.com.ar\/2021\/dia-del-productor-de-radio-y-tv-por-que-se-celebra-el-6-de-diciembre\/\" \/>\n<meta property=\"og:site_name\" content=\"Noticias Radio Reflejos\" \/>\n<meta property=\"article:published_time\" content=\"2025-12-06T21:38:34+00:00\" \/>\n<meta property=\"og:image\" content=\"https:\/\/www.noticiasradioreflejos.com.ar\/2021\/wp-content\/uploads\/2025\/12\/productor-de-radio-y-tv.webp\" \/>\n\t<meta property=\"og:image:width\" content=\"1200\" \/>\n\t<meta property=\"og:image:height\" content=\"675\" \/>\n\t<meta property=\"og:image:type\" content=\"image\/webp\" \/>\n<meta name=\"author\" content=\"Arnaldo Botto\" \/>\n<meta name=\"twitter:card\" content=\"summary_large_image\" \/>\n<script type=\"application\/ld+json\" class=\"yoast-schema-graph\">{\"@context\":\"https:\/\/schema.org\",\"@graph\":[{\"@type\":\"WebPage\",\"@id\":\"https:\/\/www.noticiasradioreflejos.com.ar\/2021\/dia-del-productor-de-radio-y-tv-por-que-se-celebra-el-6-de-diciembre\/\",\"url\":\"https:\/\/www.noticiasradioreflejos.com.ar\/2021\/dia-del-productor-de-radio-y-tv-por-que-se-celebra-el-6-de-diciembre\/\",\"name\":\"D\u00eda del Productor de Radio y TV: \u00bfpor qu\u00e9 se celebra el 6 de diciembre? - Noticias Radio Reflejos\",\"isPartOf\":{\"@id\":\"https:\/\/www.noticiasradioreflejos.com.ar\/2021\/#website\"},\"primaryImageOfPage\":{\"@id\":\"https:\/\/www.noticiasradioreflejos.com.ar\/2021\/dia-del-productor-de-radio-y-tv-por-que-se-celebra-el-6-de-diciembre\/#primaryimage\"},\"image\":{\"@id\":\"https:\/\/www.noticiasradioreflejos.com.ar\/2021\/dia-del-productor-de-radio-y-tv-por-que-se-celebra-el-6-de-diciembre\/#primaryimage\"},\"thumbnailUrl\":\"https:\/\/www.noticiasradioreflejos.com.ar\/2021\/wp-content\/uploads\/2025\/12\/productor-de-radio-y-tv.webp\",\"datePublished\":\"2025-12-06T21:38:34+00:00\",\"author\":{\"@id\":\"https:\/\/www.noticiasradioreflejos.com.ar\/2021\/#\/schema\/person\/ad82545263dcc5ec0996818884fd5fb1\"},\"breadcrumb\":{\"@id\":\"https:\/\/www.noticiasradioreflejos.com.ar\/2021\/dia-del-productor-de-radio-y-tv-por-que-se-celebra-el-6-de-diciembre\/#breadcrumb\"},\"inLanguage\":\"es\",\"potentialAction\":[{\"@type\":\"ReadAction\",\"target\":[\"https:\/\/www.noticiasradioreflejos.com.ar\/2021\/dia-del-productor-de-radio-y-tv-por-que-se-celebra-el-6-de-diciembre\/\"]}]},{\"@type\":\"ImageObject\",\"inLanguage\":\"es\",\"@id\":\"https:\/\/www.noticiasradioreflejos.com.ar\/2021\/dia-del-productor-de-radio-y-tv-por-que-se-celebra-el-6-de-diciembre\/#primaryimage\",\"url\":\"https:\/\/www.noticiasradioreflejos.com.ar\/2021\/wp-content\/uploads\/2025\/12\/productor-de-radio-y-tv.webp\",\"contentUrl\":\"https:\/\/www.noticiasradioreflejos.com.ar\/2021\/wp-content\/uploads\/2025\/12\/productor-de-radio-y-tv.webp\",\"width\":1200,\"height\":675},{\"@type\":\"BreadcrumbList\",\"@id\":\"https:\/\/www.noticiasradioreflejos.com.ar\/2021\/dia-del-productor-de-radio-y-tv-por-que-se-celebra-el-6-de-diciembre\/#breadcrumb\",\"itemListElement\":[{\"@type\":\"ListItem\",\"position\":1,\"name\":\"Portada\",\"item\":\"https:\/\/www.noticiasradioreflejos.com.ar\/2021\/\"},{\"@type\":\"ListItem\",\"position\":2,\"name\":\"D\u00eda del Productor de Radio y TV: \u00bfpor qu\u00e9 se celebra el 6 de diciembre?\"}]},{\"@type\":\"WebSite\",\"@id\":\"https:\/\/www.noticiasradioreflejos.com.ar\/2021\/#website\",\"url\":\"https:\/\/www.noticiasradioreflejos.com.ar\/2021\/\",\"name\":\"Noticias Radio Reflejos\",\"description\":\"Las noticias de mi comarca\",\"potentialAction\":[{\"@type\":\"SearchAction\",\"target\":{\"@type\":\"EntryPoint\",\"urlTemplate\":\"https:\/\/www.noticiasradioreflejos.com.ar\/2021\/?s={search_term_string}\"},\"query-input\":{\"@type\":\"PropertyValueSpecification\",\"valueRequired\":true,\"valueName\":\"search_term_string\"}}],\"inLanguage\":\"es\"},{\"@type\":\"Person\",\"@id\":\"https:\/\/www.noticiasradioreflejos.com.ar\/2021\/#\/schema\/person\/ad82545263dcc5ec0996818884fd5fb1\",\"name\":\"Arnaldo Botto\",\"image\":{\"@type\":\"ImageObject\",\"inLanguage\":\"es\",\"@id\":\"https:\/\/www.noticiasradioreflejos.com.ar\/2021\/#\/schema\/person\/image\/\",\"url\":\"https:\/\/secure.gravatar.com\/avatar\/55cb5e37c1efa326397366e6974cb338056df65cb50e7d64d1cf314e87504837?s=96&d=mm&r=g\",\"contentUrl\":\"https:\/\/secure.gravatar.com\/avatar\/55cb5e37c1efa326397366e6974cb338056df65cb50e7d64d1cf314e87504837?s=96&d=mm&r=g\",\"caption\":\"Arnaldo Botto\"},\"url\":\"https:\/\/www.noticiasradioreflejos.com.ar\/2021\/author\/arnaldo\/\"}]}<\/script>\n<!-- \/ Yoast SEO plugin. -->","yoast_head_json":{"title":"D\u00eda del Productor de Radio y TV: \u00bfpor qu\u00e9 se celebra el 6 de diciembre? - Noticias Radio Reflejos","robots":{"index":"index","follow":"follow","max-snippet":"max-snippet:-1","max-image-preview":"max-image-preview:large","max-video-preview":"max-video-preview:-1"},"canonical":"https:\/\/www.noticiasradioreflejos.com.ar\/2021\/dia-del-productor-de-radio-y-tv-por-que-se-celebra-el-6-de-diciembre\/","og_locale":"es_ES","og_type":"article","og_title":"D\u00eda del Productor de Radio y TV: \u00bfpor qu\u00e9 se celebra el 6 de diciembre? - Noticias Radio Reflejos","og_description":"En esta fecha se conmemora, en Argentina, el nacimiento de la conductora, periodista y productora Paloma Efr\u00f3n. Particip\u00f3 de la producci\u00f3n de reconocidos programas como Titanes en el Ring y ejerci\u00f3 como directora de Canal 7.","og_url":"https:\/\/www.noticiasradioreflejos.com.ar\/2021\/dia-del-productor-de-radio-y-tv-por-que-se-celebra-el-6-de-diciembre\/","og_site_name":"Noticias Radio Reflejos","article_published_time":"2025-12-06T21:38:34+00:00","og_image":[{"width":1200,"height":675,"url":"https:\/\/www.noticiasradioreflejos.com.ar\/2021\/wp-content\/uploads\/2025\/12\/productor-de-radio-y-tv.webp","type":"image\/webp"}],"author":"Arnaldo Botto","twitter_card":"summary_large_image","schema":{"@context":"https:\/\/schema.org","@graph":[{"@type":"WebPage","@id":"https:\/\/www.noticiasradioreflejos.com.ar\/2021\/dia-del-productor-de-radio-y-tv-por-que-se-celebra-el-6-de-diciembre\/","url":"https:\/\/www.noticiasradioreflejos.com.ar\/2021\/dia-del-productor-de-radio-y-tv-por-que-se-celebra-el-6-de-diciembre\/","name":"D\u00eda del Productor de Radio y TV: \u00bfpor qu\u00e9 se celebra el 6 de diciembre? - Noticias Radio Reflejos","isPartOf":{"@id":"https:\/\/www.noticiasradioreflejos.com.ar\/2021\/#website"},"primaryImageOfPage":{"@id":"https:\/\/www.noticiasradioreflejos.com.ar\/2021\/dia-del-productor-de-radio-y-tv-por-que-se-celebra-el-6-de-diciembre\/#primaryimage"},"image":{"@id":"https:\/\/www.noticiasradioreflejos.com.ar\/2021\/dia-del-productor-de-radio-y-tv-por-que-se-celebra-el-6-de-diciembre\/#primaryimage"},"thumbnailUrl":"https:\/\/www.noticiasradioreflejos.com.ar\/2021\/wp-content\/uploads\/2025\/12\/productor-de-radio-y-tv.webp","datePublished":"2025-12-06T21:38:34+00:00","author":{"@id":"https:\/\/www.noticiasradioreflejos.com.ar\/2021\/#\/schema\/person\/ad82545263dcc5ec0996818884fd5fb1"},"breadcrumb":{"@id":"https:\/\/www.noticiasradioreflejos.com.ar\/2021\/dia-del-productor-de-radio-y-tv-por-que-se-celebra-el-6-de-diciembre\/#breadcrumb"},"inLanguage":"es","potentialAction":[{"@type":"ReadAction","target":["https:\/\/www.noticiasradioreflejos.com.ar\/2021\/dia-del-productor-de-radio-y-tv-por-que-se-celebra-el-6-de-diciembre\/"]}]},{"@type":"ImageObject","inLanguage":"es","@id":"https:\/\/www.noticiasradioreflejos.com.ar\/2021\/dia-del-productor-de-radio-y-tv-por-que-se-celebra-el-6-de-diciembre\/#primaryimage","url":"https:\/\/www.noticiasradioreflejos.com.ar\/2021\/wp-content\/uploads\/2025\/12\/productor-de-radio-y-tv.webp","contentUrl":"https:\/\/www.noticiasradioreflejos.com.ar\/2021\/wp-content\/uploads\/2025\/12\/productor-de-radio-y-tv.webp","width":1200,"height":675},{"@type":"BreadcrumbList","@id":"https:\/\/www.noticiasradioreflejos.com.ar\/2021\/dia-del-productor-de-radio-y-tv-por-que-se-celebra-el-6-de-diciembre\/#breadcrumb","itemListElement":[{"@type":"ListItem","position":1,"name":"Portada","item":"https:\/\/www.noticiasradioreflejos.com.ar\/2021\/"},{"@type":"ListItem","position":2,"name":"D\u00eda del Productor de Radio y TV: \u00bfpor qu\u00e9 se celebra el 6 de diciembre?"}]},{"@type":"WebSite","@id":"https:\/\/www.noticiasradioreflejos.com.ar\/2021\/#website","url":"https:\/\/www.noticiasradioreflejos.com.ar\/2021\/","name":"Noticias Radio Reflejos","description":"Las noticias de mi comarca","potentialAction":[{"@type":"SearchAction","target":{"@type":"EntryPoint","urlTemplate":"https:\/\/www.noticiasradioreflejos.com.ar\/2021\/?s={search_term_string}"},"query-input":{"@type":"PropertyValueSpecification","valueRequired":true,"valueName":"search_term_string"}}],"inLanguage":"es"},{"@type":"Person","@id":"https:\/\/www.noticiasradioreflejos.com.ar\/2021\/#\/schema\/person\/ad82545263dcc5ec0996818884fd5fb1","name":"Arnaldo Botto","image":{"@type":"ImageObject","inLanguage":"es","@id":"https:\/\/www.noticiasradioreflejos.com.ar\/2021\/#\/schema\/person\/image\/","url":"https:\/\/secure.gravatar.com\/avatar\/55cb5e37c1efa326397366e6974cb338056df65cb50e7d64d1cf314e87504837?s=96&d=mm&r=g","contentUrl":"https:\/\/secure.gravatar.com\/avatar\/55cb5e37c1efa326397366e6974cb338056df65cb50e7d64d1cf314e87504837?s=96&d=mm&r=g","caption":"Arnaldo Botto"},"url":"https:\/\/www.noticiasradioreflejos.com.ar\/2021\/author\/arnaldo\/"}]}},"_links":{"self":[{"href":"https:\/\/www.noticiasradioreflejos.com.ar\/2021\/wp-json\/wp\/v2\/posts\/129404","targetHints":{"allow":["GET"]}}],"collection":[{"href":"https:\/\/www.noticiasradioreflejos.com.ar\/2021\/wp-json\/wp\/v2\/posts"}],"about":[{"href":"https:\/\/www.noticiasradioreflejos.com.ar\/2021\/wp-json\/wp\/v2\/types\/post"}],"author":[{"embeddable":true,"href":"https:\/\/www.noticiasradioreflejos.com.ar\/2021\/wp-json\/wp\/v2\/users\/3"}],"replies":[{"embeddable":true,"href":"https:\/\/www.noticiasradioreflejos.com.ar\/2021\/wp-json\/wp\/v2\/comments?post=129404"}],"version-history":[{"count":1,"href":"https:\/\/www.noticiasradioreflejos.com.ar\/2021\/wp-json\/wp\/v2\/posts\/129404\/revisions"}],"predecessor-version":[{"id":129406,"href":"https:\/\/www.noticiasradioreflejos.com.ar\/2021\/wp-json\/wp\/v2\/posts\/129404\/revisions\/129406"}],"wp:featuredmedia":[{"embeddable":true,"href":"https:\/\/www.noticiasradioreflejos.com.ar\/2021\/wp-json\/wp\/v2\/media\/129405"}],"wp:attachment":[{"href":"https:\/\/www.noticiasradioreflejos.com.ar\/2021\/wp-json\/wp\/v2\/media?parent=129404"}],"wp:term":[{"taxonomy":"category","embeddable":true,"href":"https:\/\/www.noticiasradioreflejos.com.ar\/2021\/wp-json\/wp\/v2\/categories?post=129404"},{"taxonomy":"post_tag","embeddable":true,"href":"https:\/\/www.noticiasradioreflejos.com.ar\/2021\/wp-json\/wp\/v2\/tags?post=129404"}],"curies":[{"name":"wp","href":"https:\/\/api.w.org\/{rel}","templated":true}]}}