{"id":129397,"date":"2025-12-05T17:16:19","date_gmt":"2025-12-05T20:16:19","guid":{"rendered":"https:\/\/www.noticiasradioreflejos.com.ar\/2021\/?p=129397"},"modified":"2025-12-05T17:16:19","modified_gmt":"2025-12-05T20:16:19","slug":"la-seleccion-argentina-jugara-el-grupo-j-del-mundial-2026-ante-argelia-austria-y-jordania","status":"publish","type":"post","link":"https:\/\/www.noticiasradioreflejos.com.ar\/2021\/la-seleccion-argentina-jugara-el-grupo-j-del-mundial-2026-ante-argelia-austria-y-jordania\/","title":{"rendered":"La Selecci\u00f3n argentina jugar\u00e1 el Grupo J del Mundial 2026 ante Argelia, Austria y Jordania"},"content":{"rendered":"<p>El debut para los dirigidos por Lionel Scaloni, que ir\u00e1n en busca de su cuarta estrella, ser\u00e1 frente a Argelia, mientras que luego les tocar\u00e1 con Austria y cerrar\u00e1n su participaci\u00f3n en la fase de grupos ante Jordania.<!--more--><br \/>\nLa Selecci\u00f3n argentina disputar\u00e1 el <strong>Grupo J<\/strong>\u00a0del Mundial 2026, donde se enfrentar\u00e1 con\u00a0<strong>Argelia, Austria y Jordania<\/strong>, luego del sorteo que se llev\u00f3 a cabo en el Centro John F. Kennedy de la ciudad de Washington.<\/p>\n<div class=\"partner-wrapper article-page__body-row\">\n<div class=\"second-col\">\n<p class=\"article-text\"><strong>El debut para los dirigidos por Lionel Scaloni, que ir\u00e1n en busca de su cuarta estrella, ser\u00e1 el 16 de junio frente a Argelia<\/strong>, mientras que seis d\u00edas despu\u00e9s les tocar\u00e1 con Austria y cerrar\u00e1n su participaci\u00f3n en la fase de grupos ante Jordania el 27 del mismo mes. Los horarios en los que se llevar\u00e1n a cabo estos encuentros se conocer\u00e1n este s\u00e1bado.<\/p>\n<figure class=\"embed-container embed-container--type-twitter \">\n<div class=\"twitter-tweet twitter-tweet-rendered\"><iframe id=\"twitter-widget-0\" class=\"\" title=\"X Post\" src=\"https:\/\/platform.twitter.com\/embed\/Tweet.html?dnt=false&amp;embedId=twitter-widget-0&amp;features=eyJ0ZndfdGltZWxpbmVfbGlzdCI6eyJidWNrZXQiOltdLCJ2ZXJzaW9uIjpudWxsfSwidGZ3X2ZvbGxvd2VyX2NvdW50X3N1bnNldCI6eyJidWNrZXQiOnRydWUsInZlcnNpb24iOm51bGx9LCJ0ZndfdHdlZXRfZWRpdF9iYWNrZW5kIjp7ImJ1Y2tldCI6Im9uIiwidmVyc2lvbiI6bnVsbH0sInRmd19yZWZzcmNfc2Vzc2lvbiI6eyJidWNrZXQiOiJvbiIsInZlcnNpb24iOm51bGx9LCJ0ZndfZm9zbnJfc29mdF9pbnRlcnZlbnRpb25zX2VuYWJsZWQiOnsiYnVja2V0Ijoib24iLCJ2ZXJzaW9uIjpudWxsfSwidGZ3X21peGVkX21lZGlhXzE1ODk3Ijp7ImJ1Y2tldCI6InRyZWF0bWVudCIsInZlcnNpb24iOm51bGx9LCJ0ZndfZXhwZXJpbWVudHNfY29va2llX2V4cGlyYXRpb24iOnsiYnVja2V0IjoxMjA5NjAwLCJ2ZXJzaW9uIjpudWxsfSwidGZ3X3Nob3dfYmlyZHdhdGNoX3Bpdm90c19lbmFibGVkIjp7ImJ1Y2tldCI6Im9uIiwidmVyc2lvbiI6bnVsbH0sInRmd19kdXBsaWNhdGVfc2NyaWJlc190b19zZXR0aW5ncyI6eyJidWNrZXQiOiJvbiIsInZlcnNpb24iOm51bGx9LCJ0ZndfdXNlX3Byb2ZpbGVfaW1hZ2Vfc2hhcGVfZW5hYmxlZCI6eyJidWNrZXQiOiJvbiIsInZlcnNpb24iOm51bGx9LCJ0ZndfdmlkZW9faGxzX2R5bmFtaWNfbWFuaWZlc3RzXzE1MDgyIjp7ImJ1Y2tldCI6InRydWVfYml0cmF0ZSIsInZlcnNpb24iOm51bGx9LCJ0ZndfbGVnYWN5X3RpbWVsaW5lX3N1bnNldCI6eyJidWNrZXQiOnRydWUsInZlcnNpb24iOm51bGx9LCJ0ZndfdHdlZXRfZWRpdF9mcm9udGVuZCI6eyJidWNrZXQiOiJvbiIsInZlcnNpb24iOm51bGx9fQ%3D%3D&amp;frame=false&amp;hideCard=false&amp;hideThread=false&amp;id=1997020033222938658&amp;lang=es&amp;origin=https%3A%2F%2Fwww.eldiarioar.com%2Fdeportes%2Ffutbol%2Fseleccion-argentina-jugara-grupo-j-mundial-2026-argelia-austria-jordania_1_12825734.html&amp;sessionId=f6ee0200ba36ef29245e897fbe94eed407bda218&amp;theme=light&amp;widgetsVersion=2615f7e52b7e0%3A1702314776716&amp;width=550px\" frameborder=\"0\" scrolling=\"no\" allowfullscreen=\"allowfullscreen\" data-gtm-yt-inspected-34399851_303=\"true\" data-gtm-yt-inspected-34399851_396=\"true\" data-gtm-yt-inspected-40=\"true\" data-tweet-id=\"1997020033222938658\" data-mce-fragment=\"1\"><\/iframe><\/div>\n<\/figure>\n<p class=\"article-text\">Los encuentros correspondientes al Grupo J del Mundial se llevar\u00e1n a cabo en el Arrowhead Stadium de Kansas, el Levi\u00b4s Stadium de San Francisco y el AT&amp;T Stadium de Dallas.<\/p>\n<p class=\"article-text\">El \u00fanico antecedente entre la Selecci\u00f3n argentina y Argelia data de 2007, en un dur\u00edsimo encuentro donde los por entonces dirigidos por Alfio Basile se impusieron 4-3 en el Camp Nou. Contra Austria, la \u201cAlbiceleste\u201d jug\u00f3 dos veces. La primera de ellas fue una goleada 5-1 en Viena y la segunda un empate 1-1 en 1990, antes del inolvidable Mundial de Italia. Por \u00faltimo el de la Copa del Mundo del a\u00f1o que viene ser\u00e1 el primer cruce con Jordania.<\/p>\n<figure class=\"embed-container embed-container--type-twitter \">\n<div class=\"twitter-tweet twitter-tweet-rendered\"><iframe id=\"twitter-widget-1\" class=\"\" title=\"X Post\" src=\"https:\/\/platform.twitter.com\/embed\/Tweet.html?dnt=false&amp;embedId=twitter-widget-1&amp;features=eyJ0ZndfdGltZWxpbmVfbGlzdCI6eyJidWNrZXQiOltdLCJ2ZXJzaW9uIjpudWxsfSwidGZ3X2ZvbGxvd2VyX2NvdW50X3N1bnNldCI6eyJidWNrZXQiOnRydWUsInZlcnNpb24iOm51bGx9LCJ0ZndfdHdlZXRfZWRpdF9iYWNrZW5kIjp7ImJ1Y2tldCI6Im9uIiwidmVyc2lvbiI6bnVsbH0sInRmd19yZWZzcmNfc2Vzc2lvbiI6eyJidWNrZXQiOiJvbiIsInZlcnNpb24iOm51bGx9LCJ0ZndfZm9zbnJfc29mdF9pbnRlcnZlbnRpb25zX2VuYWJsZWQiOnsiYnVja2V0Ijoib24iLCJ2ZXJzaW9uIjpudWxsfSwidGZ3X21peGVkX21lZGlhXzE1ODk3Ijp7ImJ1Y2tldCI6InRyZWF0bWVudCIsInZlcnNpb24iOm51bGx9LCJ0ZndfZXhwZXJpbWVudHNfY29va2llX2V4cGlyYXRpb24iOnsiYnVja2V0IjoxMjA5NjAwLCJ2ZXJzaW9uIjpudWxsfSwidGZ3X3Nob3dfYmlyZHdhdGNoX3Bpdm90c19lbmFibGVkIjp7ImJ1Y2tldCI6Im9uIiwidmVyc2lvbiI6bnVsbH0sInRmd19kdXBsaWNhdGVfc2NyaWJlc190b19zZXR0aW5ncyI6eyJidWNrZXQiOiJvbiIsInZlcnNpb24iOm51bGx9LCJ0ZndfdXNlX3Byb2ZpbGVfaW1hZ2Vfc2hhcGVfZW5hYmxlZCI6eyJidWNrZXQiOiJvbiIsInZlcnNpb24iOm51bGx9LCJ0ZndfdmlkZW9faGxzX2R5bmFtaWNfbWFuaWZlc3RzXzE1MDgyIjp7ImJ1Y2tldCI6InRydWVfYml0cmF0ZSIsInZlcnNpb24iOm51bGx9LCJ0ZndfbGVnYWN5X3RpbWVsaW5lX3N1bnNldCI6eyJidWNrZXQiOnRydWUsInZlcnNpb24iOm51bGx9LCJ0ZndfdHdlZXRfZWRpdF9mcm9udGVuZCI6eyJidWNrZXQiOiJvbiIsInZlcnNpb24iOm51bGx9fQ%3D%3D&amp;frame=false&amp;hideCard=false&amp;hideThread=false&amp;id=1997001355286745560&amp;lang=es&amp;origin=https%3A%2F%2Fwww.eldiarioar.com%2Fdeportes%2Ffutbol%2Fseleccion-argentina-jugara-grupo-j-mundial-2026-argelia-austria-jordania_1_12825734.html&amp;sessionId=f6ee0200ba36ef29245e897fbe94eed407bda218&amp;theme=light&amp;widgetsVersion=2615f7e52b7e0%3A1702314776716&amp;width=550px\" frameborder=\"0\" scrolling=\"no\" allowfullscreen=\"allowfullscreen\" data-gtm-yt-inspected-34399851_303=\"true\" data-gtm-yt-inspected-34399851_396=\"true\" data-gtm-yt-inspected-40=\"true\" data-tweet-id=\"1997001355286745560\" data-mce-fragment=\"1\"><\/iframe><\/div>\n<\/figure>\n<p class=\"article-text\">De esta manera, los dirigidos por Lionel Scaloni podr\u00edan tener un complicado cruce en los 16avos de final, ya que en caso de que se cumpla la l\u00f3gica y avancen como primeros, se enfrentar\u00e1n con el segundo del Grupo H, que cuenta con la presencia de Espa\u00f1a y Uruguay.<\/p>\n<div id=\"container-after-news-outlook\"><\/div>\n<p class=\"article-text\">Adem\u00e1s, si la \u201cScaloneta\u201d se mete entre los ocho mejores se podr\u00eda dar uno de los cruces m\u00e1s esperados por los fan\u00e1ticos del f\u00fatbol ante la Portugal de Cristiano Ronaldo, que es una de las grandes candidatas a pelear por el t\u00edtulo.<\/p>\n<p class=\"article-text\"><em>Con informacion de la agencia NA<\/em><\/p>\n<\/div>\n<\/div>\n","protected":false},"excerpt":{"rendered":"<p>El debut para los dirigidos por Lionel Scaloni, que ir\u00e1n en busca de su cuarta estrella, ser\u00e1 frente a Argelia, mientras que luego les tocar\u00e1 con Austria y cerrar\u00e1n su participaci\u00f3n en la fase de grupos ante Jordania.<\/p>\n","protected":false},"author":3,"featured_media":129398,"comment_status":"closed","ping_status":"closed","sticky":false,"template":"","format":"standard","meta":{"footnotes":""},"categories":[27],"tags":[],"class_list":["post-129397","post","type-post","status-publish","format-standard","has-post-thumbnail","hentry","category-deportes"],"yoast_head":"<!-- This site is optimized with the Yoast SEO plugin v25.9 - https:\/\/yoast.com\/wordpress\/plugins\/seo\/ -->\n<title>La Selecci\u00f3n argentina jugar\u00e1 el Grupo J del Mundial 2026 ante Argelia, Austria y Jordania - Noticias Radio Reflejos<\/title>\n<meta name=\"robots\" content=\"index, follow, max-snippet:-1, max-image-preview:large, max-video-preview:-1\" \/>\n<link rel=\"canonical\" href=\"https:\/\/www.noticiasradioreflejos.com.ar\/2021\/la-seleccion-argentina-jugara-el-grupo-j-del-mundial-2026-ante-argelia-austria-y-jordania\/\" \/>\n<meta property=\"og:locale\" content=\"es_ES\" \/>\n<meta property=\"og:type\" content=\"article\" \/>\n<meta property=\"og:title\" content=\"La Selecci\u00f3n argentina jugar\u00e1 el Grupo J del Mundial 2026 ante Argelia, Austria y Jordania - Noticias Radio Reflejos\" \/>\n<meta property=\"og:description\" content=\"El debut para los dirigidos por Lionel Scaloni, que ir\u00e1n en busca de su cuarta estrella, ser\u00e1 frente a Argelia, mientras que luego les tocar\u00e1 con Austria y cerrar\u00e1n su participaci\u00f3n en la fase de grupos ante Jordania.\" \/>\n<meta property=\"og:url\" content=\"https:\/\/www.noticiasradioreflejos.com.ar\/2021\/la-seleccion-argentina-jugara-el-grupo-j-del-mundial-2026-ante-argelia-austria-y-jordania\/\" \/>\n<meta property=\"og:site_name\" content=\"Noticias Radio Reflejos\" \/>\n<meta property=\"article:published_time\" content=\"2025-12-05T20:16:19+00:00\" \/>\n<meta property=\"og:image\" content=\"https:\/\/www.noticiasradioreflejos.com.ar\/2021\/wp-content\/uploads\/2025\/12\/messi.webp\" \/>\n\t<meta property=\"og:image:width\" content=\"1200\" \/>\n\t<meta property=\"og:image:height\" content=\"675\" \/>\n\t<meta property=\"og:image:type\" content=\"image\/webp\" \/>\n<meta name=\"author\" content=\"Arnaldo Botto\" \/>\n<meta name=\"twitter:card\" content=\"summary_large_image\" \/>\n<script type=\"application\/ld+json\" class=\"yoast-schema-graph\">{\"@context\":\"https:\/\/schema.org\",\"@graph\":[{\"@type\":\"WebPage\",\"@id\":\"https:\/\/www.noticiasradioreflejos.com.ar\/2021\/la-seleccion-argentina-jugara-el-grupo-j-del-mundial-2026-ante-argelia-austria-y-jordania\/\",\"url\":\"https:\/\/www.noticiasradioreflejos.com.ar\/2021\/la-seleccion-argentina-jugara-el-grupo-j-del-mundial-2026-ante-argelia-austria-y-jordania\/\",\"name\":\"La Selecci\u00f3n argentina jugar\u00e1 el Grupo J del Mundial 2026 ante Argelia, Austria y Jordania - Noticias Radio Reflejos\",\"isPartOf\":{\"@id\":\"https:\/\/www.noticiasradioreflejos.com.ar\/2021\/#website\"},\"primaryImageOfPage\":{\"@id\":\"https:\/\/www.noticiasradioreflejos.com.ar\/2021\/la-seleccion-argentina-jugara-el-grupo-j-del-mundial-2026-ante-argelia-austria-y-jordania\/#primaryimage\"},\"image\":{\"@id\":\"https:\/\/www.noticiasradioreflejos.com.ar\/2021\/la-seleccion-argentina-jugara-el-grupo-j-del-mundial-2026-ante-argelia-austria-y-jordania\/#primaryimage\"},\"thumbnailUrl\":\"https:\/\/www.noticiasradioreflejos.com.ar\/2021\/wp-content\/uploads\/2025\/12\/messi.webp\",\"datePublished\":\"2025-12-05T20:16:19+00:00\",\"author\":{\"@id\":\"https:\/\/www.noticiasradioreflejos.com.ar\/2021\/#\/schema\/person\/ad82545263dcc5ec0996818884fd5fb1\"},\"breadcrumb\":{\"@id\":\"https:\/\/www.noticiasradioreflejos.com.ar\/2021\/la-seleccion-argentina-jugara-el-grupo-j-del-mundial-2026-ante-argelia-austria-y-jordania\/#breadcrumb\"},\"inLanguage\":\"es\",\"potentialAction\":[{\"@type\":\"ReadAction\",\"target\":[\"https:\/\/www.noticiasradioreflejos.com.ar\/2021\/la-seleccion-argentina-jugara-el-grupo-j-del-mundial-2026-ante-argelia-austria-y-jordania\/\"]}]},{\"@type\":\"ImageObject\",\"inLanguage\":\"es\",\"@id\":\"https:\/\/www.noticiasradioreflejos.com.ar\/2021\/la-seleccion-argentina-jugara-el-grupo-j-del-mundial-2026-ante-argelia-austria-y-jordania\/#primaryimage\",\"url\":\"https:\/\/www.noticiasradioreflejos.com.ar\/2021\/wp-content\/uploads\/2025\/12\/messi.webp\",\"contentUrl\":\"https:\/\/www.noticiasradioreflejos.com.ar\/2021\/wp-content\/uploads\/2025\/12\/messi.webp\",\"width\":1200,\"height\":675},{\"@type\":\"BreadcrumbList\",\"@id\":\"https:\/\/www.noticiasradioreflejos.com.ar\/2021\/la-seleccion-argentina-jugara-el-grupo-j-del-mundial-2026-ante-argelia-austria-y-jordania\/#breadcrumb\",\"itemListElement\":[{\"@type\":\"ListItem\",\"position\":1,\"name\":\"Portada\",\"item\":\"https:\/\/www.noticiasradioreflejos.com.ar\/2021\/\"},{\"@type\":\"ListItem\",\"position\":2,\"name\":\"La Selecci\u00f3n argentina jugar\u00e1 el Grupo J del Mundial 2026 ante Argelia, Austria y Jordania\"}]},{\"@type\":\"WebSite\",\"@id\":\"https:\/\/www.noticiasradioreflejos.com.ar\/2021\/#website\",\"url\":\"https:\/\/www.noticiasradioreflejos.com.ar\/2021\/\",\"name\":\"Noticias Radio Reflejos\",\"description\":\"Las noticias de mi comarca\",\"potentialAction\":[{\"@type\":\"SearchAction\",\"target\":{\"@type\":\"EntryPoint\",\"urlTemplate\":\"https:\/\/www.noticiasradioreflejos.com.ar\/2021\/?s={search_term_string}\"},\"query-input\":{\"@type\":\"PropertyValueSpecification\",\"valueRequired\":true,\"valueName\":\"search_term_string\"}}],\"inLanguage\":\"es\"},{\"@type\":\"Person\",\"@id\":\"https:\/\/www.noticiasradioreflejos.com.ar\/2021\/#\/schema\/person\/ad82545263dcc5ec0996818884fd5fb1\",\"name\":\"Arnaldo Botto\",\"image\":{\"@type\":\"ImageObject\",\"inLanguage\":\"es\",\"@id\":\"https:\/\/www.noticiasradioreflejos.com.ar\/2021\/#\/schema\/person\/image\/\",\"url\":\"https:\/\/secure.gravatar.com\/avatar\/55cb5e37c1efa326397366e6974cb338056df65cb50e7d64d1cf314e87504837?s=96&d=mm&r=g\",\"contentUrl\":\"https:\/\/secure.gravatar.com\/avatar\/55cb5e37c1efa326397366e6974cb338056df65cb50e7d64d1cf314e87504837?s=96&d=mm&r=g\",\"caption\":\"Arnaldo Botto\"},\"url\":\"https:\/\/www.noticiasradioreflejos.com.ar\/2021\/author\/arnaldo\/\"}]}<\/script>\n<!-- \/ Yoast SEO plugin. -->","yoast_head_json":{"title":"La Selecci\u00f3n argentina jugar\u00e1 el Grupo J del Mundial 2026 ante Argelia, Austria y Jordania - Noticias Radio Reflejos","robots":{"index":"index","follow":"follow","max-snippet":"max-snippet:-1","max-image-preview":"max-image-preview:large","max-video-preview":"max-video-preview:-1"},"canonical":"https:\/\/www.noticiasradioreflejos.com.ar\/2021\/la-seleccion-argentina-jugara-el-grupo-j-del-mundial-2026-ante-argelia-austria-y-jordania\/","og_locale":"es_ES","og_type":"article","og_title":"La Selecci\u00f3n argentina jugar\u00e1 el Grupo J del Mundial 2026 ante Argelia, Austria y Jordania - Noticias Radio Reflejos","og_description":"El debut para los dirigidos por Lionel Scaloni, que ir\u00e1n en busca de su cuarta estrella, ser\u00e1 frente a Argelia, mientras que luego les tocar\u00e1 con Austria y cerrar\u00e1n su participaci\u00f3n en la fase de grupos ante Jordania.","og_url":"https:\/\/www.noticiasradioreflejos.com.ar\/2021\/la-seleccion-argentina-jugara-el-grupo-j-del-mundial-2026-ante-argelia-austria-y-jordania\/","og_site_name":"Noticias Radio Reflejos","article_published_time":"2025-12-05T20:16:19+00:00","og_image":[{"width":1200,"height":675,"url":"https:\/\/www.noticiasradioreflejos.com.ar\/2021\/wp-content\/uploads\/2025\/12\/messi.webp","type":"image\/webp"}],"author":"Arnaldo Botto","twitter_card":"summary_large_image","schema":{"@context":"https:\/\/schema.org","@graph":[{"@type":"WebPage","@id":"https:\/\/www.noticiasradioreflejos.com.ar\/2021\/la-seleccion-argentina-jugara-el-grupo-j-del-mundial-2026-ante-argelia-austria-y-jordania\/","url":"https:\/\/www.noticiasradioreflejos.com.ar\/2021\/la-seleccion-argentina-jugara-el-grupo-j-del-mundial-2026-ante-argelia-austria-y-jordania\/","name":"La Selecci\u00f3n argentina jugar\u00e1 el Grupo J del Mundial 2026 ante Argelia, Austria y Jordania - Noticias Radio Reflejos","isPartOf":{"@id":"https:\/\/www.noticiasradioreflejos.com.ar\/2021\/#website"},"primaryImageOfPage":{"@id":"https:\/\/www.noticiasradioreflejos.com.ar\/2021\/la-seleccion-argentina-jugara-el-grupo-j-del-mundial-2026-ante-argelia-austria-y-jordania\/#primaryimage"},"image":{"@id":"https:\/\/www.noticiasradioreflejos.com.ar\/2021\/la-seleccion-argentina-jugara-el-grupo-j-del-mundial-2026-ante-argelia-austria-y-jordania\/#primaryimage"},"thumbnailUrl":"https:\/\/www.noticiasradioreflejos.com.ar\/2021\/wp-content\/uploads\/2025\/12\/messi.webp","datePublished":"2025-12-05T20:16:19+00:00","author":{"@id":"https:\/\/www.noticiasradioreflejos.com.ar\/2021\/#\/schema\/person\/ad82545263dcc5ec0996818884fd5fb1"},"breadcrumb":{"@id":"https:\/\/www.noticiasradioreflejos.com.ar\/2021\/la-seleccion-argentina-jugara-el-grupo-j-del-mundial-2026-ante-argelia-austria-y-jordania\/#breadcrumb"},"inLanguage":"es","potentialAction":[{"@type":"ReadAction","target":["https:\/\/www.noticiasradioreflejos.com.ar\/2021\/la-seleccion-argentina-jugara-el-grupo-j-del-mundial-2026-ante-argelia-austria-y-jordania\/"]}]},{"@type":"ImageObject","inLanguage":"es","@id":"https:\/\/www.noticiasradioreflejos.com.ar\/2021\/la-seleccion-argentina-jugara-el-grupo-j-del-mundial-2026-ante-argelia-austria-y-jordania\/#primaryimage","url":"https:\/\/www.noticiasradioreflejos.com.ar\/2021\/wp-content\/uploads\/2025\/12\/messi.webp","contentUrl":"https:\/\/www.noticiasradioreflejos.com.ar\/2021\/wp-content\/uploads\/2025\/12\/messi.webp","width":1200,"height":675},{"@type":"BreadcrumbList","@id":"https:\/\/www.noticiasradioreflejos.com.ar\/2021\/la-seleccion-argentina-jugara-el-grupo-j-del-mundial-2026-ante-argelia-austria-y-jordania\/#breadcrumb","itemListElement":[{"@type":"ListItem","position":1,"name":"Portada","item":"https:\/\/www.noticiasradioreflejos.com.ar\/2021\/"},{"@type":"ListItem","position":2,"name":"La Selecci\u00f3n argentina jugar\u00e1 el Grupo J del Mundial 2026 ante Argelia, Austria y Jordania"}]},{"@type":"WebSite","@id":"https:\/\/www.noticiasradioreflejos.com.ar\/2021\/#website","url":"https:\/\/www.noticiasradioreflejos.com.ar\/2021\/","name":"Noticias Radio Reflejos","description":"Las noticias de mi comarca","potentialAction":[{"@type":"SearchAction","target":{"@type":"EntryPoint","urlTemplate":"https:\/\/www.noticiasradioreflejos.com.ar\/2021\/?s={search_term_string}"},"query-input":{"@type":"PropertyValueSpecification","valueRequired":true,"valueName":"search_term_string"}}],"inLanguage":"es"},{"@type":"Person","@id":"https:\/\/www.noticiasradioreflejos.com.ar\/2021\/#\/schema\/person\/ad82545263dcc5ec0996818884fd5fb1","name":"Arnaldo Botto","image":{"@type":"ImageObject","inLanguage":"es","@id":"https:\/\/www.noticiasradioreflejos.com.ar\/2021\/#\/schema\/person\/image\/","url":"https:\/\/secure.gravatar.com\/avatar\/55cb5e37c1efa326397366e6974cb338056df65cb50e7d64d1cf314e87504837?s=96&d=mm&r=g","contentUrl":"https:\/\/secure.gravatar.com\/avatar\/55cb5e37c1efa326397366e6974cb338056df65cb50e7d64d1cf314e87504837?s=96&d=mm&r=g","caption":"Arnaldo Botto"},"url":"https:\/\/www.noticiasradioreflejos.com.ar\/2021\/author\/arnaldo\/"}]}},"_links":{"self":[{"href":"https:\/\/www.noticiasradioreflejos.com.ar\/2021\/wp-json\/wp\/v2\/posts\/129397","targetHints":{"allow":["GET"]}}],"collection":[{"href":"https:\/\/www.noticiasradioreflejos.com.ar\/2021\/wp-json\/wp\/v2\/posts"}],"about":[{"href":"https:\/\/www.noticiasradioreflejos.com.ar\/2021\/wp-json\/wp\/v2\/types\/post"}],"author":[{"embeddable":true,"href":"https:\/\/www.noticiasradioreflejos.com.ar\/2021\/wp-json\/wp\/v2\/users\/3"}],"replies":[{"embeddable":true,"href":"https:\/\/www.noticiasradioreflejos.com.ar\/2021\/wp-json\/wp\/v2\/comments?post=129397"}],"version-history":[{"count":1,"href":"https:\/\/www.noticiasradioreflejos.com.ar\/2021\/wp-json\/wp\/v2\/posts\/129397\/revisions"}],"predecessor-version":[{"id":129399,"href":"https:\/\/www.noticiasradioreflejos.com.ar\/2021\/wp-json\/wp\/v2\/posts\/129397\/revisions\/129399"}],"wp:featuredmedia":[{"embeddable":true,"href":"https:\/\/www.noticiasradioreflejos.com.ar\/2021\/wp-json\/wp\/v2\/media\/129398"}],"wp:attachment":[{"href":"https:\/\/www.noticiasradioreflejos.com.ar\/2021\/wp-json\/wp\/v2\/media?parent=129397"}],"wp:term":[{"taxonomy":"category","embeddable":true,"href":"https:\/\/www.noticiasradioreflejos.com.ar\/2021\/wp-json\/wp\/v2\/categories?post=129397"},{"taxonomy":"post_tag","embeddable":true,"href":"https:\/\/www.noticiasradioreflejos.com.ar\/2021\/wp-json\/wp\/v2\/tags?post=129397"}],"curies":[{"name":"wp","href":"https:\/\/api.w.org\/{rel}","templated":true}]}}