{"id":12939,"date":"2017-07-31T07:49:10","date_gmt":"2017-07-31T10:49:10","guid":{"rendered":"http:\/\/www.noticiasradioreflejos.com.ar\/noticias\/?p=12939"},"modified":"2017-07-31T07:49:10","modified_gmt":"2017-07-31T10:49:10","slug":"atletico-ventana-campeon-en-reserva","status":"publish","type":"post","link":"https:\/\/www.noticiasradioreflejos.com.ar\/2021\/atletico-ventana-campeon-en-reserva\/","title":{"rendered":"Atl\u00e9tico Ventana Campe\u00f3n en reserva."},"content":{"rendered":"<p><a title=\"20170731021515c4ff384cecdd4ecfc203d94cb5d1272b_med\" href=\"http:\/\/farm5.staticflickr.com\/4305\/36117787762_a30eb8d747.jpg\" rel=\"\"><img loading=\"lazy\" decoding=\"async\" class=\"alignleft\" style=\"float: left;\" title=\"20170731021515c4ff384cecdd4ecfc203d94cb5d1272b_med\" src=\"http:\/\/farm5.staticflickr.com\/4305\/36117787762_a30eb8d747.jpg\" alt=\"20170731021515c4ff384cecdd4ecfc203d94cb5d1272b_med\" width=\"500\" height=\"331\" \/><\/a>Con el resultado final en 1-1 frente a Almaceneros este domingo, el club atl\u00e9tico Ventana se consagr\u00f3 Campe\u00f3n por segunda vez en la divisi\u00f3n de reserva. El resultado del partido de ida, imponi\u00e9ndose por 1 a 0 hizo valer el campeonato logrado dignamente.<br \/>\nAtl\u00e9tico Ventana inscribi\u00f3 una vez m\u00e1s su nombre en el historial de campeones de la Liga de Cnel Pringles en Reserva, tras empatar con Almaceneros y aprovechar la ventaja conseguida en su casa.<!--more--><br \/>\nEl \u201ctricolor\u201d serrano hab\u00eda ganado 1-0 en el Galileo Galilei, y parec\u00eda que lo liquidaba con el tanto de Milanesio en esta revancha. Sin embargo Singer lo empat\u00f3 un minuto despu\u00e9s y le dio suspenso al partido que finalmente se cerr\u00f3 en igualdad.<br \/>\nLa primera etapa super\u00f3 todo lo que hab\u00edan hecho ambos equipos en el encuentro de ida, se sab\u00eda que Almaceneros y Atl\u00e9tico pod\u00edan dar mucho mas de su juego y lo demostraron.<br \/>\nLos primeros minutos fueron netamente de Almaceneros, el \u201cazucarero\u201d fue a tratar de buscar la apertura del marcador y cerca estuvo de conseguirlo. Urban por dos veces intent\u00f3 desnivelar, hasta que lleg\u00f3 un gol de Singer que fue anulado por posici\u00f3n adelantada.<br \/>\n<a title=\"2017073102130825bc083e4eb27d9e0c11f83c9baf4c5e\" href=\"http:\/\/farm5.staticflickr.com\/4323\/35450690024_7b2db0c87c_n.jpg\" rel=\"\"><img loading=\"lazy\" decoding=\"async\" class=\"alignleft\" style=\"float: left;\" title=\"2017073102130825bc083e4eb27d9e0c11f83c9baf4c5e\" src=\"http:\/\/farm5.staticflickr.com\/4323\/35450690024_7b2db0c87c_n.jpg\" alt=\"2017073102130825bc083e4eb27d9e0c11f83c9baf4c5e\" width=\"189\" height=\"500\" \/><\/a><br \/>\nAtl\u00e9tico emparej\u00f3 las acciones promediando la primera parte y tambi\u00e9n tuvo las suyas, un remate de Parodi desviado y dos salvadas sobre la l\u00ednea de defensas de Almaceneros.<br \/>\nEl partido se fue a los vestuarios con el marcador en blanco, Atl\u00e9tico segu\u00eda manteniendo la ventaja conseguida en el encuentro de ida.<br \/>\nEn el complemento sobre los 15 minutos Parodi toc\u00f3 para P\u00e9rez, \u00e9ste hacia el medio cedi\u00f3 para Moreira que no pudo pegarle bien, y el que aprovech\u00f3 esa pifia fue Ezequiel Milanesio, que atento a la jugada y habilitado por el juez de l\u00ednea puso las cosas 1-0 para Atl\u00e9tico.<br \/>\nLa visita con este tanto respiraba un poco mas aliviado, pero no alcanz\u00f3 a pasar un minuto que Almaceneros se puso otra vez con esperanzas, tiro libre al coraz\u00f3n del \u00e1rea y V\u00edctor Singer que la peina, la pelota entra junto al palo y se transforma en el 1-1.<br \/>\nAlmaceneros busc\u00f3 pero no pudo conseguir al menos forzar los penales, la chance m\u00e1s clara la tuvo Barrag\u00e1n con un disparo desde la medialuna que control\u00f3 el arquero Esp\u00ednola.<br \/>\nAtl\u00e9tico jug\u00f3 con los minutos a su favor, e incluso pudo haber sentenciado la historia a poco del final con una jugada individual de Duelle que fue bien resuelta por el arquero Pardo.<br \/>\nFue final con empate en este partido pero festejo de t\u00edtulo para Atl\u00e9tico Ventana, el \u201ctricolor\u201d serrano nuevamente celebra en esta divisional como lo hiciera en 2015, aquella vez tambi\u00e9n dejando como subcampe\u00f3n a Almaceneros.<br \/>\n<a title=\"201707310215151d9b54081858e4435eb954777422e650_med\" href=\"http:\/\/farm5.staticflickr.com\/4303\/36151555291_21d20e25d7.jpg\" rel=\"\"><img loading=\"lazy\" decoding=\"async\" class=\"aligncenter\" title=\"201707310215151d9b54081858e4435eb954777422e650_med\" src=\"http:\/\/farm5.staticflickr.com\/4303\/36151555291_21d20e25d7.jpg\" alt=\"201707310215151d9b54081858e4435eb954777422e650_med\" width=\"500\" height=\"331\" \/><\/a><br \/>\nEZEQUIEL MILANESIO<br \/>\nAl delantero le toc\u00f3 marcar en los dos partidos finales, goles decisivos para este t\u00edtulo de Atl\u00e9tico: \u201cMe toc\u00f3 hacer los goles en estos partidos, pero este equipo es un grupo de amigos y nos manejamos as\u00ed en el a\u00f1o, nos uni\u00f3, somos una gran familia\u201d.<br \/>\n\u201cLos dos partidos fueron muy complicados, lo supimos manejar porque somos un equipo muy unido. Dedico el campeonato a toda mi familia y mis compa\u00f1eros\u201d.<br \/>\n<a title=\"20429877_1674828382529571_6074246300651956064_n\" href=\"http:\/\/farm5.staticflickr.com\/4304\/35890551240_87d3c6b639_n.jpg\" rel=\"\"><img loading=\"lazy\" decoding=\"async\" class=\"alignleft\" style=\"float: left;\" title=\"20429877_1674828382529571_6074246300651956064_n\" src=\"http:\/\/farm5.staticflickr.com\/4304\/35890551240_87d3c6b639_n.jpg\" alt=\"20429877_1674828382529571_6074246300651956064_n\" width=\"320\" height=\"248\" \/><\/a>JORGE BRUNET<br \/>\nEl t\u00e9cnico de Atl\u00e9tico Ventana destac\u00f3 el trabajo con las formativas: \u201cFueron muy duras estas finales, ellos tienen muy buen equipo por eso llegaron invictos. Apostamos a los chicos e hicimos un trabajo de un a\u00f1o y medio, y lo estamos disfrutando. Es lindo llegar a un t\u00edtulo as\u00ed, con los chicos de 5ta, del club. Se lo dedico a mi familia, mi mujer, a mi hijo que viene en camino, mi otro hijo y a toda la gente del Club Ventana\u201d.<br \/>\n&nbsp;<br \/>\n&nbsp;<br \/>\n&nbsp;<br \/>\n<a title=\"2017073102151662889cdfbb285bebbb1e2bb1d77b4b96_med\" href=\"http:\/\/farm5.staticflickr.com\/4291\/36151550651_a38ff560a8_b.jpg\" rel=\"\"><img loading=\"lazy\" decoding=\"async\" class=\"aligncenter\" title=\"2017073102151662889cdfbb285bebbb1e2bb1d77b4b96_med\" src=\"http:\/\/farm5.staticflickr.com\/4291\/36151550651_a38ff560a8_b.jpg\" alt=\"2017073102151662889cdfbb285bebbb1e2bb1d77b4b96_med\" width=\"463\" height=\"700\" \/><\/a><a title=\"20170731021517deb8749c424294f219af204345d40cb8_med\" href=\"http:\/\/farm5.staticflickr.com\/4294\/35890388870_41784b4183_z.jpg\" rel=\"\"><img loading=\"lazy\" decoding=\"async\" class=\"aligncenter\" title=\"20170731021517deb8749c424294f219af204345d40cb8_med\" src=\"http:\/\/farm5.staticflickr.com\/4294\/35890388870_41784b4183_z.jpg\" alt=\"20170731021517deb8749c424294f219af204345d40cb8_med\" width=\"640\" height=\"423\" \/><\/a><a title=\"201707310215151d9b54081858e4435eb954777422e650_med\" href=\"http:\/\/farm5.staticflickr.com\/4303\/36151555291_21d20e25d7_z.jpg\" rel=\"\"><img loading=\"lazy\" decoding=\"async\" class=\"aligncenter\" title=\"201707310215151d9b54081858e4435eb954777422e650_med\" src=\"http:\/\/farm5.staticflickr.com\/4303\/36151555291_21d20e25d7_z.jpg\" alt=\"201707310215151d9b54081858e4435eb954777422e650_med\" width=\"640\" height=\"423\" \/><\/a><br \/>\n&nbsp;<br \/>\nRG El Orden de Pringles<br \/>\n&nbsp;<br \/>\n&nbsp;<\/p>\n","protected":false},"excerpt":{"rendered":"<p>Con el resultado final en 1-1 frente a Almaceneros este domingo, el club atl\u00e9tico Ventana se consagr\u00f3 Campe\u00f3n por segunda vez en la divisi\u00f3n de reserva. El resultado del partido de ida, imponi\u00e9ndose por 1 a 0 hizo valer el campeonato logrado dignamente. Atl\u00e9tico Ventana inscribi\u00f3 una vez m\u00e1s su nombre en el historial de [&hellip;]<\/p>\n","protected":false},"author":3,"featured_media":0,"comment_status":"closed","ping_status":"open","sticky":false,"template":"","format":"standard","meta":{"footnotes":""},"categories":[27],"tags":[],"class_list":["post-12939","post","type-post","status-publish","format-standard","hentry","category-deportes"],"yoast_head":"<!-- This site is optimized with the Yoast SEO plugin v25.9 - https:\/\/yoast.com\/wordpress\/plugins\/seo\/ -->\n<title>Atl\u00e9tico Ventana Campe\u00f3n en reserva. - Noticias Radio Reflejos<\/title>\n<meta name=\"robots\" content=\"index, follow, max-snippet:-1, max-image-preview:large, max-video-preview:-1\" \/>\n<link rel=\"canonical\" href=\"https:\/\/www.noticiasradioreflejos.com.ar\/2021\/atletico-ventana-campeon-en-reserva\/\" \/>\n<meta property=\"og:locale\" content=\"es_ES\" \/>\n<meta property=\"og:type\" content=\"article\" \/>\n<meta property=\"og:title\" content=\"Atl\u00e9tico Ventana Campe\u00f3n en reserva. - Noticias Radio Reflejos\" \/>\n<meta property=\"og:description\" content=\"Con el resultado final en 1-1 frente a Almaceneros este domingo, el club atl\u00e9tico Ventana se consagr\u00f3 Campe\u00f3n por segunda vez en la divisi\u00f3n de reserva. El resultado del partido de ida, imponi\u00e9ndose por 1 a 0 hizo valer el campeonato logrado dignamente. Atl\u00e9tico Ventana inscribi\u00f3 una vez m\u00e1s su nombre en el historial de [&hellip;]\" \/>\n<meta property=\"og:url\" content=\"https:\/\/www.noticiasradioreflejos.com.ar\/2021\/atletico-ventana-campeon-en-reserva\/\" \/>\n<meta property=\"og:site_name\" content=\"Noticias Radio Reflejos\" \/>\n<meta property=\"article:published_time\" content=\"2017-07-31T10:49:10+00:00\" \/>\n<meta property=\"og:image\" content=\"http:\/\/farm5.staticflickr.com\/4305\/36117787762_a30eb8d747.jpg\" \/>\n<meta name=\"author\" content=\"Arnaldo Botto\" \/>\n<meta name=\"twitter:card\" content=\"summary_large_image\" \/>\n<script type=\"application\/ld+json\" class=\"yoast-schema-graph\">{\"@context\":\"https:\/\/schema.org\",\"@graph\":[{\"@type\":\"WebPage\",\"@id\":\"https:\/\/www.noticiasradioreflejos.com.ar\/2021\/atletico-ventana-campeon-en-reserva\/\",\"url\":\"https:\/\/www.noticiasradioreflejos.com.ar\/2021\/atletico-ventana-campeon-en-reserva\/\",\"name\":\"Atl\u00e9tico Ventana Campe\u00f3n en reserva. - Noticias Radio Reflejos\",\"isPartOf\":{\"@id\":\"https:\/\/www.noticiasradioreflejos.com.ar\/2021\/#website\"},\"primaryImageOfPage\":{\"@id\":\"https:\/\/www.noticiasradioreflejos.com.ar\/2021\/atletico-ventana-campeon-en-reserva\/#primaryimage\"},\"image\":{\"@id\":\"https:\/\/www.noticiasradioreflejos.com.ar\/2021\/atletico-ventana-campeon-en-reserva\/#primaryimage\"},\"thumbnailUrl\":\"http:\/\/farm5.staticflickr.com\/4305\/36117787762_a30eb8d747.jpg\",\"datePublished\":\"2017-07-31T10:49:10+00:00\",\"author\":{\"@id\":\"https:\/\/www.noticiasradioreflejos.com.ar\/2021\/#\/schema\/person\/ad82545263dcc5ec0996818884fd5fb1\"},\"breadcrumb\":{\"@id\":\"https:\/\/www.noticiasradioreflejos.com.ar\/2021\/atletico-ventana-campeon-en-reserva\/#breadcrumb\"},\"inLanguage\":\"es\",\"potentialAction\":[{\"@type\":\"ReadAction\",\"target\":[\"https:\/\/www.noticiasradioreflejos.com.ar\/2021\/atletico-ventana-campeon-en-reserva\/\"]}]},{\"@type\":\"ImageObject\",\"inLanguage\":\"es\",\"@id\":\"https:\/\/www.noticiasradioreflejos.com.ar\/2021\/atletico-ventana-campeon-en-reserva\/#primaryimage\",\"url\":\"http:\/\/farm5.staticflickr.com\/4305\/36117787762_a30eb8d747.jpg\",\"contentUrl\":\"http:\/\/farm5.staticflickr.com\/4305\/36117787762_a30eb8d747.jpg\"},{\"@type\":\"BreadcrumbList\",\"@id\":\"https:\/\/www.noticiasradioreflejos.com.ar\/2021\/atletico-ventana-campeon-en-reserva\/#breadcrumb\",\"itemListElement\":[{\"@type\":\"ListItem\",\"position\":1,\"name\":\"Portada\",\"item\":\"https:\/\/www.noticiasradioreflejos.com.ar\/2021\/\"},{\"@type\":\"ListItem\",\"position\":2,\"name\":\"Atl\u00e9tico Ventana Campe\u00f3n en reserva.\"}]},{\"@type\":\"WebSite\",\"@id\":\"https:\/\/www.noticiasradioreflejos.com.ar\/2021\/#website\",\"url\":\"https:\/\/www.noticiasradioreflejos.com.ar\/2021\/\",\"name\":\"Noticias Radio Reflejos\",\"description\":\"Las noticias de mi comarca\",\"potentialAction\":[{\"@type\":\"SearchAction\",\"target\":{\"@type\":\"EntryPoint\",\"urlTemplate\":\"https:\/\/www.noticiasradioreflejos.com.ar\/2021\/?s={search_term_string}\"},\"query-input\":{\"@type\":\"PropertyValueSpecification\",\"valueRequired\":true,\"valueName\":\"search_term_string\"}}],\"inLanguage\":\"es\"},{\"@type\":\"Person\",\"@id\":\"https:\/\/www.noticiasradioreflejos.com.ar\/2021\/#\/schema\/person\/ad82545263dcc5ec0996818884fd5fb1\",\"name\":\"Arnaldo Botto\",\"image\":{\"@type\":\"ImageObject\",\"inLanguage\":\"es\",\"@id\":\"https:\/\/www.noticiasradioreflejos.com.ar\/2021\/#\/schema\/person\/image\/\",\"url\":\"https:\/\/secure.gravatar.com\/avatar\/55cb5e37c1efa326397366e6974cb338056df65cb50e7d64d1cf314e87504837?s=96&d=mm&r=g\",\"contentUrl\":\"https:\/\/secure.gravatar.com\/avatar\/55cb5e37c1efa326397366e6974cb338056df65cb50e7d64d1cf314e87504837?s=96&d=mm&r=g\",\"caption\":\"Arnaldo Botto\"},\"url\":\"https:\/\/www.noticiasradioreflejos.com.ar\/2021\/author\/arnaldo\/\"}]}<\/script>\n<!-- \/ Yoast SEO plugin. -->","yoast_head_json":{"title":"Atl\u00e9tico Ventana Campe\u00f3n en reserva. - Noticias Radio Reflejos","robots":{"index":"index","follow":"follow","max-snippet":"max-snippet:-1","max-image-preview":"max-image-preview:large","max-video-preview":"max-video-preview:-1"},"canonical":"https:\/\/www.noticiasradioreflejos.com.ar\/2021\/atletico-ventana-campeon-en-reserva\/","og_locale":"es_ES","og_type":"article","og_title":"Atl\u00e9tico Ventana Campe\u00f3n en reserva. - Noticias Radio Reflejos","og_description":"Con el resultado final en 1-1 frente a Almaceneros este domingo, el club atl\u00e9tico Ventana se consagr\u00f3 Campe\u00f3n por segunda vez en la divisi\u00f3n de reserva. El resultado del partido de ida, imponi\u00e9ndose por 1 a 0 hizo valer el campeonato logrado dignamente. Atl\u00e9tico Ventana inscribi\u00f3 una vez m\u00e1s su nombre en el historial de [&hellip;]","og_url":"https:\/\/www.noticiasradioreflejos.com.ar\/2021\/atletico-ventana-campeon-en-reserva\/","og_site_name":"Noticias Radio Reflejos","article_published_time":"2017-07-31T10:49:10+00:00","og_image":[{"url":"http:\/\/farm5.staticflickr.com\/4305\/36117787762_a30eb8d747.jpg","type":"","width":"","height":""}],"author":"Arnaldo Botto","twitter_card":"summary_large_image","schema":{"@context":"https:\/\/schema.org","@graph":[{"@type":"WebPage","@id":"https:\/\/www.noticiasradioreflejos.com.ar\/2021\/atletico-ventana-campeon-en-reserva\/","url":"https:\/\/www.noticiasradioreflejos.com.ar\/2021\/atletico-ventana-campeon-en-reserva\/","name":"Atl\u00e9tico Ventana Campe\u00f3n en reserva. - Noticias Radio Reflejos","isPartOf":{"@id":"https:\/\/www.noticiasradioreflejos.com.ar\/2021\/#website"},"primaryImageOfPage":{"@id":"https:\/\/www.noticiasradioreflejos.com.ar\/2021\/atletico-ventana-campeon-en-reserva\/#primaryimage"},"image":{"@id":"https:\/\/www.noticiasradioreflejos.com.ar\/2021\/atletico-ventana-campeon-en-reserva\/#primaryimage"},"thumbnailUrl":"http:\/\/farm5.staticflickr.com\/4305\/36117787762_a30eb8d747.jpg","datePublished":"2017-07-31T10:49:10+00:00","author":{"@id":"https:\/\/www.noticiasradioreflejos.com.ar\/2021\/#\/schema\/person\/ad82545263dcc5ec0996818884fd5fb1"},"breadcrumb":{"@id":"https:\/\/www.noticiasradioreflejos.com.ar\/2021\/atletico-ventana-campeon-en-reserva\/#breadcrumb"},"inLanguage":"es","potentialAction":[{"@type":"ReadAction","target":["https:\/\/www.noticiasradioreflejos.com.ar\/2021\/atletico-ventana-campeon-en-reserva\/"]}]},{"@type":"ImageObject","inLanguage":"es","@id":"https:\/\/www.noticiasradioreflejos.com.ar\/2021\/atletico-ventana-campeon-en-reserva\/#primaryimage","url":"http:\/\/farm5.staticflickr.com\/4305\/36117787762_a30eb8d747.jpg","contentUrl":"http:\/\/farm5.staticflickr.com\/4305\/36117787762_a30eb8d747.jpg"},{"@type":"BreadcrumbList","@id":"https:\/\/www.noticiasradioreflejos.com.ar\/2021\/atletico-ventana-campeon-en-reserva\/#breadcrumb","itemListElement":[{"@type":"ListItem","position":1,"name":"Portada","item":"https:\/\/www.noticiasradioreflejos.com.ar\/2021\/"},{"@type":"ListItem","position":2,"name":"Atl\u00e9tico Ventana Campe\u00f3n en reserva."}]},{"@type":"WebSite","@id":"https:\/\/www.noticiasradioreflejos.com.ar\/2021\/#website","url":"https:\/\/www.noticiasradioreflejos.com.ar\/2021\/","name":"Noticias Radio Reflejos","description":"Las noticias de mi comarca","potentialAction":[{"@type":"SearchAction","target":{"@type":"EntryPoint","urlTemplate":"https:\/\/www.noticiasradioreflejos.com.ar\/2021\/?s={search_term_string}"},"query-input":{"@type":"PropertyValueSpecification","valueRequired":true,"valueName":"search_term_string"}}],"inLanguage":"es"},{"@type":"Person","@id":"https:\/\/www.noticiasradioreflejos.com.ar\/2021\/#\/schema\/person\/ad82545263dcc5ec0996818884fd5fb1","name":"Arnaldo Botto","image":{"@type":"ImageObject","inLanguage":"es","@id":"https:\/\/www.noticiasradioreflejos.com.ar\/2021\/#\/schema\/person\/image\/","url":"https:\/\/secure.gravatar.com\/avatar\/55cb5e37c1efa326397366e6974cb338056df65cb50e7d64d1cf314e87504837?s=96&d=mm&r=g","contentUrl":"https:\/\/secure.gravatar.com\/avatar\/55cb5e37c1efa326397366e6974cb338056df65cb50e7d64d1cf314e87504837?s=96&d=mm&r=g","caption":"Arnaldo Botto"},"url":"https:\/\/www.noticiasradioreflejos.com.ar\/2021\/author\/arnaldo\/"}]}},"_links":{"self":[{"href":"https:\/\/www.noticiasradioreflejos.com.ar\/2021\/wp-json\/wp\/v2\/posts\/12939","targetHints":{"allow":["GET"]}}],"collection":[{"href":"https:\/\/www.noticiasradioreflejos.com.ar\/2021\/wp-json\/wp\/v2\/posts"}],"about":[{"href":"https:\/\/www.noticiasradioreflejos.com.ar\/2021\/wp-json\/wp\/v2\/types\/post"}],"author":[{"embeddable":true,"href":"https:\/\/www.noticiasradioreflejos.com.ar\/2021\/wp-json\/wp\/v2\/users\/3"}],"replies":[{"embeddable":true,"href":"https:\/\/www.noticiasradioreflejos.com.ar\/2021\/wp-json\/wp\/v2\/comments?post=12939"}],"version-history":[{"count":0,"href":"https:\/\/www.noticiasradioreflejos.com.ar\/2021\/wp-json\/wp\/v2\/posts\/12939\/revisions"}],"wp:attachment":[{"href":"https:\/\/www.noticiasradioreflejos.com.ar\/2021\/wp-json\/wp\/v2\/media?parent=12939"}],"wp:term":[{"taxonomy":"category","embeddable":true,"href":"https:\/\/www.noticiasradioreflejos.com.ar\/2021\/wp-json\/wp\/v2\/categories?post=12939"},{"taxonomy":"post_tag","embeddable":true,"href":"https:\/\/www.noticiasradioreflejos.com.ar\/2021\/wp-json\/wp\/v2\/tags?post=12939"}],"curies":[{"name":"wp","href":"https:\/\/api.w.org\/{rel}","templated":true}]}}