{"id":129329,"date":"2025-12-05T07:55:30","date_gmt":"2025-12-05T10:55:30","guid":{"rendered":"https:\/\/www.noticiasradioreflejos.com.ar\/2021\/?p=129329"},"modified":"2025-12-05T07:55:30","modified_gmt":"2025-12-05T10:55:30","slug":"dia-nacional-del-ciclista-por-que-se-celebra-cada-5-de-diciembre","status":"publish","type":"post","link":"https:\/\/www.noticiasradioreflejos.com.ar\/2021\/dia-nacional-del-ciclista-por-que-se-celebra-cada-5-de-diciembre\/","title":{"rendered":"D\u00eda Nacional del Ciclista: \u00bfPor qu\u00e9 se celebra cada 5 de diciembre?"},"content":{"rendered":"<p>El 5 de diciembre se celebra el D\u00eda del Ciclista en Argentina en homenaje a Remigio Saavedra, quien a los 70 a\u00f1os recorri\u00f3 m\u00e1s de 1.100 km en bicicleta desde Mendoza hasta Buenos Aires, replicando una haza\u00f1a que ya hab\u00eda realizado en 1943.<!--more--><\/p>\n<div class=\"partner-wrapper article-page__body-row\">\n<div class=\"second-col\">\n<p class=\"article-text\">Argentina celebra cada 5 de diciembre el\u00a0<em>D\u00eda Nacional del Ciclista<\/em>, una efem\u00e9ride que reconoce a quienes eligen la bicicleta como deporte, medio de transporte o para recreaci\u00f3n, y que rinde homenaje a\u00a0<strong>Remigio Saavedra<\/strong>, un mendocino que desafi\u00f3 los l\u00edmites de la resistencia humana y dej\u00f3 una huella indeleble en la historia deportiva del pa\u00eds.<\/p>\n<h2 class=\"article-text\">Una haza\u00f1a que desafi\u00f3 el tiempo<\/h2>\n<p class=\"article-text\">La fecha fue elegida en recuerdo de la segunda gran traves\u00eda de Saavedra, realizada el\u00a0<strong>5 de diciembre de 1981<\/strong>, cuando con\u00a0<strong>70 a\u00f1os<\/strong>\u00a0volvi\u00f3 a unir\u00a0<strong>Mendoza y Buenos Aires<\/strong>\u00a0en bicicleta tras recorrer m\u00e1s de\u00a0<strong>1.100 kil\u00f3metros<\/strong>\u00a0en\u00a0<strong>18 horas y 45 minutos<\/strong>, una gesta replic\u00f3 la que hab\u00eda protagonizado el\u00a0<strong>13 de noviembre de 1943<\/strong>, a los 32 a\u00f1os, cuando complet\u00f3 el mismo trayecto en\u00a0<strong>17 horas, 55 minutos y 3 segundos<\/strong>, un tiempo que super\u00f3 a los trenes de la \u00e9poca.<\/p>\n<p class=\"article-text\">Ambos desaf\u00edos fueron realizados con asistencia t\u00e9cnica: un autom\u00f3vil con pantalla frontal lo acompa\u00f1aba para reducir el impacto del viento, y en 1981 utiliz\u00f3 una bicicleta Pinarello con el mismo plato de 1943, que le permit\u00eda avanzar\u00a0<strong>12 metros por pedaleada<\/strong>.<\/p>\n<h2 class=\"article-text\">\u00bfQui\u00e9n fue Remigio Saavedra?<\/h2>\n<p class=\"article-text\">Nacido el\u00a0<strong>1.\u00ba de octubre de 1911 en Godoy Cruz, Mendoza<\/strong>, Saavedra comenz\u00f3 a competir a los 14 a\u00f1os y desarroll\u00f3 una carrera brillante:\u00a0<strong>gan\u00f3 m\u00e1s de 300 carreras<\/strong>, entre ellas la Doble Chivilcoy, Buenos Aires\u2013Mar del Plata, Buenos Aires\u2013Rosario y Doble Jun\u00edn. Particip\u00f3 en el\u00a0<strong>Campeonato Mundial de Ruta de 1933<\/strong>\u00a0en Francia y fue protagonista de las\u00a0<strong>Carreras de los Seis D\u00edas<\/strong>\u00a0en Estados Unidos, Canad\u00e1 y el Luna Park.<\/p>\n<p class=\"article-text\">Adem\u00e1s de su talento deportivo, Saavedra fue un s\u00edmbolo de disciplina, esfuerzo y conciencia social. Su traves\u00eda de 1981 tuvo como objetivo\u00a0<strong>concientizar sobre los peligros del tabaquismo<\/strong>, lo que sum\u00f3 una dimensi\u00f3n \u00e9tica a su haza\u00f1a.<\/p>\n<h2 class=\"article-text\">Un homenaje que trasciende el deporte<\/h2>\n<p class=\"article-text\">El D\u00eda del Ciclista busca tambi\u00e9n\u00a0<strong>promover el uso de la bicicleta<\/strong>\u00a0como medio de transporte sustentable y accesible. En un contexto de crisis ambiental y urbanizaci\u00f3n creciente, el ciclismo ofrece beneficios concretos:<\/p>\n<div class=\"list\">\n<ul>\n<li><strong>Salud<\/strong>: mejora la capacidad cardiovascular y ayuda a prevenir enfermedades cr\u00f3nicas.<\/li>\n<li><strong>Econom\u00eda<\/strong>: es un medio de transporte barato y eficiente.<\/li>\n<li><strong>Ambiente<\/strong>: reduce emisiones contaminantes y consumo de combustibles f\u00f3siles.<\/li>\n<li><strong>Bienestar<\/strong>: disminuye el estr\u00e9s y mejora la calidad de vida.<\/li>\n<\/ul>\n<\/div>\n<h2 class=\"article-text\">Otras fechas vinculadas al ciclismo<\/h2>\n<p class=\"article-text\">Adem\u00e1s del 5 de diciembre, en Argentina se celebra el\u00a0<strong>D\u00eda del Bicicletero<\/strong>\u00a0el\u00a0<strong>29 de mayo<\/strong>, impulsado por el Centro Promocional de la Bicicleta en 1982. A nivel internacional, el\u00a0<strong>D\u00eda Mundial de la Bicicleta<\/strong>\u00a0se conmemora el\u00a0<strong>3 de junio<\/strong>, y el\u00a0<strong>D\u00eda Internacional del Ciclista<\/strong>, el\u00a0<strong>15 de abril.<\/strong><\/p>\n<h2 class=\"article-text\">Ciclistas que hicieron historia<\/h2>\n<p class=\"article-text\">Los mejores ciclistas argentinos de la historia incluyen a\u00a0Maximiliano Richeze, conocido por sus victorias en el Giro de Italia, Juan Jos\u00e9 Haedo, por sus actuaciones en el Tour de France, y Ernesto \u201cEl C\u00f3ndor de Am\u00e9rica\u201d Contreras, m\u00faltiple campe\u00f3n argentino de persecuci\u00f3n individual.\u00a0Otros ciclistas destacados son los hermanos Haedo, Juan y Sebasti\u00e1n, y el d\u00fao ol\u00edmpico ganador de la medalla de oro, Juan Curuchet y Walter P\u00e9rez.<\/p>\n<p class=\"article-text\"><strong>Maximiliano Richeze<\/strong>:\u00a0Considerado uno de los mejores en la historia del pa\u00eds y con grandes actuaciones en el Giro de Italia.\u00a0Fue ciclista profesional del equipo UCI World Tour Deceunink Quick-Step.<\/p>\n<p class=\"article-text\"><strong>Juan Jos\u00e9 Haedo<\/strong>:\u00a0Gan\u00f3 una etapa en el Tour de France y tuvo actuaciones destacadas en la Vuelta a Espa\u00f1a.<\/p>\n<p class=\"article-text\"><strong>Ernesto \u201cEl C\u00f3ndor de Am\u00e9rica\u201d Contreras<\/strong>:\u00a0Gan\u00f3 ocho veces consecutivas el Campeonato Argentino de Persecuci\u00f3n Individual.<\/p>\n<p class=\"article-text\"><strong>Juan Curuchet y Walter P\u00e9rez<\/strong>:\u00a0Ganaron la medalla de oro en los Juegos Ol\u00edmpicos de Beijing 2008 en la prueba de Madison, siendo la primera medalla de oro para Argentina en esa disciplina.<\/p>\n<p class=\"article-text\"><strong>Eduardo Sep\u00falveda<\/strong>:\u00a0Ha participado en cuatro ediciones del Tour de France.<\/p>\n<p class=\"article-text\"><strong>Mart\u00edn Gerardo Garrido<\/strong>:\u00a0Ha sido parte de varios equipos de nivel mundial y ha participado en competencias internacionales.<\/p>\n<p class=\"article-text\"><strong>Leandro Bottasso<\/strong>:\u00a0Es el ciclista con m\u00e1s campeonatos argentinos de la historia.<\/p>\n<p class=\"article-text\"><strong>Juan Esteban Curuchet<\/strong>:\u00a0Debut\u00f3 en los Juegos Ol\u00edmpicos de Los \u00c1ngeles 1984 y gan\u00f3 la medalla de oro ol\u00edmpica junto a Walter P\u00e9rez en Beijing 2008.<\/p>\n<div id=\"container-after-news-outlook\"><\/div>\n<p class=\"article-text\"><strong>Lucas Sebasti\u00e1n Haedo<\/strong>:\u00a0Hermano de Juan Jos\u00e9 Haedo, tambi\u00e9n ha tenido una destacada carrera deportiva.<\/p>\n<p class=\"article-text\"><strong>Ricardo Pereyra<\/strong>:\u00a0Ganador de t\u00edtulos internacionales, locales y argentinos en su carrera.<\/p>\n<p>&nbsp;<\/p>\n<\/div>\n<p><strong>Fuente elDiarioAR<\/strong><\/p>\n<\/div>\n","protected":false},"excerpt":{"rendered":"<p>El 5 de diciembre se celebra el D\u00eda del Ciclista en Argentina en homenaje a Remigio Saavedra, quien a los 70 a\u00f1os recorri\u00f3 m\u00e1s de 1.100 km en bicicleta desde Mendoza hasta Buenos Aires, replicando una haza\u00f1a que ya hab\u00eda realizado en 1943.<\/p>\n","protected":false},"author":3,"featured_media":129330,"comment_status":"closed","ping_status":"closed","sticky":false,"template":"","format":"standard","meta":{"footnotes":""},"categories":[26],"tags":[],"class_list":["post-129329","post","type-post","status-publish","format-standard","has-post-thumbnail","hentry","category-sociedad"],"yoast_head":"<!-- This site is optimized with the Yoast SEO plugin v25.9 - https:\/\/yoast.com\/wordpress\/plugins\/seo\/ -->\n<title>D\u00eda Nacional del Ciclista: \u00bfPor qu\u00e9 se celebra cada 5 de diciembre? - Noticias Radio Reflejos<\/title>\n<meta name=\"robots\" content=\"index, follow, max-snippet:-1, max-image-preview:large, max-video-preview:-1\" \/>\n<link rel=\"canonical\" href=\"https:\/\/www.noticiasradioreflejos.com.ar\/2021\/dia-nacional-del-ciclista-por-que-se-celebra-cada-5-de-diciembre\/\" \/>\n<meta property=\"og:locale\" content=\"es_ES\" \/>\n<meta property=\"og:type\" content=\"article\" \/>\n<meta property=\"og:title\" content=\"D\u00eda Nacional del Ciclista: \u00bfPor qu\u00e9 se celebra cada 5 de diciembre? - Noticias Radio Reflejos\" \/>\n<meta property=\"og:description\" content=\"El 5 de diciembre se celebra el D\u00eda del Ciclista en Argentina en homenaje a Remigio Saavedra, quien a los 70 a\u00f1os recorri\u00f3 m\u00e1s de 1.100 km en bicicleta desde Mendoza hasta Buenos Aires, replicando una haza\u00f1a que ya hab\u00eda realizado en 1943.\" \/>\n<meta property=\"og:url\" content=\"https:\/\/www.noticiasradioreflejos.com.ar\/2021\/dia-nacional-del-ciclista-por-que-se-celebra-cada-5-de-diciembre\/\" \/>\n<meta property=\"og:site_name\" content=\"Noticias Radio Reflejos\" \/>\n<meta property=\"article:published_time\" content=\"2025-12-05T10:55:30+00:00\" \/>\n<meta property=\"og:image\" content=\"https:\/\/www.noticiasradioreflejos.com.ar\/2021\/wp-content\/uploads\/2025\/12\/ciclistas.webp\" \/>\n\t<meta property=\"og:image:width\" content=\"1200\" \/>\n\t<meta property=\"og:image:height\" content=\"675\" \/>\n\t<meta property=\"og:image:type\" content=\"image\/webp\" \/>\n<meta name=\"author\" content=\"Arnaldo Botto\" \/>\n<meta name=\"twitter:card\" content=\"summary_large_image\" \/>\n<script type=\"application\/ld+json\" class=\"yoast-schema-graph\">{\"@context\":\"https:\/\/schema.org\",\"@graph\":[{\"@type\":\"WebPage\",\"@id\":\"https:\/\/www.noticiasradioreflejos.com.ar\/2021\/dia-nacional-del-ciclista-por-que-se-celebra-cada-5-de-diciembre\/\",\"url\":\"https:\/\/www.noticiasradioreflejos.com.ar\/2021\/dia-nacional-del-ciclista-por-que-se-celebra-cada-5-de-diciembre\/\",\"name\":\"D\u00eda Nacional del Ciclista: \u00bfPor qu\u00e9 se celebra cada 5 de diciembre? - Noticias Radio Reflejos\",\"isPartOf\":{\"@id\":\"https:\/\/www.noticiasradioreflejos.com.ar\/2021\/#website\"},\"primaryImageOfPage\":{\"@id\":\"https:\/\/www.noticiasradioreflejos.com.ar\/2021\/dia-nacional-del-ciclista-por-que-se-celebra-cada-5-de-diciembre\/#primaryimage\"},\"image\":{\"@id\":\"https:\/\/www.noticiasradioreflejos.com.ar\/2021\/dia-nacional-del-ciclista-por-que-se-celebra-cada-5-de-diciembre\/#primaryimage\"},\"thumbnailUrl\":\"https:\/\/www.noticiasradioreflejos.com.ar\/2021\/wp-content\/uploads\/2025\/12\/ciclistas.webp\",\"datePublished\":\"2025-12-05T10:55:30+00:00\",\"author\":{\"@id\":\"https:\/\/www.noticiasradioreflejos.com.ar\/2021\/#\/schema\/person\/ad82545263dcc5ec0996818884fd5fb1\"},\"breadcrumb\":{\"@id\":\"https:\/\/www.noticiasradioreflejos.com.ar\/2021\/dia-nacional-del-ciclista-por-que-se-celebra-cada-5-de-diciembre\/#breadcrumb\"},\"inLanguage\":\"es\",\"potentialAction\":[{\"@type\":\"ReadAction\",\"target\":[\"https:\/\/www.noticiasradioreflejos.com.ar\/2021\/dia-nacional-del-ciclista-por-que-se-celebra-cada-5-de-diciembre\/\"]}]},{\"@type\":\"ImageObject\",\"inLanguage\":\"es\",\"@id\":\"https:\/\/www.noticiasradioreflejos.com.ar\/2021\/dia-nacional-del-ciclista-por-que-se-celebra-cada-5-de-diciembre\/#primaryimage\",\"url\":\"https:\/\/www.noticiasradioreflejos.com.ar\/2021\/wp-content\/uploads\/2025\/12\/ciclistas.webp\",\"contentUrl\":\"https:\/\/www.noticiasradioreflejos.com.ar\/2021\/wp-content\/uploads\/2025\/12\/ciclistas.webp\",\"width\":1200,\"height\":675},{\"@type\":\"BreadcrumbList\",\"@id\":\"https:\/\/www.noticiasradioreflejos.com.ar\/2021\/dia-nacional-del-ciclista-por-que-se-celebra-cada-5-de-diciembre\/#breadcrumb\",\"itemListElement\":[{\"@type\":\"ListItem\",\"position\":1,\"name\":\"Portada\",\"item\":\"https:\/\/www.noticiasradioreflejos.com.ar\/2021\/\"},{\"@type\":\"ListItem\",\"position\":2,\"name\":\"D\u00eda Nacional del Ciclista: \u00bfPor qu\u00e9 se celebra cada 5 de diciembre?\"}]},{\"@type\":\"WebSite\",\"@id\":\"https:\/\/www.noticiasradioreflejos.com.ar\/2021\/#website\",\"url\":\"https:\/\/www.noticiasradioreflejos.com.ar\/2021\/\",\"name\":\"Noticias Radio Reflejos\",\"description\":\"Las noticias de mi comarca\",\"potentialAction\":[{\"@type\":\"SearchAction\",\"target\":{\"@type\":\"EntryPoint\",\"urlTemplate\":\"https:\/\/www.noticiasradioreflejos.com.ar\/2021\/?s={search_term_string}\"},\"query-input\":{\"@type\":\"PropertyValueSpecification\",\"valueRequired\":true,\"valueName\":\"search_term_string\"}}],\"inLanguage\":\"es\"},{\"@type\":\"Person\",\"@id\":\"https:\/\/www.noticiasradioreflejos.com.ar\/2021\/#\/schema\/person\/ad82545263dcc5ec0996818884fd5fb1\",\"name\":\"Arnaldo Botto\",\"image\":{\"@type\":\"ImageObject\",\"inLanguage\":\"es\",\"@id\":\"https:\/\/www.noticiasradioreflejos.com.ar\/2021\/#\/schema\/person\/image\/\",\"url\":\"https:\/\/secure.gravatar.com\/avatar\/55cb5e37c1efa326397366e6974cb338056df65cb50e7d64d1cf314e87504837?s=96&d=mm&r=g\",\"contentUrl\":\"https:\/\/secure.gravatar.com\/avatar\/55cb5e37c1efa326397366e6974cb338056df65cb50e7d64d1cf314e87504837?s=96&d=mm&r=g\",\"caption\":\"Arnaldo Botto\"},\"url\":\"https:\/\/www.noticiasradioreflejos.com.ar\/2021\/author\/arnaldo\/\"}]}<\/script>\n<!-- \/ Yoast SEO plugin. -->","yoast_head_json":{"title":"D\u00eda Nacional del Ciclista: \u00bfPor qu\u00e9 se celebra cada 5 de diciembre? - Noticias Radio Reflejos","robots":{"index":"index","follow":"follow","max-snippet":"max-snippet:-1","max-image-preview":"max-image-preview:large","max-video-preview":"max-video-preview:-1"},"canonical":"https:\/\/www.noticiasradioreflejos.com.ar\/2021\/dia-nacional-del-ciclista-por-que-se-celebra-cada-5-de-diciembre\/","og_locale":"es_ES","og_type":"article","og_title":"D\u00eda Nacional del Ciclista: \u00bfPor qu\u00e9 se celebra cada 5 de diciembre? - Noticias Radio Reflejos","og_description":"El 5 de diciembre se celebra el D\u00eda del Ciclista en Argentina en homenaje a Remigio Saavedra, quien a los 70 a\u00f1os recorri\u00f3 m\u00e1s de 1.100 km en bicicleta desde Mendoza hasta Buenos Aires, replicando una haza\u00f1a que ya hab\u00eda realizado en 1943.","og_url":"https:\/\/www.noticiasradioreflejos.com.ar\/2021\/dia-nacional-del-ciclista-por-que-se-celebra-cada-5-de-diciembre\/","og_site_name":"Noticias Radio Reflejos","article_published_time":"2025-12-05T10:55:30+00:00","og_image":[{"width":1200,"height":675,"url":"https:\/\/www.noticiasradioreflejos.com.ar\/2021\/wp-content\/uploads\/2025\/12\/ciclistas.webp","type":"image\/webp"}],"author":"Arnaldo Botto","twitter_card":"summary_large_image","schema":{"@context":"https:\/\/schema.org","@graph":[{"@type":"WebPage","@id":"https:\/\/www.noticiasradioreflejos.com.ar\/2021\/dia-nacional-del-ciclista-por-que-se-celebra-cada-5-de-diciembre\/","url":"https:\/\/www.noticiasradioreflejos.com.ar\/2021\/dia-nacional-del-ciclista-por-que-se-celebra-cada-5-de-diciembre\/","name":"D\u00eda Nacional del Ciclista: \u00bfPor qu\u00e9 se celebra cada 5 de diciembre? - Noticias Radio Reflejos","isPartOf":{"@id":"https:\/\/www.noticiasradioreflejos.com.ar\/2021\/#website"},"primaryImageOfPage":{"@id":"https:\/\/www.noticiasradioreflejos.com.ar\/2021\/dia-nacional-del-ciclista-por-que-se-celebra-cada-5-de-diciembre\/#primaryimage"},"image":{"@id":"https:\/\/www.noticiasradioreflejos.com.ar\/2021\/dia-nacional-del-ciclista-por-que-se-celebra-cada-5-de-diciembre\/#primaryimage"},"thumbnailUrl":"https:\/\/www.noticiasradioreflejos.com.ar\/2021\/wp-content\/uploads\/2025\/12\/ciclistas.webp","datePublished":"2025-12-05T10:55:30+00:00","author":{"@id":"https:\/\/www.noticiasradioreflejos.com.ar\/2021\/#\/schema\/person\/ad82545263dcc5ec0996818884fd5fb1"},"breadcrumb":{"@id":"https:\/\/www.noticiasradioreflejos.com.ar\/2021\/dia-nacional-del-ciclista-por-que-se-celebra-cada-5-de-diciembre\/#breadcrumb"},"inLanguage":"es","potentialAction":[{"@type":"ReadAction","target":["https:\/\/www.noticiasradioreflejos.com.ar\/2021\/dia-nacional-del-ciclista-por-que-se-celebra-cada-5-de-diciembre\/"]}]},{"@type":"ImageObject","inLanguage":"es","@id":"https:\/\/www.noticiasradioreflejos.com.ar\/2021\/dia-nacional-del-ciclista-por-que-se-celebra-cada-5-de-diciembre\/#primaryimage","url":"https:\/\/www.noticiasradioreflejos.com.ar\/2021\/wp-content\/uploads\/2025\/12\/ciclistas.webp","contentUrl":"https:\/\/www.noticiasradioreflejos.com.ar\/2021\/wp-content\/uploads\/2025\/12\/ciclistas.webp","width":1200,"height":675},{"@type":"BreadcrumbList","@id":"https:\/\/www.noticiasradioreflejos.com.ar\/2021\/dia-nacional-del-ciclista-por-que-se-celebra-cada-5-de-diciembre\/#breadcrumb","itemListElement":[{"@type":"ListItem","position":1,"name":"Portada","item":"https:\/\/www.noticiasradioreflejos.com.ar\/2021\/"},{"@type":"ListItem","position":2,"name":"D\u00eda Nacional del Ciclista: \u00bfPor qu\u00e9 se celebra cada 5 de diciembre?"}]},{"@type":"WebSite","@id":"https:\/\/www.noticiasradioreflejos.com.ar\/2021\/#website","url":"https:\/\/www.noticiasradioreflejos.com.ar\/2021\/","name":"Noticias Radio Reflejos","description":"Las noticias de mi comarca","potentialAction":[{"@type":"SearchAction","target":{"@type":"EntryPoint","urlTemplate":"https:\/\/www.noticiasradioreflejos.com.ar\/2021\/?s={search_term_string}"},"query-input":{"@type":"PropertyValueSpecification","valueRequired":true,"valueName":"search_term_string"}}],"inLanguage":"es"},{"@type":"Person","@id":"https:\/\/www.noticiasradioreflejos.com.ar\/2021\/#\/schema\/person\/ad82545263dcc5ec0996818884fd5fb1","name":"Arnaldo Botto","image":{"@type":"ImageObject","inLanguage":"es","@id":"https:\/\/www.noticiasradioreflejos.com.ar\/2021\/#\/schema\/person\/image\/","url":"https:\/\/secure.gravatar.com\/avatar\/55cb5e37c1efa326397366e6974cb338056df65cb50e7d64d1cf314e87504837?s=96&d=mm&r=g","contentUrl":"https:\/\/secure.gravatar.com\/avatar\/55cb5e37c1efa326397366e6974cb338056df65cb50e7d64d1cf314e87504837?s=96&d=mm&r=g","caption":"Arnaldo Botto"},"url":"https:\/\/www.noticiasradioreflejos.com.ar\/2021\/author\/arnaldo\/"}]}},"_links":{"self":[{"href":"https:\/\/www.noticiasradioreflejos.com.ar\/2021\/wp-json\/wp\/v2\/posts\/129329","targetHints":{"allow":["GET"]}}],"collection":[{"href":"https:\/\/www.noticiasradioreflejos.com.ar\/2021\/wp-json\/wp\/v2\/posts"}],"about":[{"href":"https:\/\/www.noticiasradioreflejos.com.ar\/2021\/wp-json\/wp\/v2\/types\/post"}],"author":[{"embeddable":true,"href":"https:\/\/www.noticiasradioreflejos.com.ar\/2021\/wp-json\/wp\/v2\/users\/3"}],"replies":[{"embeddable":true,"href":"https:\/\/www.noticiasradioreflejos.com.ar\/2021\/wp-json\/wp\/v2\/comments?post=129329"}],"version-history":[{"count":1,"href":"https:\/\/www.noticiasradioreflejos.com.ar\/2021\/wp-json\/wp\/v2\/posts\/129329\/revisions"}],"predecessor-version":[{"id":129331,"href":"https:\/\/www.noticiasradioreflejos.com.ar\/2021\/wp-json\/wp\/v2\/posts\/129329\/revisions\/129331"}],"wp:featuredmedia":[{"embeddable":true,"href":"https:\/\/www.noticiasradioreflejos.com.ar\/2021\/wp-json\/wp\/v2\/media\/129330"}],"wp:attachment":[{"href":"https:\/\/www.noticiasradioreflejos.com.ar\/2021\/wp-json\/wp\/v2\/media?parent=129329"}],"wp:term":[{"taxonomy":"category","embeddable":true,"href":"https:\/\/www.noticiasradioreflejos.com.ar\/2021\/wp-json\/wp\/v2\/categories?post=129329"},{"taxonomy":"post_tag","embeddable":true,"href":"https:\/\/www.noticiasradioreflejos.com.ar\/2021\/wp-json\/wp\/v2\/tags?post=129329"}],"curies":[{"name":"wp","href":"https:\/\/api.w.org\/{rel}","templated":true}]}}