{"id":12931,"date":"2017-07-29T20:19:05","date_gmt":"2017-07-29T23:19:05","guid":{"rendered":"http:\/\/www.noticiasradioreflejos.com.ar\/noticias\/?p=12931"},"modified":"2017-07-29T20:19:05","modified_gmt":"2017-07-29T23:19:05","slug":"nos-vamos-a-equivocar-mil-veces-pero-nos-equivocamos-por-hacer-sergio-bordoni","status":"publish","type":"post","link":"https:\/\/www.noticiasradioreflejos.com.ar\/2021\/nos-vamos-a-equivocar-mil-veces-pero-nos-equivocamos-por-hacer-sergio-bordoni\/","title":{"rendered":"&quot;Nos vamos a equivocar mil veces, pero nos equivocamos por hacer&quot; Sergio Bordoni."},"content":{"rendered":"<p>Con el actual intendente de Tornquist, <strong>Sergio Bordoni<\/strong>, hablamos de la campa\u00f1a a las PASO y de las obras realizadas, inconclusas y prometidas. Su visi\u00f3n es que la obra mas necesaria para el distrito de Tornquist son las viviendas. Habl\u00f3 sobre las cloacas de Sierra de la Ventana y anticip\u00f3 que la provincia le recort\u00f3 fondos para obras a ra\u00edz de la emergencia h\u00eddrica en el Sudoeste Bonaerense.<!--more--><br \/>\nPrevio a la presentaci\u00f3n de los candidatos de la Lista de <strong>Cambiemos<\/strong> en Sierra de la Ventana, entrevistamos a Sergio Bordoni, intendente de Tornquist, para conocer como se va desarrollando la campa\u00f1a electoral con vista al 13 de agosto venidero, donde la ciudadan\u00eda elegir\u00e1 a los legisladores que los representar\u00e1n.<br \/>\n\u00abNosotros venimos trabajando y en relaci\u00f3n al gobierno provincial o nacional parece que no tuvieran elecciones\u00bb asest\u00f3 Bordoni en el comienzo de la charla, mostrando sus diferencias con la manera de hacer campa\u00f1a entre lo local y el resto y agreg\u00f3, \u00aben relaci\u00f3n a otros gobiernos, provincial o nacional, parece que no tuvieran elecciones esta gente, si vamos a recursos, estamos igual o peor que el a\u00f1o pasado en cuanto a recursos econ\u00f3micos.\u00bb El jefe comunal manifiesta que han hecho reclamo con el resto de los intendentes porque les hab\u00edan pedido que salieran a anunciar obras que ahora no se realizar\u00e1n.<br \/>\nNo obstante Bordoni dice: \u00abSomos conscientes que las inundaciones afectaron mucho la parte econ\u00f3mica de la naci\u00f3n\u00bb y considera \u00abEntendible que no se puede hacer cord\u00f3n o asfalto cuando a otros le llega el agua al cuello\u00bb. Adem\u00e1s espera que las obras que se prometieron para este a\u00f1o se puedan realizar el pr\u00f3ximo.<br \/>\nAnte la consulta sobre cu\u00e1l es la obra que considera como pendiente de toda su gesti\u00f3n hasta el momento, asegur\u00f3:<br \/>\n\u00abLa obra m\u00e1s importante que tengo pendiente es la vivienda, el la deuda que tengo con todo el distrito\u00bb.<br \/>\nTambi\u00e9n le preguntamos por una obra que qued\u00f3 abandonada desde hace meses y la cu\u00e1l Sierra de la Ventana reclama por d\u00e9cadas que son las cloacas. Durante la gesti\u00f3n anterior la obra comenz\u00f3 y se desarroll\u00f3 tambi\u00e9n durante los primeros meses de la actual gesti\u00f3n. Bordoni nos afirma:\u00bbLas cloacas se van a licitar a fines de noviembre, porque la empresa Romero la abandon\u00f3 porque el <strong>SPAR<\/strong> no le pagaba, ahora se vuelve a licitar y es muy probable que la empresa vuelva a licitar pero con los precios actualizados. Que se quede tranquila la gente de Sierra de la Ventana, que el SPAR la tiene en carpeta para terminarla\u00bb, asever\u00f3.<br \/>\nDentro de la nota, abordamos otros importantes temas, donde el intendente define al trabajo de los Delegados como \u00abInsalubre\u00bb y se muestra muy firme en respaldar a a quienes ocupan ese cargo, habla sobre la visita del Ministro de turismo de la naci\u00f3n y se muestra muy confiado enla lista de candidatos que lo representa.<br \/>\n<iframe loading=\"lazy\" src=\"https:\/\/w.soundcloud.com\/player\/?url=https%3A\/\/api.soundcloud.com\/tracks\/335395352&amp;color=ff5500&amp;auto_play=false&amp;hide_related=false&amp;show_comments=true&amp;show_user=true&amp;show_reposts=false\" width=\"100%\" height=\"166\" frameborder=\"no\" scrolling=\"no\"><\/iframe><\/p>\n","protected":false},"excerpt":{"rendered":"<p>Con el actual intendente de Tornquist, Sergio Bordoni, hablamos de la campa\u00f1a a las PASO y de las obras realizadas, inconclusas y prometidas. Su visi\u00f3n es que la obra mas necesaria para el distrito de Tornquist son las viviendas. Habl\u00f3 sobre las cloacas de Sierra de la Ventana y anticip\u00f3 que la provincia le recort\u00f3 [&hellip;]<\/p>\n","protected":false},"author":3,"featured_media":0,"comment_status":"closed","ping_status":"open","sticky":false,"template":"","format":"standard","meta":{"footnotes":""},"categories":[24],"tags":[],"class_list":["post-12931","post","type-post","status-publish","format-standard","hentry","category-politica"],"yoast_head":"<!-- This site is optimized with the Yoast SEO plugin v25.9 - https:\/\/yoast.com\/wordpress\/plugins\/seo\/ -->\n<title>&quot;Nos vamos a equivocar mil veces, pero nos equivocamos por hacer&quot; Sergio Bordoni. - Noticias Radio Reflejos<\/title>\n<meta name=\"robots\" content=\"index, follow, max-snippet:-1, max-image-preview:large, max-video-preview:-1\" \/>\n<link rel=\"canonical\" href=\"https:\/\/www.noticiasradioreflejos.com.ar\/2021\/nos-vamos-a-equivocar-mil-veces-pero-nos-equivocamos-por-hacer-sergio-bordoni\/\" \/>\n<meta property=\"og:locale\" content=\"es_ES\" \/>\n<meta property=\"og:type\" content=\"article\" \/>\n<meta property=\"og:title\" content=\"&quot;Nos vamos a equivocar mil veces, pero nos equivocamos por hacer&quot; Sergio Bordoni. - Noticias Radio Reflejos\" \/>\n<meta property=\"og:description\" content=\"Con el actual intendente de Tornquist, Sergio Bordoni, hablamos de la campa\u00f1a a las PASO y de las obras realizadas, inconclusas y prometidas. Su visi\u00f3n es que la obra mas necesaria para el distrito de Tornquist son las viviendas. Habl\u00f3 sobre las cloacas de Sierra de la Ventana y anticip\u00f3 que la provincia le recort\u00f3 [&hellip;]\" \/>\n<meta property=\"og:url\" content=\"https:\/\/www.noticiasradioreflejos.com.ar\/2021\/nos-vamos-a-equivocar-mil-veces-pero-nos-equivocamos-por-hacer-sergio-bordoni\/\" \/>\n<meta property=\"og:site_name\" content=\"Noticias Radio Reflejos\" \/>\n<meta property=\"article:published_time\" content=\"2017-07-29T23:19:05+00:00\" \/>\n<meta property=\"og:image\" content=\"https:\/\/www.noticiasradioreflejos.com.ar\/2021\/wp-content\/uploads\/2021\/07\/logosol300x200.png\" \/>\n\t<meta property=\"og:image:width\" content=\"300\" \/>\n\t<meta property=\"og:image:height\" content=\"200\" \/>\n\t<meta property=\"og:image:type\" content=\"image\/png\" \/>\n<meta name=\"author\" content=\"Arnaldo Botto\" \/>\n<meta name=\"twitter:card\" content=\"summary_large_image\" \/>\n<script type=\"application\/ld+json\" class=\"yoast-schema-graph\">{\"@context\":\"https:\/\/schema.org\",\"@graph\":[{\"@type\":\"WebPage\",\"@id\":\"https:\/\/www.noticiasradioreflejos.com.ar\/2021\/nos-vamos-a-equivocar-mil-veces-pero-nos-equivocamos-por-hacer-sergio-bordoni\/\",\"url\":\"https:\/\/www.noticiasradioreflejos.com.ar\/2021\/nos-vamos-a-equivocar-mil-veces-pero-nos-equivocamos-por-hacer-sergio-bordoni\/\",\"name\":\"&quot;Nos vamos a equivocar mil veces, pero nos equivocamos por hacer&quot; Sergio Bordoni. - Noticias Radio Reflejos\",\"isPartOf\":{\"@id\":\"https:\/\/www.noticiasradioreflejos.com.ar\/2021\/#website\"},\"datePublished\":\"2017-07-29T23:19:05+00:00\",\"author\":{\"@id\":\"https:\/\/www.noticiasradioreflejos.com.ar\/2021\/#\/schema\/person\/ad82545263dcc5ec0996818884fd5fb1\"},\"breadcrumb\":{\"@id\":\"https:\/\/www.noticiasradioreflejos.com.ar\/2021\/nos-vamos-a-equivocar-mil-veces-pero-nos-equivocamos-por-hacer-sergio-bordoni\/#breadcrumb\"},\"inLanguage\":\"es\",\"potentialAction\":[{\"@type\":\"ReadAction\",\"target\":[\"https:\/\/www.noticiasradioreflejos.com.ar\/2021\/nos-vamos-a-equivocar-mil-veces-pero-nos-equivocamos-por-hacer-sergio-bordoni\/\"]}]},{\"@type\":\"BreadcrumbList\",\"@id\":\"https:\/\/www.noticiasradioreflejos.com.ar\/2021\/nos-vamos-a-equivocar-mil-veces-pero-nos-equivocamos-por-hacer-sergio-bordoni\/#breadcrumb\",\"itemListElement\":[{\"@type\":\"ListItem\",\"position\":1,\"name\":\"Portada\",\"item\":\"https:\/\/www.noticiasradioreflejos.com.ar\/2021\/\"},{\"@type\":\"ListItem\",\"position\":2,\"name\":\"&quot;Nos vamos a equivocar mil veces, pero nos equivocamos por hacer&quot; Sergio Bordoni.\"}]},{\"@type\":\"WebSite\",\"@id\":\"https:\/\/www.noticiasradioreflejos.com.ar\/2021\/#website\",\"url\":\"https:\/\/www.noticiasradioreflejos.com.ar\/2021\/\",\"name\":\"Noticias Radio Reflejos\",\"description\":\"Las noticias de mi comarca\",\"potentialAction\":[{\"@type\":\"SearchAction\",\"target\":{\"@type\":\"EntryPoint\",\"urlTemplate\":\"https:\/\/www.noticiasradioreflejos.com.ar\/2021\/?s={search_term_string}\"},\"query-input\":{\"@type\":\"PropertyValueSpecification\",\"valueRequired\":true,\"valueName\":\"search_term_string\"}}],\"inLanguage\":\"es\"},{\"@type\":\"Person\",\"@id\":\"https:\/\/www.noticiasradioreflejos.com.ar\/2021\/#\/schema\/person\/ad82545263dcc5ec0996818884fd5fb1\",\"name\":\"Arnaldo Botto\",\"image\":{\"@type\":\"ImageObject\",\"inLanguage\":\"es\",\"@id\":\"https:\/\/www.noticiasradioreflejos.com.ar\/2021\/#\/schema\/person\/image\/\",\"url\":\"https:\/\/secure.gravatar.com\/avatar\/55cb5e37c1efa326397366e6974cb338056df65cb50e7d64d1cf314e87504837?s=96&d=mm&r=g\",\"contentUrl\":\"https:\/\/secure.gravatar.com\/avatar\/55cb5e37c1efa326397366e6974cb338056df65cb50e7d64d1cf314e87504837?s=96&d=mm&r=g\",\"caption\":\"Arnaldo Botto\"},\"url\":\"https:\/\/www.noticiasradioreflejos.com.ar\/2021\/author\/arnaldo\/\"}]}<\/script>\n<!-- \/ Yoast SEO plugin. -->","yoast_head_json":{"title":"&quot;Nos vamos a equivocar mil veces, pero nos equivocamos por hacer&quot; Sergio Bordoni. - Noticias Radio Reflejos","robots":{"index":"index","follow":"follow","max-snippet":"max-snippet:-1","max-image-preview":"max-image-preview:large","max-video-preview":"max-video-preview:-1"},"canonical":"https:\/\/www.noticiasradioreflejos.com.ar\/2021\/nos-vamos-a-equivocar-mil-veces-pero-nos-equivocamos-por-hacer-sergio-bordoni\/","og_locale":"es_ES","og_type":"article","og_title":"&quot;Nos vamos a equivocar mil veces, pero nos equivocamos por hacer&quot; Sergio Bordoni. - Noticias Radio Reflejos","og_description":"Con el actual intendente de Tornquist, Sergio Bordoni, hablamos de la campa\u00f1a a las PASO y de las obras realizadas, inconclusas y prometidas. Su visi\u00f3n es que la obra mas necesaria para el distrito de Tornquist son las viviendas. Habl\u00f3 sobre las cloacas de Sierra de la Ventana y anticip\u00f3 que la provincia le recort\u00f3 [&hellip;]","og_url":"https:\/\/www.noticiasradioreflejos.com.ar\/2021\/nos-vamos-a-equivocar-mil-veces-pero-nos-equivocamos-por-hacer-sergio-bordoni\/","og_site_name":"Noticias Radio Reflejos","article_published_time":"2017-07-29T23:19:05+00:00","og_image":[{"width":300,"height":200,"url":"https:\/\/www.noticiasradioreflejos.com.ar\/2021\/wp-content\/uploads\/2021\/07\/logosol300x200.png","type":"image\/png"}],"author":"Arnaldo Botto","twitter_card":"summary_large_image","schema":{"@context":"https:\/\/schema.org","@graph":[{"@type":"WebPage","@id":"https:\/\/www.noticiasradioreflejos.com.ar\/2021\/nos-vamos-a-equivocar-mil-veces-pero-nos-equivocamos-por-hacer-sergio-bordoni\/","url":"https:\/\/www.noticiasradioreflejos.com.ar\/2021\/nos-vamos-a-equivocar-mil-veces-pero-nos-equivocamos-por-hacer-sergio-bordoni\/","name":"&quot;Nos vamos a equivocar mil veces, pero nos equivocamos por hacer&quot; Sergio Bordoni. - Noticias Radio Reflejos","isPartOf":{"@id":"https:\/\/www.noticiasradioreflejos.com.ar\/2021\/#website"},"datePublished":"2017-07-29T23:19:05+00:00","author":{"@id":"https:\/\/www.noticiasradioreflejos.com.ar\/2021\/#\/schema\/person\/ad82545263dcc5ec0996818884fd5fb1"},"breadcrumb":{"@id":"https:\/\/www.noticiasradioreflejos.com.ar\/2021\/nos-vamos-a-equivocar-mil-veces-pero-nos-equivocamos-por-hacer-sergio-bordoni\/#breadcrumb"},"inLanguage":"es","potentialAction":[{"@type":"ReadAction","target":["https:\/\/www.noticiasradioreflejos.com.ar\/2021\/nos-vamos-a-equivocar-mil-veces-pero-nos-equivocamos-por-hacer-sergio-bordoni\/"]}]},{"@type":"BreadcrumbList","@id":"https:\/\/www.noticiasradioreflejos.com.ar\/2021\/nos-vamos-a-equivocar-mil-veces-pero-nos-equivocamos-por-hacer-sergio-bordoni\/#breadcrumb","itemListElement":[{"@type":"ListItem","position":1,"name":"Portada","item":"https:\/\/www.noticiasradioreflejos.com.ar\/2021\/"},{"@type":"ListItem","position":2,"name":"&quot;Nos vamos a equivocar mil veces, pero nos equivocamos por hacer&quot; Sergio Bordoni."}]},{"@type":"WebSite","@id":"https:\/\/www.noticiasradioreflejos.com.ar\/2021\/#website","url":"https:\/\/www.noticiasradioreflejos.com.ar\/2021\/","name":"Noticias Radio Reflejos","description":"Las noticias de mi comarca","potentialAction":[{"@type":"SearchAction","target":{"@type":"EntryPoint","urlTemplate":"https:\/\/www.noticiasradioreflejos.com.ar\/2021\/?s={search_term_string}"},"query-input":{"@type":"PropertyValueSpecification","valueRequired":true,"valueName":"search_term_string"}}],"inLanguage":"es"},{"@type":"Person","@id":"https:\/\/www.noticiasradioreflejos.com.ar\/2021\/#\/schema\/person\/ad82545263dcc5ec0996818884fd5fb1","name":"Arnaldo Botto","image":{"@type":"ImageObject","inLanguage":"es","@id":"https:\/\/www.noticiasradioreflejos.com.ar\/2021\/#\/schema\/person\/image\/","url":"https:\/\/secure.gravatar.com\/avatar\/55cb5e37c1efa326397366e6974cb338056df65cb50e7d64d1cf314e87504837?s=96&d=mm&r=g","contentUrl":"https:\/\/secure.gravatar.com\/avatar\/55cb5e37c1efa326397366e6974cb338056df65cb50e7d64d1cf314e87504837?s=96&d=mm&r=g","caption":"Arnaldo Botto"},"url":"https:\/\/www.noticiasradioreflejos.com.ar\/2021\/author\/arnaldo\/"}]}},"_links":{"self":[{"href":"https:\/\/www.noticiasradioreflejos.com.ar\/2021\/wp-json\/wp\/v2\/posts\/12931","targetHints":{"allow":["GET"]}}],"collection":[{"href":"https:\/\/www.noticiasradioreflejos.com.ar\/2021\/wp-json\/wp\/v2\/posts"}],"about":[{"href":"https:\/\/www.noticiasradioreflejos.com.ar\/2021\/wp-json\/wp\/v2\/types\/post"}],"author":[{"embeddable":true,"href":"https:\/\/www.noticiasradioreflejos.com.ar\/2021\/wp-json\/wp\/v2\/users\/3"}],"replies":[{"embeddable":true,"href":"https:\/\/www.noticiasradioreflejos.com.ar\/2021\/wp-json\/wp\/v2\/comments?post=12931"}],"version-history":[{"count":0,"href":"https:\/\/www.noticiasradioreflejos.com.ar\/2021\/wp-json\/wp\/v2\/posts\/12931\/revisions"}],"wp:attachment":[{"href":"https:\/\/www.noticiasradioreflejos.com.ar\/2021\/wp-json\/wp\/v2\/media?parent=12931"}],"wp:term":[{"taxonomy":"category","embeddable":true,"href":"https:\/\/www.noticiasradioreflejos.com.ar\/2021\/wp-json\/wp\/v2\/categories?post=12931"},{"taxonomy":"post_tag","embeddable":true,"href":"https:\/\/www.noticiasradioreflejos.com.ar\/2021\/wp-json\/wp\/v2\/tags?post=12931"}],"curies":[{"name":"wp","href":"https:\/\/api.w.org\/{rel}","templated":true}]}}