{"id":129253,"date":"2025-12-04T07:10:48","date_gmt":"2025-12-04T10:10:48","guid":{"rendered":"https:\/\/www.noticiasradioreflejos.com.ar\/2021\/?p=129253"},"modified":"2025-12-04T07:10:48","modified_gmt":"2025-12-04T10:10:48","slug":"detuvieron-a-una-oficial-de-la-policia-federal-con-14-kilos-de-cocaina-en-entre-rios","status":"publish","type":"post","link":"https:\/\/www.noticiasradioreflejos.com.ar\/2021\/detuvieron-a-una-oficial-de-la-policia-federal-con-14-kilos-de-cocaina-en-entre-rios\/","title":{"rendered":"Detuvieron a una oficial de la Polic\u00eda Federal con 14 kilos de coca\u00edna en Entre R\u00edos"},"content":{"rendered":"<p>Fue capturada en un control en la autov\u00eda 14, en Chajar\u00ed. Se dirig\u00eda a la provincia de Buenos Aires.<!--more--><\/p>\n<p>Cuando los efectivos de la polic\u00eda de Entre R\u00edos comenzaron a revisar el Ford Fiesta negro que detuvieron en un control en el\u00a0<strong>kil\u00f3metro 341 de la Autov\u00eda 14, a la altura de la ciudad de Chajar\u00ed<\/strong>, la conductora, se identific\u00f3 integrante de una fuerza de seguridad. Pero no llevaba ni credencial ni arma.<\/p>\n<p>Su preocupaci\u00f3n aument\u00f3 cuando los efectivos de la polic\u00eda entrerriana advirtieron que hab\u00eda algunos remaches nuevos en el veh\u00edculo.<\/p>\n<p>Ante esta circunstancia, los efectivos de la fuerza de seguridad provincial convocaron a un binomio de un polic\u00eda y un perro entrenado en la b\u00fasqueda de estupefacientes.<\/p>\n<p><strong>Al revisar el veh\u00edculo los polic\u00edas hallaron los paquetes con coca\u00edna.<\/strong>\u00a0La droga hab\u00eda sido estibada en los z\u00f3calos del autom\u00f3vil.<\/p>\n<p>En ese momento, los efectivos realizaron una prueba con un reactivo en la sustancia encontrada y se comprob\u00f3 que se trataba de coca\u00edna. Al pesar el alijo de droga, los polic\u00edas establecieron que se trataba de un\u00a0<strong>cargamento de 14 kilos de coca\u00edna<\/strong>.<\/p>\n<p>Seg\u00fan fuentes de la investigaci\u00f3n ese cargamento habr\u00eda sido valuado en $105.000.000, si hubiese llegado al mercado de narcomenudeo en Buenos Aires, el valor se multiplica por cinco, en Europa.<\/p>\n<figure class=\"wp-block-image size-full\"><img loading=\"lazy\" decoding=\"async\" class=\"wp-image-200549\" src=\"https:\/\/frenteacano.com.ar\/wp-content\/uploads\/2025\/12\/droga-1.webp\" sizes=\"auto, (max-width: 642px) 100vw, 642px\" srcset=\"https:\/\/frenteacano.com.ar\/wp-content\/uploads\/2025\/12\/droga-1.webp 642w, https:\/\/frenteacano.com.ar\/wp-content\/uploads\/2025\/12\/droga-1-300x169.webp 300w\" alt=\"\" width=\"642\" height=\"361\" \/><\/figure>\n<p>Con la comprobaci\u00f3n de que la sustancia blanca hallada en el veh\u00edculo era coca\u00edna de m\u00e1xima pureza, los efectivos de la fuerza de seguridad de Entre R\u00edos, comunicaron a la conductora que quedaba presa. En ese momento, los polic\u00edas establecieron la identidad de la sospechosa que ser\u00eda\u00a0<strong>Mar\u00eda Florencia M\u00e9ndez, de 29 a\u00f1os<\/strong>.<\/p>\n<blockquote class=\"wp-block-quote is-layout-flow wp-block-quote-is-layout-flow\"><p>Hasta principios de este a\u00f1o, la detenida se desempe\u00f1aba en la Superintendencia de Asuntos Internos de la Polic\u00eda Federal. Pero, repentinamente y sin avisar abandon\u00f3 sus funciones. Por ese motivo se inici\u00f3 un sumario administrativo en su contra.<\/p><\/blockquote>\n<p>Sus compa\u00f1eros no supieron nada de ella hasta que en las \u00faltimas horas se hizo p\u00fablica su detenci\u00f3n. Hasta que se defina su situaci\u00f3n procesal, la acusada seguir\u00e1 detenida en una comisar\u00eda de Chajar\u00ed, a disposici\u00f3n de la jueza federal de Concordia, Anal\u00eda Ramponi.<\/p>\n<p>Seg\u00fan fuentes oficiales, la presunta narcopolic\u00eda se dirig\u00eda en su Ford Fiesta negro desde Misiones, con destino a San Justo, en el partido de La Matanza, pero al ser sorprendida por los efectivos de la fuerza de seguridad de Entre R\u00edos en un control, qued\u00f3 detenida.<\/p>\n<p class=\"has-medium-font-size\"><strong>Decomiso en Santa Fe<\/strong><\/p>\n<p>Esta semana, en otro operativo de control vehicular, pero en el kil\u00f3metro 289 de la ruta nacional 34, a la altura de la ciudad de Ceres, en Santa Fe, efectivos del Escuadr\u00f3n Seguridad Vial \u201cRafaela\u201d de la Gendarmer\u00eda secuestraron un cargamento de casi 106 kilos de coca\u00edna.<\/p>\n<p>El alijo de droga fue hallado dentro de una camioneta conducida por un narco que proced\u00eda de la ciudad de La Quiaca, en Jujuy y se dirig\u00eda a Rosario.<\/p>\n<p>Al revisar el rodado con la asistencia del can \u201cSasha\u201d, y observaron que el perro reaccion\u00f3 de manera exaltada al pasar por la zona trasera del veh\u00edculo. En presencia de testigos, los efectivos profundizaron la inspecci\u00f3n y detectaron que en el ba\u00fal y en los z\u00f3calos se ocultaban 100 ladrillos que pesaban 105,911 kilogramos de coca\u00edna. Los paquetes ten\u00edan la marca de un delf\u00edn, sello que los especialistas vinculan con el clan de Delf\u00edn Castedo.<\/p>\n<p>Fuente: diario La Naci\u00f3n<\/p>\n","protected":false},"excerpt":{"rendered":"<p>Fue capturada en un control en la autov\u00eda 14, en Chajar\u00ed. Se dirig\u00eda a la provincia de Buenos Aires.<\/p>\n","protected":false},"author":3,"featured_media":0,"comment_status":"closed","ping_status":"closed","sticky":false,"template":"","format":"standard","meta":{"footnotes":""},"categories":[29],"tags":[],"class_list":["post-129253","post","type-post","status-publish","format-standard","hentry","category-policiales"],"yoast_head":"<!-- This site is optimized with the Yoast SEO plugin v25.9 - https:\/\/yoast.com\/wordpress\/plugins\/seo\/ -->\n<title>Detuvieron a una oficial de la Polic\u00eda Federal con 14 kilos de coca\u00edna en Entre R\u00edos - Noticias Radio Reflejos<\/title>\n<meta name=\"robots\" content=\"index, follow, max-snippet:-1, max-image-preview:large, max-video-preview:-1\" \/>\n<link rel=\"canonical\" href=\"https:\/\/www.noticiasradioreflejos.com.ar\/2021\/detuvieron-a-una-oficial-de-la-policia-federal-con-14-kilos-de-cocaina-en-entre-rios\/\" \/>\n<meta property=\"og:locale\" content=\"es_ES\" \/>\n<meta property=\"og:type\" content=\"article\" \/>\n<meta property=\"og:title\" content=\"Detuvieron a una oficial de la Polic\u00eda Federal con 14 kilos de coca\u00edna en Entre R\u00edos - Noticias Radio Reflejos\" \/>\n<meta property=\"og:description\" content=\"Fue capturada en un control en la autov\u00eda 14, en Chajar\u00ed. Se dirig\u00eda a la provincia de Buenos Aires.\" \/>\n<meta property=\"og:url\" content=\"https:\/\/www.noticiasradioreflejos.com.ar\/2021\/detuvieron-a-una-oficial-de-la-policia-federal-con-14-kilos-de-cocaina-en-entre-rios\/\" \/>\n<meta property=\"og:site_name\" content=\"Noticias Radio Reflejos\" \/>\n<meta property=\"article:published_time\" content=\"2025-12-04T10:10:48+00:00\" \/>\n<meta property=\"og:image\" content=\"https:\/\/www.noticiasradioreflejos.com.ar\/2021\/wp-content\/uploads\/2025\/12\/auto.webp\" \/>\n\t<meta property=\"og:image:width\" content=\"1089\" \/>\n\t<meta property=\"og:image:height\" content=\"730\" \/>\n\t<meta property=\"og:image:type\" content=\"image\/webp\" \/>\n<meta name=\"author\" content=\"Arnaldo Botto\" \/>\n<meta name=\"twitter:card\" content=\"summary_large_image\" \/>\n<script type=\"application\/ld+json\" class=\"yoast-schema-graph\">{\"@context\":\"https:\/\/schema.org\",\"@graph\":[{\"@type\":\"WebPage\",\"@id\":\"https:\/\/www.noticiasradioreflejos.com.ar\/2021\/detuvieron-a-una-oficial-de-la-policia-federal-con-14-kilos-de-cocaina-en-entre-rios\/\",\"url\":\"https:\/\/www.noticiasradioreflejos.com.ar\/2021\/detuvieron-a-una-oficial-de-la-policia-federal-con-14-kilos-de-cocaina-en-entre-rios\/\",\"name\":\"Detuvieron a una oficial de la Polic\u00eda Federal con 14 kilos de coca\u00edna en Entre R\u00edos - Noticias Radio Reflejos\",\"isPartOf\":{\"@id\":\"https:\/\/www.noticiasradioreflejos.com.ar\/2021\/#website\"},\"primaryImageOfPage\":{\"@id\":\"https:\/\/www.noticiasradioreflejos.com.ar\/2021\/detuvieron-a-una-oficial-de-la-policia-federal-con-14-kilos-de-cocaina-en-entre-rios\/#primaryimage\"},\"image\":{\"@id\":\"https:\/\/www.noticiasradioreflejos.com.ar\/2021\/detuvieron-a-una-oficial-de-la-policia-federal-con-14-kilos-de-cocaina-en-entre-rios\/#primaryimage\"},\"thumbnailUrl\":\"https:\/\/frenteacano.com.ar\/wp-content\/uploads\/2025\/12\/droga-1.webp\",\"datePublished\":\"2025-12-04T10:10:48+00:00\",\"author\":{\"@id\":\"https:\/\/www.noticiasradioreflejos.com.ar\/2021\/#\/schema\/person\/ad82545263dcc5ec0996818884fd5fb1\"},\"breadcrumb\":{\"@id\":\"https:\/\/www.noticiasradioreflejos.com.ar\/2021\/detuvieron-a-una-oficial-de-la-policia-federal-con-14-kilos-de-cocaina-en-entre-rios\/#breadcrumb\"},\"inLanguage\":\"es\",\"potentialAction\":[{\"@type\":\"ReadAction\",\"target\":[\"https:\/\/www.noticiasradioreflejos.com.ar\/2021\/detuvieron-a-una-oficial-de-la-policia-federal-con-14-kilos-de-cocaina-en-entre-rios\/\"]}]},{\"@type\":\"ImageObject\",\"inLanguage\":\"es\",\"@id\":\"https:\/\/www.noticiasradioreflejos.com.ar\/2021\/detuvieron-a-una-oficial-de-la-policia-federal-con-14-kilos-de-cocaina-en-entre-rios\/#primaryimage\",\"url\":\"https:\/\/frenteacano.com.ar\/wp-content\/uploads\/2025\/12\/droga-1.webp\",\"contentUrl\":\"https:\/\/frenteacano.com.ar\/wp-content\/uploads\/2025\/12\/droga-1.webp\"},{\"@type\":\"BreadcrumbList\",\"@id\":\"https:\/\/www.noticiasradioreflejos.com.ar\/2021\/detuvieron-a-una-oficial-de-la-policia-federal-con-14-kilos-de-cocaina-en-entre-rios\/#breadcrumb\",\"itemListElement\":[{\"@type\":\"ListItem\",\"position\":1,\"name\":\"Portada\",\"item\":\"https:\/\/www.noticiasradioreflejos.com.ar\/2021\/\"},{\"@type\":\"ListItem\",\"position\":2,\"name\":\"Detuvieron a una oficial de la Polic\u00eda Federal con 14 kilos de coca\u00edna en Entre R\u00edos\"}]},{\"@type\":\"WebSite\",\"@id\":\"https:\/\/www.noticiasradioreflejos.com.ar\/2021\/#website\",\"url\":\"https:\/\/www.noticiasradioreflejos.com.ar\/2021\/\",\"name\":\"Noticias Radio Reflejos\",\"description\":\"Las noticias de mi comarca\",\"potentialAction\":[{\"@type\":\"SearchAction\",\"target\":{\"@type\":\"EntryPoint\",\"urlTemplate\":\"https:\/\/www.noticiasradioreflejos.com.ar\/2021\/?s={search_term_string}\"},\"query-input\":{\"@type\":\"PropertyValueSpecification\",\"valueRequired\":true,\"valueName\":\"search_term_string\"}}],\"inLanguage\":\"es\"},{\"@type\":\"Person\",\"@id\":\"https:\/\/www.noticiasradioreflejos.com.ar\/2021\/#\/schema\/person\/ad82545263dcc5ec0996818884fd5fb1\",\"name\":\"Arnaldo Botto\",\"image\":{\"@type\":\"ImageObject\",\"inLanguage\":\"es\",\"@id\":\"https:\/\/www.noticiasradioreflejos.com.ar\/2021\/#\/schema\/person\/image\/\",\"url\":\"https:\/\/secure.gravatar.com\/avatar\/55cb5e37c1efa326397366e6974cb338056df65cb50e7d64d1cf314e87504837?s=96&d=mm&r=g\",\"contentUrl\":\"https:\/\/secure.gravatar.com\/avatar\/55cb5e37c1efa326397366e6974cb338056df65cb50e7d64d1cf314e87504837?s=96&d=mm&r=g\",\"caption\":\"Arnaldo Botto\"},\"url\":\"https:\/\/www.noticiasradioreflejos.com.ar\/2021\/author\/arnaldo\/\"}]}<\/script>\n<!-- \/ Yoast SEO plugin. -->","yoast_head_json":{"title":"Detuvieron a una oficial de la Polic\u00eda Federal con 14 kilos de coca\u00edna en Entre R\u00edos - Noticias Radio Reflejos","robots":{"index":"index","follow":"follow","max-snippet":"max-snippet:-1","max-image-preview":"max-image-preview:large","max-video-preview":"max-video-preview:-1"},"canonical":"https:\/\/www.noticiasradioreflejos.com.ar\/2021\/detuvieron-a-una-oficial-de-la-policia-federal-con-14-kilos-de-cocaina-en-entre-rios\/","og_locale":"es_ES","og_type":"article","og_title":"Detuvieron a una oficial de la Polic\u00eda Federal con 14 kilos de coca\u00edna en Entre R\u00edos - Noticias Radio Reflejos","og_description":"Fue capturada en un control en la autov\u00eda 14, en Chajar\u00ed. Se dirig\u00eda a la provincia de Buenos Aires.","og_url":"https:\/\/www.noticiasradioreflejos.com.ar\/2021\/detuvieron-a-una-oficial-de-la-policia-federal-con-14-kilos-de-cocaina-en-entre-rios\/","og_site_name":"Noticias Radio Reflejos","article_published_time":"2025-12-04T10:10:48+00:00","og_image":[{"width":1089,"height":730,"url":"https:\/\/www.noticiasradioreflejos.com.ar\/2021\/wp-content\/uploads\/2025\/12\/auto.webp","type":"image\/webp"}],"author":"Arnaldo Botto","twitter_card":"summary_large_image","schema":{"@context":"https:\/\/schema.org","@graph":[{"@type":"WebPage","@id":"https:\/\/www.noticiasradioreflejos.com.ar\/2021\/detuvieron-a-una-oficial-de-la-policia-federal-con-14-kilos-de-cocaina-en-entre-rios\/","url":"https:\/\/www.noticiasradioreflejos.com.ar\/2021\/detuvieron-a-una-oficial-de-la-policia-federal-con-14-kilos-de-cocaina-en-entre-rios\/","name":"Detuvieron a una oficial de la Polic\u00eda Federal con 14 kilos de coca\u00edna en Entre R\u00edos - Noticias Radio Reflejos","isPartOf":{"@id":"https:\/\/www.noticiasradioreflejos.com.ar\/2021\/#website"},"primaryImageOfPage":{"@id":"https:\/\/www.noticiasradioreflejos.com.ar\/2021\/detuvieron-a-una-oficial-de-la-policia-federal-con-14-kilos-de-cocaina-en-entre-rios\/#primaryimage"},"image":{"@id":"https:\/\/www.noticiasradioreflejos.com.ar\/2021\/detuvieron-a-una-oficial-de-la-policia-federal-con-14-kilos-de-cocaina-en-entre-rios\/#primaryimage"},"thumbnailUrl":"https:\/\/frenteacano.com.ar\/wp-content\/uploads\/2025\/12\/droga-1.webp","datePublished":"2025-12-04T10:10:48+00:00","author":{"@id":"https:\/\/www.noticiasradioreflejos.com.ar\/2021\/#\/schema\/person\/ad82545263dcc5ec0996818884fd5fb1"},"breadcrumb":{"@id":"https:\/\/www.noticiasradioreflejos.com.ar\/2021\/detuvieron-a-una-oficial-de-la-policia-federal-con-14-kilos-de-cocaina-en-entre-rios\/#breadcrumb"},"inLanguage":"es","potentialAction":[{"@type":"ReadAction","target":["https:\/\/www.noticiasradioreflejos.com.ar\/2021\/detuvieron-a-una-oficial-de-la-policia-federal-con-14-kilos-de-cocaina-en-entre-rios\/"]}]},{"@type":"ImageObject","inLanguage":"es","@id":"https:\/\/www.noticiasradioreflejos.com.ar\/2021\/detuvieron-a-una-oficial-de-la-policia-federal-con-14-kilos-de-cocaina-en-entre-rios\/#primaryimage","url":"https:\/\/frenteacano.com.ar\/wp-content\/uploads\/2025\/12\/droga-1.webp","contentUrl":"https:\/\/frenteacano.com.ar\/wp-content\/uploads\/2025\/12\/droga-1.webp"},{"@type":"BreadcrumbList","@id":"https:\/\/www.noticiasradioreflejos.com.ar\/2021\/detuvieron-a-una-oficial-de-la-policia-federal-con-14-kilos-de-cocaina-en-entre-rios\/#breadcrumb","itemListElement":[{"@type":"ListItem","position":1,"name":"Portada","item":"https:\/\/www.noticiasradioreflejos.com.ar\/2021\/"},{"@type":"ListItem","position":2,"name":"Detuvieron a una oficial de la Polic\u00eda Federal con 14 kilos de coca\u00edna en Entre R\u00edos"}]},{"@type":"WebSite","@id":"https:\/\/www.noticiasradioreflejos.com.ar\/2021\/#website","url":"https:\/\/www.noticiasradioreflejos.com.ar\/2021\/","name":"Noticias Radio Reflejos","description":"Las noticias de mi comarca","potentialAction":[{"@type":"SearchAction","target":{"@type":"EntryPoint","urlTemplate":"https:\/\/www.noticiasradioreflejos.com.ar\/2021\/?s={search_term_string}"},"query-input":{"@type":"PropertyValueSpecification","valueRequired":true,"valueName":"search_term_string"}}],"inLanguage":"es"},{"@type":"Person","@id":"https:\/\/www.noticiasradioreflejos.com.ar\/2021\/#\/schema\/person\/ad82545263dcc5ec0996818884fd5fb1","name":"Arnaldo Botto","image":{"@type":"ImageObject","inLanguage":"es","@id":"https:\/\/www.noticiasradioreflejos.com.ar\/2021\/#\/schema\/person\/image\/","url":"https:\/\/secure.gravatar.com\/avatar\/55cb5e37c1efa326397366e6974cb338056df65cb50e7d64d1cf314e87504837?s=96&d=mm&r=g","contentUrl":"https:\/\/secure.gravatar.com\/avatar\/55cb5e37c1efa326397366e6974cb338056df65cb50e7d64d1cf314e87504837?s=96&d=mm&r=g","caption":"Arnaldo Botto"},"url":"https:\/\/www.noticiasradioreflejos.com.ar\/2021\/author\/arnaldo\/"}]}},"_links":{"self":[{"href":"https:\/\/www.noticiasradioreflejos.com.ar\/2021\/wp-json\/wp\/v2\/posts\/129253","targetHints":{"allow":["GET"]}}],"collection":[{"href":"https:\/\/www.noticiasradioreflejos.com.ar\/2021\/wp-json\/wp\/v2\/posts"}],"about":[{"href":"https:\/\/www.noticiasradioreflejos.com.ar\/2021\/wp-json\/wp\/v2\/types\/post"}],"author":[{"embeddable":true,"href":"https:\/\/www.noticiasradioreflejos.com.ar\/2021\/wp-json\/wp\/v2\/users\/3"}],"replies":[{"embeddable":true,"href":"https:\/\/www.noticiasradioreflejos.com.ar\/2021\/wp-json\/wp\/v2\/comments?post=129253"}],"version-history":[{"count":1,"href":"https:\/\/www.noticiasradioreflejos.com.ar\/2021\/wp-json\/wp\/v2\/posts\/129253\/revisions"}],"predecessor-version":[{"id":129256,"href":"https:\/\/www.noticiasradioreflejos.com.ar\/2021\/wp-json\/wp\/v2\/posts\/129253\/revisions\/129256"}],"wp:attachment":[{"href":"https:\/\/www.noticiasradioreflejos.com.ar\/2021\/wp-json\/wp\/v2\/media?parent=129253"}],"wp:term":[{"taxonomy":"category","embeddable":true,"href":"https:\/\/www.noticiasradioreflejos.com.ar\/2021\/wp-json\/wp\/v2\/categories?post=129253"},{"taxonomy":"post_tag","embeddable":true,"href":"https:\/\/www.noticiasradioreflejos.com.ar\/2021\/wp-json\/wp\/v2\/tags?post=129253"}],"curies":[{"name":"wp","href":"https:\/\/api.w.org\/{rel}","templated":true}]}}