{"id":129251,"date":"2025-12-04T07:06:48","date_gmt":"2025-12-04T10:06:48","guid":{"rendered":"https:\/\/www.noticiasradioreflejos.com.ar\/2021\/?p=129251"},"modified":"2025-12-04T07:52:03","modified_gmt":"2025-12-04T10:52:03","slug":"concejales-que-cumplieron-mandato-se-despidieron-en-el-recinto","status":"publish","type":"post","link":"https:\/\/www.noticiasradioreflejos.com.ar\/2021\/concejales-que-cumplieron-mandato-se-despidieron-en-el-recinto\/","title":{"rendered":"Concejales que cumplieron mandato se despidieron en el recinto"},"content":{"rendered":"<div class=\"adelanto\">\n<p>Este mi\u00e9rcoles por la noche, se desarroll\u00f3 la \u00faltima sesi\u00f3n de los concejales que cumpl\u00edan su mandato y hubo palabras de despedida en la reuni\u00f3n que presidi\u00f3 Carmen Soverchia.<\/p>\n<\/div>\n<p><!--more--><\/p>\n<div class=\"text\">\n<p>Primeramente asumi\u00f3 como concejal en reemplazo de Javier Llarul , Branko De Sabarte, en Uni\u00f3n por la patria. Es actual titular de servicio urbanos, pero todo indica que seguir\u00e1 en el HCD.<\/p>\n<p>Luego se trataron los temas incluidos en el orden del d\u00eda y despu\u00e9s de un cuarto intermedio lleg\u00f3 el momento de la despedida de los concejales que dejaron su bancas.<\/p>\n<p>Por la UCR\/Juntos, Luis Castro y Juan C Marzialetti (Saldungaray), por Es con Vos Sandra Kifer (Sierra de la Ventana), por el Frente de Todos (Marcela Gim\u00e9nez y Leandro Guerrero) y por Acci\u00f3n por Tornquist Yamila Ramirez (Villa Ventana).<\/p>\n<p>Hablaron desde sus asientos, Sandra Kifer, Luis Castro, Marcela Gim\u00e9nez, Juan C. Marzialetti y Carmen Soverchia.<\/p>\n<p>Quien tambi\u00e9n se despide de la Secretar\u00eda de Concejo en este etapa es Juliana Sgammini.<\/p>\n<p>El Pr\u00f3ximo viernes 5 asumir\u00e1n los concejales electos el 7 de Setiembre:<\/p>\n<p>Claudio Pelliza (Tornquist) FP<\/p>\n<p>Maria Romero (Sierra de la Ventana) FP<\/p>\n<p>Sebasti\u00e1n Cabral (Saldungaray) FP<\/p>\n<p>Blaz Saric (Tornquist) LLA<\/p>\n<p>Laura Sigismondi (Tornquist) LLA<\/p>\n<p>Mariano Nu\u00f1ez (Tornquist) LLA<\/p>\n<p>Resta saber la conformaci\u00f2n ya que habr\u00e0 ediles que cumplir\u00ecan cargos ejecutuvos y por consiguiente corrimiento en la lista e ingreso de nuevos concejales.<\/p>\n<p>ALBUM FOTOS\u00a0<strong><a href=\"https:\/\/www.facebook.com\/media\/set\/?vanity=noticastornquist&amp;set=a.1430810305718131\">AQUI<\/a><\/strong><\/p>\n<\/div>\n<fieldset class=\"audio\"><\/fieldset>\n<fieldset class=\"audio\">\n<legend><img decoding=\"async\" src=\"https:\/\/www.noticiastornquist.com.ar\/imagen.php?imagen=2025-12\/233655_54_cf73fd207f8942ef857156f0b5539523.jpg\" \/><i class=\"fa fa-volume-up\" aria-hidden=\"true\"><\/i><\/legend>\n<\/fieldset>\n<div>\n<div><\/div>\n<hr \/>\n<p><img decoding=\"async\" src=\"https:\/\/www.noticiastornquist.com.ar\/imagen.php?imagen=2025-12\/233658_94_branckoo2.jpg\" \/><\/p>\n<div><\/div>\n<hr \/>\n<p><img decoding=\"async\" src=\"https:\/\/www.noticiastornquist.com.ar\/imagen.php?imagen=2025-12\/233732_100_dsc0283-1600x1200.jpg\" \/><\/p>\n<div><\/div>\n<hr \/>\n<div><\/div>\n<hr \/>\n<p><img decoding=\"async\" src=\"https:\/\/www.noticiastornquist.com.ar\/imagen.php?imagen=2025-12\/233732_73_dsc0290-1600x1200.jpg\" \/><\/p>\n<div><\/div>\n<hr \/>\n<p><img decoding=\"async\" src=\"https:\/\/www.noticiastornquist.com.ar\/imagen.php?imagen=2025-12\/233732_99_dsc0291-1600x1200.jpg\" \/><\/p>\n<div><\/div>\n<hr \/>\n<p><img decoding=\"async\" src=\"https:\/\/www.noticiastornquist.com.ar\/imagen.php?imagen=2025-12\/233732_65_dsc0292-1600x1200.jpg\" \/><\/p>\n<div><\/div>\n<hr \/>\n<p><img decoding=\"async\" src=\"https:\/\/www.noticiastornquist.com.ar\/imagen.php?imagen=2025-12\/233732_65_dsc0294-1600x1200.jpg\" \/><\/p>\n<div><\/div>\n<hr \/>\n<p><img decoding=\"async\" src=\"https:\/\/www.noticiastornquist.com.ar\/imagen.php?imagen=2025-12\/233739_76_dsc0286-1600x1200.jpg\" \/><\/p>\n<\/div>\n","protected":false},"excerpt":{"rendered":"<p>Este mi\u00e9rcoles por la noche, se desarroll\u00f3 la \u00faltima sesi\u00f3n de los concejales que cumpl\u00edan su mandato y hubo palabras de despedida en la reuni\u00f3n que presidi\u00f3 Carmen Soverchia.<\/p>\n","protected":false},"author":3,"featured_media":129252,"comment_status":"closed","ping_status":"closed","sticky":false,"template":"","format":"standard","meta":{"footnotes":""},"categories":[59],"tags":[48],"class_list":["post-129251","post","type-post","status-publish","format-standard","has-post-thumbnail","hentry","category-concejo-deliberante","tag-destacada"],"yoast_head":"<!-- This site is optimized with the Yoast SEO plugin v25.9 - https:\/\/yoast.com\/wordpress\/plugins\/seo\/ -->\n<title>Concejales que cumplieron mandato se despidieron en el recinto - Noticias Radio Reflejos<\/title>\n<meta name=\"robots\" content=\"index, follow, max-snippet:-1, max-image-preview:large, max-video-preview:-1\" \/>\n<link rel=\"canonical\" href=\"https:\/\/www.noticiasradioreflejos.com.ar\/2021\/concejales-que-cumplieron-mandato-se-despidieron-en-el-recinto\/\" \/>\n<meta property=\"og:locale\" content=\"es_ES\" \/>\n<meta property=\"og:type\" content=\"article\" \/>\n<meta property=\"og:title\" content=\"Concejales que cumplieron mandato se despidieron en el recinto - Noticias Radio Reflejos\" \/>\n<meta property=\"og:description\" content=\"Este mi\u00e9rcoles por la noche, se desarroll\u00f3 la \u00faltima sesi\u00f3n de los concejales que cumpl\u00edan su mandato y hubo palabras de despedida en la reuni\u00f3n que presidi\u00f3 Carmen Soverchia.\" \/>\n<meta property=\"og:url\" content=\"https:\/\/www.noticiasradioreflejos.com.ar\/2021\/concejales-que-cumplieron-mandato-se-despidieron-en-el-recinto\/\" \/>\n<meta property=\"og:site_name\" content=\"Noticias Radio Reflejos\" \/>\n<meta property=\"article:published_time\" content=\"2025-12-04T10:06:48+00:00\" \/>\n<meta property=\"article:modified_time\" content=\"2025-12-04T10:52:03+00:00\" \/>\n<meta property=\"og:image\" content=\"https:\/\/www.noticiasradioreflejos.com.ar\/2021\/wp-content\/uploads\/2025\/12\/hcd-12-2025.jpg\" \/>\n\t<meta property=\"og:image:width\" content=\"1600\" \/>\n\t<meta property=\"og:image:height\" content=\"1067\" \/>\n\t<meta property=\"og:image:type\" content=\"image\/jpeg\" \/>\n<meta name=\"author\" content=\"Arnaldo Botto\" \/>\n<meta name=\"twitter:card\" content=\"summary_large_image\" \/>\n<script type=\"application\/ld+json\" class=\"yoast-schema-graph\">{\"@context\":\"https:\/\/schema.org\",\"@graph\":[{\"@type\":\"WebPage\",\"@id\":\"https:\/\/www.noticiasradioreflejos.com.ar\/2021\/concejales-que-cumplieron-mandato-se-despidieron-en-el-recinto\/\",\"url\":\"https:\/\/www.noticiasradioreflejos.com.ar\/2021\/concejales-que-cumplieron-mandato-se-despidieron-en-el-recinto\/\",\"name\":\"Concejales que cumplieron mandato se despidieron en el recinto - Noticias Radio Reflejos\",\"isPartOf\":{\"@id\":\"https:\/\/www.noticiasradioreflejos.com.ar\/2021\/#website\"},\"primaryImageOfPage\":{\"@id\":\"https:\/\/www.noticiasradioreflejos.com.ar\/2021\/concejales-que-cumplieron-mandato-se-despidieron-en-el-recinto\/#primaryimage\"},\"image\":{\"@id\":\"https:\/\/www.noticiasradioreflejos.com.ar\/2021\/concejales-que-cumplieron-mandato-se-despidieron-en-el-recinto\/#primaryimage\"},\"thumbnailUrl\":\"https:\/\/www.noticiasradioreflejos.com.ar\/2021\/wp-content\/uploads\/2025\/12\/hcd-12-2025.jpg\",\"datePublished\":\"2025-12-04T10:06:48+00:00\",\"dateModified\":\"2025-12-04T10:52:03+00:00\",\"author\":{\"@id\":\"https:\/\/www.noticiasradioreflejos.com.ar\/2021\/#\/schema\/person\/ad82545263dcc5ec0996818884fd5fb1\"},\"breadcrumb\":{\"@id\":\"https:\/\/www.noticiasradioreflejos.com.ar\/2021\/concejales-que-cumplieron-mandato-se-despidieron-en-el-recinto\/#breadcrumb\"},\"inLanguage\":\"es\",\"potentialAction\":[{\"@type\":\"ReadAction\",\"target\":[\"https:\/\/www.noticiasradioreflejos.com.ar\/2021\/concejales-que-cumplieron-mandato-se-despidieron-en-el-recinto\/\"]}]},{\"@type\":\"ImageObject\",\"inLanguage\":\"es\",\"@id\":\"https:\/\/www.noticiasradioreflejos.com.ar\/2021\/concejales-que-cumplieron-mandato-se-despidieron-en-el-recinto\/#primaryimage\",\"url\":\"https:\/\/www.noticiasradioreflejos.com.ar\/2021\/wp-content\/uploads\/2025\/12\/hcd-12-2025.jpg\",\"contentUrl\":\"https:\/\/www.noticiasradioreflejos.com.ar\/2021\/wp-content\/uploads\/2025\/12\/hcd-12-2025.jpg\",\"width\":1600,\"height\":1067},{\"@type\":\"BreadcrumbList\",\"@id\":\"https:\/\/www.noticiasradioreflejos.com.ar\/2021\/concejales-que-cumplieron-mandato-se-despidieron-en-el-recinto\/#breadcrumb\",\"itemListElement\":[{\"@type\":\"ListItem\",\"position\":1,\"name\":\"Portada\",\"item\":\"https:\/\/www.noticiasradioreflejos.com.ar\/2021\/\"},{\"@type\":\"ListItem\",\"position\":2,\"name\":\"Concejales que cumplieron mandato se despidieron en el recinto\"}]},{\"@type\":\"WebSite\",\"@id\":\"https:\/\/www.noticiasradioreflejos.com.ar\/2021\/#website\",\"url\":\"https:\/\/www.noticiasradioreflejos.com.ar\/2021\/\",\"name\":\"Noticias Radio Reflejos\",\"description\":\"Las noticias de mi comarca\",\"potentialAction\":[{\"@type\":\"SearchAction\",\"target\":{\"@type\":\"EntryPoint\",\"urlTemplate\":\"https:\/\/www.noticiasradioreflejos.com.ar\/2021\/?s={search_term_string}\"},\"query-input\":{\"@type\":\"PropertyValueSpecification\",\"valueRequired\":true,\"valueName\":\"search_term_string\"}}],\"inLanguage\":\"es\"},{\"@type\":\"Person\",\"@id\":\"https:\/\/www.noticiasradioreflejos.com.ar\/2021\/#\/schema\/person\/ad82545263dcc5ec0996818884fd5fb1\",\"name\":\"Arnaldo Botto\",\"image\":{\"@type\":\"ImageObject\",\"inLanguage\":\"es\",\"@id\":\"https:\/\/www.noticiasradioreflejos.com.ar\/2021\/#\/schema\/person\/image\/\",\"url\":\"https:\/\/secure.gravatar.com\/avatar\/55cb5e37c1efa326397366e6974cb338056df65cb50e7d64d1cf314e87504837?s=96&d=mm&r=g\",\"contentUrl\":\"https:\/\/secure.gravatar.com\/avatar\/55cb5e37c1efa326397366e6974cb338056df65cb50e7d64d1cf314e87504837?s=96&d=mm&r=g\",\"caption\":\"Arnaldo Botto\"},\"url\":\"https:\/\/www.noticiasradioreflejos.com.ar\/2021\/author\/arnaldo\/\"}]}<\/script>\n<!-- \/ Yoast SEO plugin. -->","yoast_head_json":{"title":"Concejales que cumplieron mandato se despidieron en el recinto - Noticias Radio Reflejos","robots":{"index":"index","follow":"follow","max-snippet":"max-snippet:-1","max-image-preview":"max-image-preview:large","max-video-preview":"max-video-preview:-1"},"canonical":"https:\/\/www.noticiasradioreflejos.com.ar\/2021\/concejales-que-cumplieron-mandato-se-despidieron-en-el-recinto\/","og_locale":"es_ES","og_type":"article","og_title":"Concejales que cumplieron mandato se despidieron en el recinto - Noticias Radio Reflejos","og_description":"Este mi\u00e9rcoles por la noche, se desarroll\u00f3 la \u00faltima sesi\u00f3n de los concejales que cumpl\u00edan su mandato y hubo palabras de despedida en la reuni\u00f3n que presidi\u00f3 Carmen Soverchia.","og_url":"https:\/\/www.noticiasradioreflejos.com.ar\/2021\/concejales-que-cumplieron-mandato-se-despidieron-en-el-recinto\/","og_site_name":"Noticias Radio Reflejos","article_published_time":"2025-12-04T10:06:48+00:00","article_modified_time":"2025-12-04T10:52:03+00:00","og_image":[{"width":1600,"height":1067,"url":"https:\/\/www.noticiasradioreflejos.com.ar\/2021\/wp-content\/uploads\/2025\/12\/hcd-12-2025.jpg","type":"image\/jpeg"}],"author":"Arnaldo Botto","twitter_card":"summary_large_image","schema":{"@context":"https:\/\/schema.org","@graph":[{"@type":"WebPage","@id":"https:\/\/www.noticiasradioreflejos.com.ar\/2021\/concejales-que-cumplieron-mandato-se-despidieron-en-el-recinto\/","url":"https:\/\/www.noticiasradioreflejos.com.ar\/2021\/concejales-que-cumplieron-mandato-se-despidieron-en-el-recinto\/","name":"Concejales que cumplieron mandato se despidieron en el recinto - Noticias Radio Reflejos","isPartOf":{"@id":"https:\/\/www.noticiasradioreflejos.com.ar\/2021\/#website"},"primaryImageOfPage":{"@id":"https:\/\/www.noticiasradioreflejos.com.ar\/2021\/concejales-que-cumplieron-mandato-se-despidieron-en-el-recinto\/#primaryimage"},"image":{"@id":"https:\/\/www.noticiasradioreflejos.com.ar\/2021\/concejales-que-cumplieron-mandato-se-despidieron-en-el-recinto\/#primaryimage"},"thumbnailUrl":"https:\/\/www.noticiasradioreflejos.com.ar\/2021\/wp-content\/uploads\/2025\/12\/hcd-12-2025.jpg","datePublished":"2025-12-04T10:06:48+00:00","dateModified":"2025-12-04T10:52:03+00:00","author":{"@id":"https:\/\/www.noticiasradioreflejos.com.ar\/2021\/#\/schema\/person\/ad82545263dcc5ec0996818884fd5fb1"},"breadcrumb":{"@id":"https:\/\/www.noticiasradioreflejos.com.ar\/2021\/concejales-que-cumplieron-mandato-se-despidieron-en-el-recinto\/#breadcrumb"},"inLanguage":"es","potentialAction":[{"@type":"ReadAction","target":["https:\/\/www.noticiasradioreflejos.com.ar\/2021\/concejales-que-cumplieron-mandato-se-despidieron-en-el-recinto\/"]}]},{"@type":"ImageObject","inLanguage":"es","@id":"https:\/\/www.noticiasradioreflejos.com.ar\/2021\/concejales-que-cumplieron-mandato-se-despidieron-en-el-recinto\/#primaryimage","url":"https:\/\/www.noticiasradioreflejos.com.ar\/2021\/wp-content\/uploads\/2025\/12\/hcd-12-2025.jpg","contentUrl":"https:\/\/www.noticiasradioreflejos.com.ar\/2021\/wp-content\/uploads\/2025\/12\/hcd-12-2025.jpg","width":1600,"height":1067},{"@type":"BreadcrumbList","@id":"https:\/\/www.noticiasradioreflejos.com.ar\/2021\/concejales-que-cumplieron-mandato-se-despidieron-en-el-recinto\/#breadcrumb","itemListElement":[{"@type":"ListItem","position":1,"name":"Portada","item":"https:\/\/www.noticiasradioreflejos.com.ar\/2021\/"},{"@type":"ListItem","position":2,"name":"Concejales que cumplieron mandato se despidieron en el recinto"}]},{"@type":"WebSite","@id":"https:\/\/www.noticiasradioreflejos.com.ar\/2021\/#website","url":"https:\/\/www.noticiasradioreflejos.com.ar\/2021\/","name":"Noticias Radio Reflejos","description":"Las noticias de mi comarca","potentialAction":[{"@type":"SearchAction","target":{"@type":"EntryPoint","urlTemplate":"https:\/\/www.noticiasradioreflejos.com.ar\/2021\/?s={search_term_string}"},"query-input":{"@type":"PropertyValueSpecification","valueRequired":true,"valueName":"search_term_string"}}],"inLanguage":"es"},{"@type":"Person","@id":"https:\/\/www.noticiasradioreflejos.com.ar\/2021\/#\/schema\/person\/ad82545263dcc5ec0996818884fd5fb1","name":"Arnaldo Botto","image":{"@type":"ImageObject","inLanguage":"es","@id":"https:\/\/www.noticiasradioreflejos.com.ar\/2021\/#\/schema\/person\/image\/","url":"https:\/\/secure.gravatar.com\/avatar\/55cb5e37c1efa326397366e6974cb338056df65cb50e7d64d1cf314e87504837?s=96&d=mm&r=g","contentUrl":"https:\/\/secure.gravatar.com\/avatar\/55cb5e37c1efa326397366e6974cb338056df65cb50e7d64d1cf314e87504837?s=96&d=mm&r=g","caption":"Arnaldo Botto"},"url":"https:\/\/www.noticiasradioreflejos.com.ar\/2021\/author\/arnaldo\/"}]}},"_links":{"self":[{"href":"https:\/\/www.noticiasradioreflejos.com.ar\/2021\/wp-json\/wp\/v2\/posts\/129251","targetHints":{"allow":["GET"]}}],"collection":[{"href":"https:\/\/www.noticiasradioreflejos.com.ar\/2021\/wp-json\/wp\/v2\/posts"}],"about":[{"href":"https:\/\/www.noticiasradioreflejos.com.ar\/2021\/wp-json\/wp\/v2\/types\/post"}],"author":[{"embeddable":true,"href":"https:\/\/www.noticiasradioreflejos.com.ar\/2021\/wp-json\/wp\/v2\/users\/3"}],"replies":[{"embeddable":true,"href":"https:\/\/www.noticiasradioreflejos.com.ar\/2021\/wp-json\/wp\/v2\/comments?post=129251"}],"version-history":[{"count":2,"href":"https:\/\/www.noticiasradioreflejos.com.ar\/2021\/wp-json\/wp\/v2\/posts\/129251\/revisions"}],"predecessor-version":[{"id":129268,"href":"https:\/\/www.noticiasradioreflejos.com.ar\/2021\/wp-json\/wp\/v2\/posts\/129251\/revisions\/129268"}],"wp:featuredmedia":[{"embeddable":true,"href":"https:\/\/www.noticiasradioreflejos.com.ar\/2021\/wp-json\/wp\/v2\/media\/129252"}],"wp:attachment":[{"href":"https:\/\/www.noticiasradioreflejos.com.ar\/2021\/wp-json\/wp\/v2\/media?parent=129251"}],"wp:term":[{"taxonomy":"category","embeddable":true,"href":"https:\/\/www.noticiasradioreflejos.com.ar\/2021\/wp-json\/wp\/v2\/categories?post=129251"},{"taxonomy":"post_tag","embeddable":true,"href":"https:\/\/www.noticiasradioreflejos.com.ar\/2021\/wp-json\/wp\/v2\/tags?post=129251"}],"curies":[{"name":"wp","href":"https:\/\/api.w.org\/{rel}","templated":true}]}}