{"id":129232,"date":"2025-12-03T12:12:08","date_gmt":"2025-12-03T15:12:08","guid":{"rendered":"https:\/\/www.noticiasradioreflejos.com.ar\/2021\/?p=129232"},"modified":"2025-12-03T12:32:17","modified_gmt":"2025-12-03T15:32:17","slug":"termometro-marino-en-alerta-el-agua-de-mar-en-mar-del-plata-roza-su-record-historico-de-calor","status":"publish","type":"post","link":"https:\/\/www.noticiasradioreflejos.com.ar\/2021\/termometro-marino-en-alerta-el-agua-de-mar-en-mar-del-plata-roza-su-record-historico-de-calor\/","title":{"rendered":"Term\u00f3metro marino en alerta: el agua de Mar en Mar del Plata roza su r\u00e9cord hist\u00f3rico de calor"},"content":{"rendered":"<p>En solo 24 horas subi\u00f3 un grado la temperatura del mar en la Ciudad Feliz. Expectativa para lo que se vendr\u00e1 en el verano.<!--more--><\/p>\n<div class=\"columns\" data-tadevel-template=\"web\/article-columns\">\n<div class=\"column-main\">\n<div class=\"article-body\" data-tadevel-template=\"web\/article-body\">\n<div class=\"article-body-content\">\n<p>Con el inicio de diciembre, la Costa Atl\u00e1ntica ya exhibe un term\u00f3metro oce\u00e1nico inusualmente alto. Seg\u00fan los datos de observaci\u00f3n, la temperatura actual del agua de mar en<strong>\u00a0Mar del Plata\u00a0<\/strong>es de\u00a0<strong>17.4\u00b0C<\/strong>, una marca que se acerca peligrosamente al r\u00e9cord hist\u00f3rico registrado para esta fecha en los \u00faltimos diez a\u00f1os.\u00a0<strong>Subi\u00f3 un grado de un d\u00eda para otro.\u00a0<\/strong><\/p>\n<p>Este fen\u00f3meno anticipa una temporada de verano que podr\u00eda superar los promedios de calor, tanto en tierra como en el mar, generando expectativas y alertas entre turistas y ambientalistas.<\/p>\n<h3>Calentamiento r\u00e9cord: cerca del pico de 2022<\/h3>\n<\/div>\n<div class=\"article-body-content\">\n<p>Los datos recopilados muestran que la temperatura del agua hoy,\u00a0<strong>17.4\u00b0C<\/strong>, est\u00e1 a solo medio grado del registro m\u00e1s alto de la \u00faltima d\u00e9cada.<\/p>\n<ul>\n<li>Temperatura Actual: 17 grados<\/li>\n<li>R\u00e9cord Hist\u00f3rico (\u00daltimos 10 a\u00f1os): 17.9 grados (Registrado en 2022)<\/li>\n<li>M\u00ednima Hist\u00f3rica: 15.6 grados (Registrada en 2018)<\/li>\n<\/ul>\n<p>Expertos en el monitoreo marino proyectan que la tendencia continuar\u00e1 en ascenso: se espera que la temperatura del agua de mar en Mar del Plata\u00a0<strong>aumente a 17.5\u00b0C<\/strong>\u00a0en los pr\u00f3ximos d\u00edas, marcando un camino firme hacia el promedio de diciembre.<\/p>\n<p><strong>El Promedio Mensual:<\/strong>\u00a0La temperatura promedio del agua de mar en diciembre en Mar del Plata es de 18 grados, con un rango que va de una m\u00ednima de 15.3 grados a una m\u00e1xima de 21.3 grados.<\/p>\n<p><a href=\"https:\/\/www.noticiasradioreflejos.com.ar\/2021\/se-registro-un-pico-de-247-grados-de-temperatura-del-mar-en-enero-el-mas-alto-desde-2013\/mar-del-plata\/\" rel=\"attachment wp-att-98883\"><img loading=\"lazy\" decoding=\"async\" class=\"aligncenter size-full wp-image-98883\" src=\"https:\/\/www.noticiasradioreflejos.com.ar\/2021\/wp-content\/uploads\/2024\/02\/Mar-del-Plata.jpg\" alt=\"\" width=\"1200\" height=\"675\" srcset=\"https:\/\/www.noticiasradioreflejos.com.ar\/2021\/wp-content\/uploads\/2024\/02\/Mar-del-Plata.jpg 1200w, https:\/\/www.noticiasradioreflejos.com.ar\/2021\/wp-content\/uploads\/2024\/02\/Mar-del-Plata-300x169.jpg 300w, https:\/\/www.noticiasradioreflejos.com.ar\/2021\/wp-content\/uploads\/2024\/02\/Mar-del-Plata-1024x576.jpg 1024w, https:\/\/www.noticiasradioreflejos.com.ar\/2021\/wp-content\/uploads\/2024\/02\/Mar-del-Plata-768x432.jpg 768w, https:\/\/www.noticiasradioreflejos.com.ar\/2021\/wp-content\/uploads\/2024\/02\/Mar-del-Plata-750x422.jpg 750w, https:\/\/www.noticiasradioreflejos.com.ar\/2021\/wp-content\/uploads\/2024\/02\/Mar-del-Plata-1140x641.jpg 1140w\" sizes=\"auto, (max-width: 1200px) 100vw, 1200px\" \/><\/a><\/p>\n<h3>El impacto en la temporada de verano en Mar del Plata<\/h3>\n<p>Si bien la temperatura actual de 17 grados a\u00fan resulta fresca para el turista promedio, la tendencia acelerada de calentamiento es una se\u00f1al positiva para quienes esperan disfrutar del mar en los pr\u00f3ximos meses.<\/p>\n<p title=\"KAO+AEIEW1DA5TKjAtLW7w\" data-ipspy=\"KAO+AEIEW1DA5TKjAtLW7w\"><strong>La temporada \u00f3ptima para entrar a nadar en Mar del Plata se extiende tradicionalmente de enero a marzo.<\/strong> Durante estos meses, la temperatura media del agua en verano alcanza los 19.8 grados y generalmente no baja de los 20 grados, umbral considerado adecuado para nadar c\u00f3modamente.<\/p>\n<p>Si la tendencia actual se sostiene,<strong>\u00a0la Costa Atl\u00e1ntica podr\u00eda enfrentar un verano con condiciones ideales para los turistas<\/strong>\u00a0que buscan altas temperaturas y, posiblemente, un inicio de la temporada de\u00a0<strong>\u00abaguas c\u00e1lidas\u00bb\u00a0<\/strong>m\u00e1s temprano de lo habitual.<\/p>\n<p><a href=\"https:\/\/noticiasargentinas.com\/-agenciana_t6916e70a4551e78eb9423f59\">#AgenciaNA<\/a><\/p>\n<\/div>\n<\/div>\n<\/div>\n<\/div>\n","protected":false},"excerpt":{"rendered":"<p>En solo 24 horas subi\u00f3 un grado la temperatura del mar en la Ciudad Feliz. Expectativa para lo que se vendr\u00e1 en el verano.<\/p>\n","protected":false},"author":3,"featured_media":129233,"comment_status":"closed","ping_status":"closed","sticky":false,"template":"","format":"standard","meta":{"footnotes":""},"categories":[46],"tags":[],"class_list":["post-129232","post","type-post","status-publish","format-standard","has-post-thumbnail","hentry","category-ciencia-y-tecnologia"],"yoast_head":"<!-- This site is optimized with the Yoast SEO plugin v25.9 - https:\/\/yoast.com\/wordpress\/plugins\/seo\/ -->\n<title>Term\u00f3metro marino en alerta: el agua de Mar en Mar del Plata roza su r\u00e9cord hist\u00f3rico de calor - Noticias Radio Reflejos<\/title>\n<meta name=\"robots\" content=\"index, follow, max-snippet:-1, max-image-preview:large, max-video-preview:-1\" \/>\n<link rel=\"canonical\" href=\"https:\/\/www.noticiasradioreflejos.com.ar\/2021\/termometro-marino-en-alerta-el-agua-de-mar-en-mar-del-plata-roza-su-record-historico-de-calor\/\" \/>\n<meta property=\"og:locale\" content=\"es_ES\" \/>\n<meta property=\"og:type\" content=\"article\" \/>\n<meta property=\"og:title\" content=\"Term\u00f3metro marino en alerta: el agua de Mar en Mar del Plata roza su r\u00e9cord hist\u00f3rico de calor - Noticias Radio Reflejos\" \/>\n<meta property=\"og:description\" content=\"En solo 24 horas subi\u00f3 un grado la temperatura del mar en la Ciudad Feliz. Expectativa para lo que se vendr\u00e1 en el verano.\" \/>\n<meta property=\"og:url\" content=\"https:\/\/www.noticiasradioreflejos.com.ar\/2021\/termometro-marino-en-alerta-el-agua-de-mar-en-mar-del-plata-roza-su-record-historico-de-calor\/\" \/>\n<meta property=\"og:site_name\" content=\"Noticias Radio Reflejos\" \/>\n<meta property=\"article:published_time\" content=\"2025-12-03T15:12:08+00:00\" \/>\n<meta property=\"article:modified_time\" content=\"2025-12-03T15:32:17+00:00\" \/>\n<meta property=\"og:image\" content=\"https:\/\/www.noticiasradioreflejos.com.ar\/2021\/wp-content\/uploads\/2025\/12\/Mar-del-Plata.webp\" \/>\n\t<meta property=\"og:image:width\" content=\"1280\" \/>\n\t<meta property=\"og:image:height\" content=\"689\" \/>\n\t<meta property=\"og:image:type\" content=\"image\/webp\" \/>\n<meta name=\"author\" content=\"Arnaldo Botto\" \/>\n<meta name=\"twitter:card\" content=\"summary_large_image\" \/>\n<script type=\"application\/ld+json\" class=\"yoast-schema-graph\">{\"@context\":\"https:\/\/schema.org\",\"@graph\":[{\"@type\":\"WebPage\",\"@id\":\"https:\/\/www.noticiasradioreflejos.com.ar\/2021\/termometro-marino-en-alerta-el-agua-de-mar-en-mar-del-plata-roza-su-record-historico-de-calor\/\",\"url\":\"https:\/\/www.noticiasradioreflejos.com.ar\/2021\/termometro-marino-en-alerta-el-agua-de-mar-en-mar-del-plata-roza-su-record-historico-de-calor\/\",\"name\":\"Term\u00f3metro marino en alerta: el agua de Mar en Mar del Plata roza su r\u00e9cord hist\u00f3rico de calor - Noticias Radio Reflejos\",\"isPartOf\":{\"@id\":\"https:\/\/www.noticiasradioreflejos.com.ar\/2021\/#website\"},\"primaryImageOfPage\":{\"@id\":\"https:\/\/www.noticiasradioreflejos.com.ar\/2021\/termometro-marino-en-alerta-el-agua-de-mar-en-mar-del-plata-roza-su-record-historico-de-calor\/#primaryimage\"},\"image\":{\"@id\":\"https:\/\/www.noticiasradioreflejos.com.ar\/2021\/termometro-marino-en-alerta-el-agua-de-mar-en-mar-del-plata-roza-su-record-historico-de-calor\/#primaryimage\"},\"thumbnailUrl\":\"https:\/\/www.noticiasradioreflejos.com.ar\/2021\/wp-content\/uploads\/2025\/12\/Mar-del-Plata.webp\",\"datePublished\":\"2025-12-03T15:12:08+00:00\",\"dateModified\":\"2025-12-03T15:32:17+00:00\",\"author\":{\"@id\":\"https:\/\/www.noticiasradioreflejos.com.ar\/2021\/#\/schema\/person\/ad82545263dcc5ec0996818884fd5fb1\"},\"breadcrumb\":{\"@id\":\"https:\/\/www.noticiasradioreflejos.com.ar\/2021\/termometro-marino-en-alerta-el-agua-de-mar-en-mar-del-plata-roza-su-record-historico-de-calor\/#breadcrumb\"},\"inLanguage\":\"es\",\"potentialAction\":[{\"@type\":\"ReadAction\",\"target\":[\"https:\/\/www.noticiasradioreflejos.com.ar\/2021\/termometro-marino-en-alerta-el-agua-de-mar-en-mar-del-plata-roza-su-record-historico-de-calor\/\"]}]},{\"@type\":\"ImageObject\",\"inLanguage\":\"es\",\"@id\":\"https:\/\/www.noticiasradioreflejos.com.ar\/2021\/termometro-marino-en-alerta-el-agua-de-mar-en-mar-del-plata-roza-su-record-historico-de-calor\/#primaryimage\",\"url\":\"https:\/\/www.noticiasradioreflejos.com.ar\/2021\/wp-content\/uploads\/2025\/12\/Mar-del-Plata.webp\",\"contentUrl\":\"https:\/\/www.noticiasradioreflejos.com.ar\/2021\/wp-content\/uploads\/2025\/12\/Mar-del-Plata.webp\",\"width\":1280,\"height\":689},{\"@type\":\"BreadcrumbList\",\"@id\":\"https:\/\/www.noticiasradioreflejos.com.ar\/2021\/termometro-marino-en-alerta-el-agua-de-mar-en-mar-del-plata-roza-su-record-historico-de-calor\/#breadcrumb\",\"itemListElement\":[{\"@type\":\"ListItem\",\"position\":1,\"name\":\"Portada\",\"item\":\"https:\/\/www.noticiasradioreflejos.com.ar\/2021\/\"},{\"@type\":\"ListItem\",\"position\":2,\"name\":\"Term\u00f3metro marino en alerta: el agua de Mar en Mar del Plata roza su r\u00e9cord hist\u00f3rico de calor\"}]},{\"@type\":\"WebSite\",\"@id\":\"https:\/\/www.noticiasradioreflejos.com.ar\/2021\/#website\",\"url\":\"https:\/\/www.noticiasradioreflejos.com.ar\/2021\/\",\"name\":\"Noticias Radio Reflejos\",\"description\":\"Las noticias de mi comarca\",\"potentialAction\":[{\"@type\":\"SearchAction\",\"target\":{\"@type\":\"EntryPoint\",\"urlTemplate\":\"https:\/\/www.noticiasradioreflejos.com.ar\/2021\/?s={search_term_string}\"},\"query-input\":{\"@type\":\"PropertyValueSpecification\",\"valueRequired\":true,\"valueName\":\"search_term_string\"}}],\"inLanguage\":\"es\"},{\"@type\":\"Person\",\"@id\":\"https:\/\/www.noticiasradioreflejos.com.ar\/2021\/#\/schema\/person\/ad82545263dcc5ec0996818884fd5fb1\",\"name\":\"Arnaldo Botto\",\"image\":{\"@type\":\"ImageObject\",\"inLanguage\":\"es\",\"@id\":\"https:\/\/www.noticiasradioreflejos.com.ar\/2021\/#\/schema\/person\/image\/\",\"url\":\"https:\/\/secure.gravatar.com\/avatar\/55cb5e37c1efa326397366e6974cb338056df65cb50e7d64d1cf314e87504837?s=96&d=mm&r=g\",\"contentUrl\":\"https:\/\/secure.gravatar.com\/avatar\/55cb5e37c1efa326397366e6974cb338056df65cb50e7d64d1cf314e87504837?s=96&d=mm&r=g\",\"caption\":\"Arnaldo Botto\"},\"url\":\"https:\/\/www.noticiasradioreflejos.com.ar\/2021\/author\/arnaldo\/\"}]}<\/script>\n<!-- \/ Yoast SEO plugin. -->","yoast_head_json":{"title":"Term\u00f3metro marino en alerta: el agua de Mar en Mar del Plata roza su r\u00e9cord hist\u00f3rico de calor - Noticias Radio Reflejos","robots":{"index":"index","follow":"follow","max-snippet":"max-snippet:-1","max-image-preview":"max-image-preview:large","max-video-preview":"max-video-preview:-1"},"canonical":"https:\/\/www.noticiasradioreflejos.com.ar\/2021\/termometro-marino-en-alerta-el-agua-de-mar-en-mar-del-plata-roza-su-record-historico-de-calor\/","og_locale":"es_ES","og_type":"article","og_title":"Term\u00f3metro marino en alerta: el agua de Mar en Mar del Plata roza su r\u00e9cord hist\u00f3rico de calor - Noticias Radio Reflejos","og_description":"En solo 24 horas subi\u00f3 un grado la temperatura del mar en la Ciudad Feliz. Expectativa para lo que se vendr\u00e1 en el verano.","og_url":"https:\/\/www.noticiasradioreflejos.com.ar\/2021\/termometro-marino-en-alerta-el-agua-de-mar-en-mar-del-plata-roza-su-record-historico-de-calor\/","og_site_name":"Noticias Radio Reflejos","article_published_time":"2025-12-03T15:12:08+00:00","article_modified_time":"2025-12-03T15:32:17+00:00","og_image":[{"width":1280,"height":689,"url":"https:\/\/www.noticiasradioreflejos.com.ar\/2021\/wp-content\/uploads\/2025\/12\/Mar-del-Plata.webp","type":"image\/webp"}],"author":"Arnaldo Botto","twitter_card":"summary_large_image","schema":{"@context":"https:\/\/schema.org","@graph":[{"@type":"WebPage","@id":"https:\/\/www.noticiasradioreflejos.com.ar\/2021\/termometro-marino-en-alerta-el-agua-de-mar-en-mar-del-plata-roza-su-record-historico-de-calor\/","url":"https:\/\/www.noticiasradioreflejos.com.ar\/2021\/termometro-marino-en-alerta-el-agua-de-mar-en-mar-del-plata-roza-su-record-historico-de-calor\/","name":"Term\u00f3metro marino en alerta: el agua de Mar en Mar del Plata roza su r\u00e9cord hist\u00f3rico de calor - Noticias Radio Reflejos","isPartOf":{"@id":"https:\/\/www.noticiasradioreflejos.com.ar\/2021\/#website"},"primaryImageOfPage":{"@id":"https:\/\/www.noticiasradioreflejos.com.ar\/2021\/termometro-marino-en-alerta-el-agua-de-mar-en-mar-del-plata-roza-su-record-historico-de-calor\/#primaryimage"},"image":{"@id":"https:\/\/www.noticiasradioreflejos.com.ar\/2021\/termometro-marino-en-alerta-el-agua-de-mar-en-mar-del-plata-roza-su-record-historico-de-calor\/#primaryimage"},"thumbnailUrl":"https:\/\/www.noticiasradioreflejos.com.ar\/2021\/wp-content\/uploads\/2025\/12\/Mar-del-Plata.webp","datePublished":"2025-12-03T15:12:08+00:00","dateModified":"2025-12-03T15:32:17+00:00","author":{"@id":"https:\/\/www.noticiasradioreflejos.com.ar\/2021\/#\/schema\/person\/ad82545263dcc5ec0996818884fd5fb1"},"breadcrumb":{"@id":"https:\/\/www.noticiasradioreflejos.com.ar\/2021\/termometro-marino-en-alerta-el-agua-de-mar-en-mar-del-plata-roza-su-record-historico-de-calor\/#breadcrumb"},"inLanguage":"es","potentialAction":[{"@type":"ReadAction","target":["https:\/\/www.noticiasradioreflejos.com.ar\/2021\/termometro-marino-en-alerta-el-agua-de-mar-en-mar-del-plata-roza-su-record-historico-de-calor\/"]}]},{"@type":"ImageObject","inLanguage":"es","@id":"https:\/\/www.noticiasradioreflejos.com.ar\/2021\/termometro-marino-en-alerta-el-agua-de-mar-en-mar-del-plata-roza-su-record-historico-de-calor\/#primaryimage","url":"https:\/\/www.noticiasradioreflejos.com.ar\/2021\/wp-content\/uploads\/2025\/12\/Mar-del-Plata.webp","contentUrl":"https:\/\/www.noticiasradioreflejos.com.ar\/2021\/wp-content\/uploads\/2025\/12\/Mar-del-Plata.webp","width":1280,"height":689},{"@type":"BreadcrumbList","@id":"https:\/\/www.noticiasradioreflejos.com.ar\/2021\/termometro-marino-en-alerta-el-agua-de-mar-en-mar-del-plata-roza-su-record-historico-de-calor\/#breadcrumb","itemListElement":[{"@type":"ListItem","position":1,"name":"Portada","item":"https:\/\/www.noticiasradioreflejos.com.ar\/2021\/"},{"@type":"ListItem","position":2,"name":"Term\u00f3metro marino en alerta: el agua de Mar en Mar del Plata roza su r\u00e9cord hist\u00f3rico de calor"}]},{"@type":"WebSite","@id":"https:\/\/www.noticiasradioreflejos.com.ar\/2021\/#website","url":"https:\/\/www.noticiasradioreflejos.com.ar\/2021\/","name":"Noticias Radio Reflejos","description":"Las noticias de mi comarca","potentialAction":[{"@type":"SearchAction","target":{"@type":"EntryPoint","urlTemplate":"https:\/\/www.noticiasradioreflejos.com.ar\/2021\/?s={search_term_string}"},"query-input":{"@type":"PropertyValueSpecification","valueRequired":true,"valueName":"search_term_string"}}],"inLanguage":"es"},{"@type":"Person","@id":"https:\/\/www.noticiasradioreflejos.com.ar\/2021\/#\/schema\/person\/ad82545263dcc5ec0996818884fd5fb1","name":"Arnaldo Botto","image":{"@type":"ImageObject","inLanguage":"es","@id":"https:\/\/www.noticiasradioreflejos.com.ar\/2021\/#\/schema\/person\/image\/","url":"https:\/\/secure.gravatar.com\/avatar\/55cb5e37c1efa326397366e6974cb338056df65cb50e7d64d1cf314e87504837?s=96&d=mm&r=g","contentUrl":"https:\/\/secure.gravatar.com\/avatar\/55cb5e37c1efa326397366e6974cb338056df65cb50e7d64d1cf314e87504837?s=96&d=mm&r=g","caption":"Arnaldo Botto"},"url":"https:\/\/www.noticiasradioreflejos.com.ar\/2021\/author\/arnaldo\/"}]}},"_links":{"self":[{"href":"https:\/\/www.noticiasradioreflejos.com.ar\/2021\/wp-json\/wp\/v2\/posts\/129232","targetHints":{"allow":["GET"]}}],"collection":[{"href":"https:\/\/www.noticiasradioreflejos.com.ar\/2021\/wp-json\/wp\/v2\/posts"}],"about":[{"href":"https:\/\/www.noticiasradioreflejos.com.ar\/2021\/wp-json\/wp\/v2\/types\/post"}],"author":[{"embeddable":true,"href":"https:\/\/www.noticiasradioreflejos.com.ar\/2021\/wp-json\/wp\/v2\/users\/3"}],"replies":[{"embeddable":true,"href":"https:\/\/www.noticiasradioreflejos.com.ar\/2021\/wp-json\/wp\/v2\/comments?post=129232"}],"version-history":[{"count":1,"href":"https:\/\/www.noticiasradioreflejos.com.ar\/2021\/wp-json\/wp\/v2\/posts\/129232\/revisions"}],"predecessor-version":[{"id":129234,"href":"https:\/\/www.noticiasradioreflejos.com.ar\/2021\/wp-json\/wp\/v2\/posts\/129232\/revisions\/129234"}],"wp:featuredmedia":[{"embeddable":true,"href":"https:\/\/www.noticiasradioreflejos.com.ar\/2021\/wp-json\/wp\/v2\/media\/129233"}],"wp:attachment":[{"href":"https:\/\/www.noticiasradioreflejos.com.ar\/2021\/wp-json\/wp\/v2\/media?parent=129232"}],"wp:term":[{"taxonomy":"category","embeddable":true,"href":"https:\/\/www.noticiasradioreflejos.com.ar\/2021\/wp-json\/wp\/v2\/categories?post=129232"},{"taxonomy":"post_tag","embeddable":true,"href":"https:\/\/www.noticiasradioreflejos.com.ar\/2021\/wp-json\/wp\/v2\/tags?post=129232"}],"curies":[{"name":"wp","href":"https:\/\/api.w.org\/{rel}","templated":true}]}}