{"id":129229,"date":"2025-12-03T11:44:33","date_gmt":"2025-12-03T14:44:33","guid":{"rendered":"https:\/\/www.noticiasradioreflejos.com.ar\/2021\/?p=129229"},"modified":"2025-12-03T11:44:33","modified_gmt":"2025-12-03T14:44:33","slug":"futbol-union-realiza-este-fin-de-semana-el-torneo-jorge-marcolini","status":"publish","type":"post","link":"https:\/\/www.noticiasradioreflejos.com.ar\/2021\/futbol-union-realiza-este-fin-de-semana-el-torneo-jorge-marcolini\/","title":{"rendered":"F\u00fatbol: Uni\u00f3n realiza este fin de semana el Torneo \u2018Jorge Marcolini\u2019"},"content":{"rendered":"<p>Durante el s\u00e1bado y el domingo venideros, el Club Uni\u00f3n de Tornquist realizar\u00e1 el Torneo de F\u00fatbol \u2018Jorge Marcolini\u2019.<!--more--><\/p>\n<p>El certamen, que llevar\u00e1 el nombre en homenaje al hist\u00f3rico Expresidente y dirigente de la instituci\u00f3n, tendr\u00e1 lugar en el Estadio \u2018Juan Jos\u00e9 Bolletta\u2019 para las categor\u00edas 2015, 2016 y 2017.<\/p>\n<p>La competencia contar\u00e1 con la participaci\u00f3n de los clubes Maracan\u00e1 de Puerto Madryn, Olimpo y Bella Vista de Bah\u00eda Blanca, Villa Rosas e Independiente de Coronel Dorrego, y Sarmiento de Pig\u00fc\u00e9, y se desarrollar\u00e1 de acuerdo al siguiente cronograma:<\/p>\n<p>S\u00e1bado 6<\/p>\n<p>-17 h: Desfile de delegaciones<\/p>\n<p>-17.30 h: Inicio de partidos<\/p>\n<p>Domingo 7<\/p>\n<p>-9 h: Inicio partidos segunda fase<\/p>\n<p>-18 h: Finales<\/p>\n<p>-21.30 h: Premiaci\u00f3n<\/p>\n<p>El ingreso general al predio tendr\u00e1 un valor de $2000 y habr\u00e1 un completo servicio de cantina.<\/p>\n","protected":false},"excerpt":{"rendered":"<p>Durante el s\u00e1bado y el domingo venideros, el Club Uni\u00f3n de Tornquist realizar\u00e1 el Torneo de F\u00fatbol \u2018Jorge Marcolini\u2019.<\/p>\n","protected":false},"author":3,"featured_media":0,"comment_status":"closed","ping_status":"closed","sticky":false,"template":"","format":"standard","meta":{"footnotes":""},"categories":[27],"tags":[],"class_list":["post-129229","post","type-post","status-publish","format-standard","hentry","category-deportes"],"yoast_head":"<!-- This site is optimized with the Yoast SEO plugin v25.9 - https:\/\/yoast.com\/wordpress\/plugins\/seo\/ -->\n<title>F\u00fatbol: Uni\u00f3n realiza este fin de semana el Torneo \u2018Jorge Marcolini\u2019 - Noticias Radio Reflejos<\/title>\n<meta name=\"robots\" content=\"index, follow, max-snippet:-1, max-image-preview:large, max-video-preview:-1\" \/>\n<link rel=\"canonical\" href=\"https:\/\/www.noticiasradioreflejos.com.ar\/2021\/futbol-union-realiza-este-fin-de-semana-el-torneo-jorge-marcolini\/\" \/>\n<meta property=\"og:locale\" content=\"es_ES\" \/>\n<meta property=\"og:type\" content=\"article\" \/>\n<meta property=\"og:title\" content=\"F\u00fatbol: Uni\u00f3n realiza este fin de semana el Torneo \u2018Jorge Marcolini\u2019 - Noticias Radio Reflejos\" \/>\n<meta property=\"og:description\" content=\"Durante el s\u00e1bado y el domingo venideros, el Club Uni\u00f3n de Tornquist realizar\u00e1 el Torneo de F\u00fatbol \u2018Jorge Marcolini\u2019.\" \/>\n<meta property=\"og:url\" content=\"https:\/\/www.noticiasradioreflejos.com.ar\/2021\/futbol-union-realiza-este-fin-de-semana-el-torneo-jorge-marcolini\/\" \/>\n<meta property=\"og:site_name\" content=\"Noticias Radio Reflejos\" \/>\n<meta property=\"article:published_time\" content=\"2025-12-03T14:44:33+00:00\" \/>\n<meta property=\"og:image\" content=\"https:\/\/www.noticiasradioreflejos.com.ar\/2021\/wp-content\/uploads\/2025\/12\/Torneo-JM.png\" \/>\n\t<meta property=\"og:image:width\" content=\"1080\" \/>\n\t<meta property=\"og:image:height\" content=\"1440\" \/>\n\t<meta property=\"og:image:type\" content=\"image\/png\" \/>\n<meta name=\"author\" content=\"Arnaldo Botto\" \/>\n<meta name=\"twitter:card\" content=\"summary_large_image\" \/>\n<script type=\"application\/ld+json\" class=\"yoast-schema-graph\">{\"@context\":\"https:\/\/schema.org\",\"@graph\":[{\"@type\":\"WebPage\",\"@id\":\"https:\/\/www.noticiasradioreflejos.com.ar\/2021\/futbol-union-realiza-este-fin-de-semana-el-torneo-jorge-marcolini\/\",\"url\":\"https:\/\/www.noticiasradioreflejos.com.ar\/2021\/futbol-union-realiza-este-fin-de-semana-el-torneo-jorge-marcolini\/\",\"name\":\"F\u00fatbol: Uni\u00f3n realiza este fin de semana el Torneo \u2018Jorge Marcolini\u2019 - Noticias Radio Reflejos\",\"isPartOf\":{\"@id\":\"https:\/\/www.noticiasradioreflejos.com.ar\/2021\/#website\"},\"datePublished\":\"2025-12-03T14:44:33+00:00\",\"author\":{\"@id\":\"https:\/\/www.noticiasradioreflejos.com.ar\/2021\/#\/schema\/person\/ad82545263dcc5ec0996818884fd5fb1\"},\"breadcrumb\":{\"@id\":\"https:\/\/www.noticiasradioreflejos.com.ar\/2021\/futbol-union-realiza-este-fin-de-semana-el-torneo-jorge-marcolini\/#breadcrumb\"},\"inLanguage\":\"es\",\"potentialAction\":[{\"@type\":\"ReadAction\",\"target\":[\"https:\/\/www.noticiasradioreflejos.com.ar\/2021\/futbol-union-realiza-este-fin-de-semana-el-torneo-jorge-marcolini\/\"]}]},{\"@type\":\"BreadcrumbList\",\"@id\":\"https:\/\/www.noticiasradioreflejos.com.ar\/2021\/futbol-union-realiza-este-fin-de-semana-el-torneo-jorge-marcolini\/#breadcrumb\",\"itemListElement\":[{\"@type\":\"ListItem\",\"position\":1,\"name\":\"Portada\",\"item\":\"https:\/\/www.noticiasradioreflejos.com.ar\/2021\/\"},{\"@type\":\"ListItem\",\"position\":2,\"name\":\"F\u00fatbol: Uni\u00f3n realiza este fin de semana el Torneo \u2018Jorge Marcolini\u2019\"}]},{\"@type\":\"WebSite\",\"@id\":\"https:\/\/www.noticiasradioreflejos.com.ar\/2021\/#website\",\"url\":\"https:\/\/www.noticiasradioreflejos.com.ar\/2021\/\",\"name\":\"Noticias Radio Reflejos\",\"description\":\"Las noticias de mi comarca\",\"potentialAction\":[{\"@type\":\"SearchAction\",\"target\":{\"@type\":\"EntryPoint\",\"urlTemplate\":\"https:\/\/www.noticiasradioreflejos.com.ar\/2021\/?s={search_term_string}\"},\"query-input\":{\"@type\":\"PropertyValueSpecification\",\"valueRequired\":true,\"valueName\":\"search_term_string\"}}],\"inLanguage\":\"es\"},{\"@type\":\"Person\",\"@id\":\"https:\/\/www.noticiasradioreflejos.com.ar\/2021\/#\/schema\/person\/ad82545263dcc5ec0996818884fd5fb1\",\"name\":\"Arnaldo Botto\",\"image\":{\"@type\":\"ImageObject\",\"inLanguage\":\"es\",\"@id\":\"https:\/\/www.noticiasradioreflejos.com.ar\/2021\/#\/schema\/person\/image\/\",\"url\":\"https:\/\/secure.gravatar.com\/avatar\/55cb5e37c1efa326397366e6974cb338056df65cb50e7d64d1cf314e87504837?s=96&d=mm&r=g\",\"contentUrl\":\"https:\/\/secure.gravatar.com\/avatar\/55cb5e37c1efa326397366e6974cb338056df65cb50e7d64d1cf314e87504837?s=96&d=mm&r=g\",\"caption\":\"Arnaldo Botto\"},\"url\":\"https:\/\/www.noticiasradioreflejos.com.ar\/2021\/author\/arnaldo\/\"}]}<\/script>\n<!-- \/ Yoast SEO plugin. -->","yoast_head_json":{"title":"F\u00fatbol: Uni\u00f3n realiza este fin de semana el Torneo \u2018Jorge Marcolini\u2019 - Noticias Radio Reflejos","robots":{"index":"index","follow":"follow","max-snippet":"max-snippet:-1","max-image-preview":"max-image-preview:large","max-video-preview":"max-video-preview:-1"},"canonical":"https:\/\/www.noticiasradioreflejos.com.ar\/2021\/futbol-union-realiza-este-fin-de-semana-el-torneo-jorge-marcolini\/","og_locale":"es_ES","og_type":"article","og_title":"F\u00fatbol: Uni\u00f3n realiza este fin de semana el Torneo \u2018Jorge Marcolini\u2019 - Noticias Radio Reflejos","og_description":"Durante el s\u00e1bado y el domingo venideros, el Club Uni\u00f3n de Tornquist realizar\u00e1 el Torneo de F\u00fatbol \u2018Jorge Marcolini\u2019.","og_url":"https:\/\/www.noticiasradioreflejos.com.ar\/2021\/futbol-union-realiza-este-fin-de-semana-el-torneo-jorge-marcolini\/","og_site_name":"Noticias Radio Reflejos","article_published_time":"2025-12-03T14:44:33+00:00","og_image":[{"width":1080,"height":1440,"url":"https:\/\/www.noticiasradioreflejos.com.ar\/2021\/wp-content\/uploads\/2025\/12\/Torneo-JM.png","type":"image\/png"}],"author":"Arnaldo Botto","twitter_card":"summary_large_image","schema":{"@context":"https:\/\/schema.org","@graph":[{"@type":"WebPage","@id":"https:\/\/www.noticiasradioreflejos.com.ar\/2021\/futbol-union-realiza-este-fin-de-semana-el-torneo-jorge-marcolini\/","url":"https:\/\/www.noticiasradioreflejos.com.ar\/2021\/futbol-union-realiza-este-fin-de-semana-el-torneo-jorge-marcolini\/","name":"F\u00fatbol: Uni\u00f3n realiza este fin de semana el Torneo \u2018Jorge Marcolini\u2019 - Noticias Radio Reflejos","isPartOf":{"@id":"https:\/\/www.noticiasradioreflejos.com.ar\/2021\/#website"},"datePublished":"2025-12-03T14:44:33+00:00","author":{"@id":"https:\/\/www.noticiasradioreflejos.com.ar\/2021\/#\/schema\/person\/ad82545263dcc5ec0996818884fd5fb1"},"breadcrumb":{"@id":"https:\/\/www.noticiasradioreflejos.com.ar\/2021\/futbol-union-realiza-este-fin-de-semana-el-torneo-jorge-marcolini\/#breadcrumb"},"inLanguage":"es","potentialAction":[{"@type":"ReadAction","target":["https:\/\/www.noticiasradioreflejos.com.ar\/2021\/futbol-union-realiza-este-fin-de-semana-el-torneo-jorge-marcolini\/"]}]},{"@type":"BreadcrumbList","@id":"https:\/\/www.noticiasradioreflejos.com.ar\/2021\/futbol-union-realiza-este-fin-de-semana-el-torneo-jorge-marcolini\/#breadcrumb","itemListElement":[{"@type":"ListItem","position":1,"name":"Portada","item":"https:\/\/www.noticiasradioreflejos.com.ar\/2021\/"},{"@type":"ListItem","position":2,"name":"F\u00fatbol: Uni\u00f3n realiza este fin de semana el Torneo \u2018Jorge Marcolini\u2019"}]},{"@type":"WebSite","@id":"https:\/\/www.noticiasradioreflejos.com.ar\/2021\/#website","url":"https:\/\/www.noticiasradioreflejos.com.ar\/2021\/","name":"Noticias Radio Reflejos","description":"Las noticias de mi comarca","potentialAction":[{"@type":"SearchAction","target":{"@type":"EntryPoint","urlTemplate":"https:\/\/www.noticiasradioreflejos.com.ar\/2021\/?s={search_term_string}"},"query-input":{"@type":"PropertyValueSpecification","valueRequired":true,"valueName":"search_term_string"}}],"inLanguage":"es"},{"@type":"Person","@id":"https:\/\/www.noticiasradioreflejos.com.ar\/2021\/#\/schema\/person\/ad82545263dcc5ec0996818884fd5fb1","name":"Arnaldo Botto","image":{"@type":"ImageObject","inLanguage":"es","@id":"https:\/\/www.noticiasradioreflejos.com.ar\/2021\/#\/schema\/person\/image\/","url":"https:\/\/secure.gravatar.com\/avatar\/55cb5e37c1efa326397366e6974cb338056df65cb50e7d64d1cf314e87504837?s=96&d=mm&r=g","contentUrl":"https:\/\/secure.gravatar.com\/avatar\/55cb5e37c1efa326397366e6974cb338056df65cb50e7d64d1cf314e87504837?s=96&d=mm&r=g","caption":"Arnaldo Botto"},"url":"https:\/\/www.noticiasradioreflejos.com.ar\/2021\/author\/arnaldo\/"}]}},"_links":{"self":[{"href":"https:\/\/www.noticiasradioreflejos.com.ar\/2021\/wp-json\/wp\/v2\/posts\/129229","targetHints":{"allow":["GET"]}}],"collection":[{"href":"https:\/\/www.noticiasradioreflejos.com.ar\/2021\/wp-json\/wp\/v2\/posts"}],"about":[{"href":"https:\/\/www.noticiasradioreflejos.com.ar\/2021\/wp-json\/wp\/v2\/types\/post"}],"author":[{"embeddable":true,"href":"https:\/\/www.noticiasradioreflejos.com.ar\/2021\/wp-json\/wp\/v2\/users\/3"}],"replies":[{"embeddable":true,"href":"https:\/\/www.noticiasradioreflejos.com.ar\/2021\/wp-json\/wp\/v2\/comments?post=129229"}],"version-history":[{"count":1,"href":"https:\/\/www.noticiasradioreflejos.com.ar\/2021\/wp-json\/wp\/v2\/posts\/129229\/revisions"}],"predecessor-version":[{"id":129231,"href":"https:\/\/www.noticiasradioreflejos.com.ar\/2021\/wp-json\/wp\/v2\/posts\/129229\/revisions\/129231"}],"wp:attachment":[{"href":"https:\/\/www.noticiasradioreflejos.com.ar\/2021\/wp-json\/wp\/v2\/media?parent=129229"}],"wp:term":[{"taxonomy":"category","embeddable":true,"href":"https:\/\/www.noticiasradioreflejos.com.ar\/2021\/wp-json\/wp\/v2\/categories?post=129229"},{"taxonomy":"post_tag","embeddable":true,"href":"https:\/\/www.noticiasradioreflejos.com.ar\/2021\/wp-json\/wp\/v2\/tags?post=129229"}],"curies":[{"name":"wp","href":"https:\/\/api.w.org\/{rel}","templated":true}]}}