{"id":129223,"date":"2025-12-03T11:38:22","date_gmt":"2025-12-03T14:38:22","guid":{"rendered":"https:\/\/www.noticiasradioreflejos.com.ar\/2021\/?p=129223"},"modified":"2025-12-03T11:40:16","modified_gmt":"2025-12-03T14:40:16","slug":"colaboracion-interinstitucional-tornquist-municipio-y-vialidad-provincial-trabajan-juntos-en-el-bacheo-de-la-ruta-76","status":"publish","type":"post","link":"https:\/\/www.noticiasradioreflejos.com.ar\/2021\/colaboracion-interinstitucional-tornquist-municipio-y-vialidad-provincial-trabajan-juntos-en-el-bacheo-de-la-ruta-76\/","title":{"rendered":"Colaboraci\u00f3n interinstitucional: Tornquist Municipio y Vialidad Provincial trabajan juntos en el bacheo de la Ruta 76"},"content":{"rendered":"<p data-path-to-node=\"2\">Vialidad Provincial contin\u00faa prometiendo y cumpliendo en beneficio de los habitantes y turistas de la Comarca de Sierra de la Ventana, pero esta vez con una <b>destacada colaboraci\u00f3n del municipio de Tornquist<\/b>, cuyo intendente, <b>Sergio Bordoni<\/b>, puso a disposici\u00f3n la log\u00edstica municipal para acelerar los trabajos.<!--more--><\/p>\n<p data-path-to-node=\"3\">El jefe del Departamento Zonal XI de Bah\u00eda Blanca de Vialidad Provincial, <b>Jos\u00e9 Alberto Pino<\/b>, nos brind\u00f3 los detalles de los trabajos de bacheo que se realizan en el sector serrano en la Ruta 76 y otras localidades de la jurisdicci\u00f3n.<\/p>\n<p data-path-to-node=\"6\"><strong>El jefe zonal Jos\u00e9 Alberto Pino<\/strong> brind\u00f3 la siguiente informaci\u00f3n sobre el avance de las tareas: \u00abS\u00ed, bacheamos la 76, <b>desde la 72 hacia El Perdido, hacia San Eloy<\/b>. No pudimos terminar porque se nos hizo de noche. describi\u00f3 Pino a nuestro medio.<\/p>\n<p data-path-to-node=\"6\">El jefe de vialidad detall\u00f3 adem\u00e1s: \u00abAlgo de material le qued\u00f3 a el municipio, que se llev\u00f3 para que ellos tapen desde la Ruta 33 hacia la Papelera o algo m\u00e1s de la 76.<\/p>\n<p data-path-to-node=\"6\">Pino tambi\u00e9n describi\u00f3 que hoy est\u00e1n bacheando <b>Pu\u00e1n<\/b>, <b>Azopardo<\/b>, <b>Bordenave<\/b>, y <b>Bordenave-Pig\u00fc\u00e9<\/b>,<\/p>\n<p data-path-to-node=\"6\">Por su parte desde Sierra de la Ventana por la ruta 72 al cruce de la 76 asegur\u00f3: \u00abva a ser seguro la semana que viene\u00bb. .<\/p>\n<h4 data-path-to-node=\"9\">El Rol Clave del Municipio de Tornquist<\/h4>\n<p data-path-to-node=\"10\">La decisi\u00f3n del intendente <b>Sergio Bordoni<\/b> de <b>poner a disposici\u00f3n los camiones del municipio<\/b> fue crucial para el desarrollo de las tareas de Vialidad Provincial, facilitando el traslado del material necesario para el bacheo. Esta acci\u00f3n subraya el compromiso de la gesti\u00f3n local con la mejora de las rutas que conectan la comarca, asegurando un tr\u00e1nsito m\u00e1s seguro tanto para los residentes como para los visitantes.<\/p>\n","protected":false},"excerpt":{"rendered":"<p>Vialidad Provincial contin\u00faa prometiendo y cumpliendo en beneficio de los habitantes y turistas de la Comarca de Sierra de la Ventana, pero esta vez con una destacada colaboraci\u00f3n del municipio de Tornquist, cuyo intendente, Sergio Bordoni, puso a disposici\u00f3n la log\u00edstica municipal para acelerar los trabajos.<\/p>\n","protected":false},"author":3,"featured_media":129227,"comment_status":"closed","ping_status":"closed","sticky":false,"template":"","format":"standard","meta":{"footnotes":""},"categories":[24,33],"tags":[48],"class_list":["post-129223","post","type-post","status-publish","format-standard","has-post-thumbnail","hentry","category-politica","category-turismo","tag-destacada"],"yoast_head":"<!-- This site is optimized with the Yoast SEO plugin v25.9 - https:\/\/yoast.com\/wordpress\/plugins\/seo\/ -->\n<title>Colaboraci\u00f3n interinstitucional: Tornquist Municipio y Vialidad Provincial trabajan juntos en el bacheo de la Ruta 76 - Noticias Radio Reflejos<\/title>\n<meta name=\"robots\" content=\"index, follow, max-snippet:-1, max-image-preview:large, max-video-preview:-1\" \/>\n<link rel=\"canonical\" href=\"https:\/\/www.noticiasradioreflejos.com.ar\/2021\/colaboracion-interinstitucional-tornquist-municipio-y-vialidad-provincial-trabajan-juntos-en-el-bacheo-de-la-ruta-76\/\" \/>\n<meta property=\"og:locale\" content=\"es_ES\" \/>\n<meta property=\"og:type\" content=\"article\" \/>\n<meta property=\"og:title\" content=\"Colaboraci\u00f3n interinstitucional: Tornquist Municipio y Vialidad Provincial trabajan juntos en el bacheo de la Ruta 76 - Noticias Radio Reflejos\" \/>\n<meta property=\"og:description\" content=\"Vialidad Provincial contin\u00faa prometiendo y cumpliendo en beneficio de los habitantes y turistas de la Comarca de Sierra de la Ventana, pero esta vez con una destacada colaboraci\u00f3n del municipio de Tornquist, cuyo intendente, Sergio Bordoni, puso a disposici\u00f3n la log\u00edstica municipal para acelerar los trabajos.\" \/>\n<meta property=\"og:url\" content=\"https:\/\/www.noticiasradioreflejos.com.ar\/2021\/colaboracion-interinstitucional-tornquist-municipio-y-vialidad-provincial-trabajan-juntos-en-el-bacheo-de-la-ruta-76\/\" \/>\n<meta property=\"og:site_name\" content=\"Noticias Radio Reflejos\" \/>\n<meta property=\"article:published_time\" content=\"2025-12-03T14:38:22+00:00\" \/>\n<meta property=\"article:modified_time\" content=\"2025-12-03T14:40:16+00:00\" \/>\n<meta property=\"og:image\" content=\"https:\/\/www.noticiasradioreflejos.com.ar\/2021\/wp-content\/uploads\/2025\/12\/bacheo-R76.jpeg\" \/>\n\t<meta property=\"og:image:width\" content=\"1600\" \/>\n\t<meta property=\"og:image:height\" content=\"779\" \/>\n\t<meta property=\"og:image:type\" content=\"image\/jpeg\" \/>\n<meta name=\"author\" content=\"Arnaldo Botto\" \/>\n<meta name=\"twitter:card\" content=\"summary_large_image\" \/>\n<script type=\"application\/ld+json\" class=\"yoast-schema-graph\">{\"@context\":\"https:\/\/schema.org\",\"@graph\":[{\"@type\":\"WebPage\",\"@id\":\"https:\/\/www.noticiasradioreflejos.com.ar\/2021\/colaboracion-interinstitucional-tornquist-municipio-y-vialidad-provincial-trabajan-juntos-en-el-bacheo-de-la-ruta-76\/\",\"url\":\"https:\/\/www.noticiasradioreflejos.com.ar\/2021\/colaboracion-interinstitucional-tornquist-municipio-y-vialidad-provincial-trabajan-juntos-en-el-bacheo-de-la-ruta-76\/\",\"name\":\"Colaboraci\u00f3n interinstitucional: Tornquist Municipio y Vialidad Provincial trabajan juntos en el bacheo de la Ruta 76 - Noticias Radio Reflejos\",\"isPartOf\":{\"@id\":\"https:\/\/www.noticiasradioreflejos.com.ar\/2021\/#website\"},\"primaryImageOfPage\":{\"@id\":\"https:\/\/www.noticiasradioreflejos.com.ar\/2021\/colaboracion-interinstitucional-tornquist-municipio-y-vialidad-provincial-trabajan-juntos-en-el-bacheo-de-la-ruta-76\/#primaryimage\"},\"image\":{\"@id\":\"https:\/\/www.noticiasradioreflejos.com.ar\/2021\/colaboracion-interinstitucional-tornquist-municipio-y-vialidad-provincial-trabajan-juntos-en-el-bacheo-de-la-ruta-76\/#primaryimage\"},\"thumbnailUrl\":\"https:\/\/www.noticiasradioreflejos.com.ar\/2021\/wp-content\/uploads\/2025\/12\/bacheo-R76.jpeg\",\"datePublished\":\"2025-12-03T14:38:22+00:00\",\"dateModified\":\"2025-12-03T14:40:16+00:00\",\"author\":{\"@id\":\"https:\/\/www.noticiasradioreflejos.com.ar\/2021\/#\/schema\/person\/ad82545263dcc5ec0996818884fd5fb1\"},\"breadcrumb\":{\"@id\":\"https:\/\/www.noticiasradioreflejos.com.ar\/2021\/colaboracion-interinstitucional-tornquist-municipio-y-vialidad-provincial-trabajan-juntos-en-el-bacheo-de-la-ruta-76\/#breadcrumb\"},\"inLanguage\":\"es\",\"potentialAction\":[{\"@type\":\"ReadAction\",\"target\":[\"https:\/\/www.noticiasradioreflejos.com.ar\/2021\/colaboracion-interinstitucional-tornquist-municipio-y-vialidad-provincial-trabajan-juntos-en-el-bacheo-de-la-ruta-76\/\"]}]},{\"@type\":\"ImageObject\",\"inLanguage\":\"es\",\"@id\":\"https:\/\/www.noticiasradioreflejos.com.ar\/2021\/colaboracion-interinstitucional-tornquist-municipio-y-vialidad-provincial-trabajan-juntos-en-el-bacheo-de-la-ruta-76\/#primaryimage\",\"url\":\"https:\/\/www.noticiasradioreflejos.com.ar\/2021\/wp-content\/uploads\/2025\/12\/bacheo-R76.jpeg\",\"contentUrl\":\"https:\/\/www.noticiasradioreflejos.com.ar\/2021\/wp-content\/uploads\/2025\/12\/bacheo-R76.jpeg\",\"width\":1600,\"height\":779},{\"@type\":\"BreadcrumbList\",\"@id\":\"https:\/\/www.noticiasradioreflejos.com.ar\/2021\/colaboracion-interinstitucional-tornquist-municipio-y-vialidad-provincial-trabajan-juntos-en-el-bacheo-de-la-ruta-76\/#breadcrumb\",\"itemListElement\":[{\"@type\":\"ListItem\",\"position\":1,\"name\":\"Portada\",\"item\":\"https:\/\/www.noticiasradioreflejos.com.ar\/2021\/\"},{\"@type\":\"ListItem\",\"position\":2,\"name\":\"Colaboraci\u00f3n interinstitucional: Tornquist Municipio y Vialidad Provincial trabajan juntos en el bacheo de la Ruta 76\"}]},{\"@type\":\"WebSite\",\"@id\":\"https:\/\/www.noticiasradioreflejos.com.ar\/2021\/#website\",\"url\":\"https:\/\/www.noticiasradioreflejos.com.ar\/2021\/\",\"name\":\"Noticias Radio Reflejos\",\"description\":\"Las noticias de mi comarca\",\"potentialAction\":[{\"@type\":\"SearchAction\",\"target\":{\"@type\":\"EntryPoint\",\"urlTemplate\":\"https:\/\/www.noticiasradioreflejos.com.ar\/2021\/?s={search_term_string}\"},\"query-input\":{\"@type\":\"PropertyValueSpecification\",\"valueRequired\":true,\"valueName\":\"search_term_string\"}}],\"inLanguage\":\"es\"},{\"@type\":\"Person\",\"@id\":\"https:\/\/www.noticiasradioreflejos.com.ar\/2021\/#\/schema\/person\/ad82545263dcc5ec0996818884fd5fb1\",\"name\":\"Arnaldo Botto\",\"image\":{\"@type\":\"ImageObject\",\"inLanguage\":\"es\",\"@id\":\"https:\/\/www.noticiasradioreflejos.com.ar\/2021\/#\/schema\/person\/image\/\",\"url\":\"https:\/\/secure.gravatar.com\/avatar\/55cb5e37c1efa326397366e6974cb338056df65cb50e7d64d1cf314e87504837?s=96&d=mm&r=g\",\"contentUrl\":\"https:\/\/secure.gravatar.com\/avatar\/55cb5e37c1efa326397366e6974cb338056df65cb50e7d64d1cf314e87504837?s=96&d=mm&r=g\",\"caption\":\"Arnaldo Botto\"},\"url\":\"https:\/\/www.noticiasradioreflejos.com.ar\/2021\/author\/arnaldo\/\"}]}<\/script>\n<!-- \/ Yoast SEO plugin. -->","yoast_head_json":{"title":"Colaboraci\u00f3n interinstitucional: Tornquist Municipio y Vialidad Provincial trabajan juntos en el bacheo de la Ruta 76 - Noticias Radio Reflejos","robots":{"index":"index","follow":"follow","max-snippet":"max-snippet:-1","max-image-preview":"max-image-preview:large","max-video-preview":"max-video-preview:-1"},"canonical":"https:\/\/www.noticiasradioreflejos.com.ar\/2021\/colaboracion-interinstitucional-tornquist-municipio-y-vialidad-provincial-trabajan-juntos-en-el-bacheo-de-la-ruta-76\/","og_locale":"es_ES","og_type":"article","og_title":"Colaboraci\u00f3n interinstitucional: Tornquist Municipio y Vialidad Provincial trabajan juntos en el bacheo de la Ruta 76 - Noticias Radio Reflejos","og_description":"Vialidad Provincial contin\u00faa prometiendo y cumpliendo en beneficio de los habitantes y turistas de la Comarca de Sierra de la Ventana, pero esta vez con una destacada colaboraci\u00f3n del municipio de Tornquist, cuyo intendente, Sergio Bordoni, puso a disposici\u00f3n la log\u00edstica municipal para acelerar los trabajos.","og_url":"https:\/\/www.noticiasradioreflejos.com.ar\/2021\/colaboracion-interinstitucional-tornquist-municipio-y-vialidad-provincial-trabajan-juntos-en-el-bacheo-de-la-ruta-76\/","og_site_name":"Noticias Radio Reflejos","article_published_time":"2025-12-03T14:38:22+00:00","article_modified_time":"2025-12-03T14:40:16+00:00","og_image":[{"width":1600,"height":779,"url":"https:\/\/www.noticiasradioreflejos.com.ar\/2021\/wp-content\/uploads\/2025\/12\/bacheo-R76.jpeg","type":"image\/jpeg"}],"author":"Arnaldo Botto","twitter_card":"summary_large_image","schema":{"@context":"https:\/\/schema.org","@graph":[{"@type":"WebPage","@id":"https:\/\/www.noticiasradioreflejos.com.ar\/2021\/colaboracion-interinstitucional-tornquist-municipio-y-vialidad-provincial-trabajan-juntos-en-el-bacheo-de-la-ruta-76\/","url":"https:\/\/www.noticiasradioreflejos.com.ar\/2021\/colaboracion-interinstitucional-tornquist-municipio-y-vialidad-provincial-trabajan-juntos-en-el-bacheo-de-la-ruta-76\/","name":"Colaboraci\u00f3n interinstitucional: Tornquist Municipio y Vialidad Provincial trabajan juntos en el bacheo de la Ruta 76 - Noticias Radio Reflejos","isPartOf":{"@id":"https:\/\/www.noticiasradioreflejos.com.ar\/2021\/#website"},"primaryImageOfPage":{"@id":"https:\/\/www.noticiasradioreflejos.com.ar\/2021\/colaboracion-interinstitucional-tornquist-municipio-y-vialidad-provincial-trabajan-juntos-en-el-bacheo-de-la-ruta-76\/#primaryimage"},"image":{"@id":"https:\/\/www.noticiasradioreflejos.com.ar\/2021\/colaboracion-interinstitucional-tornquist-municipio-y-vialidad-provincial-trabajan-juntos-en-el-bacheo-de-la-ruta-76\/#primaryimage"},"thumbnailUrl":"https:\/\/www.noticiasradioreflejos.com.ar\/2021\/wp-content\/uploads\/2025\/12\/bacheo-R76.jpeg","datePublished":"2025-12-03T14:38:22+00:00","dateModified":"2025-12-03T14:40:16+00:00","author":{"@id":"https:\/\/www.noticiasradioreflejos.com.ar\/2021\/#\/schema\/person\/ad82545263dcc5ec0996818884fd5fb1"},"breadcrumb":{"@id":"https:\/\/www.noticiasradioreflejos.com.ar\/2021\/colaboracion-interinstitucional-tornquist-municipio-y-vialidad-provincial-trabajan-juntos-en-el-bacheo-de-la-ruta-76\/#breadcrumb"},"inLanguage":"es","potentialAction":[{"@type":"ReadAction","target":["https:\/\/www.noticiasradioreflejos.com.ar\/2021\/colaboracion-interinstitucional-tornquist-municipio-y-vialidad-provincial-trabajan-juntos-en-el-bacheo-de-la-ruta-76\/"]}]},{"@type":"ImageObject","inLanguage":"es","@id":"https:\/\/www.noticiasradioreflejos.com.ar\/2021\/colaboracion-interinstitucional-tornquist-municipio-y-vialidad-provincial-trabajan-juntos-en-el-bacheo-de-la-ruta-76\/#primaryimage","url":"https:\/\/www.noticiasradioreflejos.com.ar\/2021\/wp-content\/uploads\/2025\/12\/bacheo-R76.jpeg","contentUrl":"https:\/\/www.noticiasradioreflejos.com.ar\/2021\/wp-content\/uploads\/2025\/12\/bacheo-R76.jpeg","width":1600,"height":779},{"@type":"BreadcrumbList","@id":"https:\/\/www.noticiasradioreflejos.com.ar\/2021\/colaboracion-interinstitucional-tornquist-municipio-y-vialidad-provincial-trabajan-juntos-en-el-bacheo-de-la-ruta-76\/#breadcrumb","itemListElement":[{"@type":"ListItem","position":1,"name":"Portada","item":"https:\/\/www.noticiasradioreflejos.com.ar\/2021\/"},{"@type":"ListItem","position":2,"name":"Colaboraci\u00f3n interinstitucional: Tornquist Municipio y Vialidad Provincial trabajan juntos en el bacheo de la Ruta 76"}]},{"@type":"WebSite","@id":"https:\/\/www.noticiasradioreflejos.com.ar\/2021\/#website","url":"https:\/\/www.noticiasradioreflejos.com.ar\/2021\/","name":"Noticias Radio Reflejos","description":"Las noticias de mi comarca","potentialAction":[{"@type":"SearchAction","target":{"@type":"EntryPoint","urlTemplate":"https:\/\/www.noticiasradioreflejos.com.ar\/2021\/?s={search_term_string}"},"query-input":{"@type":"PropertyValueSpecification","valueRequired":true,"valueName":"search_term_string"}}],"inLanguage":"es"},{"@type":"Person","@id":"https:\/\/www.noticiasradioreflejos.com.ar\/2021\/#\/schema\/person\/ad82545263dcc5ec0996818884fd5fb1","name":"Arnaldo Botto","image":{"@type":"ImageObject","inLanguage":"es","@id":"https:\/\/www.noticiasradioreflejos.com.ar\/2021\/#\/schema\/person\/image\/","url":"https:\/\/secure.gravatar.com\/avatar\/55cb5e37c1efa326397366e6974cb338056df65cb50e7d64d1cf314e87504837?s=96&d=mm&r=g","contentUrl":"https:\/\/secure.gravatar.com\/avatar\/55cb5e37c1efa326397366e6974cb338056df65cb50e7d64d1cf314e87504837?s=96&d=mm&r=g","caption":"Arnaldo Botto"},"url":"https:\/\/www.noticiasradioreflejos.com.ar\/2021\/author\/arnaldo\/"}]}},"_links":{"self":[{"href":"https:\/\/www.noticiasradioreflejos.com.ar\/2021\/wp-json\/wp\/v2\/posts\/129223","targetHints":{"allow":["GET"]}}],"collection":[{"href":"https:\/\/www.noticiasradioreflejos.com.ar\/2021\/wp-json\/wp\/v2\/posts"}],"about":[{"href":"https:\/\/www.noticiasradioreflejos.com.ar\/2021\/wp-json\/wp\/v2\/types\/post"}],"author":[{"embeddable":true,"href":"https:\/\/www.noticiasradioreflejos.com.ar\/2021\/wp-json\/wp\/v2\/users\/3"}],"replies":[{"embeddable":true,"href":"https:\/\/www.noticiasradioreflejos.com.ar\/2021\/wp-json\/wp\/v2\/comments?post=129223"}],"version-history":[{"count":1,"href":"https:\/\/www.noticiasradioreflejos.com.ar\/2021\/wp-json\/wp\/v2\/posts\/129223\/revisions"}],"predecessor-version":[{"id":129228,"href":"https:\/\/www.noticiasradioreflejos.com.ar\/2021\/wp-json\/wp\/v2\/posts\/129223\/revisions\/129228"}],"wp:featuredmedia":[{"embeddable":true,"href":"https:\/\/www.noticiasradioreflejos.com.ar\/2021\/wp-json\/wp\/v2\/media\/129227"}],"wp:attachment":[{"href":"https:\/\/www.noticiasradioreflejos.com.ar\/2021\/wp-json\/wp\/v2\/media?parent=129223"}],"wp:term":[{"taxonomy":"category","embeddable":true,"href":"https:\/\/www.noticiasradioreflejos.com.ar\/2021\/wp-json\/wp\/v2\/categories?post=129223"},{"taxonomy":"post_tag","embeddable":true,"href":"https:\/\/www.noticiasradioreflejos.com.ar\/2021\/wp-json\/wp\/v2\/tags?post=129223"}],"curies":[{"name":"wp","href":"https:\/\/api.w.org\/{rel}","templated":true}]}}