{"id":129214,"date":"2025-12-03T19:20:50","date_gmt":"2025-12-03T22:20:50","guid":{"rendered":"https:\/\/www.noticiasradioreflejos.com.ar\/2021\/?p=129214"},"modified":"2025-12-03T19:30:13","modified_gmt":"2025-12-03T22:30:13","slug":"listo-para-el-verano-el-dique-de-sierra-de-la-ventana-se-pone-a-punto-con-limpieza-profunda","status":"publish","type":"post","link":"https:\/\/www.noticiasradioreflejos.com.ar\/2021\/listo-para-el-verano-el-dique-de-sierra-de-la-ventana-se-pone-a-punto-con-limpieza-profunda\/","title":{"rendered":"\u00a1Listo para el verano! El dique de Sierra de la Ventana se pone a punto con limpieza profunda"},"content":{"rendered":"<p data-path-to-node=\"2\"><b>La delegada Viviana Montibeller confirm\u00f3 en FM Reflejos <\/b>que, a pesar de las demoras por las lluvias, esta semana finalizar\u00e1n las tareas de acondicionamiento del dique con maquinaria pesada y asegurar\u00e1 que el balneario est\u00e9 \u00aben todo su esplendor\u00bb para la apertura oficial de temporada del 6, 7 y 8 de diciembre, con servicio de guardavidas y piletas municipales listas.<!--more--><\/p>\n<p>La delegada municipal de Sierra de la Ventana, inform\u00f3 que se est\u00e1n realizando tareas de limpieza y acondicionamiento en el dique de la localidad para que est\u00e9 en \u00f3ptimas condiciones de cara al inicio de la temporada de verano, previsto para los d\u00edas 6, 7 y 8 de diciembre.<\/p>\n<p>&nbsp;<\/p>\n<p><a href=\"https:\/\/www.noticiasradioreflejos.com.ar\/2021\/listo-para-el-verano-el-dique-de-sierra-de-la-ventana-se-pone-a-punto-con-limpieza-profunda\/dique-limpieza-1\/\" rel=\"attachment wp-att-129243\"><img loading=\"lazy\" decoding=\"async\" class=\"aligncenter size-full wp-image-129243\" src=\"https:\/\/www.noticiasradioreflejos.com.ar\/2021\/wp-content\/uploads\/2025\/12\/dique-limpieza-1.jpeg\" alt=\"\" width=\"1600\" height=\"1200\" srcset=\"https:\/\/www.noticiasradioreflejos.com.ar\/2021\/wp-content\/uploads\/2025\/12\/dique-limpieza-1.jpeg 1600w, https:\/\/www.noticiasradioreflejos.com.ar\/2021\/wp-content\/uploads\/2025\/12\/dique-limpieza-1-300x225.jpeg 300w, https:\/\/www.noticiasradioreflejos.com.ar\/2021\/wp-content\/uploads\/2025\/12\/dique-limpieza-1-1024x768.jpeg 1024w, https:\/\/www.noticiasradioreflejos.com.ar\/2021\/wp-content\/uploads\/2025\/12\/dique-limpieza-1-768x576.jpeg 768w, https:\/\/www.noticiasradioreflejos.com.ar\/2021\/wp-content\/uploads\/2025\/12\/dique-limpieza-1-1536x1152.jpeg 1536w, https:\/\/www.noticiasradioreflejos.com.ar\/2021\/wp-content\/uploads\/2025\/12\/dique-limpieza-1-750x563.jpeg 750w, https:\/\/www.noticiasradioreflejos.com.ar\/2021\/wp-content\/uploads\/2025\/12\/dique-limpieza-1-1140x855.jpeg 1140w\" sizes=\"auto, (max-width: 1600px) 100vw, 1600px\" \/><\/a><\/p>\n<p>\u201cGracias a las lluvias que hemos tenido, se retras\u00f3 un poco la tarea. Vamos a concluir esta semana para que est\u00e9 en condiciones y lo puedan visitar todos los serranos y quienes nos visitan\u201d, explic\u00f3 Montibeller. Para estos trabajos se utilizan m\u00e1quinas que limpian el fondo del r\u00edo, se dejan las compuertas abiertas para bajar el nivel del agua y se emplean camiones y palas para retirar el material acumulado. Adem\u00e1s, se pas\u00f3 el rodillo para aplanar el fondo y asentar las piedras, garantizando mayor seguridad para los visitantes.<\/p>\n<p>La delegada destac\u00f3 que estas tareas se realizan cada a\u00f1o, aunque en esta ocasi\u00f3n las lluvias demoraron el cronograma. \u201cVamos a estar con el dique en todo su esplendor\u201d, asegur\u00f3. Tambi\u00e9n confirm\u00f3 que habr\u00e1 guardavidas en el balneario \u201cLos Angelitos\u201d y en el dique de Sierra, quienes comenzaron a trabajar desde el 1 de diciembre.<\/p>\n<p>Montibeller recibi\u00f3 felicitaciones por la inauguraci\u00f3n de un sector destinado a casillas rodantes, y se\u00f1al\u00f3 que Sierra de la Ventana es un destino tur\u00edstico que ofrece m\u00faltiples servicios. \u201cEs un sector que funciona muy bien\u201d, afirm\u00f3.<\/p>\n<p>De cara al verano, las piletas municipales tambi\u00e9n est\u00e1n siendo reacondicionadas. \u201cLleva mucho trabajo y vamos a llegar impecables al verano\u201d, coment\u00f3.<\/p>\n<p>Finalmente, agradeci\u00f3 al equipo de empleados municipales y a los secretarios por el esfuerzo conjunto: \u201cEntre todos podemos ir resolviendo las cuestiones que surgen\u201d.<\/p>\n<audio class=\"wp-audio-shortcode\" id=\"audio-129214-1\" preload=\"none\" style=\"width: 100%;\" controls=\"controls\"><source type=\"audio\/mpeg\" src=\"https:\/\/www.noticiasradioreflejos.com.ar\/2021\/wp-content\/uploads\/2025\/12\/Viviana-Montibeller-03-11.mp3?_=1\" \/><a href=\"https:\/\/www.noticiasradioreflejos.com.ar\/2021\/wp-content\/uploads\/2025\/12\/Viviana-Montibeller-03-11.mp3\">https:\/\/www.noticiasradioreflejos.com.ar\/2021\/wp-content\/uploads\/2025\/12\/Viviana-Montibeller-03-11.mp3<\/a><\/audio>\n<p>&nbsp;<\/p>\n<p><a href=\"https:\/\/www.noticiasradioreflejos.com.ar\/2021\/listo-para-el-verano-el-dique-de-sierra-de-la-ventana-se-pone-a-punto-con-limpieza-profunda\/dique-limpieza-2\/\" rel=\"attachment wp-att-129242\"><img loading=\"lazy\" decoding=\"async\" class=\"aligncenter size-full wp-image-129242\" src=\"https:\/\/www.noticiasradioreflejos.com.ar\/2021\/wp-content\/uploads\/2025\/12\/dique-limpieza-2.jpeg\" alt=\"\" width=\"1600\" height=\"900\" srcset=\"https:\/\/www.noticiasradioreflejos.com.ar\/2021\/wp-content\/uploads\/2025\/12\/dique-limpieza-2.jpeg 1600w, https:\/\/www.noticiasradioreflejos.com.ar\/2021\/wp-content\/uploads\/2025\/12\/dique-limpieza-2-300x169.jpeg 300w, https:\/\/www.noticiasradioreflejos.com.ar\/2021\/wp-content\/uploads\/2025\/12\/dique-limpieza-2-1024x576.jpeg 1024w, https:\/\/www.noticiasradioreflejos.com.ar\/2021\/wp-content\/uploads\/2025\/12\/dique-limpieza-2-768x432.jpeg 768w, https:\/\/www.noticiasradioreflejos.com.ar\/2021\/wp-content\/uploads\/2025\/12\/dique-limpieza-2-1536x864.jpeg 1536w, https:\/\/www.noticiasradioreflejos.com.ar\/2021\/wp-content\/uploads\/2025\/12\/dique-limpieza-2-750x422.jpeg 750w, https:\/\/www.noticiasradioreflejos.com.ar\/2021\/wp-content\/uploads\/2025\/12\/dique-limpieza-2-1140x641.jpeg 1140w\" sizes=\"auto, (max-width: 1600px) 100vw, 1600px\" \/><\/a><\/p>\n<p>&nbsp;<\/p>\n","protected":false},"excerpt":{"rendered":"<p>La delegada Viviana Montibeller confirm\u00f3 en FM Reflejos que, a pesar de las demoras por las lluvias, esta semana finalizar\u00e1n las tareas de acondicionamiento del dique con maquinaria pesada y asegurar\u00e1 que el balneario est\u00e9 \u00aben todo su esplendor\u00bb para la apertura oficial de temporada del 6, 7 y 8 de diciembre, con servicio de [&hellip;]<\/p>\n","protected":false},"author":3,"featured_media":129241,"comment_status":"closed","ping_status":"closed","sticky":false,"template":"","format":"standard","meta":{"footnotes":""},"categories":[28,26,33],"tags":[48],"class_list":["post-129214","post","type-post","status-publish","format-standard","has-post-thumbnail","hentry","category-municipales","category-sociedad","category-turismo","tag-destacada"],"yoast_head":"<!-- This site is optimized with the Yoast SEO plugin v25.9 - https:\/\/yoast.com\/wordpress\/plugins\/seo\/ -->\n<title>\u00a1Listo para el verano! El dique de Sierra de la Ventana se pone a punto con limpieza profunda - Noticias Radio Reflejos<\/title>\n<meta name=\"robots\" content=\"index, follow, max-snippet:-1, max-image-preview:large, max-video-preview:-1\" \/>\n<link rel=\"canonical\" href=\"https:\/\/www.noticiasradioreflejos.com.ar\/2021\/listo-para-el-verano-el-dique-de-sierra-de-la-ventana-se-pone-a-punto-con-limpieza-profunda\/\" \/>\n<meta property=\"og:locale\" content=\"es_ES\" \/>\n<meta property=\"og:type\" content=\"article\" \/>\n<meta property=\"og:title\" content=\"\u00a1Listo para el verano! El dique de Sierra de la Ventana se pone a punto con limpieza profunda - Noticias Radio Reflejos\" \/>\n<meta property=\"og:description\" content=\"La delegada Viviana Montibeller confirm\u00f3 en FM Reflejos que, a pesar de las demoras por las lluvias, esta semana finalizar\u00e1n las tareas de acondicionamiento del dique con maquinaria pesada y asegurar\u00e1 que el balneario est\u00e9 \u00aben todo su esplendor\u00bb para la apertura oficial de temporada del 6, 7 y 8 de diciembre, con servicio de [&hellip;]\" \/>\n<meta property=\"og:url\" content=\"https:\/\/www.noticiasradioreflejos.com.ar\/2021\/listo-para-el-verano-el-dique-de-sierra-de-la-ventana-se-pone-a-punto-con-limpieza-profunda\/\" \/>\n<meta property=\"og:site_name\" content=\"Noticias Radio Reflejos\" \/>\n<meta property=\"article:published_time\" content=\"2025-12-03T22:20:50+00:00\" \/>\n<meta property=\"article:modified_time\" content=\"2025-12-03T22:30:13+00:00\" \/>\n<meta property=\"og:image\" content=\"https:\/\/www.noticiasradioreflejos.com.ar\/2021\/wp-content\/uploads\/2025\/12\/WhatsApp-Image-2025-12-03-at-10.50.37.jpeg\" \/>\n\t<meta property=\"og:image:width\" content=\"1600\" \/>\n\t<meta property=\"og:image:height\" content=\"900\" \/>\n\t<meta property=\"og:image:type\" content=\"image\/jpeg\" \/>\n<meta name=\"author\" content=\"Arnaldo Botto\" \/>\n<meta name=\"twitter:card\" content=\"summary_large_image\" \/>\n<script type=\"application\/ld+json\" class=\"yoast-schema-graph\">{\"@context\":\"https:\/\/schema.org\",\"@graph\":[{\"@type\":\"WebPage\",\"@id\":\"https:\/\/www.noticiasradioreflejos.com.ar\/2021\/listo-para-el-verano-el-dique-de-sierra-de-la-ventana-se-pone-a-punto-con-limpieza-profunda\/\",\"url\":\"https:\/\/www.noticiasradioreflejos.com.ar\/2021\/listo-para-el-verano-el-dique-de-sierra-de-la-ventana-se-pone-a-punto-con-limpieza-profunda\/\",\"name\":\"\u00a1Listo para el verano! El dique de Sierra de la Ventana se pone a punto con limpieza profunda - Noticias Radio Reflejos\",\"isPartOf\":{\"@id\":\"https:\/\/www.noticiasradioreflejos.com.ar\/2021\/#website\"},\"primaryImageOfPage\":{\"@id\":\"https:\/\/www.noticiasradioreflejos.com.ar\/2021\/listo-para-el-verano-el-dique-de-sierra-de-la-ventana-se-pone-a-punto-con-limpieza-profunda\/#primaryimage\"},\"image\":{\"@id\":\"https:\/\/www.noticiasradioreflejos.com.ar\/2021\/listo-para-el-verano-el-dique-de-sierra-de-la-ventana-se-pone-a-punto-con-limpieza-profunda\/#primaryimage\"},\"thumbnailUrl\":\"https:\/\/www.noticiasradioreflejos.com.ar\/2021\/wp-content\/uploads\/2025\/12\/WhatsApp-Image-2025-12-03-at-10.50.37.jpeg\",\"datePublished\":\"2025-12-03T22:20:50+00:00\",\"dateModified\":\"2025-12-03T22:30:13+00:00\",\"author\":{\"@id\":\"https:\/\/www.noticiasradioreflejos.com.ar\/2021\/#\/schema\/person\/ad82545263dcc5ec0996818884fd5fb1\"},\"breadcrumb\":{\"@id\":\"https:\/\/www.noticiasradioreflejos.com.ar\/2021\/listo-para-el-verano-el-dique-de-sierra-de-la-ventana-se-pone-a-punto-con-limpieza-profunda\/#breadcrumb\"},\"inLanguage\":\"es\",\"potentialAction\":[{\"@type\":\"ReadAction\",\"target\":[\"https:\/\/www.noticiasradioreflejos.com.ar\/2021\/listo-para-el-verano-el-dique-de-sierra-de-la-ventana-se-pone-a-punto-con-limpieza-profunda\/\"]}]},{\"@type\":\"ImageObject\",\"inLanguage\":\"es\",\"@id\":\"https:\/\/www.noticiasradioreflejos.com.ar\/2021\/listo-para-el-verano-el-dique-de-sierra-de-la-ventana-se-pone-a-punto-con-limpieza-profunda\/#primaryimage\",\"url\":\"https:\/\/www.noticiasradioreflejos.com.ar\/2021\/wp-content\/uploads\/2025\/12\/WhatsApp-Image-2025-12-03-at-10.50.37.jpeg\",\"contentUrl\":\"https:\/\/www.noticiasradioreflejos.com.ar\/2021\/wp-content\/uploads\/2025\/12\/WhatsApp-Image-2025-12-03-at-10.50.37.jpeg\",\"width\":1600,\"height\":900},{\"@type\":\"BreadcrumbList\",\"@id\":\"https:\/\/www.noticiasradioreflejos.com.ar\/2021\/listo-para-el-verano-el-dique-de-sierra-de-la-ventana-se-pone-a-punto-con-limpieza-profunda\/#breadcrumb\",\"itemListElement\":[{\"@type\":\"ListItem\",\"position\":1,\"name\":\"Portada\",\"item\":\"https:\/\/www.noticiasradioreflejos.com.ar\/2021\/\"},{\"@type\":\"ListItem\",\"position\":2,\"name\":\"\u00a1Listo para el verano! El dique de Sierra de la Ventana se pone a punto con limpieza profunda\"}]},{\"@type\":\"WebSite\",\"@id\":\"https:\/\/www.noticiasradioreflejos.com.ar\/2021\/#website\",\"url\":\"https:\/\/www.noticiasradioreflejos.com.ar\/2021\/\",\"name\":\"Noticias Radio Reflejos\",\"description\":\"Las noticias de mi comarca\",\"potentialAction\":[{\"@type\":\"SearchAction\",\"target\":{\"@type\":\"EntryPoint\",\"urlTemplate\":\"https:\/\/www.noticiasradioreflejos.com.ar\/2021\/?s={search_term_string}\"},\"query-input\":{\"@type\":\"PropertyValueSpecification\",\"valueRequired\":true,\"valueName\":\"search_term_string\"}}],\"inLanguage\":\"es\"},{\"@type\":\"Person\",\"@id\":\"https:\/\/www.noticiasradioreflejos.com.ar\/2021\/#\/schema\/person\/ad82545263dcc5ec0996818884fd5fb1\",\"name\":\"Arnaldo Botto\",\"image\":{\"@type\":\"ImageObject\",\"inLanguage\":\"es\",\"@id\":\"https:\/\/www.noticiasradioreflejos.com.ar\/2021\/#\/schema\/person\/image\/\",\"url\":\"https:\/\/secure.gravatar.com\/avatar\/55cb5e37c1efa326397366e6974cb338056df65cb50e7d64d1cf314e87504837?s=96&d=mm&r=g\",\"contentUrl\":\"https:\/\/secure.gravatar.com\/avatar\/55cb5e37c1efa326397366e6974cb338056df65cb50e7d64d1cf314e87504837?s=96&d=mm&r=g\",\"caption\":\"Arnaldo Botto\"},\"url\":\"https:\/\/www.noticiasradioreflejos.com.ar\/2021\/author\/arnaldo\/\"}]}<\/script>\n<!-- \/ Yoast SEO plugin. -->","yoast_head_json":{"title":"\u00a1Listo para el verano! El dique de Sierra de la Ventana se pone a punto con limpieza profunda - Noticias Radio Reflejos","robots":{"index":"index","follow":"follow","max-snippet":"max-snippet:-1","max-image-preview":"max-image-preview:large","max-video-preview":"max-video-preview:-1"},"canonical":"https:\/\/www.noticiasradioreflejos.com.ar\/2021\/listo-para-el-verano-el-dique-de-sierra-de-la-ventana-se-pone-a-punto-con-limpieza-profunda\/","og_locale":"es_ES","og_type":"article","og_title":"\u00a1Listo para el verano! El dique de Sierra de la Ventana se pone a punto con limpieza profunda - Noticias Radio Reflejos","og_description":"La delegada Viviana Montibeller confirm\u00f3 en FM Reflejos que, a pesar de las demoras por las lluvias, esta semana finalizar\u00e1n las tareas de acondicionamiento del dique con maquinaria pesada y asegurar\u00e1 que el balneario est\u00e9 \u00aben todo su esplendor\u00bb para la apertura oficial de temporada del 6, 7 y 8 de diciembre, con servicio de [&hellip;]","og_url":"https:\/\/www.noticiasradioreflejos.com.ar\/2021\/listo-para-el-verano-el-dique-de-sierra-de-la-ventana-se-pone-a-punto-con-limpieza-profunda\/","og_site_name":"Noticias Radio Reflejos","article_published_time":"2025-12-03T22:20:50+00:00","article_modified_time":"2025-12-03T22:30:13+00:00","og_image":[{"width":1600,"height":900,"url":"https:\/\/www.noticiasradioreflejos.com.ar\/2021\/wp-content\/uploads\/2025\/12\/WhatsApp-Image-2025-12-03-at-10.50.37.jpeg","type":"image\/jpeg"}],"author":"Arnaldo Botto","twitter_card":"summary_large_image","schema":{"@context":"https:\/\/schema.org","@graph":[{"@type":"WebPage","@id":"https:\/\/www.noticiasradioreflejos.com.ar\/2021\/listo-para-el-verano-el-dique-de-sierra-de-la-ventana-se-pone-a-punto-con-limpieza-profunda\/","url":"https:\/\/www.noticiasradioreflejos.com.ar\/2021\/listo-para-el-verano-el-dique-de-sierra-de-la-ventana-se-pone-a-punto-con-limpieza-profunda\/","name":"\u00a1Listo para el verano! El dique de Sierra de la Ventana se pone a punto con limpieza profunda - Noticias Radio Reflejos","isPartOf":{"@id":"https:\/\/www.noticiasradioreflejos.com.ar\/2021\/#website"},"primaryImageOfPage":{"@id":"https:\/\/www.noticiasradioreflejos.com.ar\/2021\/listo-para-el-verano-el-dique-de-sierra-de-la-ventana-se-pone-a-punto-con-limpieza-profunda\/#primaryimage"},"image":{"@id":"https:\/\/www.noticiasradioreflejos.com.ar\/2021\/listo-para-el-verano-el-dique-de-sierra-de-la-ventana-se-pone-a-punto-con-limpieza-profunda\/#primaryimage"},"thumbnailUrl":"https:\/\/www.noticiasradioreflejos.com.ar\/2021\/wp-content\/uploads\/2025\/12\/WhatsApp-Image-2025-12-03-at-10.50.37.jpeg","datePublished":"2025-12-03T22:20:50+00:00","dateModified":"2025-12-03T22:30:13+00:00","author":{"@id":"https:\/\/www.noticiasradioreflejos.com.ar\/2021\/#\/schema\/person\/ad82545263dcc5ec0996818884fd5fb1"},"breadcrumb":{"@id":"https:\/\/www.noticiasradioreflejos.com.ar\/2021\/listo-para-el-verano-el-dique-de-sierra-de-la-ventana-se-pone-a-punto-con-limpieza-profunda\/#breadcrumb"},"inLanguage":"es","potentialAction":[{"@type":"ReadAction","target":["https:\/\/www.noticiasradioreflejos.com.ar\/2021\/listo-para-el-verano-el-dique-de-sierra-de-la-ventana-se-pone-a-punto-con-limpieza-profunda\/"]}]},{"@type":"ImageObject","inLanguage":"es","@id":"https:\/\/www.noticiasradioreflejos.com.ar\/2021\/listo-para-el-verano-el-dique-de-sierra-de-la-ventana-se-pone-a-punto-con-limpieza-profunda\/#primaryimage","url":"https:\/\/www.noticiasradioreflejos.com.ar\/2021\/wp-content\/uploads\/2025\/12\/WhatsApp-Image-2025-12-03-at-10.50.37.jpeg","contentUrl":"https:\/\/www.noticiasradioreflejos.com.ar\/2021\/wp-content\/uploads\/2025\/12\/WhatsApp-Image-2025-12-03-at-10.50.37.jpeg","width":1600,"height":900},{"@type":"BreadcrumbList","@id":"https:\/\/www.noticiasradioreflejos.com.ar\/2021\/listo-para-el-verano-el-dique-de-sierra-de-la-ventana-se-pone-a-punto-con-limpieza-profunda\/#breadcrumb","itemListElement":[{"@type":"ListItem","position":1,"name":"Portada","item":"https:\/\/www.noticiasradioreflejos.com.ar\/2021\/"},{"@type":"ListItem","position":2,"name":"\u00a1Listo para el verano! El dique de Sierra de la Ventana se pone a punto con limpieza profunda"}]},{"@type":"WebSite","@id":"https:\/\/www.noticiasradioreflejos.com.ar\/2021\/#website","url":"https:\/\/www.noticiasradioreflejos.com.ar\/2021\/","name":"Noticias Radio Reflejos","description":"Las noticias de mi comarca","potentialAction":[{"@type":"SearchAction","target":{"@type":"EntryPoint","urlTemplate":"https:\/\/www.noticiasradioreflejos.com.ar\/2021\/?s={search_term_string}"},"query-input":{"@type":"PropertyValueSpecification","valueRequired":true,"valueName":"search_term_string"}}],"inLanguage":"es"},{"@type":"Person","@id":"https:\/\/www.noticiasradioreflejos.com.ar\/2021\/#\/schema\/person\/ad82545263dcc5ec0996818884fd5fb1","name":"Arnaldo Botto","image":{"@type":"ImageObject","inLanguage":"es","@id":"https:\/\/www.noticiasradioreflejos.com.ar\/2021\/#\/schema\/person\/image\/","url":"https:\/\/secure.gravatar.com\/avatar\/55cb5e37c1efa326397366e6974cb338056df65cb50e7d64d1cf314e87504837?s=96&d=mm&r=g","contentUrl":"https:\/\/secure.gravatar.com\/avatar\/55cb5e37c1efa326397366e6974cb338056df65cb50e7d64d1cf314e87504837?s=96&d=mm&r=g","caption":"Arnaldo Botto"},"url":"https:\/\/www.noticiasradioreflejos.com.ar\/2021\/author\/arnaldo\/"}]}},"_links":{"self":[{"href":"https:\/\/www.noticiasradioreflejos.com.ar\/2021\/wp-json\/wp\/v2\/posts\/129214","targetHints":{"allow":["GET"]}}],"collection":[{"href":"https:\/\/www.noticiasradioreflejos.com.ar\/2021\/wp-json\/wp\/v2\/posts"}],"about":[{"href":"https:\/\/www.noticiasradioreflejos.com.ar\/2021\/wp-json\/wp\/v2\/types\/post"}],"author":[{"embeddable":true,"href":"https:\/\/www.noticiasradioreflejos.com.ar\/2021\/wp-json\/wp\/v2\/users\/3"}],"replies":[{"embeddable":true,"href":"https:\/\/www.noticiasradioreflejos.com.ar\/2021\/wp-json\/wp\/v2\/comments?post=129214"}],"version-history":[{"count":6,"href":"https:\/\/www.noticiasradioreflejos.com.ar\/2021\/wp-json\/wp\/v2\/posts\/129214\/revisions"}],"predecessor-version":[{"id":129247,"href":"https:\/\/www.noticiasradioreflejos.com.ar\/2021\/wp-json\/wp\/v2\/posts\/129214\/revisions\/129247"}],"wp:featuredmedia":[{"embeddable":true,"href":"https:\/\/www.noticiasradioreflejos.com.ar\/2021\/wp-json\/wp\/v2\/media\/129241"}],"wp:attachment":[{"href":"https:\/\/www.noticiasradioreflejos.com.ar\/2021\/wp-json\/wp\/v2\/media?parent=129214"}],"wp:term":[{"taxonomy":"category","embeddable":true,"href":"https:\/\/www.noticiasradioreflejos.com.ar\/2021\/wp-json\/wp\/v2\/categories?post=129214"},{"taxonomy":"post_tag","embeddable":true,"href":"https:\/\/www.noticiasradioreflejos.com.ar\/2021\/wp-json\/wp\/v2\/tags?post=129214"}],"curies":[{"name":"wp","href":"https:\/\/api.w.org\/{rel}","templated":true}]}}