{"id":129202,"date":"2025-12-03T07:13:35","date_gmt":"2025-12-03T10:13:35","guid":{"rendered":"https:\/\/www.noticiasradioreflejos.com.ar\/2021\/?p=129202"},"modified":"2025-12-03T07:13:35","modified_gmt":"2025-12-03T10:13:35","slug":"alejandro-dichiara-fue-electo-como-presidente-de-la-camara-de-diputados-bonaerense","status":"publish","type":"post","link":"https:\/\/www.noticiasradioreflejos.com.ar\/2021\/alejandro-dichiara-fue-electo-como-presidente-de-la-camara-de-diputados-bonaerense\/","title":{"rendered":"Alejandro Dichiara fue electo como presidente de la C\u00e1mara de Diputados bonaerense"},"content":{"rendered":"<p>Tuvo 84 votos a favor y ninguno en contra. El intendente Susbielles celebr\u00f3 su designaci\u00f3n.<!--more--><\/p>\n<p>El diputado Alejandro Di Chiara fue elegido como nuevo presidente de la c\u00e1mara Baja bonaerense, cargo que ya hab\u00eda ejercido en el per\u00edodo 2024, en lo que result\u00f3 una reedici\u00f3n de un pacto interno en el peronismo que reserva la vicepresidencia primera del cuerpo para el massista Alexis Guerrera.<\/p>\n<p><strong>El ex intendente de Monte Hermoso fue elegido con 84 votos y en el primer agradecimiento tras su jura agradeci\u00f3 a \u201cCristina Fern\u00e1ndez de Kirchner, a M\u00e1ximo Kirchner, al gobernador Axel Kicillof y al compa\u00f1ero Sergio Massa\u201d,\u00a0<\/strong>en ese orden, en medio de aplausos de los concurrentes.<\/p>\n<p>El nuevo presidente adelant\u00f3, al asumir, que despu\u00e9s de su per\u00edodo al frente del cuerpo\u00a0<strong>\u201cseguramente se reeditar\u00e1\u201d el pacto con el massismo para intercalar sus representantes al frente del cuerpo<\/strong>, que hasta hoy condujo Alexis Guerrera, que fue a su vez ministro de Massa e intendente de General Pinto. \u201cEs un placer muy grande intercambiar la c\u00e1mara con vos, amigo Alexis Guerrera\u201d, le dedic\u00f3. La idea es queen 2027, luego del finalizado el per\u00edodo de Dichiara, vuelva a asumir Guerrera.<\/p>\n<p>Di Chiara no esquiv\u00f3 en tema m\u00e1s candente de la coyuntura pol\u00edtica bonaerense: \u201cayer el gobernador nos pidi\u00f3 que votemos la ley de financiamiento\u201d, dijo. Y asegur\u00f3 que el bloque de UxP va a \u201ctratar de buscar todos los consensos para que esa ley. \u201c<strong>Qu\u00e9dese tranquilo se\u00f1or gobernador que ac\u00e1 hay much\u00edsimas ganas de acompa\u00f1ar<\/strong>\u201d.<\/p>\n<p>Dichiara y Guerrera son dos representantes del equema de poder que conduce la c\u00e1mara pero tambi\u00e9n el bloque de diputados de UxP, alineados con Cristina y M\u00e1ximo Kirchner y Sergio Massa.\u00a0<strong>El esquema de alternancia volvi\u00f3 a relegar al kicillofismo de los puestos de conducci\u00f3n de la C\u00e1mara<\/strong>, pese a que la victoria electoral del 7 de septiembre hab\u00eda alentado la posibilidad de impulsar a un nombre propio para la presidencia del cuerpo, lugar para el que puj\u00f3 Mariano Cascallares.<\/p>\n<p>La elecci\u00f3n de autoridades se dio en un contexto de fricci\u00f3n interna en el peronismo con el tratamiento del endeudamiento como tel\u00f3n de fondo. Fuentes del Movimiento Derecho al Futuro hab\u00edan dicho a DIB que\u00a0<strong>Kicillof prioriza la aprobaci\u00f3n del endeudamiento a la puja por los lugares de poder parlamentario.<\/strong><\/p>\n<p>La nueva conducci\u00f3n de la c\u00e1mara asumir\u00e1 el mi\u00e9rcoles 10, por lo que la sesi\u00f3n extraordinaria, en la que se intentar\u00e1 aprobar el pedido de endeudamiento por algo m\u00e1s de 3.600 millones de d\u00f3lares que viene formulando Kicillof la presidir\u00e1 Guerrera.<\/p>\n<div class=\"twitter-tweet twitter-tweet-rendered\"><iframe id=\"twitter-widget-0\" class=\"\" title=\"X Post\" src=\"https:\/\/platform.twitter.com\/embed\/Tweet.html?dnt=false&amp;embedId=twitter-widget-0&amp;features=eyJ0ZndfdGltZWxpbmVfbGlzdCI6eyJidWNrZXQiOltdLCJ2ZXJzaW9uIjpudWxsfSwidGZ3X2ZvbGxvd2VyX2NvdW50X3N1bnNldCI6eyJidWNrZXQiOnRydWUsInZlcnNpb24iOm51bGx9LCJ0ZndfdHdlZXRfZWRpdF9iYWNrZW5kIjp7ImJ1Y2tldCI6Im9uIiwidmVyc2lvbiI6bnVsbH0sInRmd19yZWZzcmNfc2Vzc2lvbiI6eyJidWNrZXQiOiJvbiIsInZlcnNpb24iOm51bGx9LCJ0ZndfZm9zbnJfc29mdF9pbnRlcnZlbnRpb25zX2VuYWJsZWQiOnsiYnVja2V0Ijoib24iLCJ2ZXJzaW9uIjpudWxsfSwidGZ3X21peGVkX21lZGlhXzE1ODk3Ijp7ImJ1Y2tldCI6InRyZWF0bWVudCIsInZlcnNpb24iOm51bGx9LCJ0ZndfZXhwZXJpbWVudHNfY29va2llX2V4cGlyYXRpb24iOnsiYnVja2V0IjoxMjA5NjAwLCJ2ZXJzaW9uIjpudWxsfSwidGZ3X3Nob3dfYmlyZHdhdGNoX3Bpdm90c19lbmFibGVkIjp7ImJ1Y2tldCI6Im9uIiwidmVyc2lvbiI6bnVsbH0sInRmd19kdXBsaWNhdGVfc2NyaWJlc190b19zZXR0aW5ncyI6eyJidWNrZXQiOiJvbiIsInZlcnNpb24iOm51bGx9LCJ0ZndfdXNlX3Byb2ZpbGVfaW1hZ2Vfc2hhcGVfZW5hYmxlZCI6eyJidWNrZXQiOiJvbiIsInZlcnNpb24iOm51bGx9LCJ0ZndfdmlkZW9faGxzX2R5bmFtaWNfbWFuaWZlc3RzXzE1MDgyIjp7ImJ1Y2tldCI6InRydWVfYml0cmF0ZSIsInZlcnNpb24iOm51bGx9LCJ0ZndfbGVnYWN5X3RpbWVsaW5lX3N1bnNldCI6eyJidWNrZXQiOnRydWUsInZlcnNpb24iOm51bGx9LCJ0ZndfdHdlZXRfZWRpdF9mcm9udGVuZCI6eyJidWNrZXQiOiJvbiIsInZlcnNpb24iOm51bGx9fQ%3D%3D&amp;frame=false&amp;hideCard=false&amp;hideThread=false&amp;id=1995959556359479366&amp;lang=es&amp;origin=https%3A%2F%2Ffrenteacano.com.ar%2Falejandro-dichiara-fue-electo-como-presidente-de-la-camara-de-diputados-bonaerense%2F&amp;sessionId=14c71f27237703fb63c58894bfca59ab745c7289&amp;theme=light&amp;widgetsVersion=2615f7e52b7e0%3A1702314776716&amp;width=550px\" frameborder=\"0\" scrolling=\"no\" allowfullscreen=\"allowfullscreen\" data-tweet-id=\"1995959556359479366\" data-mce-fragment=\"1\"><\/iframe><\/div>\n<p>El intendente Susbielles celebr\u00f3 su nombramiento: \u201cFelicitaciones al compa\u00f1ero y amigo Alejandro Dichiara por su nueva designaci\u00f3n como Presidente de la C\u00e1mara de Diputados de la Provincia. Un dirigente que siempre estuvo al lado de Bah\u00eda en los momentos dif\u00edciles y que sin dudas nos acompa\u00f1ar\u00e1 en la gesti\u00f3n de la reconstrucci\u00f3n\u201d.<\/p>\n<p>Fuente:\u00a0<em>Con informaci\u00f3n de DIB<\/em><\/p>\n","protected":false},"excerpt":{"rendered":"<p>Tuvo 84 votos a favor y ninguno en contra. El intendente Susbielles celebr\u00f3 su designaci\u00f3n.<\/p>\n","protected":false},"author":3,"featured_media":0,"comment_status":"closed","ping_status":"closed","sticky":false,"template":"","format":"standard","meta":{"footnotes":""},"categories":[24],"tags":[],"class_list":["post-129202","post","type-post","status-publish","format-standard","hentry","category-politica"],"yoast_head":"<!-- This site is optimized with the Yoast SEO plugin v25.9 - https:\/\/yoast.com\/wordpress\/plugins\/seo\/ -->\n<title>Alejandro Dichiara fue electo como presidente de la C\u00e1mara de Diputados bonaerense - Noticias Radio Reflejos<\/title>\n<meta name=\"robots\" content=\"index, follow, max-snippet:-1, max-image-preview:large, max-video-preview:-1\" \/>\n<link rel=\"canonical\" href=\"https:\/\/www.noticiasradioreflejos.com.ar\/2021\/alejandro-dichiara-fue-electo-como-presidente-de-la-camara-de-diputados-bonaerense\/\" \/>\n<meta property=\"og:locale\" content=\"es_ES\" \/>\n<meta property=\"og:type\" content=\"article\" \/>\n<meta property=\"og:title\" content=\"Alejandro Dichiara fue electo como presidente de la C\u00e1mara de Diputados bonaerense - Noticias Radio Reflejos\" \/>\n<meta property=\"og:description\" content=\"Tuvo 84 votos a favor y ninguno en contra. El intendente Susbielles celebr\u00f3 su designaci\u00f3n.\" \/>\n<meta property=\"og:url\" content=\"https:\/\/www.noticiasradioreflejos.com.ar\/2021\/alejandro-dichiara-fue-electo-como-presidente-de-la-camara-de-diputados-bonaerense\/\" \/>\n<meta property=\"og:site_name\" content=\"Noticias Radio Reflejos\" \/>\n<meta property=\"article:published_time\" content=\"2025-12-03T10:13:35+00:00\" \/>\n<meta property=\"og:image\" content=\"https:\/\/www.noticiasradioreflejos.com.ar\/2021\/wp-content\/uploads\/2025\/12\/dichiara.webp\" \/>\n\t<meta property=\"og:image:width\" content=\"1000\" \/>\n\t<meta property=\"og:image:height\" content=\"666\" \/>\n\t<meta property=\"og:image:type\" content=\"image\/webp\" \/>\n<meta name=\"author\" content=\"Arnaldo Botto\" \/>\n<meta name=\"twitter:card\" content=\"summary_large_image\" \/>\n<script type=\"application\/ld+json\" class=\"yoast-schema-graph\">{\"@context\":\"https:\/\/schema.org\",\"@graph\":[{\"@type\":\"WebPage\",\"@id\":\"https:\/\/www.noticiasradioreflejos.com.ar\/2021\/alejandro-dichiara-fue-electo-como-presidente-de-la-camara-de-diputados-bonaerense\/\",\"url\":\"https:\/\/www.noticiasradioreflejos.com.ar\/2021\/alejandro-dichiara-fue-electo-como-presidente-de-la-camara-de-diputados-bonaerense\/\",\"name\":\"Alejandro Dichiara fue electo como presidente de la C\u00e1mara de Diputados bonaerense - Noticias Radio Reflejos\",\"isPartOf\":{\"@id\":\"https:\/\/www.noticiasradioreflejos.com.ar\/2021\/#website\"},\"datePublished\":\"2025-12-03T10:13:35+00:00\",\"author\":{\"@id\":\"https:\/\/www.noticiasradioreflejos.com.ar\/2021\/#\/schema\/person\/ad82545263dcc5ec0996818884fd5fb1\"},\"breadcrumb\":{\"@id\":\"https:\/\/www.noticiasradioreflejos.com.ar\/2021\/alejandro-dichiara-fue-electo-como-presidente-de-la-camara-de-diputados-bonaerense\/#breadcrumb\"},\"inLanguage\":\"es\",\"potentialAction\":[{\"@type\":\"ReadAction\",\"target\":[\"https:\/\/www.noticiasradioreflejos.com.ar\/2021\/alejandro-dichiara-fue-electo-como-presidente-de-la-camara-de-diputados-bonaerense\/\"]}]},{\"@type\":\"BreadcrumbList\",\"@id\":\"https:\/\/www.noticiasradioreflejos.com.ar\/2021\/alejandro-dichiara-fue-electo-como-presidente-de-la-camara-de-diputados-bonaerense\/#breadcrumb\",\"itemListElement\":[{\"@type\":\"ListItem\",\"position\":1,\"name\":\"Portada\",\"item\":\"https:\/\/www.noticiasradioreflejos.com.ar\/2021\/\"},{\"@type\":\"ListItem\",\"position\":2,\"name\":\"Alejandro Dichiara fue electo como presidente de la C\u00e1mara de Diputados bonaerense\"}]},{\"@type\":\"WebSite\",\"@id\":\"https:\/\/www.noticiasradioreflejos.com.ar\/2021\/#website\",\"url\":\"https:\/\/www.noticiasradioreflejos.com.ar\/2021\/\",\"name\":\"Noticias Radio Reflejos\",\"description\":\"Las noticias de mi comarca\",\"potentialAction\":[{\"@type\":\"SearchAction\",\"target\":{\"@type\":\"EntryPoint\",\"urlTemplate\":\"https:\/\/www.noticiasradioreflejos.com.ar\/2021\/?s={search_term_string}\"},\"query-input\":{\"@type\":\"PropertyValueSpecification\",\"valueRequired\":true,\"valueName\":\"search_term_string\"}}],\"inLanguage\":\"es\"},{\"@type\":\"Person\",\"@id\":\"https:\/\/www.noticiasradioreflejos.com.ar\/2021\/#\/schema\/person\/ad82545263dcc5ec0996818884fd5fb1\",\"name\":\"Arnaldo Botto\",\"image\":{\"@type\":\"ImageObject\",\"inLanguage\":\"es\",\"@id\":\"https:\/\/www.noticiasradioreflejos.com.ar\/2021\/#\/schema\/person\/image\/\",\"url\":\"https:\/\/secure.gravatar.com\/avatar\/55cb5e37c1efa326397366e6974cb338056df65cb50e7d64d1cf314e87504837?s=96&d=mm&r=g\",\"contentUrl\":\"https:\/\/secure.gravatar.com\/avatar\/55cb5e37c1efa326397366e6974cb338056df65cb50e7d64d1cf314e87504837?s=96&d=mm&r=g\",\"caption\":\"Arnaldo Botto\"},\"url\":\"https:\/\/www.noticiasradioreflejos.com.ar\/2021\/author\/arnaldo\/\"}]}<\/script>\n<!-- \/ Yoast SEO plugin. -->","yoast_head_json":{"title":"Alejandro Dichiara fue electo como presidente de la C\u00e1mara de Diputados bonaerense - Noticias Radio Reflejos","robots":{"index":"index","follow":"follow","max-snippet":"max-snippet:-1","max-image-preview":"max-image-preview:large","max-video-preview":"max-video-preview:-1"},"canonical":"https:\/\/www.noticiasradioreflejos.com.ar\/2021\/alejandro-dichiara-fue-electo-como-presidente-de-la-camara-de-diputados-bonaerense\/","og_locale":"es_ES","og_type":"article","og_title":"Alejandro Dichiara fue electo como presidente de la C\u00e1mara de Diputados bonaerense - Noticias Radio Reflejos","og_description":"Tuvo 84 votos a favor y ninguno en contra. El intendente Susbielles celebr\u00f3 su designaci\u00f3n.","og_url":"https:\/\/www.noticiasradioreflejos.com.ar\/2021\/alejandro-dichiara-fue-electo-como-presidente-de-la-camara-de-diputados-bonaerense\/","og_site_name":"Noticias Radio Reflejos","article_published_time":"2025-12-03T10:13:35+00:00","og_image":[{"width":1000,"height":666,"url":"https:\/\/www.noticiasradioreflejos.com.ar\/2021\/wp-content\/uploads\/2025\/12\/dichiara.webp","type":"image\/webp"}],"author":"Arnaldo Botto","twitter_card":"summary_large_image","schema":{"@context":"https:\/\/schema.org","@graph":[{"@type":"WebPage","@id":"https:\/\/www.noticiasradioreflejos.com.ar\/2021\/alejandro-dichiara-fue-electo-como-presidente-de-la-camara-de-diputados-bonaerense\/","url":"https:\/\/www.noticiasradioreflejos.com.ar\/2021\/alejandro-dichiara-fue-electo-como-presidente-de-la-camara-de-diputados-bonaerense\/","name":"Alejandro Dichiara fue electo como presidente de la C\u00e1mara de Diputados bonaerense - Noticias Radio Reflejos","isPartOf":{"@id":"https:\/\/www.noticiasradioreflejos.com.ar\/2021\/#website"},"datePublished":"2025-12-03T10:13:35+00:00","author":{"@id":"https:\/\/www.noticiasradioreflejos.com.ar\/2021\/#\/schema\/person\/ad82545263dcc5ec0996818884fd5fb1"},"breadcrumb":{"@id":"https:\/\/www.noticiasradioreflejos.com.ar\/2021\/alejandro-dichiara-fue-electo-como-presidente-de-la-camara-de-diputados-bonaerense\/#breadcrumb"},"inLanguage":"es","potentialAction":[{"@type":"ReadAction","target":["https:\/\/www.noticiasradioreflejos.com.ar\/2021\/alejandro-dichiara-fue-electo-como-presidente-de-la-camara-de-diputados-bonaerense\/"]}]},{"@type":"BreadcrumbList","@id":"https:\/\/www.noticiasradioreflejos.com.ar\/2021\/alejandro-dichiara-fue-electo-como-presidente-de-la-camara-de-diputados-bonaerense\/#breadcrumb","itemListElement":[{"@type":"ListItem","position":1,"name":"Portada","item":"https:\/\/www.noticiasradioreflejos.com.ar\/2021\/"},{"@type":"ListItem","position":2,"name":"Alejandro Dichiara fue electo como presidente de la C\u00e1mara de Diputados bonaerense"}]},{"@type":"WebSite","@id":"https:\/\/www.noticiasradioreflejos.com.ar\/2021\/#website","url":"https:\/\/www.noticiasradioreflejos.com.ar\/2021\/","name":"Noticias Radio Reflejos","description":"Las noticias de mi comarca","potentialAction":[{"@type":"SearchAction","target":{"@type":"EntryPoint","urlTemplate":"https:\/\/www.noticiasradioreflejos.com.ar\/2021\/?s={search_term_string}"},"query-input":{"@type":"PropertyValueSpecification","valueRequired":true,"valueName":"search_term_string"}}],"inLanguage":"es"},{"@type":"Person","@id":"https:\/\/www.noticiasradioreflejos.com.ar\/2021\/#\/schema\/person\/ad82545263dcc5ec0996818884fd5fb1","name":"Arnaldo Botto","image":{"@type":"ImageObject","inLanguage":"es","@id":"https:\/\/www.noticiasradioreflejos.com.ar\/2021\/#\/schema\/person\/image\/","url":"https:\/\/secure.gravatar.com\/avatar\/55cb5e37c1efa326397366e6974cb338056df65cb50e7d64d1cf314e87504837?s=96&d=mm&r=g","contentUrl":"https:\/\/secure.gravatar.com\/avatar\/55cb5e37c1efa326397366e6974cb338056df65cb50e7d64d1cf314e87504837?s=96&d=mm&r=g","caption":"Arnaldo Botto"},"url":"https:\/\/www.noticiasradioreflejos.com.ar\/2021\/author\/arnaldo\/"}]}},"_links":{"self":[{"href":"https:\/\/www.noticiasradioreflejos.com.ar\/2021\/wp-json\/wp\/v2\/posts\/129202","targetHints":{"allow":["GET"]}}],"collection":[{"href":"https:\/\/www.noticiasradioreflejos.com.ar\/2021\/wp-json\/wp\/v2\/posts"}],"about":[{"href":"https:\/\/www.noticiasradioreflejos.com.ar\/2021\/wp-json\/wp\/v2\/types\/post"}],"author":[{"embeddable":true,"href":"https:\/\/www.noticiasradioreflejos.com.ar\/2021\/wp-json\/wp\/v2\/users\/3"}],"replies":[{"embeddable":true,"href":"https:\/\/www.noticiasradioreflejos.com.ar\/2021\/wp-json\/wp\/v2\/comments?post=129202"}],"version-history":[{"count":1,"href":"https:\/\/www.noticiasradioreflejos.com.ar\/2021\/wp-json\/wp\/v2\/posts\/129202\/revisions"}],"predecessor-version":[{"id":129204,"href":"https:\/\/www.noticiasradioreflejos.com.ar\/2021\/wp-json\/wp\/v2\/posts\/129202\/revisions\/129204"}],"wp:attachment":[{"href":"https:\/\/www.noticiasradioreflejos.com.ar\/2021\/wp-json\/wp\/v2\/media?parent=129202"}],"wp:term":[{"taxonomy":"category","embeddable":true,"href":"https:\/\/www.noticiasradioreflejos.com.ar\/2021\/wp-json\/wp\/v2\/categories?post=129202"},{"taxonomy":"post_tag","embeddable":true,"href":"https:\/\/www.noticiasradioreflejos.com.ar\/2021\/wp-json\/wp\/v2\/tags?post=129202"}],"curies":[{"name":"wp","href":"https:\/\/api.w.org\/{rel}","templated":true}]}}