{"id":129197,"date":"2025-12-03T06:59:46","date_gmt":"2025-12-03T09:59:46","guid":{"rendered":"https:\/\/www.noticiasradioreflejos.com.ar\/2021\/?p=129197"},"modified":"2025-12-03T06:59:46","modified_gmt":"2025-12-03T09:59:46","slug":"dia-internacional-de-las-personas-con-discapacidad-por-que-se-celebra-el-3-de-diciembre","status":"publish","type":"post","link":"https:\/\/www.noticiasradioreflejos.com.ar\/2021\/dia-internacional-de-las-personas-con-discapacidad-por-que-se-celebra-el-3-de-diciembre\/","title":{"rendered":"D\u00eda Internacional de las Personas con Discapacidad: \u00bfpor qu\u00e9 se celebra el 3 de diciembre?"},"content":{"rendered":"<p>Cada 3 de diciembre se conmemora una jornada clave para promover la igualdad de oportunidades, el respeto y la accesibilidad de las personas con discapacidad en todo el mundo.<!--more--><br \/>\nEl <strong>D\u00eda Internacional de las Personas con Discapacidad<\/strong>\u00a0se celebra cada\u00a0<strong>3 de diciembre\u00a0<\/strong>con el objetivo de promover los derechos, el bienestar y la inclusi\u00f3n de las personas con discapacidad en todos los \u00e1mbitos de la sociedad. La fecha, impulsada por la Organizaci\u00f3n de las Naciones Unidas (ONU), invita a reflexionar sobre las barreras f\u00edsicas, sociales y culturales que a\u00fan persisten, y a renovar el compromiso colectivo para construir comunidades m\u00e1s justas y accesibles.<\/p>\n<div class=\"partner-wrapper article-page__body-row\">\n<div class=\"second-col\">\n<p class=\"article-text\">Seg\u00fan datos de organismos internacionales, m\u00e1s de mil millones de personas viven con alguna discapacidad en el mundo, lo que representa alrededor del 15% de la poblaci\u00f3n global. Sin embargo, muchas de ellas enfrentan cotidianamente obst\u00e1culos para acceder a la educaci\u00f3n, el trabajo, la salud, el transporte y la participaci\u00f3n social plena. Estas limitaciones no siempre tienen que ver con la condici\u00f3n en s\u00ed, sino con entornos que no contemplan la diversidad humana.<\/p>\n<figure><picture class=\"news-image\"><source srcset=\"https:\/\/static.eldiario.es\/clip\/c4cdfe8c-f6b3-43e8-af23-2d3632cfcb8b_source-aspect-ratio_50p_1131734.webp\" type=\"image\/webp\" media=\"(max-width: 576px)\" \/><source srcset=\"https:\/\/static.eldiario.es\/clip\/c4cdfe8c-f6b3-43e8-af23-2d3632cfcb8b_source-aspect-ratio_50p_1131734.jpg\" type=\"image\/jpg\" media=\"(max-width: 576px)\" \/><source srcset=\"https:\/\/static.eldiario.es\/clip\/c4cdfe8c-f6b3-43e8-af23-2d3632cfcb8b_source-aspect-ratio_75p_1131734.webp\" type=\"image\/webp\" media=\"(max-width: 767px)\" \/><source srcset=\"https:\/\/static.eldiario.es\/clip\/c4cdfe8c-f6b3-43e8-af23-2d3632cfcb8b_source-aspect-ratio_75p_1131734.jpg\" type=\"image\/jpg\" media=\"(max-width: 767px)\" \/><source srcset=\"https:\/\/static.eldiario.es\/clip\/c4cdfe8c-f6b3-43e8-af23-2d3632cfcb8b_source-aspect-ratio_default_1131734.webp\" type=\"image\/webp\" media=\"(min-width: 768px)\" \/><source srcset=\"https:\/\/static.eldiario.es\/clip\/c4cdfe8c-f6b3-43e8-af23-2d3632cfcb8b_source-aspect-ratio_default_1131734.jpg\" type=\"image\/jpg\" media=\"(min-width: 768px)\" \/><source srcset=\"https:\/\/static.eldiario.es\/clip\/c4cdfe8c-f6b3-43e8-af23-2d3632cfcb8b_source-aspect-ratio_default_1131734.webp\" type=\"image\/webp\" \/><img decoding=\"async\" class=\"lazy entered loaded\" src=\"https:\/\/static.eldiario.es\/clip\/c4cdfe8c-f6b3-43e8-af23-2d3632cfcb8b_source-aspect-ratio_default_1131734.jpg\" alt=\"D\u00eda de las personas con discapacidad. El deporte es un \u00e1mbito de inclusi\u00f3n\" data-src=\"https:\/\/static.eldiario.es\/clip\/c4cdfe8c-f6b3-43e8-af23-2d3632cfcb8b_source-aspect-ratio_default_1131734.jpg\" data-ll-status=\"loaded\" \/><\/picture><\/figure>\n<\/div>\n<\/div>\n<p><span class=\"title\">D\u00eda de las personas con discapacidad. El deporte es un \u00e1mbito de inclusi\u00f3n<\/span><\/p>\n<p class=\"article-text\">Esta conmemoraci\u00f3n tambi\u00e9n busca visibilizar que la discapacidad no es una cuesti\u00f3n individual, sino una responsabilidad social. La falta de rampas, se\u00f1alizaci\u00f3n adecuada, materiales accesibles o informaci\u00f3n en formatos inclusivos profundiza la desigualdad y limita el ejercicio de derechos fundamentales. Por eso, uno de los ejes centrales de esta fecha es la accesibilidad universal como condici\u00f3n indispensable para una vida aut\u00f3noma y digna.<\/p>\n<p class=\"article-text\">En los \u00faltimos a\u00f1os, el enfoque sobre discapacidad ha avanzado desde una mirada asistencial hacia un modelo social basado en derechos humanos. Esta perspectiva entiende que las personas con discapacidad no son sujetos de caridad, sino titulares de derechos, y que es el entorno el que debe adaptarse para garantizar la participaci\u00f3n plena y efectiva en igualdad de condiciones con los dem\u00e1s.<\/p>\n<figure class=\"embed-container embed-container--type-youtube ratio\"><script src=\"https:\/\/www.youtube.com\/iframe_api\"><\/script><script type=\"module\">window.marfeel.cmd.push(['multimedia', function(multimedia) { multimedia.initializeItem('yt-tGv61CfDNI4-7788', 'youtube', 'tGv61CfDNI4', document.getElementById('yt-tGv61CfDNI4-7788')); }]);<\/script><iframe id=\"yt-tGv61CfDNI4-7788\" title=\"Modelo y defensora de los derechos de las personas con discapacidad visita las Naciones Unidas\" src=\"https:\/\/www.youtube.com\/embed\/tGv61CfDNI4?enablejsapi=1\" frameborder=\"0\" data-gtm-yt-inspected-34399851_303=\"true\" data-gtm-yt-inspected-34399851_396=\"true\" data-gtm-yt-inspected-41=\"true\" data-mce-fragment=\"1\"><\/iframe><\/figure>\n<p class=\"article-text\">El D\u00eda Internacional de las Personas con Discapacidad tambi\u00e9n es una oportunidad para reconocer el aporte de quienes, desde distintos espacios, impulsan pol\u00edticas p\u00fablicas inclusivas, acciones comunitarias y pr\u00e1cticas laborales igualitarias. La educaci\u00f3n inclusiva, el empleo con apoyos, la tecnolog\u00eda accesible y la eliminaci\u00f3n de prejuicios son pilares fundamentales para avanzar hacia una sociedad verdaderamente integrada.<\/p>\n<div id=\"container-after-news-outlook\"><\/div>\n<p class=\"article-text\">M\u00e1s que una fecha en el calendario, el 3 de diciembre es un llamado a la acci\u00f3n. Promover la inclusi\u00f3n no se limita a discursos, sino que implica decisiones concretas que impactan en la vida cotidiana de millones de personas. Una sociedad inclusiva no beneficia solo a quienes tienen una discapacidad, sino que mejora la calidad de vida de todos y fortalece el tejido social desde el respeto por la diversidad.<\/p>\n<p>&nbsp;<\/p>\n<p class=\"title\">Fuente elDiarioAR<\/p>\n","protected":false},"excerpt":{"rendered":"<p>Cada 3 de diciembre se conmemora una jornada clave para promover la igualdad de oportunidades, el respeto y la accesibilidad de las personas con discapacidad en todo el mundo.<\/p>\n","protected":false},"author":3,"featured_media":123679,"comment_status":"closed","ping_status":"closed","sticky":false,"template":"","format":"standard","meta":{"footnotes":""},"categories":[26],"tags":[],"class_list":["post-129197","post","type-post","status-publish","format-standard","has-post-thumbnail","hentry","category-sociedad"],"yoast_head":"<!-- This site is optimized with the Yoast SEO plugin v25.9 - https:\/\/yoast.com\/wordpress\/plugins\/seo\/ -->\n<title>D\u00eda Internacional de las Personas con Discapacidad: \u00bfpor qu\u00e9 se celebra el 3 de diciembre? - Noticias Radio Reflejos<\/title>\n<meta name=\"robots\" content=\"index, follow, max-snippet:-1, max-image-preview:large, max-video-preview:-1\" \/>\n<link rel=\"canonical\" href=\"https:\/\/www.noticiasradioreflejos.com.ar\/2021\/dia-internacional-de-las-personas-con-discapacidad-por-que-se-celebra-el-3-de-diciembre\/\" \/>\n<meta property=\"og:locale\" content=\"es_ES\" \/>\n<meta property=\"og:type\" content=\"article\" \/>\n<meta property=\"og:title\" content=\"D\u00eda Internacional de las Personas con Discapacidad: \u00bfpor qu\u00e9 se celebra el 3 de diciembre? - Noticias Radio Reflejos\" \/>\n<meta property=\"og:description\" content=\"Cada 3 de diciembre se conmemora una jornada clave para promover la igualdad de oportunidades, el respeto y la accesibilidad de las personas con discapacidad en todo el mundo.\" \/>\n<meta property=\"og:url\" content=\"https:\/\/www.noticiasradioreflejos.com.ar\/2021\/dia-internacional-de-las-personas-con-discapacidad-por-que-se-celebra-el-3-de-diciembre\/\" \/>\n<meta property=\"og:site_name\" content=\"Noticias Radio Reflejos\" \/>\n<meta property=\"article:published_time\" content=\"2025-12-03T09:59:46+00:00\" \/>\n<meta property=\"og:image\" content=\"https:\/\/www.noticiasradioreflejos.com.ar\/2021\/wp-content\/uploads\/2025\/08\/discapacidad.jpg\" \/>\n\t<meta property=\"og:image:width\" content=\"700\" \/>\n\t<meta property=\"og:image:height\" content=\"467\" \/>\n\t<meta property=\"og:image:type\" content=\"image\/jpeg\" \/>\n<meta name=\"author\" content=\"Arnaldo Botto\" \/>\n<meta name=\"twitter:card\" content=\"summary_large_image\" \/>\n<script type=\"application\/ld+json\" class=\"yoast-schema-graph\">{\"@context\":\"https:\/\/schema.org\",\"@graph\":[{\"@type\":\"WebPage\",\"@id\":\"https:\/\/www.noticiasradioreflejos.com.ar\/2021\/dia-internacional-de-las-personas-con-discapacidad-por-que-se-celebra-el-3-de-diciembre\/\",\"url\":\"https:\/\/www.noticiasradioreflejos.com.ar\/2021\/dia-internacional-de-las-personas-con-discapacidad-por-que-se-celebra-el-3-de-diciembre\/\",\"name\":\"D\u00eda Internacional de las Personas con Discapacidad: \u00bfpor qu\u00e9 se celebra el 3 de diciembre? - Noticias Radio Reflejos\",\"isPartOf\":{\"@id\":\"https:\/\/www.noticiasradioreflejos.com.ar\/2021\/#website\"},\"primaryImageOfPage\":{\"@id\":\"https:\/\/www.noticiasradioreflejos.com.ar\/2021\/dia-internacional-de-las-personas-con-discapacidad-por-que-se-celebra-el-3-de-diciembre\/#primaryimage\"},\"image\":{\"@id\":\"https:\/\/www.noticiasradioreflejos.com.ar\/2021\/dia-internacional-de-las-personas-con-discapacidad-por-que-se-celebra-el-3-de-diciembre\/#primaryimage\"},\"thumbnailUrl\":\"https:\/\/www.noticiasradioreflejos.com.ar\/2021\/wp-content\/uploads\/2025\/08\/discapacidad.jpg\",\"datePublished\":\"2025-12-03T09:59:46+00:00\",\"author\":{\"@id\":\"https:\/\/www.noticiasradioreflejos.com.ar\/2021\/#\/schema\/person\/ad82545263dcc5ec0996818884fd5fb1\"},\"breadcrumb\":{\"@id\":\"https:\/\/www.noticiasradioreflejos.com.ar\/2021\/dia-internacional-de-las-personas-con-discapacidad-por-que-se-celebra-el-3-de-diciembre\/#breadcrumb\"},\"inLanguage\":\"es\",\"potentialAction\":[{\"@type\":\"ReadAction\",\"target\":[\"https:\/\/www.noticiasradioreflejos.com.ar\/2021\/dia-internacional-de-las-personas-con-discapacidad-por-que-se-celebra-el-3-de-diciembre\/\"]}]},{\"@type\":\"ImageObject\",\"inLanguage\":\"es\",\"@id\":\"https:\/\/www.noticiasradioreflejos.com.ar\/2021\/dia-internacional-de-las-personas-con-discapacidad-por-que-se-celebra-el-3-de-diciembre\/#primaryimage\",\"url\":\"https:\/\/www.noticiasradioreflejos.com.ar\/2021\/wp-content\/uploads\/2025\/08\/discapacidad.jpg\",\"contentUrl\":\"https:\/\/www.noticiasradioreflejos.com.ar\/2021\/wp-content\/uploads\/2025\/08\/discapacidad.jpg\",\"width\":700,\"height\":467},{\"@type\":\"BreadcrumbList\",\"@id\":\"https:\/\/www.noticiasradioreflejos.com.ar\/2021\/dia-internacional-de-las-personas-con-discapacidad-por-que-se-celebra-el-3-de-diciembre\/#breadcrumb\",\"itemListElement\":[{\"@type\":\"ListItem\",\"position\":1,\"name\":\"Portada\",\"item\":\"https:\/\/www.noticiasradioreflejos.com.ar\/2021\/\"},{\"@type\":\"ListItem\",\"position\":2,\"name\":\"D\u00eda Internacional de las Personas con Discapacidad: \u00bfpor qu\u00e9 se celebra el 3 de diciembre?\"}]},{\"@type\":\"WebSite\",\"@id\":\"https:\/\/www.noticiasradioreflejos.com.ar\/2021\/#website\",\"url\":\"https:\/\/www.noticiasradioreflejos.com.ar\/2021\/\",\"name\":\"Noticias Radio Reflejos\",\"description\":\"Las noticias de mi comarca\",\"potentialAction\":[{\"@type\":\"SearchAction\",\"target\":{\"@type\":\"EntryPoint\",\"urlTemplate\":\"https:\/\/www.noticiasradioreflejos.com.ar\/2021\/?s={search_term_string}\"},\"query-input\":{\"@type\":\"PropertyValueSpecification\",\"valueRequired\":true,\"valueName\":\"search_term_string\"}}],\"inLanguage\":\"es\"},{\"@type\":\"Person\",\"@id\":\"https:\/\/www.noticiasradioreflejos.com.ar\/2021\/#\/schema\/person\/ad82545263dcc5ec0996818884fd5fb1\",\"name\":\"Arnaldo Botto\",\"image\":{\"@type\":\"ImageObject\",\"inLanguage\":\"es\",\"@id\":\"https:\/\/www.noticiasradioreflejos.com.ar\/2021\/#\/schema\/person\/image\/\",\"url\":\"https:\/\/secure.gravatar.com\/avatar\/55cb5e37c1efa326397366e6974cb338056df65cb50e7d64d1cf314e87504837?s=96&d=mm&r=g\",\"contentUrl\":\"https:\/\/secure.gravatar.com\/avatar\/55cb5e37c1efa326397366e6974cb338056df65cb50e7d64d1cf314e87504837?s=96&d=mm&r=g\",\"caption\":\"Arnaldo Botto\"},\"url\":\"https:\/\/www.noticiasradioreflejos.com.ar\/2021\/author\/arnaldo\/\"}]}<\/script>\n<!-- \/ Yoast SEO plugin. -->","yoast_head_json":{"title":"D\u00eda Internacional de las Personas con Discapacidad: \u00bfpor qu\u00e9 se celebra el 3 de diciembre? - Noticias Radio Reflejos","robots":{"index":"index","follow":"follow","max-snippet":"max-snippet:-1","max-image-preview":"max-image-preview:large","max-video-preview":"max-video-preview:-1"},"canonical":"https:\/\/www.noticiasradioreflejos.com.ar\/2021\/dia-internacional-de-las-personas-con-discapacidad-por-que-se-celebra-el-3-de-diciembre\/","og_locale":"es_ES","og_type":"article","og_title":"D\u00eda Internacional de las Personas con Discapacidad: \u00bfpor qu\u00e9 se celebra el 3 de diciembre? - Noticias Radio Reflejos","og_description":"Cada 3 de diciembre se conmemora una jornada clave para promover la igualdad de oportunidades, el respeto y la accesibilidad de las personas con discapacidad en todo el mundo.","og_url":"https:\/\/www.noticiasradioreflejos.com.ar\/2021\/dia-internacional-de-las-personas-con-discapacidad-por-que-se-celebra-el-3-de-diciembre\/","og_site_name":"Noticias Radio Reflejos","article_published_time":"2025-12-03T09:59:46+00:00","og_image":[{"width":700,"height":467,"url":"https:\/\/www.noticiasradioreflejos.com.ar\/2021\/wp-content\/uploads\/2025\/08\/discapacidad.jpg","type":"image\/jpeg"}],"author":"Arnaldo Botto","twitter_card":"summary_large_image","schema":{"@context":"https:\/\/schema.org","@graph":[{"@type":"WebPage","@id":"https:\/\/www.noticiasradioreflejos.com.ar\/2021\/dia-internacional-de-las-personas-con-discapacidad-por-que-se-celebra-el-3-de-diciembre\/","url":"https:\/\/www.noticiasradioreflejos.com.ar\/2021\/dia-internacional-de-las-personas-con-discapacidad-por-que-se-celebra-el-3-de-diciembre\/","name":"D\u00eda Internacional de las Personas con Discapacidad: \u00bfpor qu\u00e9 se celebra el 3 de diciembre? - Noticias Radio Reflejos","isPartOf":{"@id":"https:\/\/www.noticiasradioreflejos.com.ar\/2021\/#website"},"primaryImageOfPage":{"@id":"https:\/\/www.noticiasradioreflejos.com.ar\/2021\/dia-internacional-de-las-personas-con-discapacidad-por-que-se-celebra-el-3-de-diciembre\/#primaryimage"},"image":{"@id":"https:\/\/www.noticiasradioreflejos.com.ar\/2021\/dia-internacional-de-las-personas-con-discapacidad-por-que-se-celebra-el-3-de-diciembre\/#primaryimage"},"thumbnailUrl":"https:\/\/www.noticiasradioreflejos.com.ar\/2021\/wp-content\/uploads\/2025\/08\/discapacidad.jpg","datePublished":"2025-12-03T09:59:46+00:00","author":{"@id":"https:\/\/www.noticiasradioreflejos.com.ar\/2021\/#\/schema\/person\/ad82545263dcc5ec0996818884fd5fb1"},"breadcrumb":{"@id":"https:\/\/www.noticiasradioreflejos.com.ar\/2021\/dia-internacional-de-las-personas-con-discapacidad-por-que-se-celebra-el-3-de-diciembre\/#breadcrumb"},"inLanguage":"es","potentialAction":[{"@type":"ReadAction","target":["https:\/\/www.noticiasradioreflejos.com.ar\/2021\/dia-internacional-de-las-personas-con-discapacidad-por-que-se-celebra-el-3-de-diciembre\/"]}]},{"@type":"ImageObject","inLanguage":"es","@id":"https:\/\/www.noticiasradioreflejos.com.ar\/2021\/dia-internacional-de-las-personas-con-discapacidad-por-que-se-celebra-el-3-de-diciembre\/#primaryimage","url":"https:\/\/www.noticiasradioreflejos.com.ar\/2021\/wp-content\/uploads\/2025\/08\/discapacidad.jpg","contentUrl":"https:\/\/www.noticiasradioreflejos.com.ar\/2021\/wp-content\/uploads\/2025\/08\/discapacidad.jpg","width":700,"height":467},{"@type":"BreadcrumbList","@id":"https:\/\/www.noticiasradioreflejos.com.ar\/2021\/dia-internacional-de-las-personas-con-discapacidad-por-que-se-celebra-el-3-de-diciembre\/#breadcrumb","itemListElement":[{"@type":"ListItem","position":1,"name":"Portada","item":"https:\/\/www.noticiasradioreflejos.com.ar\/2021\/"},{"@type":"ListItem","position":2,"name":"D\u00eda Internacional de las Personas con Discapacidad: \u00bfpor qu\u00e9 se celebra el 3 de diciembre?"}]},{"@type":"WebSite","@id":"https:\/\/www.noticiasradioreflejos.com.ar\/2021\/#website","url":"https:\/\/www.noticiasradioreflejos.com.ar\/2021\/","name":"Noticias Radio Reflejos","description":"Las noticias de mi comarca","potentialAction":[{"@type":"SearchAction","target":{"@type":"EntryPoint","urlTemplate":"https:\/\/www.noticiasradioreflejos.com.ar\/2021\/?s={search_term_string}"},"query-input":{"@type":"PropertyValueSpecification","valueRequired":true,"valueName":"search_term_string"}}],"inLanguage":"es"},{"@type":"Person","@id":"https:\/\/www.noticiasradioreflejos.com.ar\/2021\/#\/schema\/person\/ad82545263dcc5ec0996818884fd5fb1","name":"Arnaldo Botto","image":{"@type":"ImageObject","inLanguage":"es","@id":"https:\/\/www.noticiasradioreflejos.com.ar\/2021\/#\/schema\/person\/image\/","url":"https:\/\/secure.gravatar.com\/avatar\/55cb5e37c1efa326397366e6974cb338056df65cb50e7d64d1cf314e87504837?s=96&d=mm&r=g","contentUrl":"https:\/\/secure.gravatar.com\/avatar\/55cb5e37c1efa326397366e6974cb338056df65cb50e7d64d1cf314e87504837?s=96&d=mm&r=g","caption":"Arnaldo Botto"},"url":"https:\/\/www.noticiasradioreflejos.com.ar\/2021\/author\/arnaldo\/"}]}},"_links":{"self":[{"href":"https:\/\/www.noticiasradioreflejos.com.ar\/2021\/wp-json\/wp\/v2\/posts\/129197","targetHints":{"allow":["GET"]}}],"collection":[{"href":"https:\/\/www.noticiasradioreflejos.com.ar\/2021\/wp-json\/wp\/v2\/posts"}],"about":[{"href":"https:\/\/www.noticiasradioreflejos.com.ar\/2021\/wp-json\/wp\/v2\/types\/post"}],"author":[{"embeddable":true,"href":"https:\/\/www.noticiasradioreflejos.com.ar\/2021\/wp-json\/wp\/v2\/users\/3"}],"replies":[{"embeddable":true,"href":"https:\/\/www.noticiasradioreflejos.com.ar\/2021\/wp-json\/wp\/v2\/comments?post=129197"}],"version-history":[{"count":1,"href":"https:\/\/www.noticiasradioreflejos.com.ar\/2021\/wp-json\/wp\/v2\/posts\/129197\/revisions"}],"predecessor-version":[{"id":129199,"href":"https:\/\/www.noticiasradioreflejos.com.ar\/2021\/wp-json\/wp\/v2\/posts\/129197\/revisions\/129199"}],"wp:featuredmedia":[{"embeddable":true,"href":"https:\/\/www.noticiasradioreflejos.com.ar\/2021\/wp-json\/wp\/v2\/media\/123679"}],"wp:attachment":[{"href":"https:\/\/www.noticiasradioreflejos.com.ar\/2021\/wp-json\/wp\/v2\/media?parent=129197"}],"wp:term":[{"taxonomy":"category","embeddable":true,"href":"https:\/\/www.noticiasradioreflejos.com.ar\/2021\/wp-json\/wp\/v2\/categories?post=129197"},{"taxonomy":"post_tag","embeddable":true,"href":"https:\/\/www.noticiasradioreflejos.com.ar\/2021\/wp-json\/wp\/v2\/tags?post=129197"}],"curies":[{"name":"wp","href":"https:\/\/api.w.org\/{rel}","templated":true}]}}