{"id":129194,"date":"2025-12-02T19:09:40","date_gmt":"2025-12-02T22:09:40","guid":{"rendered":"https:\/\/www.noticiasradioreflejos.com.ar\/2021\/?p=129194"},"modified":"2025-12-02T19:09:40","modified_gmt":"2025-12-02T22:09:40","slug":"la-provincia-de-los-bonaerenses-no-esta-rota-esta-desorganizada","status":"publish","type":"post","link":"https:\/\/www.noticiasradioreflejos.com.ar\/2021\/la-provincia-de-los-bonaerenses-no-esta-rota-esta-desorganizada\/","title":{"rendered":"LA PROVINCIA DE LOS BONAERENSES NO EST\u00c1 ROTA, EST\u00c1 DESORGANIZADA\u00a0"},"content":{"rendered":"<p>Tercera y \u00faltima parte- Las consecuencias reales de dividir la provincia<!--more--><\/p>\n<p>Quienes promueven dividir la Provincia de Buenos Ayres en cinco nuevas provincias imaginan que la fragmentaci\u00f3n resolver\u00e1 los problemas estructurales. Pero no han pensado en las consecuencias inmediatas, pol\u00edticas, econ\u00f3micas y sociales de semejante desmembramiento. La divisi\u00f3n no generar\u00eda eficiencia: generar\u00eda caos, y ese caos tendr\u00eda nombre, territorio y v\u00edctimas concretas.<\/p>\n<p>La primera consecuencia ser\u00eda el destino del Puerto de Buenos Ayres, hoy enclave estrat\u00e9gico para la log\u00edstica nacional y terminal de un tercio de las exportaciones argentinas.<\/p>\n<p>Al dividir el AMBA en dos provincias -Norte y Sur-, el puerto quedar\u00eda sin Provincia madre. En t\u00e9rminos constitucionales y competenciales, perder\u00eda funci\u00f3n, autoridad y financiamiento. Sin un Estado provincial que lo sostenga, el puerto quedar\u00eda condenado al desmontaje. \u00bfY qu\u00e9 vendr\u00eda despu\u00e9s? Un nuevo emprendimiento inmobiliario, como ya se ha visto en cada reconversi\u00f3n urbana de alto valor.<\/p>\n<p>Las miles de familias que dependen del puerto ser\u00edan expulsadas, y lo mismo suceder\u00eda con quienes viven en las villas que quedar\u00edan \u201cdentro del nuevo proyecto\u201d, como la Villa 31. Esas personas ser\u00edan desplazadas hacia las nuevas provincias del conurbano, que absorber\u00edan la presi\u00f3n habitacional sin infraestructura, sin presupuesto y sin planificaci\u00f3n. Esa masa poblacional desplazada no encontrar\u00eda contenci\u00f3n estatal: ser\u00eda empujada hacia la marginalidad estructural.<\/p>\n<p>Las dos nuevas provincias del AMBA -la del Norte y la del Sur- nacer\u00edan con un problema insalvable: demasiada gente, demasiado poco territorio \u00fatil y cero control institucional. Ser\u00edan territorios sometidos a una presi\u00f3n demogr\u00e1fica insoportable, terreno f\u00e9rtil para el avance del narcotr\u00e1fico, el crimen organizado y la proliferaci\u00f3n de econom\u00edas ilegales.<\/p>\n<p>Los habitantes de esa regi\u00f3n ser\u00edan convertidos en los parias de la Argentina, encerrados en provincias inviables, pobres y sobredensificadas, administradas por gobiernos d\u00e9biles desde el nacimiento, controlados por las mafias corruptas. \u00bfQu\u00e9 har\u00e1 la ciudad del Buen Ayre, construir\u00e1 un muro para separarse?<\/p>\n<p>Las otras tres provincias tampoco escapar\u00edan al problema. Al dividir la Provincia de Buenos Ayres, las regiones productivas quedar\u00edan replicadas sin complementariedad. Nacer\u00edan nuevas provincias id\u00e9nticas en sus estructuras productivas, compitiendo entre s\u00ed por el mismo mercado agroexportador, disputando los mismos puertos, reclamando las mismas rutas, los mismos ferrocarriles y los mismos actores log\u00edsticos.<\/p>\n<p>En vez de armon\u00eda territorial, habr\u00eda competencia destructiva, fragmentaci\u00f3n fiscal y una carrera por ver qui\u00e9n ofrece m\u00e1s exenciones a los mismos sectores productivos.<\/p>\n<p>En ese escenario, el poder econ\u00f3mico agr\u00edcola-ganadero tendr\u00eda un poder desmedido. El peso relativo de cada provincia ser\u00eda tan bajo que cualquier lobby sectorial podr\u00eda capturar al poder pol\u00edtico con facilidad. La pol\u00edtica quedar\u00eda sometida a intereses privados, y el poder nacional podr\u00eda ser condicionado por tres o cuatro grupos exportadores capaces de dominar la agenda de cada nueva provincia. Argentina pasar\u00eda a ser un pa\u00eds m\u00e1s desequilibrado, m\u00e1s desigual y m\u00e1s oligopolizado, con un territorio fragmentado y sin un centro pol\u00edtico claro.<\/p>\n<p>Dividir Buenos Aires no mejora nada: agrava todo. Desarticula el AMBA, destruye el puerto, expulsa poblaci\u00f3n vulnerable, multiplica la pobreza, fragmenta el poder pol\u00edtico, debilita la soberan\u00eda y concentra la econom\u00eda en pocas manos.<\/p>\n<p>La verdadera transformaci\u00f3n no es romper la provincia, sino organizarla: con autonom\u00eda municipal, con regionalizaci\u00f3n productiva, con una nueva capital en Jun\u00edn y con una arquitectura institucional del S.XXI.<\/p>\n<p>La Provincia de Buenos Aires no necesita nuevas fronteras: necesita que la organicen.<\/p>\n<p>&nbsp;<\/p>\n<h5>Luis Gotte<br \/>\nla trinchera bonaerense<\/h5>\n","protected":false},"excerpt":{"rendered":"<p>Tercera y \u00faltima parte- Las consecuencias reales de dividir la provincia<\/p>\n","protected":false},"author":3,"featured_media":129195,"comment_status":"closed","ping_status":"closed","sticky":false,"template":"","format":"standard","meta":{"footnotes":""},"categories":[24],"tags":[],"class_list":["post-129194","post","type-post","status-publish","format-standard","has-post-thumbnail","hentry","category-politica"],"yoast_head":"<!-- This site is optimized with the Yoast SEO plugin v25.9 - https:\/\/yoast.com\/wordpress\/plugins\/seo\/ -->\n<title>LA PROVINCIA DE LOS BONAERENSES NO EST\u00c1 ROTA, EST\u00c1 DESORGANIZADA\u00a0 - Noticias Radio Reflejos<\/title>\n<meta name=\"robots\" content=\"index, follow, max-snippet:-1, max-image-preview:large, max-video-preview:-1\" \/>\n<link rel=\"canonical\" href=\"https:\/\/www.noticiasradioreflejos.com.ar\/2021\/la-provincia-de-los-bonaerenses-no-esta-rota-esta-desorganizada\/\" \/>\n<meta property=\"og:locale\" content=\"es_ES\" \/>\n<meta property=\"og:type\" content=\"article\" \/>\n<meta property=\"og:title\" content=\"LA PROVINCIA DE LOS BONAERENSES NO EST\u00c1 ROTA, EST\u00c1 DESORGANIZADA\u00a0 - Noticias Radio Reflejos\" \/>\n<meta property=\"og:description\" content=\"Tercera y \u00faltima parte- Las consecuencias reales de dividir la provincia\" \/>\n<meta property=\"og:url\" content=\"https:\/\/www.noticiasradioreflejos.com.ar\/2021\/la-provincia-de-los-bonaerenses-no-esta-rota-esta-desorganizada\/\" \/>\n<meta property=\"og:site_name\" content=\"Noticias Radio Reflejos\" \/>\n<meta property=\"article:published_time\" content=\"2025-12-02T22:09:40+00:00\" \/>\n<meta property=\"og:image\" content=\"https:\/\/www.noticiasradioreflejos.com.ar\/2021\/wp-content\/uploads\/2025\/12\/Provincia.jpeg\" \/>\n\t<meta property=\"og:image:width\" content=\"768\" \/>\n\t<meta property=\"og:image:height\" content=\"512\" \/>\n\t<meta property=\"og:image:type\" content=\"image\/jpeg\" \/>\n<meta name=\"author\" content=\"Arnaldo Botto\" \/>\n<meta name=\"twitter:card\" content=\"summary_large_image\" \/>\n<script type=\"application\/ld+json\" class=\"yoast-schema-graph\">{\"@context\":\"https:\/\/schema.org\",\"@graph\":[{\"@type\":\"WebPage\",\"@id\":\"https:\/\/www.noticiasradioreflejos.com.ar\/2021\/la-provincia-de-los-bonaerenses-no-esta-rota-esta-desorganizada\/\",\"url\":\"https:\/\/www.noticiasradioreflejos.com.ar\/2021\/la-provincia-de-los-bonaerenses-no-esta-rota-esta-desorganizada\/\",\"name\":\"LA PROVINCIA DE LOS BONAERENSES NO EST\u00c1 ROTA, EST\u00c1 DESORGANIZADA\u00a0 - Noticias Radio Reflejos\",\"isPartOf\":{\"@id\":\"https:\/\/www.noticiasradioreflejos.com.ar\/2021\/#website\"},\"primaryImageOfPage\":{\"@id\":\"https:\/\/www.noticiasradioreflejos.com.ar\/2021\/la-provincia-de-los-bonaerenses-no-esta-rota-esta-desorganizada\/#primaryimage\"},\"image\":{\"@id\":\"https:\/\/www.noticiasradioreflejos.com.ar\/2021\/la-provincia-de-los-bonaerenses-no-esta-rota-esta-desorganizada\/#primaryimage\"},\"thumbnailUrl\":\"https:\/\/www.noticiasradioreflejos.com.ar\/2021\/wp-content\/uploads\/2025\/12\/Provincia.jpeg\",\"datePublished\":\"2025-12-02T22:09:40+00:00\",\"author\":{\"@id\":\"https:\/\/www.noticiasradioreflejos.com.ar\/2021\/#\/schema\/person\/ad82545263dcc5ec0996818884fd5fb1\"},\"breadcrumb\":{\"@id\":\"https:\/\/www.noticiasradioreflejos.com.ar\/2021\/la-provincia-de-los-bonaerenses-no-esta-rota-esta-desorganizada\/#breadcrumb\"},\"inLanguage\":\"es\",\"potentialAction\":[{\"@type\":\"ReadAction\",\"target\":[\"https:\/\/www.noticiasradioreflejos.com.ar\/2021\/la-provincia-de-los-bonaerenses-no-esta-rota-esta-desorganizada\/\"]}]},{\"@type\":\"ImageObject\",\"inLanguage\":\"es\",\"@id\":\"https:\/\/www.noticiasradioreflejos.com.ar\/2021\/la-provincia-de-los-bonaerenses-no-esta-rota-esta-desorganizada\/#primaryimage\",\"url\":\"https:\/\/www.noticiasradioreflejos.com.ar\/2021\/wp-content\/uploads\/2025\/12\/Provincia.jpeg\",\"contentUrl\":\"https:\/\/www.noticiasradioreflejos.com.ar\/2021\/wp-content\/uploads\/2025\/12\/Provincia.jpeg\",\"width\":768,\"height\":512},{\"@type\":\"BreadcrumbList\",\"@id\":\"https:\/\/www.noticiasradioreflejos.com.ar\/2021\/la-provincia-de-los-bonaerenses-no-esta-rota-esta-desorganizada\/#breadcrumb\",\"itemListElement\":[{\"@type\":\"ListItem\",\"position\":1,\"name\":\"Portada\",\"item\":\"https:\/\/www.noticiasradioreflejos.com.ar\/2021\/\"},{\"@type\":\"ListItem\",\"position\":2,\"name\":\"LA PROVINCIA DE LOS BONAERENSES NO EST\u00c1 ROTA, EST\u00c1 DESORGANIZADA\u00a0\"}]},{\"@type\":\"WebSite\",\"@id\":\"https:\/\/www.noticiasradioreflejos.com.ar\/2021\/#website\",\"url\":\"https:\/\/www.noticiasradioreflejos.com.ar\/2021\/\",\"name\":\"Noticias Radio Reflejos\",\"description\":\"Las noticias de mi comarca\",\"potentialAction\":[{\"@type\":\"SearchAction\",\"target\":{\"@type\":\"EntryPoint\",\"urlTemplate\":\"https:\/\/www.noticiasradioreflejos.com.ar\/2021\/?s={search_term_string}\"},\"query-input\":{\"@type\":\"PropertyValueSpecification\",\"valueRequired\":true,\"valueName\":\"search_term_string\"}}],\"inLanguage\":\"es\"},{\"@type\":\"Person\",\"@id\":\"https:\/\/www.noticiasradioreflejos.com.ar\/2021\/#\/schema\/person\/ad82545263dcc5ec0996818884fd5fb1\",\"name\":\"Arnaldo Botto\",\"image\":{\"@type\":\"ImageObject\",\"inLanguage\":\"es\",\"@id\":\"https:\/\/www.noticiasradioreflejos.com.ar\/2021\/#\/schema\/person\/image\/\",\"url\":\"https:\/\/secure.gravatar.com\/avatar\/55cb5e37c1efa326397366e6974cb338056df65cb50e7d64d1cf314e87504837?s=96&d=mm&r=g\",\"contentUrl\":\"https:\/\/secure.gravatar.com\/avatar\/55cb5e37c1efa326397366e6974cb338056df65cb50e7d64d1cf314e87504837?s=96&d=mm&r=g\",\"caption\":\"Arnaldo Botto\"},\"url\":\"https:\/\/www.noticiasradioreflejos.com.ar\/2021\/author\/arnaldo\/\"}]}<\/script>\n<!-- \/ Yoast SEO plugin. -->","yoast_head_json":{"title":"LA PROVINCIA DE LOS BONAERENSES NO EST\u00c1 ROTA, EST\u00c1 DESORGANIZADA\u00a0 - Noticias Radio Reflejos","robots":{"index":"index","follow":"follow","max-snippet":"max-snippet:-1","max-image-preview":"max-image-preview:large","max-video-preview":"max-video-preview:-1"},"canonical":"https:\/\/www.noticiasradioreflejos.com.ar\/2021\/la-provincia-de-los-bonaerenses-no-esta-rota-esta-desorganizada\/","og_locale":"es_ES","og_type":"article","og_title":"LA PROVINCIA DE LOS BONAERENSES NO EST\u00c1 ROTA, EST\u00c1 DESORGANIZADA\u00a0 - Noticias Radio Reflejos","og_description":"Tercera y \u00faltima parte- Las consecuencias reales de dividir la provincia","og_url":"https:\/\/www.noticiasradioreflejos.com.ar\/2021\/la-provincia-de-los-bonaerenses-no-esta-rota-esta-desorganizada\/","og_site_name":"Noticias Radio Reflejos","article_published_time":"2025-12-02T22:09:40+00:00","og_image":[{"width":768,"height":512,"url":"https:\/\/www.noticiasradioreflejos.com.ar\/2021\/wp-content\/uploads\/2025\/12\/Provincia.jpeg","type":"image\/jpeg"}],"author":"Arnaldo Botto","twitter_card":"summary_large_image","schema":{"@context":"https:\/\/schema.org","@graph":[{"@type":"WebPage","@id":"https:\/\/www.noticiasradioreflejos.com.ar\/2021\/la-provincia-de-los-bonaerenses-no-esta-rota-esta-desorganizada\/","url":"https:\/\/www.noticiasradioreflejos.com.ar\/2021\/la-provincia-de-los-bonaerenses-no-esta-rota-esta-desorganizada\/","name":"LA PROVINCIA DE LOS BONAERENSES NO EST\u00c1 ROTA, EST\u00c1 DESORGANIZADA\u00a0 - Noticias Radio Reflejos","isPartOf":{"@id":"https:\/\/www.noticiasradioreflejos.com.ar\/2021\/#website"},"primaryImageOfPage":{"@id":"https:\/\/www.noticiasradioreflejos.com.ar\/2021\/la-provincia-de-los-bonaerenses-no-esta-rota-esta-desorganizada\/#primaryimage"},"image":{"@id":"https:\/\/www.noticiasradioreflejos.com.ar\/2021\/la-provincia-de-los-bonaerenses-no-esta-rota-esta-desorganizada\/#primaryimage"},"thumbnailUrl":"https:\/\/www.noticiasradioreflejos.com.ar\/2021\/wp-content\/uploads\/2025\/12\/Provincia.jpeg","datePublished":"2025-12-02T22:09:40+00:00","author":{"@id":"https:\/\/www.noticiasradioreflejos.com.ar\/2021\/#\/schema\/person\/ad82545263dcc5ec0996818884fd5fb1"},"breadcrumb":{"@id":"https:\/\/www.noticiasradioreflejos.com.ar\/2021\/la-provincia-de-los-bonaerenses-no-esta-rota-esta-desorganizada\/#breadcrumb"},"inLanguage":"es","potentialAction":[{"@type":"ReadAction","target":["https:\/\/www.noticiasradioreflejos.com.ar\/2021\/la-provincia-de-los-bonaerenses-no-esta-rota-esta-desorganizada\/"]}]},{"@type":"ImageObject","inLanguage":"es","@id":"https:\/\/www.noticiasradioreflejos.com.ar\/2021\/la-provincia-de-los-bonaerenses-no-esta-rota-esta-desorganizada\/#primaryimage","url":"https:\/\/www.noticiasradioreflejos.com.ar\/2021\/wp-content\/uploads\/2025\/12\/Provincia.jpeg","contentUrl":"https:\/\/www.noticiasradioreflejos.com.ar\/2021\/wp-content\/uploads\/2025\/12\/Provincia.jpeg","width":768,"height":512},{"@type":"BreadcrumbList","@id":"https:\/\/www.noticiasradioreflejos.com.ar\/2021\/la-provincia-de-los-bonaerenses-no-esta-rota-esta-desorganizada\/#breadcrumb","itemListElement":[{"@type":"ListItem","position":1,"name":"Portada","item":"https:\/\/www.noticiasradioreflejos.com.ar\/2021\/"},{"@type":"ListItem","position":2,"name":"LA PROVINCIA DE LOS BONAERENSES NO EST\u00c1 ROTA, EST\u00c1 DESORGANIZADA\u00a0"}]},{"@type":"WebSite","@id":"https:\/\/www.noticiasradioreflejos.com.ar\/2021\/#website","url":"https:\/\/www.noticiasradioreflejos.com.ar\/2021\/","name":"Noticias Radio Reflejos","description":"Las noticias de mi comarca","potentialAction":[{"@type":"SearchAction","target":{"@type":"EntryPoint","urlTemplate":"https:\/\/www.noticiasradioreflejos.com.ar\/2021\/?s={search_term_string}"},"query-input":{"@type":"PropertyValueSpecification","valueRequired":true,"valueName":"search_term_string"}}],"inLanguage":"es"},{"@type":"Person","@id":"https:\/\/www.noticiasradioreflejos.com.ar\/2021\/#\/schema\/person\/ad82545263dcc5ec0996818884fd5fb1","name":"Arnaldo Botto","image":{"@type":"ImageObject","inLanguage":"es","@id":"https:\/\/www.noticiasradioreflejos.com.ar\/2021\/#\/schema\/person\/image\/","url":"https:\/\/secure.gravatar.com\/avatar\/55cb5e37c1efa326397366e6974cb338056df65cb50e7d64d1cf314e87504837?s=96&d=mm&r=g","contentUrl":"https:\/\/secure.gravatar.com\/avatar\/55cb5e37c1efa326397366e6974cb338056df65cb50e7d64d1cf314e87504837?s=96&d=mm&r=g","caption":"Arnaldo Botto"},"url":"https:\/\/www.noticiasradioreflejos.com.ar\/2021\/author\/arnaldo\/"}]}},"_links":{"self":[{"href":"https:\/\/www.noticiasradioreflejos.com.ar\/2021\/wp-json\/wp\/v2\/posts\/129194","targetHints":{"allow":["GET"]}}],"collection":[{"href":"https:\/\/www.noticiasradioreflejos.com.ar\/2021\/wp-json\/wp\/v2\/posts"}],"about":[{"href":"https:\/\/www.noticiasradioreflejos.com.ar\/2021\/wp-json\/wp\/v2\/types\/post"}],"author":[{"embeddable":true,"href":"https:\/\/www.noticiasradioreflejos.com.ar\/2021\/wp-json\/wp\/v2\/users\/3"}],"replies":[{"embeddable":true,"href":"https:\/\/www.noticiasradioreflejos.com.ar\/2021\/wp-json\/wp\/v2\/comments?post=129194"}],"version-history":[{"count":1,"href":"https:\/\/www.noticiasradioreflejos.com.ar\/2021\/wp-json\/wp\/v2\/posts\/129194\/revisions"}],"predecessor-version":[{"id":129196,"href":"https:\/\/www.noticiasradioreflejos.com.ar\/2021\/wp-json\/wp\/v2\/posts\/129194\/revisions\/129196"}],"wp:featuredmedia":[{"embeddable":true,"href":"https:\/\/www.noticiasradioreflejos.com.ar\/2021\/wp-json\/wp\/v2\/media\/129195"}],"wp:attachment":[{"href":"https:\/\/www.noticiasradioreflejos.com.ar\/2021\/wp-json\/wp\/v2\/media?parent=129194"}],"wp:term":[{"taxonomy":"category","embeddable":true,"href":"https:\/\/www.noticiasradioreflejos.com.ar\/2021\/wp-json\/wp\/v2\/categories?post=129194"},{"taxonomy":"post_tag","embeddable":true,"href":"https:\/\/www.noticiasradioreflejos.com.ar\/2021\/wp-json\/wp\/v2\/tags?post=129194"}],"curies":[{"name":"wp","href":"https:\/\/api.w.org\/{rel}","templated":true}]}}