{"id":129191,"date":"2025-12-02T19:04:51","date_gmt":"2025-12-02T22:04:51","guid":{"rendered":"https:\/\/www.noticiasradioreflejos.com.ar\/2021\/?p=129191"},"modified":"2025-12-03T08:08:32","modified_gmt":"2025-12-03T11:08:32","slug":"carote-de-transito-en-ruta-nacional-3-sobre-el-canal-maldonado","status":"publish","type":"post","link":"https:\/\/www.noticiasradioreflejos.com.ar\/2021\/carote-de-transito-en-ruta-nacional-3-sobre-el-canal-maldonado\/","title":{"rendered":"Corte de tr\u00e1nsito en Ruta Nacional 3 sobre el Canal Maldonado"},"content":{"rendered":"<p data-path-to-node=\"1\">Vialidad Nacional, distrito Bah\u00eda Blanca, informa que a partir de las <b>19:00 hs<\/b> de hoy, <b>02\/12\/2025<\/b>, se <b>interrumpir\u00e1 el tr\u00e1nsito<\/b> sobre el <b>puente Bailey<\/b> ubicado en el <b>km 692 de la Ruta Nacional 3 (RN 3)<\/b>. El corte afecta la circulaci\u00f3n en el <b>sentido El Cholo \u2013 Av. Col\u00f3n<\/b> y se mantendr\u00e1 por los <b>pr\u00f3ximos d\u00edas<\/b> hasta nuevo aviso, mientras se ejecutan tareas de mantenimiento. Se solicita a los usuarios <b>respetar estrictamente<\/b> las indicaciones de los banderilleros y circular a <b>velocidad reducida<\/b> por el sector.<\/p>\n<h4 data-path-to-node=\"1\">Informaci\u00f3n de Contacto Adicional<\/h4>\n<ul data-path-to-node=\"4\">\n<li>\n<p data-path-to-node=\"4,0,0\"><b>Centro de Atenci\u00f3n al Usuario:<\/b><\/p>\n<ul data-path-to-node=\"4,0,1\">\n<li>\n<p data-path-to-node=\"4,0,1,0,0\">Lunes a viernes de 09:00 a 17:00 hs.<\/p>\n<\/li>\n<li>\n<p data-path-to-node=\"4,0,1,1,0\">Tel\u00e9fonos: 0800-222-6272 o 0800-333-0073<\/p>\n<\/li>\n<li>\n<p data-path-to-node=\"4,0,1,2,0\">Correo electr\u00f3nico: atencionalusuario@vialidad.gob.ar<\/p>\n<\/li>\n<\/ul>\n<\/li>\n<li>\n<p data-path-to-node=\"4,1,0\"><b>Emergencias (Atenci\u00f3n 24\/7):<\/b><\/p>\n<ul data-path-to-node=\"4,1,1\">\n<li>\n<p data-path-to-node=\"4,1,1,0,0\">Tel\u00e9fono: Opci\u00f3n 1 de los n\u00fameros 0800<\/p>\n<\/li>\n<li>\n<p data-path-to-node=\"4,1,1,1,0\">WhatsApp: +54 9 112273-4519<\/p>\n<\/li>\n<\/ul>\n<\/li>\n<li>\n<p data-path-to-node=\"4,2,0\"><b>Estado de Rutas:<\/b><\/p>\n<ul data-path-to-node=\"4,2,1\">\n<li>\n<p data-path-to-node=\"4,2,1,0,0\">www.argentina.gob.ar\/rutasnacionales<\/p>\n<\/li>\n<\/ul>\n<\/li>\n<\/ul>\n","protected":false},"excerpt":{"rendered":"<p>Vialidad Nacional, distrito Bah\u00eda Blanca, informa que a partir de las 19:00 hs de hoy, 02\/12\/2025, se interrumpir\u00e1 el tr\u00e1nsito sobre el puente Bailey ubicado en el km 692 de la Ruta Nacional 3 (RN 3). El corte afecta la circulaci\u00f3n en el sentido El Cholo \u2013 Av. Col\u00f3n y se mantendr\u00e1 por los pr\u00f3ximos [&hellip;]<\/p>\n","protected":false},"author":3,"featured_media":0,"comment_status":"closed","ping_status":"closed","sticky":false,"template":"","format":"standard","meta":{"footnotes":""},"categories":[26],"tags":[],"class_list":["post-129191","post","type-post","status-publish","format-standard","hentry","category-sociedad"],"yoast_head":"<!-- This site is optimized with the Yoast SEO plugin v25.9 - https:\/\/yoast.com\/wordpress\/plugins\/seo\/ -->\n<title>Corte de tr\u00e1nsito en Ruta Nacional 3 sobre el Canal Maldonado - Noticias Radio Reflejos<\/title>\n<meta name=\"robots\" content=\"index, follow, max-snippet:-1, max-image-preview:large, max-video-preview:-1\" \/>\n<link rel=\"canonical\" href=\"https:\/\/www.noticiasradioreflejos.com.ar\/2021\/carote-de-transito-en-ruta-nacional-3-sobre-el-canal-maldonado\/\" \/>\n<meta property=\"og:locale\" content=\"es_ES\" \/>\n<meta property=\"og:type\" content=\"article\" \/>\n<meta property=\"og:title\" content=\"Corte de tr\u00e1nsito en Ruta Nacional 3 sobre el Canal Maldonado - Noticias Radio Reflejos\" \/>\n<meta property=\"og:description\" content=\"Vialidad Nacional, distrito Bah\u00eda Blanca, informa que a partir de las 19:00 hs de hoy, 02\/12\/2025, se interrumpir\u00e1 el tr\u00e1nsito sobre el puente Bailey ubicado en el km 692 de la Ruta Nacional 3 (RN 3). El corte afecta la circulaci\u00f3n en el sentido El Cholo \u2013 Av. Col\u00f3n y se mantendr\u00e1 por los pr\u00f3ximos [&hellip;]\" \/>\n<meta property=\"og:url\" content=\"https:\/\/www.noticiasradioreflejos.com.ar\/2021\/carote-de-transito-en-ruta-nacional-3-sobre-el-canal-maldonado\/\" \/>\n<meta property=\"og:site_name\" content=\"Noticias Radio Reflejos\" \/>\n<meta property=\"article:published_time\" content=\"2025-12-02T22:04:51+00:00\" \/>\n<meta property=\"article:modified_time\" content=\"2025-12-03T11:08:32+00:00\" \/>\n<meta property=\"og:image\" content=\"https:\/\/www.noticiasradioreflejos.com.ar\/2021\/wp-content\/uploads\/2025\/12\/WhatsApp-Image-2025-12-02-at-18.58.06-1.jpeg\" \/>\n\t<meta property=\"og:image:width\" content=\"1080\" \/>\n\t<meta property=\"og:image:height\" content=\"945\" \/>\n\t<meta property=\"og:image:type\" content=\"image\/jpeg\" \/>\n<meta name=\"author\" content=\"Arnaldo Botto\" \/>\n<meta name=\"twitter:card\" content=\"summary_large_image\" \/>\n<script type=\"application\/ld+json\" class=\"yoast-schema-graph\">{\"@context\":\"https:\/\/schema.org\",\"@graph\":[{\"@type\":\"WebPage\",\"@id\":\"https:\/\/www.noticiasradioreflejos.com.ar\/2021\/carote-de-transito-en-ruta-nacional-3-sobre-el-canal-maldonado\/\",\"url\":\"https:\/\/www.noticiasradioreflejos.com.ar\/2021\/carote-de-transito-en-ruta-nacional-3-sobre-el-canal-maldonado\/\",\"name\":\"Corte de tr\u00e1nsito en Ruta Nacional 3 sobre el Canal Maldonado - Noticias Radio Reflejos\",\"isPartOf\":{\"@id\":\"https:\/\/www.noticiasradioreflejos.com.ar\/2021\/#website\"},\"datePublished\":\"2025-12-02T22:04:51+00:00\",\"dateModified\":\"2025-12-03T11:08:32+00:00\",\"author\":{\"@id\":\"https:\/\/www.noticiasradioreflejos.com.ar\/2021\/#\/schema\/person\/ad82545263dcc5ec0996818884fd5fb1\"},\"breadcrumb\":{\"@id\":\"https:\/\/www.noticiasradioreflejos.com.ar\/2021\/carote-de-transito-en-ruta-nacional-3-sobre-el-canal-maldonado\/#breadcrumb\"},\"inLanguage\":\"es\",\"potentialAction\":[{\"@type\":\"ReadAction\",\"target\":[\"https:\/\/www.noticiasradioreflejos.com.ar\/2021\/carote-de-transito-en-ruta-nacional-3-sobre-el-canal-maldonado\/\"]}]},{\"@type\":\"BreadcrumbList\",\"@id\":\"https:\/\/www.noticiasradioreflejos.com.ar\/2021\/carote-de-transito-en-ruta-nacional-3-sobre-el-canal-maldonado\/#breadcrumb\",\"itemListElement\":[{\"@type\":\"ListItem\",\"position\":1,\"name\":\"Portada\",\"item\":\"https:\/\/www.noticiasradioreflejos.com.ar\/2021\/\"},{\"@type\":\"ListItem\",\"position\":2,\"name\":\"Corte de tr\u00e1nsito en Ruta Nacional 3 sobre el Canal Maldonado\"}]},{\"@type\":\"WebSite\",\"@id\":\"https:\/\/www.noticiasradioreflejos.com.ar\/2021\/#website\",\"url\":\"https:\/\/www.noticiasradioreflejos.com.ar\/2021\/\",\"name\":\"Noticias Radio Reflejos\",\"description\":\"Las noticias de mi comarca\",\"potentialAction\":[{\"@type\":\"SearchAction\",\"target\":{\"@type\":\"EntryPoint\",\"urlTemplate\":\"https:\/\/www.noticiasradioreflejos.com.ar\/2021\/?s={search_term_string}\"},\"query-input\":{\"@type\":\"PropertyValueSpecification\",\"valueRequired\":true,\"valueName\":\"search_term_string\"}}],\"inLanguage\":\"es\"},{\"@type\":\"Person\",\"@id\":\"https:\/\/www.noticiasradioreflejos.com.ar\/2021\/#\/schema\/person\/ad82545263dcc5ec0996818884fd5fb1\",\"name\":\"Arnaldo Botto\",\"image\":{\"@type\":\"ImageObject\",\"inLanguage\":\"es\",\"@id\":\"https:\/\/www.noticiasradioreflejos.com.ar\/2021\/#\/schema\/person\/image\/\",\"url\":\"https:\/\/secure.gravatar.com\/avatar\/55cb5e37c1efa326397366e6974cb338056df65cb50e7d64d1cf314e87504837?s=96&d=mm&r=g\",\"contentUrl\":\"https:\/\/secure.gravatar.com\/avatar\/55cb5e37c1efa326397366e6974cb338056df65cb50e7d64d1cf314e87504837?s=96&d=mm&r=g\",\"caption\":\"Arnaldo Botto\"},\"url\":\"https:\/\/www.noticiasradioreflejos.com.ar\/2021\/author\/arnaldo\/\"}]}<\/script>\n<!-- \/ Yoast SEO plugin. -->","yoast_head_json":{"title":"Corte de tr\u00e1nsito en Ruta Nacional 3 sobre el Canal Maldonado - Noticias Radio Reflejos","robots":{"index":"index","follow":"follow","max-snippet":"max-snippet:-1","max-image-preview":"max-image-preview:large","max-video-preview":"max-video-preview:-1"},"canonical":"https:\/\/www.noticiasradioreflejos.com.ar\/2021\/carote-de-transito-en-ruta-nacional-3-sobre-el-canal-maldonado\/","og_locale":"es_ES","og_type":"article","og_title":"Corte de tr\u00e1nsito en Ruta Nacional 3 sobre el Canal Maldonado - Noticias Radio Reflejos","og_description":"Vialidad Nacional, distrito Bah\u00eda Blanca, informa que a partir de las 19:00 hs de hoy, 02\/12\/2025, se interrumpir\u00e1 el tr\u00e1nsito sobre el puente Bailey ubicado en el km 692 de la Ruta Nacional 3 (RN 3). El corte afecta la circulaci\u00f3n en el sentido El Cholo \u2013 Av. Col\u00f3n y se mantendr\u00e1 por los pr\u00f3ximos [&hellip;]","og_url":"https:\/\/www.noticiasradioreflejos.com.ar\/2021\/carote-de-transito-en-ruta-nacional-3-sobre-el-canal-maldonado\/","og_site_name":"Noticias Radio Reflejos","article_published_time":"2025-12-02T22:04:51+00:00","article_modified_time":"2025-12-03T11:08:32+00:00","og_image":[{"width":1080,"height":945,"url":"https:\/\/www.noticiasradioreflejos.com.ar\/2021\/wp-content\/uploads\/2025\/12\/WhatsApp-Image-2025-12-02-at-18.58.06-1.jpeg","type":"image\/jpeg"}],"author":"Arnaldo Botto","twitter_card":"summary_large_image","schema":{"@context":"https:\/\/schema.org","@graph":[{"@type":"WebPage","@id":"https:\/\/www.noticiasradioreflejos.com.ar\/2021\/carote-de-transito-en-ruta-nacional-3-sobre-el-canal-maldonado\/","url":"https:\/\/www.noticiasradioreflejos.com.ar\/2021\/carote-de-transito-en-ruta-nacional-3-sobre-el-canal-maldonado\/","name":"Corte de tr\u00e1nsito en Ruta Nacional 3 sobre el Canal Maldonado - Noticias Radio Reflejos","isPartOf":{"@id":"https:\/\/www.noticiasradioreflejos.com.ar\/2021\/#website"},"datePublished":"2025-12-02T22:04:51+00:00","dateModified":"2025-12-03T11:08:32+00:00","author":{"@id":"https:\/\/www.noticiasradioreflejos.com.ar\/2021\/#\/schema\/person\/ad82545263dcc5ec0996818884fd5fb1"},"breadcrumb":{"@id":"https:\/\/www.noticiasradioreflejos.com.ar\/2021\/carote-de-transito-en-ruta-nacional-3-sobre-el-canal-maldonado\/#breadcrumb"},"inLanguage":"es","potentialAction":[{"@type":"ReadAction","target":["https:\/\/www.noticiasradioreflejos.com.ar\/2021\/carote-de-transito-en-ruta-nacional-3-sobre-el-canal-maldonado\/"]}]},{"@type":"BreadcrumbList","@id":"https:\/\/www.noticiasradioreflejos.com.ar\/2021\/carote-de-transito-en-ruta-nacional-3-sobre-el-canal-maldonado\/#breadcrumb","itemListElement":[{"@type":"ListItem","position":1,"name":"Portada","item":"https:\/\/www.noticiasradioreflejos.com.ar\/2021\/"},{"@type":"ListItem","position":2,"name":"Corte de tr\u00e1nsito en Ruta Nacional 3 sobre el Canal Maldonado"}]},{"@type":"WebSite","@id":"https:\/\/www.noticiasradioreflejos.com.ar\/2021\/#website","url":"https:\/\/www.noticiasradioreflejos.com.ar\/2021\/","name":"Noticias Radio Reflejos","description":"Las noticias de mi comarca","potentialAction":[{"@type":"SearchAction","target":{"@type":"EntryPoint","urlTemplate":"https:\/\/www.noticiasradioreflejos.com.ar\/2021\/?s={search_term_string}"},"query-input":{"@type":"PropertyValueSpecification","valueRequired":true,"valueName":"search_term_string"}}],"inLanguage":"es"},{"@type":"Person","@id":"https:\/\/www.noticiasradioreflejos.com.ar\/2021\/#\/schema\/person\/ad82545263dcc5ec0996818884fd5fb1","name":"Arnaldo Botto","image":{"@type":"ImageObject","inLanguage":"es","@id":"https:\/\/www.noticiasradioreflejos.com.ar\/2021\/#\/schema\/person\/image\/","url":"https:\/\/secure.gravatar.com\/avatar\/55cb5e37c1efa326397366e6974cb338056df65cb50e7d64d1cf314e87504837?s=96&d=mm&r=g","contentUrl":"https:\/\/secure.gravatar.com\/avatar\/55cb5e37c1efa326397366e6974cb338056df65cb50e7d64d1cf314e87504837?s=96&d=mm&r=g","caption":"Arnaldo Botto"},"url":"https:\/\/www.noticiasradioreflejos.com.ar\/2021\/author\/arnaldo\/"}]}},"_links":{"self":[{"href":"https:\/\/www.noticiasradioreflejos.com.ar\/2021\/wp-json\/wp\/v2\/posts\/129191","targetHints":{"allow":["GET"]}}],"collection":[{"href":"https:\/\/www.noticiasradioreflejos.com.ar\/2021\/wp-json\/wp\/v2\/posts"}],"about":[{"href":"https:\/\/www.noticiasradioreflejos.com.ar\/2021\/wp-json\/wp\/v2\/types\/post"}],"author":[{"embeddable":true,"href":"https:\/\/www.noticiasradioreflejos.com.ar\/2021\/wp-json\/wp\/v2\/users\/3"}],"replies":[{"embeddable":true,"href":"https:\/\/www.noticiasradioreflejos.com.ar\/2021\/wp-json\/wp\/v2\/comments?post=129191"}],"version-history":[{"count":2,"href":"https:\/\/www.noticiasradioreflejos.com.ar\/2021\/wp-json\/wp\/v2\/posts\/129191\/revisions"}],"predecessor-version":[{"id":129208,"href":"https:\/\/www.noticiasradioreflejos.com.ar\/2021\/wp-json\/wp\/v2\/posts\/129191\/revisions\/129208"}],"wp:attachment":[{"href":"https:\/\/www.noticiasradioreflejos.com.ar\/2021\/wp-json\/wp\/v2\/media?parent=129191"}],"wp:term":[{"taxonomy":"category","embeddable":true,"href":"https:\/\/www.noticiasradioreflejos.com.ar\/2021\/wp-json\/wp\/v2\/categories?post=129191"},{"taxonomy":"post_tag","embeddable":true,"href":"https:\/\/www.noticiasradioreflejos.com.ar\/2021\/wp-json\/wp\/v2\/tags?post=129191"}],"curies":[{"name":"wp","href":"https:\/\/api.w.org\/{rel}","templated":true}]}}