{"id":129180,"date":"2025-12-02T12:59:25","date_gmt":"2025-12-02T15:59:25","guid":{"rendered":"https:\/\/www.noticiasradioreflejos.com.ar\/2021\/?p=129180"},"modified":"2025-12-02T12:59:25","modified_gmt":"2025-12-02T15:59:25","slug":"por-que-la-cria-de-salmones-en-jaulas-divide-a-la-clase-politica-y-sectores-sociales-en-tierra-del-fuego","status":"publish","type":"post","link":"https:\/\/www.noticiasradioreflejos.com.ar\/2021\/por-que-la-cria-de-salmones-en-jaulas-divide-a-la-clase-politica-y-sectores-sociales-en-tierra-del-fuego\/","title":{"rendered":"Por qu\u00e9 la cr\u00eda de salmones en jaulas divide a la clase pol\u00edtica y sectores sociales en Tierra del Fuego"},"content":{"rendered":"<p>La provincia de Tierra del Fuego debate si levantar la prohibici\u00f3n de la actividad. Actualmente, solo est\u00e1 permitido de manera limitada en tanques sobre la tierra, pero el Ejecutivo provincial busca extenderlo en tierra, mar, r\u00edos, lagos y lagunas. Activistas ambientales, cient\u00edficos y vecinos advierten sobre los impactos socioambientales de la actividad y se oponen a modificar la ley vigente.<!--more-->La provincia de Tierra del Fuego se encuentra atravesada por un debate socioambiental: el Gobierno provincial impulsa un proyecto de ley para <strong>habilitar la cr\u00eda industrial de salmones en jaulas<\/strong>, una actividad prohibida por ley en la provincia.<\/p>\n<p>La discusi\u00f3n ha dividido a la clase pol\u00edtica y a un sector de la sociedad que sigue atento los vaivenes legislativos en torno al proyecto, una iniciativa cargada de cr\u00edticas por la forma en la que ha avanzado en el sistema legislativo de espaldas a la sociedad civil y frente a un modelo del vecino pa\u00eds que viene demostrando los impactos socioambientales de las salmoneras:\u00a0<strong>el modelo chileno<\/strong>, donde la industria es uno de los pilares econ\u00f3micos.<\/p>\n<p class=\"article-text\">La discusi\u00f3n tiene antecedentes. En marzo de 2018, Argentina anunci\u00f3 un convenio de cooperaci\u00f3n con Noruega, el principal productor de salmones en el mundo, para estudiar la factibilidad de desarrollar la salmonicultura en el pa\u00eds, espec\u00edficamente, en el\u00a0<strong>Canal de Beagle<\/strong>, en Tierra del Fuego. Entonces, como ahora, sectores de la sociedad civil, entre ellos ambientalistas, cient\u00edficos y habitantes, se organizaron para oponerse a un modelo de industria que aseguraban atentar\u00eda contra el ambiente, el turismo y la producci\u00f3n pesquera local. Adem\u00e1s, sosten\u00edan que la implantaci\u00f3n de la salmonicultura a nivel industrial echar\u00eda por la borda proyectos alternativos, que se encontraban en marcha, para intentar desarrollar la actividad de manera sustentable,\u00a0<a class=\"link\" href=\"https:\/\/es.mongabay.com\/2018\/09\/oceanos-salmonicultura-argentina\/\" target=\"_blank\" rel=\"noopener\" data-mrf-recirculation=\"links-noticia\" data-mrf-link=\"https:\/\/es.mongabay.com\/2018\/09\/oceanos-salmonicultura-argentina\/\">como inform\u00f3 entonces Mongabay Latam<\/a>.<\/p>\n<p class=\"article-text\">La resistencia a la salmonicultura en la provincia activ\u00f3 el debate legislativo y la sanci\u00f3n de una ley que prohibi\u00f3 en 2021 la cr\u00eda de salmones en jaulas en el mar y habilit\u00f3 con l\u00edmites la\u00a0<strong>cr\u00eda en tanques en tierra<\/strong>. Sin embargo, la discusi\u00f3n est\u00e1 de regreso.<\/p>\n<p class=\"article-text\">Desde julio \u00faltimo,\u00a0<strong>el Poder Ejecutivo provincial busca modificar aquella ley de 2021<\/strong>. Plantea prohibir la producci\u00f3n de salm\u00f3nidos \u00fanicamente en el Canal de Beagle, el estrecho austral entre Argentina y Chile que conecta parcialmente las aguas del oc\u00e9ano Pac\u00edfico con las del oc\u00e9ano Atl\u00e1ntico. Se trata de una zona de\u00a0<strong>alto valor en biodiversidad marina<\/strong>, donde habitan lobos marinos y diversas especies de delfines, adem\u00e1s de aves como cormoranes, ping\u00fcinos y el c\u00f3ndor andino, y fauna marina como la centolla patag\u00f3nica. El canal cumple un papel como recurso de carbono azul, como corredor biol\u00f3gico entre oc\u00e9anos y tiene una ubicaci\u00f3n estrat\u00e9gica como puerta de entrada a la Ant\u00e1rtida.<\/p>\n<figure><picture class=\"news-image\"><source srcset=\"https:\/\/static.eldiario.es\/clip\/f15275bb-22b3-4aa0-b0cd-c7a3c0c39d5f_16-9-discover-aspect-ratio_50p_0.webp\" type=\"image\/webp\" media=\"(max-width: 576px)\" \/><source srcset=\"https:\/\/static.eldiario.es\/clip\/f15275bb-22b3-4aa0-b0cd-c7a3c0c39d5f_16-9-discover-aspect-ratio_50p_0.jpg\" type=\"image\/jpg\" media=\"(max-width: 576px)\" \/><source srcset=\"https:\/\/static.eldiario.es\/clip\/f15275bb-22b3-4aa0-b0cd-c7a3c0c39d5f_16-9-discover-aspect-ratio_75p_0.webp\" type=\"image\/webp\" media=\"(max-width: 767px)\" \/><source srcset=\"https:\/\/static.eldiario.es\/clip\/f15275bb-22b3-4aa0-b0cd-c7a3c0c39d5f_16-9-discover-aspect-ratio_75p_0.jpg\" type=\"image\/jpg\" media=\"(max-width: 767px)\" \/><source srcset=\"https:\/\/static.eldiario.es\/clip\/f15275bb-22b3-4aa0-b0cd-c7a3c0c39d5f_16-9-discover-aspect-ratio_default_0.webp\" type=\"image\/webp\" media=\"(min-width: 768px)\" \/><source srcset=\"https:\/\/static.eldiario.es\/clip\/f15275bb-22b3-4aa0-b0cd-c7a3c0c39d5f_16-9-discover-aspect-ratio_default_0.jpg\" type=\"image\/jpg\" media=\"(min-width: 768px)\" \/><source srcset=\"https:\/\/static.eldiario.es\/clip\/f15275bb-22b3-4aa0-b0cd-c7a3c0c39d5f_16-9-discover-aspect-ratio_default_0.webp\" type=\"image\/webp\" \/><img decoding=\"async\" class=\"lazy entered loaded\" src=\"https:\/\/static.eldiario.es\/clip\/f15275bb-22b3-4aa0-b0cd-c7a3c0c39d5f_16-9-discover-aspect-ratio_default_0.jpg\" alt=\"Trabajador alimentando a los salmones en las jaulas del sistema chileno.\" data-src=\"https:\/\/static.eldiario.es\/clip\/f15275bb-22b3-4aa0-b0cd-c7a3c0c39d5f_16-9-discover-aspect-ratio_default_0.jpg\" data-ll-status=\"loaded\" \/><\/picture><figcaption class=\"image-footer\"><em><span class=\"title\">Trabajador alimentando a los salmones en las jaulas del sistema chileno.\u00a0<span class=\"author\">Cortes\u00eda WWF Chile\/Meridith Kohut a trav\u00e9s de Mongabay Latam<\/span><\/span><\/em><\/figcaption><\/figure>\n<p>&nbsp;<\/p>\n<p class=\"article-text\">Esta iniciativa del\u00a0<strong>gobernador Gustavo Melella<\/strong>\u00a0implica habilitar las salmoneras en el resto de la isla, tanto en mar como en tierra. De aprobarse el proyecto oficialista, la zona de producci\u00f3n industrial de salmones se concentrar\u00eda en el mar del norte de la isla, ya que otra ley protege el sureste desde 2022, cuando se declar\u00f3 a la\u00a0<strong>Pen\u00ednsula Mitre\u00a0<\/strong>como \u00e1rea natural protegida, impidiendo all\u00ed actividades industriales.<\/p>\n<h2 class=\"article-text\"><strong>No a las salmoneras<\/strong><\/h2>\n<p class=\"article-text\">El colectivo \u201cNo a las salmoneras\u201d est\u00e1 compuesto por organizaciones de la sociedad civil, pueblos originarios, ambientalistas cient\u00edficos, artistas, cocineros, trabajadores, docentes, estudiantes, c\u00e1tedras libres, integrantes de partidos, vecinos y vecinas, entre otros sectores de la provincia de Tierra del Fuego.<\/p>\n<p class=\"article-text\">En un documento, el colectivo detall\u00f3 las razones por las cuales se opone a la cr\u00eda extensiva de salmones que se cr\u00edan en jaulas en el mar. Los salmones,\u00a0<strong>una especie carn\u00edvora e introducida por el hombre en Chile,<\/strong>\u00a0\u201cse escapan de a miles [de las jaulas] y devoran todo lo que encuentran a su paso: centollas, langostillas, peces m\u00e1s peque\u00f1os\u201d. De esta forma, \u201clas especies nativas disminuyen por depredaci\u00f3n y por competencia de espacio y alimento. Estos escapes de salmones alteran gravemente el fr\u00e1gil equilibrio que sostiene la vida marina, desde el peque\u00f1o y esencial plancton hasta la inmensa y magn\u00edfica ballena\u201d.<\/p>\n<p class=\"article-text\">Pero no se trata solo de los otros animales que se comen los salmones cuando se escapan, aseguran. \u201cEstos peces, que crecen\u00a0<strong>hacinados de miles en jaulas flotantes<\/strong>, consumen harinas ultraprocesadas y est\u00e1n sobremedicados, tienen enfermedades propias de esas condiciones y tambi\u00e9n contagian a las otras especies marinas\u201d, afirman.<\/p>\n<p class=\"article-text\">Otra de las razones es la supuesta\u00a0<strong>matanza de lobos marinos y peque\u00f1os cet\u00e1ceos<\/strong>\u00a0asociada a la salmonicultura, que se alimentan en las zonas donde se encuentran las jaulas flotantes con miles de salmones. \u201cEstos animales son eliminados intencionalmente en los diferentes centros de cultivo\u201d, aseguran. \u201cCuando no los matan, mueren atrapados en las mallas y redes antidepredadores que se colocan alrededor de las jaulas\u201d.<\/p>\n<p class=\"article-text\">La potencial destrucci\u00f3n del fondo marino es otra de las razones detalladas en el documento. \u201cEl alimento ultraprocesado, las fecas y los cuerpos de miles de salmones se acumulan en el lecho [marino]. Esto hace que proliferen algas que consumen el ox\u00edgeno y que entonces se generen\u00a0<strong>zonas muertas<\/strong>, sin vida acu\u00e1tica\u201d, explican. Los ejemplos, aseguran, est\u00e1n a la vista en el modelo chileno.<\/p>\n<p class=\"article-text\">Nancy Fern\u00e1ndez, especialista en Educaci\u00f3n Ambiental y profesora en la Universidad Nacional de Tierra del Fuego, Ant\u00e1rtida e Islas del Atl\u00e1ntico Sur, es, adem\u00e1s, presidente de la ONG Asociaci\u00f3n Mane\u00b4kenk, que integra este colectivo \u201cNo a las salmoneras\u201d. En di\u00e1logo con\u00a0<strong>Mongabay Latam\u00a0<\/strong>y<strong>\u00a0elDiarioAR<\/strong>, explica que el principal cuestionamiento de su organizaci\u00f3n es la forma en la que el Gobierno de la provincia quiere cambiar la ley que actualmente proh\u00edbe la salmonicultura extensiva.<\/p>\n<figure><picture class=\"news-image\"><source srcset=\"https:\/\/static.eldiario.es\/clip\/0fb6dd91-e213-46b9-a9cb-48ac129c1548_source-aspect-ratio_50p_0.webp\" type=\"image\/webp\" media=\"(max-width: 576px)\" \/><source srcset=\"https:\/\/static.eldiario.es\/clip\/0fb6dd91-e213-46b9-a9cb-48ac129c1548_source-aspect-ratio_50p_0.jpg\" type=\"image\/jpg\" media=\"(max-width: 576px)\" \/><source srcset=\"https:\/\/static.eldiario.es\/clip\/0fb6dd91-e213-46b9-a9cb-48ac129c1548_source-aspect-ratio_75p_0.webp\" type=\"image\/webp\" media=\"(max-width: 767px)\" \/><source srcset=\"https:\/\/static.eldiario.es\/clip\/0fb6dd91-e213-46b9-a9cb-48ac129c1548_source-aspect-ratio_75p_0.jpg\" type=\"image\/jpg\" media=\"(max-width: 767px)\" \/><source srcset=\"https:\/\/static.eldiario.es\/clip\/0fb6dd91-e213-46b9-a9cb-48ac129c1548_source-aspect-ratio_default_0.webp\" type=\"image\/webp\" media=\"(min-width: 768px)\" \/><source srcset=\"https:\/\/static.eldiario.es\/clip\/0fb6dd91-e213-46b9-a9cb-48ac129c1548_source-aspect-ratio_default_0.jpg\" type=\"image\/jpg\" media=\"(min-width: 768px)\" \/><source srcset=\"https:\/\/static.eldiario.es\/clip\/0fb6dd91-e213-46b9-a9cb-48ac129c1548_source-aspect-ratio_default_0.webp\" type=\"image\/webp\" \/><img decoding=\"async\" class=\"lazy entered loaded\" src=\"https:\/\/static.eldiario.es\/clip\/0fb6dd91-e213-46b9-a9cb-48ac129c1548_source-aspect-ratio_default_0.jpg\" alt=\"Impactos de la salmonicultura, de acuerdo a una ilustraci\u00f3n del Foro Mar Patagonico.\" data-src=\"https:\/\/static.eldiario.es\/clip\/0fb6dd91-e213-46b9-a9cb-48ac129c1548_source-aspect-ratio_default_0.jpg\" data-ll-status=\"loaded\" \/><\/picture><figcaption class=\"image-footer\"><em><span class=\"title\">Impactos de la salmonicultura, de acuerdo a una ilustraci\u00f3n del Foro Mar Patagonico.\u00a0<span class=\"author\">Cortes\u00eda Mongabay Latam\/Foro Mar Patag\u00f3nico<\/span><\/span><\/em><\/figcaption><\/figure>\n<p>&nbsp;<\/p>\n<p class=\"article-text\">\u201cDesde nuestra organizaci\u00f3n, siempre tuvimos una posici\u00f3n conciliadora y asistimos a las mesas de di\u00e1logo y a las comisiones legislativas para participar, aportar t\u00e9cnicos, datos, informaci\u00f3n. Hubo muchos episodios en la provincia durante los cuales se quisieron sancionar leyes controversiales, pero, incluso entonces, se tomaron en cuenta algunos de nuestros aportes. Esta vez,\u00a0<strong>se trata de un proceso oscuro<\/strong>\u201d, asegura Fern\u00e1ndez.<\/p>\n<p class=\"article-text\">Las ONG y sectores de la ciudadan\u00eda y la ciencia critican que la ley haya llegado al recinto de la legislatura provincial con un dictamen cuestionado por la forma \u201capurada e irregular\u201d en la que fue aprobado el 8 de agosto \u00faltimo, en una autoconvocatoria del oficialismo -FORJA, partido del gobernador Melella- y el opositor La Libertad Avanza -el partido de Javier Milei-, que apoya el proyecto de ley para legalizar la salmonicultura extensiva.<\/p>\n<p class=\"article-text\">Con apenas cuatro votos -lo m\u00ednimo exigido- se autoconvocaron durante un cuarto intermedio y aprobaron un dictamen a favor del proyecto. \u201c<strong>Queremos que abran el debate<\/strong>\u201d, exige Fern\u00e1ndez. \u201cExisten intereses econ\u00f3micos muy grandes detr\u00e1s de esta industria\u201d, asegura.<\/p>\n<p class=\"article-text\">El colectivo tambi\u00e9n critica las\u00a0<strong>condiciones de trabajo de las personas dedicadas a la salmonicultura<\/strong>. \u201cPara cumplir con la demanda de las empresas, realizan malas pr\u00e1cticas de buceo, con inmersiones continuas, sin respetar los tiempos de descompresi\u00f3n y en profundidades para las que no est\u00e1n habilitados\u201d, afirmaron en el documento. \u201cEsto [se realiza] para arreglar las mallas y jaulas o levantar los cad\u00e1veres de miles de salmones que se acumulan en el fondo marino, entre otras tareas\u201d.<\/p>\n<p class=\"article-text\">Los opositores a las salmoneras en Tierra del Fuego tambi\u00e9n resaltan otro punto: se trata de una industria que\u00a0<strong>demanda un alto nivel de fiscalizaci\u00f3n y control por parte del Estado<\/strong>, y cuando este no est\u00e1 lo suficientemente presente, los impactos de la salmonicultura se extienden, como arrojar salmones en descomposici\u00f3n al mar y derrame de combustible.<\/p>\n<figure><picture class=\"news-image\"><source srcset=\"https:\/\/static.eldiario.es\/clip\/25ef6907-e392-4dea-9004-62b295d0f3ba_16-9-discover-aspect-ratio_50p_0.webp\" type=\"image\/webp\" media=\"(max-width: 576px)\" \/><source srcset=\"https:\/\/static.eldiario.es\/clip\/25ef6907-e392-4dea-9004-62b295d0f3ba_16-9-discover-aspect-ratio_50p_0.jpg\" type=\"image\/jpg\" media=\"(max-width: 576px)\" \/><source srcset=\"https:\/\/static.eldiario.es\/clip\/25ef6907-e392-4dea-9004-62b295d0f3ba_16-9-discover-aspect-ratio_75p_0.webp\" type=\"image\/webp\" media=\"(max-width: 767px)\" \/><source srcset=\"https:\/\/static.eldiario.es\/clip\/25ef6907-e392-4dea-9004-62b295d0f3ba_16-9-discover-aspect-ratio_75p_0.jpg\" type=\"image\/jpg\" media=\"(max-width: 767px)\" \/><source srcset=\"https:\/\/static.eldiario.es\/clip\/25ef6907-e392-4dea-9004-62b295d0f3ba_16-9-discover-aspect-ratio_default_0.webp\" type=\"image\/webp\" media=\"(min-width: 768px)\" \/><source srcset=\"https:\/\/static.eldiario.es\/clip\/25ef6907-e392-4dea-9004-62b295d0f3ba_16-9-discover-aspect-ratio_default_0.jpg\" type=\"image\/jpg\" media=\"(min-width: 768px)\" \/><source srcset=\"https:\/\/static.eldiario.es\/clip\/25ef6907-e392-4dea-9004-62b295d0f3ba_16-9-discover-aspect-ratio_default_0.webp\" type=\"image\/webp\" \/><img decoding=\"async\" class=\"lazy entered loaded\" src=\"https:\/\/static.eldiario.es\/clip\/25ef6907-e392-4dea-9004-62b295d0f3ba_16-9-discover-aspect-ratio_default_0.jpg\" alt=\"Salmoneras en Noruega, de donde se import\u00f3 el modelo en Chile.\" data-src=\"https:\/\/static.eldiario.es\/clip\/25ef6907-e392-4dea-9004-62b295d0f3ba_16-9-discover-aspect-ratio_default_0.jpg\" data-ll-status=\"loaded\" \/><\/picture><figcaption class=\"image-footer\"><em><span class=\"title\">Salmoneras en Noruega, de donde se import\u00f3 el modelo en Chile.<\/span><\/em><\/figcaption><\/figure>\n<p>&nbsp;<\/p>\n<p class=\"article-text\">Los altos consumos de energ\u00eda que conlleva la cr\u00eda de salmones en piletones con el Sistema de Recirculaci\u00f3n Acu\u00edcola (RAS, por sus siglas en ingl\u00e9s), que cr\u00eda peces en tanques cerrados en tierra, tambi\u00e9n es otro punto del debate. Actualmente, la ley provincial habilita los tanques en tierra con l\u00edmites de hasta\u00a0<strong>50 toneladas de reproducci\u00f3n anual<\/strong>. El proyecto del oficialismo provincial busca eliminar el l\u00edmite.<\/p>\n<p class=\"article-text\">Tambi\u00e9n se\u00f1alan \u201cla\u00a0<strong>crueldad animal\u00a0<\/strong>que implica criar animales en escalas industriales\u201d. \u201cUna jaula flotante o un pilet\u00f3n en tierra tienen en su interior miles de salmones hacinados, adormecidos con benzoca\u00edna para enlentecer sus movimientos instintivos y vitales, que desarrollan conductas can\u00edbales, nadan entre su excremento y los cad\u00e1veres de otros peces\u201d, aseguran.<\/p>\n<p class=\"article-text\">\u201cNo estoy en contra del desarrollo de la actividad, es importante para la provincia, con un potencial muy grande, pero s\u00ed estoy de acuerdo con\u00a0<strong>mantener la prohibici\u00f3n de la salmonicultura en el mar<\/strong>\u201d, afirma el legislador Mat\u00edas Lapadula, del partido Provincia Grande y ex secretario de Producci\u00f3n del municipio de R\u00edo Grande, Tierra del Fuego.<\/p>\n<p class=\"article-text\">Lapadula cree que ser\u00e1 muy dif\u00edcil poder llevar a la pr\u00e1ctica la salmonicultura en la costa norte de la provincia con un sistema con jaulas, debido a grandes amplitudes de marea. Pero el legislador resalta que el proyecto oficialista habilita a la actividad en\u00a0<strong>otros cuerpos de agua de la provincia, como lagos, lagunas y r\u00edos<\/strong>. \u201cEstoy a favor de la acuicultura, pero tiene que ser s\u00ed o s\u00ed de forma sostenible y siendo absolutamente celosos del cuidado ambiental porque es una actividad da\u00f1ina, con impacto y, mal hecha, todo lo que acarrea produce da\u00f1os irreversibles\u201d, explica.<\/p>\n<p class=\"article-text\">Adem\u00e1s, Lapadula afirma: \u201cComo est\u00e1 planteado el proyecto, estamos haciendo un negocio para pocos. Es verdad que en Chile son\u00a0<strong>60.000 puestos de trabajo<\/strong>, pero el 90% de estos puestos de trabajo tiene que ver con el procesamiento y envasado del salm\u00f3n. Chile ha desarrollado toda una cadena de valor a lo largo de 40 a\u00f1os, que Tierra del Fuego no tiene. Ellos manejan pr\u00e1cticamente el mercado. Como est\u00e1 planteado este proyecto, nosotros engordar\u00edamos y criar\u00edamos salmones para luego vend\u00e9rselos a Chile y que ellos terminen exportando el pescado como producto chileno\u201d.<\/p>\n<p class=\"article-text\">La semana pasada,\u00a0<strong>Mongabay Latam\u00a0<\/strong>y<strong>\u00a0elDiarioAR<\/strong>\u00a0se comunicaron con dos voceros de la gobernaci\u00f3n de Tierra del Fuego para conocer las razones del oficialismo provincial para impulsar esta industria y conocer si ha realizado estudios de impacto ambiental y social de la actividad. Sin embargo, al cierre de esta nota, ninguno de ellos hab\u00eda respondido las consultas.<\/p>\n<figure><picture class=\"news-image\"><source srcset=\"https:\/\/static.eldiario.es\/clip\/4015dc78-3fa7-48a7-b4aa-a93ff32b4072_16-9-discover-aspect-ratio_50p_0.webp\" type=\"image\/webp\" media=\"(max-width: 576px)\" \/><source srcset=\"https:\/\/static.eldiario.es\/clip\/4015dc78-3fa7-48a7-b4aa-a93ff32b4072_16-9-discover-aspect-ratio_50p_0.jpg\" type=\"image\/jpg\" media=\"(max-width: 576px)\" \/><source srcset=\"https:\/\/static.eldiario.es\/clip\/4015dc78-3fa7-48a7-b4aa-a93ff32b4072_16-9-discover-aspect-ratio_75p_0.webp\" type=\"image\/webp\" media=\"(max-width: 767px)\" \/><source srcset=\"https:\/\/static.eldiario.es\/clip\/4015dc78-3fa7-48a7-b4aa-a93ff32b4072_16-9-discover-aspect-ratio_75p_0.jpg\" type=\"image\/jpg\" media=\"(max-width: 767px)\" \/><source srcset=\"https:\/\/static.eldiario.es\/clip\/4015dc78-3fa7-48a7-b4aa-a93ff32b4072_16-9-discover-aspect-ratio_default_0.webp\" type=\"image\/webp\" media=\"(min-width: 768px)\" \/><source srcset=\"https:\/\/static.eldiario.es\/clip\/4015dc78-3fa7-48a7-b4aa-a93ff32b4072_16-9-discover-aspect-ratio_default_0.jpg\" type=\"image\/jpg\" media=\"(min-width: 768px)\" \/><source srcset=\"https:\/\/static.eldiario.es\/clip\/4015dc78-3fa7-48a7-b4aa-a93ff32b4072_16-9-discover-aspect-ratio_default_0.webp\" type=\"image\/webp\" \/><img decoding=\"async\" class=\"lazy entered loaded\" src=\"https:\/\/static.eldiario.es\/clip\/4015dc78-3fa7-48a7-b4aa-a93ff32b4072_16-9-discover-aspect-ratio_default_0.jpg\" alt=\"Jaulas de Salmones en Chile.\" data-src=\"https:\/\/static.eldiario.es\/clip\/4015dc78-3fa7-48a7-b4aa-a93ff32b4072_16-9-discover-aspect-ratio_default_0.jpg\" data-ll-status=\"loaded\" \/><\/picture><figcaption class=\"image-footer\"><em><span class=\"title\">Jaulas de Salmones en Chile.\u00a0<span class=\"author\">Cortes\u00eda Mongabay Latam\/Daniel Casado<\/span><\/span><\/em><\/figcaption><\/figure>\n<p>&nbsp;<\/p>\n<p class=\"article-text\">Ante la consulta de estos medios, Lapadula afirma que el oficialismo no ha presentado a los legisladores ning\u00fan tipo de estudio ambiental previo en la provincia que analice los posibles impactos de la salmonicultura en el mar argentino, as\u00ed como en lagos, lagunas y r\u00edos. Tampoco en la extensi\u00f3n industrial de tanques en tierra.<\/p>\n<h2 class=\"article-text\"><strong>\u201cS\u00ed a las salmoneras\u201d<\/strong><\/h2>\n<p class=\"article-text\">Agust\u00edn Coto, legislador de La Libertad Avanza en Tierra del Fuego, es uno de los cuatro legisladores de la provincia que aprob\u00f3 el dictamen del proyecto de ley oficialista para que sea tratado en el recinto.<\/p>\n<p class=\"article-text\">Tras la aprobaci\u00f3n del dictamen el 8 de agosto pasado, la Legislatura intent\u00f3 tratar el proyecto durante noviembre pero sorpresivamente\u00a0<strong>la sesi\u00f3n se cancel\u00f3 sin que el oficialismo y sus aliados pudieran aprobarlo<\/strong>. Las versiones en la provincia sostienen que no ten\u00edan los votos suficientes. El partido de Merella sostiene que fue por un paro de trabajadores legislativos, pero el gremio sali\u00f3 a negarlo con un comunicado.<\/p>\n<p class=\"article-text\">Coto hab\u00eda presentado en un primer momento un proyecto para extender la cr\u00eda de salmones en tanques en tierra, sin tocar la prohibici\u00f3n que pesa actualmente sobre la actividad en el mar y cuerpos de agua. Sin embargo termin\u00f3 apoyando la iniciativa del oficialismo.<\/p>\n<p class=\"article-text\">En di\u00e1logo con\u00a0<strong>Mongabay Latam<\/strong>\u00a0y\u00a0<strong>elDiarioAR<\/strong>, Coto defiende su decisi\u00f3n y asegura que antes de hacer cualquier estudio de impacto socioambiental debe modificarse la ley. \u201cNo se puede hacer un estudio sobre una actividad que est\u00e1 prohibida\u201d, argumenta.<\/p>\n<p class=\"article-text\">Al igual que el oficialismo provincial, el legislador aliado del presidente Milei sostiene que la salmonicultura<strong>\u00a0tiene potencial econ\u00f3mico y generar\u00e1 empleo<\/strong>.<\/p>\n<p class=\"article-text\">El oficialismo, adem\u00e1s, enmarca la discusi\u00f3n en la acuicultura no solo en la cr\u00eda de salm\u00f3n, sino tambi\u00e9n\u00a0<strong>trucha, erizo, mejillones, algas y centollas<\/strong>. Diego Marzoni, subsecretario de Pesca y Agricultura provincial, dijo al medio ADNSUR que el proyecto contempla \u201ctodas las salvaguardas ambientales necesarias\u201d y que el Gobierno provincial proyecta que en los pr\u00f3ximos seis u ocho a\u00f1os se podr\u00edan\u00a0<strong>producir 100.000 toneladas de pescado<\/strong>, de las cuales un m\u00e1ximo de 80.000 toneladas ser\u00edan de salm\u00f3n.<\/p>\n<p class=\"article-text\">El funcionario dijo, adem\u00e1s, que la salmonicultura podr\u00eda generar \u201centre 4.000 y 4.500 puestos de trabajo\u201d y una inversi\u00f3n de hasta\u00a0<strong>400 millones de d\u00f3lares<\/strong>.<\/p>\n<p class=\"article-text\">\u201cHay discusiones que est\u00e1n saldadas -afirma Coto-. Por ejemplo, la discusi\u00f3n de si estamos de acuerdo o no con actividades de salmonicultura en el Canal de Beagle. Eso est\u00e1 claro: no hay un legislador de los 15 que estamos en la Legislatura que est\u00e9 de acuerdo con eso. Lo que este dictamen permitir\u00eda ser\u00eda la posibilidad de establecer la actividad en mar abierto, o sea en agua salada\u201d.<\/p>\n<div id=\"container-after-news-outlook\"><\/div>\n<p class=\"article-text\">Sin embargo, reconoce que no hay un estudio cient\u00edfico oficial sobre c\u00f3mo podr\u00eda afectar la actividad a la zona cercana al canal.\u00a0<strong>Mongabay Latam<\/strong>\u00a0y\u00a0<strong>elDiarioAR\u00a0<\/strong>preguntaron a Coto si cree que la provincia tiene las herramientas, la capacidad y los recursos para poder controlar o fiscalizar la actividad. El legislador respondi\u00f3 que s\u00ed, pero este es uno de los puntos centrales de la oposici\u00f3n de las ONG, cient\u00edficos y ambientalistas, quienes creen que la salmonicultura en el mar sobrepasar\u00e1 las capacidades de fiscalizaci\u00f3n de Tierra del Fuego.<\/p>\n<p class=\"article-text\">\n<p><em><a class=\"featured-name\" href=\"https:\/\/www.eldiarioar.com\/autores\/emilia-delfino\/\">Emilia Delfino<\/a> &#8211; elDiarioAR<\/em><\/p>\n<p>&nbsp;<\/p>\n","protected":false},"excerpt":{"rendered":"<p>La provincia de Tierra del Fuego debate si levantar la prohibici\u00f3n de la actividad. Actualmente, solo est\u00e1 permitido de manera limitada en tanques sobre la tierra, pero el Ejecutivo provincial busca extenderlo en tierra, mar, r\u00edos, lagos y lagunas. Activistas ambientales, cient\u00edficos y vecinos advierten sobre los impactos socioambientales de la actividad y se oponen [&hellip;]<\/p>\n","protected":false},"author":3,"featured_media":129181,"comment_status":"closed","ping_status":"closed","sticky":false,"template":"","format":"standard","meta":{"footnotes":""},"categories":[46,24,26],"tags":[],"class_list":["post-129180","post","type-post","status-publish","format-standard","has-post-thumbnail","hentry","category-ciencia-y-tecnologia","category-politica","category-sociedad"],"yoast_head":"<!-- This site is optimized with the Yoast SEO plugin v25.9 - https:\/\/yoast.com\/wordpress\/plugins\/seo\/ -->\n<title>Por qu\u00e9 la cr\u00eda de salmones en jaulas divide a la clase pol\u00edtica y sectores sociales en Tierra del Fuego - Noticias Radio Reflejos<\/title>\n<meta name=\"robots\" content=\"index, follow, max-snippet:-1, max-image-preview:large, max-video-preview:-1\" \/>\n<link rel=\"canonical\" href=\"https:\/\/www.noticiasradioreflejos.com.ar\/2021\/por-que-la-cria-de-salmones-en-jaulas-divide-a-la-clase-politica-y-sectores-sociales-en-tierra-del-fuego\/\" \/>\n<meta property=\"og:locale\" content=\"es_ES\" \/>\n<meta property=\"og:type\" content=\"article\" \/>\n<meta property=\"og:title\" content=\"Por qu\u00e9 la cr\u00eda de salmones en jaulas divide a la clase pol\u00edtica y sectores sociales en Tierra del Fuego - Noticias Radio Reflejos\" \/>\n<meta property=\"og:description\" content=\"La provincia de Tierra del Fuego debate si levantar la prohibici\u00f3n de la actividad. Actualmente, solo est\u00e1 permitido de manera limitada en tanques sobre la tierra, pero el Ejecutivo provincial busca extenderlo en tierra, mar, r\u00edos, lagos y lagunas. Activistas ambientales, cient\u00edficos y vecinos advierten sobre los impactos socioambientales de la actividad y se oponen [&hellip;]\" \/>\n<meta property=\"og:url\" content=\"https:\/\/www.noticiasradioreflejos.com.ar\/2021\/por-que-la-cria-de-salmones-en-jaulas-divide-a-la-clase-politica-y-sectores-sociales-en-tierra-del-fuego\/\" \/>\n<meta property=\"og:site_name\" content=\"Noticias Radio Reflejos\" \/>\n<meta property=\"article:published_time\" content=\"2025-12-02T15:59:25+00:00\" \/>\n<meta property=\"og:image\" content=\"https:\/\/www.noticiasradioreflejos.com.ar\/2021\/wp-content\/uploads\/2025\/12\/salmones-en-jaulas.webp\" \/>\n\t<meta property=\"og:image:width\" content=\"1200\" \/>\n\t<meta property=\"og:image:height\" content=\"675\" \/>\n\t<meta property=\"og:image:type\" content=\"image\/webp\" \/>\n<meta name=\"author\" content=\"Arnaldo Botto\" \/>\n<meta name=\"twitter:card\" content=\"summary_large_image\" \/>\n<script type=\"application\/ld+json\" class=\"yoast-schema-graph\">{\"@context\":\"https:\/\/schema.org\",\"@graph\":[{\"@type\":\"WebPage\",\"@id\":\"https:\/\/www.noticiasradioreflejos.com.ar\/2021\/por-que-la-cria-de-salmones-en-jaulas-divide-a-la-clase-politica-y-sectores-sociales-en-tierra-del-fuego\/\",\"url\":\"https:\/\/www.noticiasradioreflejos.com.ar\/2021\/por-que-la-cria-de-salmones-en-jaulas-divide-a-la-clase-politica-y-sectores-sociales-en-tierra-del-fuego\/\",\"name\":\"Por qu\u00e9 la cr\u00eda de salmones en jaulas divide a la clase pol\u00edtica y sectores sociales en Tierra del Fuego - Noticias Radio Reflejos\",\"isPartOf\":{\"@id\":\"https:\/\/www.noticiasradioreflejos.com.ar\/2021\/#website\"},\"primaryImageOfPage\":{\"@id\":\"https:\/\/www.noticiasradioreflejos.com.ar\/2021\/por-que-la-cria-de-salmones-en-jaulas-divide-a-la-clase-politica-y-sectores-sociales-en-tierra-del-fuego\/#primaryimage\"},\"image\":{\"@id\":\"https:\/\/www.noticiasradioreflejos.com.ar\/2021\/por-que-la-cria-de-salmones-en-jaulas-divide-a-la-clase-politica-y-sectores-sociales-en-tierra-del-fuego\/#primaryimage\"},\"thumbnailUrl\":\"https:\/\/www.noticiasradioreflejos.com.ar\/2021\/wp-content\/uploads\/2025\/12\/salmones-en-jaulas.webp\",\"datePublished\":\"2025-12-02T15:59:25+00:00\",\"author\":{\"@id\":\"https:\/\/www.noticiasradioreflejos.com.ar\/2021\/#\/schema\/person\/ad82545263dcc5ec0996818884fd5fb1\"},\"breadcrumb\":{\"@id\":\"https:\/\/www.noticiasradioreflejos.com.ar\/2021\/por-que-la-cria-de-salmones-en-jaulas-divide-a-la-clase-politica-y-sectores-sociales-en-tierra-del-fuego\/#breadcrumb\"},\"inLanguage\":\"es\",\"potentialAction\":[{\"@type\":\"ReadAction\",\"target\":[\"https:\/\/www.noticiasradioreflejos.com.ar\/2021\/por-que-la-cria-de-salmones-en-jaulas-divide-a-la-clase-politica-y-sectores-sociales-en-tierra-del-fuego\/\"]}]},{\"@type\":\"ImageObject\",\"inLanguage\":\"es\",\"@id\":\"https:\/\/www.noticiasradioreflejos.com.ar\/2021\/por-que-la-cria-de-salmones-en-jaulas-divide-a-la-clase-politica-y-sectores-sociales-en-tierra-del-fuego\/#primaryimage\",\"url\":\"https:\/\/www.noticiasradioreflejos.com.ar\/2021\/wp-content\/uploads\/2025\/12\/salmones-en-jaulas.webp\",\"contentUrl\":\"https:\/\/www.noticiasradioreflejos.com.ar\/2021\/wp-content\/uploads\/2025\/12\/salmones-en-jaulas.webp\",\"width\":1200,\"height\":675},{\"@type\":\"BreadcrumbList\",\"@id\":\"https:\/\/www.noticiasradioreflejos.com.ar\/2021\/por-que-la-cria-de-salmones-en-jaulas-divide-a-la-clase-politica-y-sectores-sociales-en-tierra-del-fuego\/#breadcrumb\",\"itemListElement\":[{\"@type\":\"ListItem\",\"position\":1,\"name\":\"Portada\",\"item\":\"https:\/\/www.noticiasradioreflejos.com.ar\/2021\/\"},{\"@type\":\"ListItem\",\"position\":2,\"name\":\"Por qu\u00e9 la cr\u00eda de salmones en jaulas divide a la clase pol\u00edtica y sectores sociales en Tierra del Fuego\"}]},{\"@type\":\"WebSite\",\"@id\":\"https:\/\/www.noticiasradioreflejos.com.ar\/2021\/#website\",\"url\":\"https:\/\/www.noticiasradioreflejos.com.ar\/2021\/\",\"name\":\"Noticias Radio Reflejos\",\"description\":\"Las noticias de mi comarca\",\"potentialAction\":[{\"@type\":\"SearchAction\",\"target\":{\"@type\":\"EntryPoint\",\"urlTemplate\":\"https:\/\/www.noticiasradioreflejos.com.ar\/2021\/?s={search_term_string}\"},\"query-input\":{\"@type\":\"PropertyValueSpecification\",\"valueRequired\":true,\"valueName\":\"search_term_string\"}}],\"inLanguage\":\"es\"},{\"@type\":\"Person\",\"@id\":\"https:\/\/www.noticiasradioreflejos.com.ar\/2021\/#\/schema\/person\/ad82545263dcc5ec0996818884fd5fb1\",\"name\":\"Arnaldo Botto\",\"image\":{\"@type\":\"ImageObject\",\"inLanguage\":\"es\",\"@id\":\"https:\/\/www.noticiasradioreflejos.com.ar\/2021\/#\/schema\/person\/image\/\",\"url\":\"https:\/\/secure.gravatar.com\/avatar\/55cb5e37c1efa326397366e6974cb338056df65cb50e7d64d1cf314e87504837?s=96&d=mm&r=g\",\"contentUrl\":\"https:\/\/secure.gravatar.com\/avatar\/55cb5e37c1efa326397366e6974cb338056df65cb50e7d64d1cf314e87504837?s=96&d=mm&r=g\",\"caption\":\"Arnaldo Botto\"},\"url\":\"https:\/\/www.noticiasradioreflejos.com.ar\/2021\/author\/arnaldo\/\"}]}<\/script>\n<!-- \/ Yoast SEO plugin. -->","yoast_head_json":{"title":"Por qu\u00e9 la cr\u00eda de salmones en jaulas divide a la clase pol\u00edtica y sectores sociales en Tierra del Fuego - Noticias Radio Reflejos","robots":{"index":"index","follow":"follow","max-snippet":"max-snippet:-1","max-image-preview":"max-image-preview:large","max-video-preview":"max-video-preview:-1"},"canonical":"https:\/\/www.noticiasradioreflejos.com.ar\/2021\/por-que-la-cria-de-salmones-en-jaulas-divide-a-la-clase-politica-y-sectores-sociales-en-tierra-del-fuego\/","og_locale":"es_ES","og_type":"article","og_title":"Por qu\u00e9 la cr\u00eda de salmones en jaulas divide a la clase pol\u00edtica y sectores sociales en Tierra del Fuego - Noticias Radio Reflejos","og_description":"La provincia de Tierra del Fuego debate si levantar la prohibici\u00f3n de la actividad. Actualmente, solo est\u00e1 permitido de manera limitada en tanques sobre la tierra, pero el Ejecutivo provincial busca extenderlo en tierra, mar, r\u00edos, lagos y lagunas. Activistas ambientales, cient\u00edficos y vecinos advierten sobre los impactos socioambientales de la actividad y se oponen [&hellip;]","og_url":"https:\/\/www.noticiasradioreflejos.com.ar\/2021\/por-que-la-cria-de-salmones-en-jaulas-divide-a-la-clase-politica-y-sectores-sociales-en-tierra-del-fuego\/","og_site_name":"Noticias Radio Reflejos","article_published_time":"2025-12-02T15:59:25+00:00","og_image":[{"width":1200,"height":675,"url":"https:\/\/www.noticiasradioreflejos.com.ar\/2021\/wp-content\/uploads\/2025\/12\/salmones-en-jaulas.webp","type":"image\/webp"}],"author":"Arnaldo Botto","twitter_card":"summary_large_image","schema":{"@context":"https:\/\/schema.org","@graph":[{"@type":"WebPage","@id":"https:\/\/www.noticiasradioreflejos.com.ar\/2021\/por-que-la-cria-de-salmones-en-jaulas-divide-a-la-clase-politica-y-sectores-sociales-en-tierra-del-fuego\/","url":"https:\/\/www.noticiasradioreflejos.com.ar\/2021\/por-que-la-cria-de-salmones-en-jaulas-divide-a-la-clase-politica-y-sectores-sociales-en-tierra-del-fuego\/","name":"Por qu\u00e9 la cr\u00eda de salmones en jaulas divide a la clase pol\u00edtica y sectores sociales en Tierra del Fuego - Noticias Radio Reflejos","isPartOf":{"@id":"https:\/\/www.noticiasradioreflejos.com.ar\/2021\/#website"},"primaryImageOfPage":{"@id":"https:\/\/www.noticiasradioreflejos.com.ar\/2021\/por-que-la-cria-de-salmones-en-jaulas-divide-a-la-clase-politica-y-sectores-sociales-en-tierra-del-fuego\/#primaryimage"},"image":{"@id":"https:\/\/www.noticiasradioreflejos.com.ar\/2021\/por-que-la-cria-de-salmones-en-jaulas-divide-a-la-clase-politica-y-sectores-sociales-en-tierra-del-fuego\/#primaryimage"},"thumbnailUrl":"https:\/\/www.noticiasradioreflejos.com.ar\/2021\/wp-content\/uploads\/2025\/12\/salmones-en-jaulas.webp","datePublished":"2025-12-02T15:59:25+00:00","author":{"@id":"https:\/\/www.noticiasradioreflejos.com.ar\/2021\/#\/schema\/person\/ad82545263dcc5ec0996818884fd5fb1"},"breadcrumb":{"@id":"https:\/\/www.noticiasradioreflejos.com.ar\/2021\/por-que-la-cria-de-salmones-en-jaulas-divide-a-la-clase-politica-y-sectores-sociales-en-tierra-del-fuego\/#breadcrumb"},"inLanguage":"es","potentialAction":[{"@type":"ReadAction","target":["https:\/\/www.noticiasradioreflejos.com.ar\/2021\/por-que-la-cria-de-salmones-en-jaulas-divide-a-la-clase-politica-y-sectores-sociales-en-tierra-del-fuego\/"]}]},{"@type":"ImageObject","inLanguage":"es","@id":"https:\/\/www.noticiasradioreflejos.com.ar\/2021\/por-que-la-cria-de-salmones-en-jaulas-divide-a-la-clase-politica-y-sectores-sociales-en-tierra-del-fuego\/#primaryimage","url":"https:\/\/www.noticiasradioreflejos.com.ar\/2021\/wp-content\/uploads\/2025\/12\/salmones-en-jaulas.webp","contentUrl":"https:\/\/www.noticiasradioreflejos.com.ar\/2021\/wp-content\/uploads\/2025\/12\/salmones-en-jaulas.webp","width":1200,"height":675},{"@type":"BreadcrumbList","@id":"https:\/\/www.noticiasradioreflejos.com.ar\/2021\/por-que-la-cria-de-salmones-en-jaulas-divide-a-la-clase-politica-y-sectores-sociales-en-tierra-del-fuego\/#breadcrumb","itemListElement":[{"@type":"ListItem","position":1,"name":"Portada","item":"https:\/\/www.noticiasradioreflejos.com.ar\/2021\/"},{"@type":"ListItem","position":2,"name":"Por qu\u00e9 la cr\u00eda de salmones en jaulas divide a la clase pol\u00edtica y sectores sociales en Tierra del Fuego"}]},{"@type":"WebSite","@id":"https:\/\/www.noticiasradioreflejos.com.ar\/2021\/#website","url":"https:\/\/www.noticiasradioreflejos.com.ar\/2021\/","name":"Noticias Radio Reflejos","description":"Las noticias de mi comarca","potentialAction":[{"@type":"SearchAction","target":{"@type":"EntryPoint","urlTemplate":"https:\/\/www.noticiasradioreflejos.com.ar\/2021\/?s={search_term_string}"},"query-input":{"@type":"PropertyValueSpecification","valueRequired":true,"valueName":"search_term_string"}}],"inLanguage":"es"},{"@type":"Person","@id":"https:\/\/www.noticiasradioreflejos.com.ar\/2021\/#\/schema\/person\/ad82545263dcc5ec0996818884fd5fb1","name":"Arnaldo Botto","image":{"@type":"ImageObject","inLanguage":"es","@id":"https:\/\/www.noticiasradioreflejos.com.ar\/2021\/#\/schema\/person\/image\/","url":"https:\/\/secure.gravatar.com\/avatar\/55cb5e37c1efa326397366e6974cb338056df65cb50e7d64d1cf314e87504837?s=96&d=mm&r=g","contentUrl":"https:\/\/secure.gravatar.com\/avatar\/55cb5e37c1efa326397366e6974cb338056df65cb50e7d64d1cf314e87504837?s=96&d=mm&r=g","caption":"Arnaldo Botto"},"url":"https:\/\/www.noticiasradioreflejos.com.ar\/2021\/author\/arnaldo\/"}]}},"_links":{"self":[{"href":"https:\/\/www.noticiasradioreflejos.com.ar\/2021\/wp-json\/wp\/v2\/posts\/129180","targetHints":{"allow":["GET"]}}],"collection":[{"href":"https:\/\/www.noticiasradioreflejos.com.ar\/2021\/wp-json\/wp\/v2\/posts"}],"about":[{"href":"https:\/\/www.noticiasradioreflejos.com.ar\/2021\/wp-json\/wp\/v2\/types\/post"}],"author":[{"embeddable":true,"href":"https:\/\/www.noticiasradioreflejos.com.ar\/2021\/wp-json\/wp\/v2\/users\/3"}],"replies":[{"embeddable":true,"href":"https:\/\/www.noticiasradioreflejos.com.ar\/2021\/wp-json\/wp\/v2\/comments?post=129180"}],"version-history":[{"count":1,"href":"https:\/\/www.noticiasradioreflejos.com.ar\/2021\/wp-json\/wp\/v2\/posts\/129180\/revisions"}],"predecessor-version":[{"id":129182,"href":"https:\/\/www.noticiasradioreflejos.com.ar\/2021\/wp-json\/wp\/v2\/posts\/129180\/revisions\/129182"}],"wp:featuredmedia":[{"embeddable":true,"href":"https:\/\/www.noticiasradioreflejos.com.ar\/2021\/wp-json\/wp\/v2\/media\/129181"}],"wp:attachment":[{"href":"https:\/\/www.noticiasradioreflejos.com.ar\/2021\/wp-json\/wp\/v2\/media?parent=129180"}],"wp:term":[{"taxonomy":"category","embeddable":true,"href":"https:\/\/www.noticiasradioreflejos.com.ar\/2021\/wp-json\/wp\/v2\/categories?post=129180"},{"taxonomy":"post_tag","embeddable":true,"href":"https:\/\/www.noticiasradioreflejos.com.ar\/2021\/wp-json\/wp\/v2\/tags?post=129180"}],"curies":[{"name":"wp","href":"https:\/\/api.w.org\/{rel}","templated":true}]}}