{"id":129177,"date":"2025-12-02T12:54:15","date_gmt":"2025-12-02T15:54:15","guid":{"rendered":"https:\/\/www.noticiasradioreflejos.com.ar\/2021\/?p=129177"},"modified":"2025-12-02T12:54:15","modified_gmt":"2025-12-02T15:54:15","slug":"reforma-laboral-las-asignaciones-familiares-podrian-modificarse-segun-un-informe","status":"publish","type":"post","link":"https:\/\/www.noticiasradioreflejos.com.ar\/2021\/reforma-laboral-las-asignaciones-familiares-podrian-modificarse-segun-un-informe\/","title":{"rendered":"Reforma laboral: las asignaciones familiares podr\u00edan modificarse seg\u00fan un informe"},"content":{"rendered":"<header class=\"article-header\" data-tadevel-template=\"web\/article-header\">\n<p class=\"article-deck\">Se\u00f1alan que distorsiona la relaci\u00f3n entre trabajadores formales e informales<\/p>\n<p><time class=\"article-date\" datetime=\"2025-12-02T14:51:38.423Z\"><\/time><\/header>\n<p><!--more--><\/p>\n<div class=\"columns\" data-tadevel-template=\"web\/article-columns\">\n<div class=\"column-main\">\n<div class=\"article-body\" data-tadevel-template=\"web\/article-body\">\n<div class=\"article-body-content\">\n<p>El cobro de las <strong>Asignaciones Familiares\u00a0<\/strong>es unos de los puntos que debiera abordar la\u00a0<strong>reforma laboral<\/strong>\u00a0para que su aplicaci\u00f3n ayude a reducir la informalidad en el mercado de trabajo.<\/p>\n<p>As\u00ed lo interpret\u00f3 un trabajo del Instituto para el Desarrollo Social Argentino (IDESA),<\/p>\n<p>\u201cPromover la formalizaci\u00f3n requiere m\u00e1s que cambios en la ley laboral\u201d, se\u00f1al\u00f3 el informe, que adem\u00e1s consider\u00f3 crucial\u00a0<mark>\u201crever los factores que inducen a las microempresas y trabajadores de menores niveles de ingreso operar en la informalidad\u201d.<\/mark><\/p>\n<p>IDESA se\u00f1al\u00f3 que uno de los factores que incentiva la informalidad y que \u00abtrascienden la legislaci\u00f3n laboral\u00bb son las asignaciones familiares.<\/p>\n<p>De hecho, \u00ab<strong>el trabajador informal cobra asignaciones familiares mucho m\u00e1s altas que el formal<\/strong>\u00ab. Por ejemplo, un trabajador con un hijo menor de 3 a\u00f1os, si est\u00e1 registrado, cobra $ 60.000 en concepto de Asignaci\u00f3n por Hijo.<\/p>\n<p><strong>En cambio un trabajador formal cobra $ 120.000 por la \u00abAsignaci\u00f3n Universal por Hijo (AUH)\u00bb.<\/strong><\/p>\n<p><strong>El trabajador informal agrega adem\u00e1s a la AUH $ 52.000 por \u00abtarjeta alimentar\u00bb y $ 45.000&#8243; por \u00abcomplemento alimentario\u00bb por ser el hijo menor de 3 a\u00f1os, sumando $217.000 por mes.\u00a0<\/strong>Esto implica que el trabajador informal recibe un beneficio mucho mayor.<\/p>\n<p>El an\u00e1lisis de IDESA se\u00f1ala que \u00abel trabajador para ingresar a la formalidad va a demandar un aumento en la remuneraci\u00f3n que le compense esta diferencia de casi 4 veces en el beneficio de asignaci\u00f3n por hijo\u00bb.<\/p>\n<p>En sueldos bajos, \u00abes un poderoso factor inductor a la informalidad\u00bb. \u00abPara generar un proceso din\u00e1mico de formalizaci\u00f3n laboral se necesita un abordaje integral, incluyendo mejorar el dise\u00f1o de los beneficios sociales\u00bb.<\/p>\n<p title=\"vlxufA\" data-ipspy=\"vlxufA\">Si bien tiene un \u00abimpacto fiscal\u00bb, \u00abes imprescindible que las prestaciones por hijos entre los informales y los formales de m\u00e1s baja remuneraci\u00f3n se nivelen\u00bb.<\/p>\n<p>La \u00abformalizaci\u00f3n masiva en las microempresases un proceso deseable\u00bb, pero \u00abse necesita una estrategia m\u00e1s integral que el cambio de las leyes laborales\u00bb.<\/p>\n<p><a href=\"https:\/\/noticiasargentinas.com\/-agenciana_t6916e70a4551e78eb9423f59\">#AgenciaNA<\/a><\/p>\n<\/div>\n<\/div>\n<\/div>\n<\/div>\n","protected":false},"excerpt":{"rendered":"<p>Se\u00f1alan que distorsiona la relaci\u00f3n entre trabajadores formales e informales<\/p>\n","protected":false},"author":3,"featured_media":129178,"comment_status":"closed","ping_status":"closed","sticky":false,"template":"","format":"standard","meta":{"footnotes":""},"categories":[36],"tags":[],"class_list":["post-129177","post","type-post","status-publish","format-standard","has-post-thumbnail","hentry","category-economia"],"yoast_head":"<!-- This site is optimized with the Yoast SEO plugin v25.9 - https:\/\/yoast.com\/wordpress\/plugins\/seo\/ -->\n<title>Reforma laboral: las asignaciones familiares podr\u00edan modificarse seg\u00fan un informe - Noticias Radio Reflejos<\/title>\n<meta name=\"robots\" content=\"index, follow, max-snippet:-1, max-image-preview:large, max-video-preview:-1\" \/>\n<link rel=\"canonical\" href=\"https:\/\/www.noticiasradioreflejos.com.ar\/2021\/reforma-laboral-las-asignaciones-familiares-podrian-modificarse-segun-un-informe\/\" \/>\n<meta property=\"og:locale\" content=\"es_ES\" \/>\n<meta property=\"og:type\" content=\"article\" \/>\n<meta property=\"og:title\" content=\"Reforma laboral: las asignaciones familiares podr\u00edan modificarse seg\u00fan un informe - Noticias Radio Reflejos\" \/>\n<meta property=\"og:description\" content=\"Se\u00f1alan que distorsiona la relaci\u00f3n entre trabajadores formales e informales\" \/>\n<meta property=\"og:url\" content=\"https:\/\/www.noticiasradioreflejos.com.ar\/2021\/reforma-laboral-las-asignaciones-familiares-podrian-modificarse-segun-un-informe\/\" \/>\n<meta property=\"og:site_name\" content=\"Noticias Radio Reflejos\" \/>\n<meta property=\"article:published_time\" content=\"2025-12-02T15:54:15+00:00\" \/>\n<meta property=\"og:image\" content=\"https:\/\/www.noticiasradioreflejos.com.ar\/2021\/wp-content\/uploads\/2025\/12\/fabrica.webp\" \/>\n\t<meta property=\"og:image:width\" content=\"1280\" \/>\n\t<meta property=\"og:image:height\" content=\"720\" \/>\n\t<meta property=\"og:image:type\" content=\"image\/webp\" \/>\n<meta name=\"author\" content=\"Arnaldo Botto\" \/>\n<meta name=\"twitter:card\" content=\"summary_large_image\" \/>\n<script type=\"application\/ld+json\" class=\"yoast-schema-graph\">{\"@context\":\"https:\/\/schema.org\",\"@graph\":[{\"@type\":\"WebPage\",\"@id\":\"https:\/\/www.noticiasradioreflejos.com.ar\/2021\/reforma-laboral-las-asignaciones-familiares-podrian-modificarse-segun-un-informe\/\",\"url\":\"https:\/\/www.noticiasradioreflejos.com.ar\/2021\/reforma-laboral-las-asignaciones-familiares-podrian-modificarse-segun-un-informe\/\",\"name\":\"Reforma laboral: las asignaciones familiares podr\u00edan modificarse seg\u00fan un informe - Noticias Radio Reflejos\",\"isPartOf\":{\"@id\":\"https:\/\/www.noticiasradioreflejos.com.ar\/2021\/#website\"},\"primaryImageOfPage\":{\"@id\":\"https:\/\/www.noticiasradioreflejos.com.ar\/2021\/reforma-laboral-las-asignaciones-familiares-podrian-modificarse-segun-un-informe\/#primaryimage\"},\"image\":{\"@id\":\"https:\/\/www.noticiasradioreflejos.com.ar\/2021\/reforma-laboral-las-asignaciones-familiares-podrian-modificarse-segun-un-informe\/#primaryimage\"},\"thumbnailUrl\":\"https:\/\/www.noticiasradioreflejos.com.ar\/2021\/wp-content\/uploads\/2025\/12\/fabrica.webp\",\"datePublished\":\"2025-12-02T15:54:15+00:00\",\"author\":{\"@id\":\"https:\/\/www.noticiasradioreflejos.com.ar\/2021\/#\/schema\/person\/ad82545263dcc5ec0996818884fd5fb1\"},\"breadcrumb\":{\"@id\":\"https:\/\/www.noticiasradioreflejos.com.ar\/2021\/reforma-laboral-las-asignaciones-familiares-podrian-modificarse-segun-un-informe\/#breadcrumb\"},\"inLanguage\":\"es\",\"potentialAction\":[{\"@type\":\"ReadAction\",\"target\":[\"https:\/\/www.noticiasradioreflejos.com.ar\/2021\/reforma-laboral-las-asignaciones-familiares-podrian-modificarse-segun-un-informe\/\"]}]},{\"@type\":\"ImageObject\",\"inLanguage\":\"es\",\"@id\":\"https:\/\/www.noticiasradioreflejos.com.ar\/2021\/reforma-laboral-las-asignaciones-familiares-podrian-modificarse-segun-un-informe\/#primaryimage\",\"url\":\"https:\/\/www.noticiasradioreflejos.com.ar\/2021\/wp-content\/uploads\/2025\/12\/fabrica.webp\",\"contentUrl\":\"https:\/\/www.noticiasradioreflejos.com.ar\/2021\/wp-content\/uploads\/2025\/12\/fabrica.webp\",\"width\":1280,\"height\":720},{\"@type\":\"BreadcrumbList\",\"@id\":\"https:\/\/www.noticiasradioreflejos.com.ar\/2021\/reforma-laboral-las-asignaciones-familiares-podrian-modificarse-segun-un-informe\/#breadcrumb\",\"itemListElement\":[{\"@type\":\"ListItem\",\"position\":1,\"name\":\"Portada\",\"item\":\"https:\/\/www.noticiasradioreflejos.com.ar\/2021\/\"},{\"@type\":\"ListItem\",\"position\":2,\"name\":\"Reforma laboral: las asignaciones familiares podr\u00edan modificarse seg\u00fan un informe\"}]},{\"@type\":\"WebSite\",\"@id\":\"https:\/\/www.noticiasradioreflejos.com.ar\/2021\/#website\",\"url\":\"https:\/\/www.noticiasradioreflejos.com.ar\/2021\/\",\"name\":\"Noticias Radio Reflejos\",\"description\":\"Las noticias de mi comarca\",\"potentialAction\":[{\"@type\":\"SearchAction\",\"target\":{\"@type\":\"EntryPoint\",\"urlTemplate\":\"https:\/\/www.noticiasradioreflejos.com.ar\/2021\/?s={search_term_string}\"},\"query-input\":{\"@type\":\"PropertyValueSpecification\",\"valueRequired\":true,\"valueName\":\"search_term_string\"}}],\"inLanguage\":\"es\"},{\"@type\":\"Person\",\"@id\":\"https:\/\/www.noticiasradioreflejos.com.ar\/2021\/#\/schema\/person\/ad82545263dcc5ec0996818884fd5fb1\",\"name\":\"Arnaldo Botto\",\"image\":{\"@type\":\"ImageObject\",\"inLanguage\":\"es\",\"@id\":\"https:\/\/www.noticiasradioreflejos.com.ar\/2021\/#\/schema\/person\/image\/\",\"url\":\"https:\/\/secure.gravatar.com\/avatar\/55cb5e37c1efa326397366e6974cb338056df65cb50e7d64d1cf314e87504837?s=96&d=mm&r=g\",\"contentUrl\":\"https:\/\/secure.gravatar.com\/avatar\/55cb5e37c1efa326397366e6974cb338056df65cb50e7d64d1cf314e87504837?s=96&d=mm&r=g\",\"caption\":\"Arnaldo Botto\"},\"url\":\"https:\/\/www.noticiasradioreflejos.com.ar\/2021\/author\/arnaldo\/\"}]}<\/script>\n<!-- \/ Yoast SEO plugin. -->","yoast_head_json":{"title":"Reforma laboral: las asignaciones familiares podr\u00edan modificarse seg\u00fan un informe - Noticias Radio Reflejos","robots":{"index":"index","follow":"follow","max-snippet":"max-snippet:-1","max-image-preview":"max-image-preview:large","max-video-preview":"max-video-preview:-1"},"canonical":"https:\/\/www.noticiasradioreflejos.com.ar\/2021\/reforma-laboral-las-asignaciones-familiares-podrian-modificarse-segun-un-informe\/","og_locale":"es_ES","og_type":"article","og_title":"Reforma laboral: las asignaciones familiares podr\u00edan modificarse seg\u00fan un informe - Noticias Radio Reflejos","og_description":"Se\u00f1alan que distorsiona la relaci\u00f3n entre trabajadores formales e informales","og_url":"https:\/\/www.noticiasradioreflejos.com.ar\/2021\/reforma-laboral-las-asignaciones-familiares-podrian-modificarse-segun-un-informe\/","og_site_name":"Noticias Radio Reflejos","article_published_time":"2025-12-02T15:54:15+00:00","og_image":[{"width":1280,"height":720,"url":"https:\/\/www.noticiasradioreflejos.com.ar\/2021\/wp-content\/uploads\/2025\/12\/fabrica.webp","type":"image\/webp"}],"author":"Arnaldo Botto","twitter_card":"summary_large_image","schema":{"@context":"https:\/\/schema.org","@graph":[{"@type":"WebPage","@id":"https:\/\/www.noticiasradioreflejos.com.ar\/2021\/reforma-laboral-las-asignaciones-familiares-podrian-modificarse-segun-un-informe\/","url":"https:\/\/www.noticiasradioreflejos.com.ar\/2021\/reforma-laboral-las-asignaciones-familiares-podrian-modificarse-segun-un-informe\/","name":"Reforma laboral: las asignaciones familiares podr\u00edan modificarse seg\u00fan un informe - Noticias Radio Reflejos","isPartOf":{"@id":"https:\/\/www.noticiasradioreflejos.com.ar\/2021\/#website"},"primaryImageOfPage":{"@id":"https:\/\/www.noticiasradioreflejos.com.ar\/2021\/reforma-laboral-las-asignaciones-familiares-podrian-modificarse-segun-un-informe\/#primaryimage"},"image":{"@id":"https:\/\/www.noticiasradioreflejos.com.ar\/2021\/reforma-laboral-las-asignaciones-familiares-podrian-modificarse-segun-un-informe\/#primaryimage"},"thumbnailUrl":"https:\/\/www.noticiasradioreflejos.com.ar\/2021\/wp-content\/uploads\/2025\/12\/fabrica.webp","datePublished":"2025-12-02T15:54:15+00:00","author":{"@id":"https:\/\/www.noticiasradioreflejos.com.ar\/2021\/#\/schema\/person\/ad82545263dcc5ec0996818884fd5fb1"},"breadcrumb":{"@id":"https:\/\/www.noticiasradioreflejos.com.ar\/2021\/reforma-laboral-las-asignaciones-familiares-podrian-modificarse-segun-un-informe\/#breadcrumb"},"inLanguage":"es","potentialAction":[{"@type":"ReadAction","target":["https:\/\/www.noticiasradioreflejos.com.ar\/2021\/reforma-laboral-las-asignaciones-familiares-podrian-modificarse-segun-un-informe\/"]}]},{"@type":"ImageObject","inLanguage":"es","@id":"https:\/\/www.noticiasradioreflejos.com.ar\/2021\/reforma-laboral-las-asignaciones-familiares-podrian-modificarse-segun-un-informe\/#primaryimage","url":"https:\/\/www.noticiasradioreflejos.com.ar\/2021\/wp-content\/uploads\/2025\/12\/fabrica.webp","contentUrl":"https:\/\/www.noticiasradioreflejos.com.ar\/2021\/wp-content\/uploads\/2025\/12\/fabrica.webp","width":1280,"height":720},{"@type":"BreadcrumbList","@id":"https:\/\/www.noticiasradioreflejos.com.ar\/2021\/reforma-laboral-las-asignaciones-familiares-podrian-modificarse-segun-un-informe\/#breadcrumb","itemListElement":[{"@type":"ListItem","position":1,"name":"Portada","item":"https:\/\/www.noticiasradioreflejos.com.ar\/2021\/"},{"@type":"ListItem","position":2,"name":"Reforma laboral: las asignaciones familiares podr\u00edan modificarse seg\u00fan un informe"}]},{"@type":"WebSite","@id":"https:\/\/www.noticiasradioreflejos.com.ar\/2021\/#website","url":"https:\/\/www.noticiasradioreflejos.com.ar\/2021\/","name":"Noticias Radio Reflejos","description":"Las noticias de mi comarca","potentialAction":[{"@type":"SearchAction","target":{"@type":"EntryPoint","urlTemplate":"https:\/\/www.noticiasradioreflejos.com.ar\/2021\/?s={search_term_string}"},"query-input":{"@type":"PropertyValueSpecification","valueRequired":true,"valueName":"search_term_string"}}],"inLanguage":"es"},{"@type":"Person","@id":"https:\/\/www.noticiasradioreflejos.com.ar\/2021\/#\/schema\/person\/ad82545263dcc5ec0996818884fd5fb1","name":"Arnaldo Botto","image":{"@type":"ImageObject","inLanguage":"es","@id":"https:\/\/www.noticiasradioreflejos.com.ar\/2021\/#\/schema\/person\/image\/","url":"https:\/\/secure.gravatar.com\/avatar\/55cb5e37c1efa326397366e6974cb338056df65cb50e7d64d1cf314e87504837?s=96&d=mm&r=g","contentUrl":"https:\/\/secure.gravatar.com\/avatar\/55cb5e37c1efa326397366e6974cb338056df65cb50e7d64d1cf314e87504837?s=96&d=mm&r=g","caption":"Arnaldo Botto"},"url":"https:\/\/www.noticiasradioreflejos.com.ar\/2021\/author\/arnaldo\/"}]}},"_links":{"self":[{"href":"https:\/\/www.noticiasradioreflejos.com.ar\/2021\/wp-json\/wp\/v2\/posts\/129177","targetHints":{"allow":["GET"]}}],"collection":[{"href":"https:\/\/www.noticiasradioreflejos.com.ar\/2021\/wp-json\/wp\/v2\/posts"}],"about":[{"href":"https:\/\/www.noticiasradioreflejos.com.ar\/2021\/wp-json\/wp\/v2\/types\/post"}],"author":[{"embeddable":true,"href":"https:\/\/www.noticiasradioreflejos.com.ar\/2021\/wp-json\/wp\/v2\/users\/3"}],"replies":[{"embeddable":true,"href":"https:\/\/www.noticiasradioreflejos.com.ar\/2021\/wp-json\/wp\/v2\/comments?post=129177"}],"version-history":[{"count":1,"href":"https:\/\/www.noticiasradioreflejos.com.ar\/2021\/wp-json\/wp\/v2\/posts\/129177\/revisions"}],"predecessor-version":[{"id":129179,"href":"https:\/\/www.noticiasradioreflejos.com.ar\/2021\/wp-json\/wp\/v2\/posts\/129177\/revisions\/129179"}],"wp:featuredmedia":[{"embeddable":true,"href":"https:\/\/www.noticiasradioreflejos.com.ar\/2021\/wp-json\/wp\/v2\/media\/129178"}],"wp:attachment":[{"href":"https:\/\/www.noticiasradioreflejos.com.ar\/2021\/wp-json\/wp\/v2\/media?parent=129177"}],"wp:term":[{"taxonomy":"category","embeddable":true,"href":"https:\/\/www.noticiasradioreflejos.com.ar\/2021\/wp-json\/wp\/v2\/categories?post=129177"},{"taxonomy":"post_tag","embeddable":true,"href":"https:\/\/www.noticiasradioreflejos.com.ar\/2021\/wp-json\/wp\/v2\/tags?post=129177"}],"curies":[{"name":"wp","href":"https:\/\/api.w.org\/{rel}","templated":true}]}}