{"id":129175,"date":"2025-12-02T12:51:09","date_gmt":"2025-12-02T15:51:09","guid":{"rendered":"https:\/\/www.noticiasradioreflejos.com.ar\/2021\/?p=129175"},"modified":"2025-12-02T12:51:09","modified_gmt":"2025-12-02T15:51:09","slug":"con-argentina-estos-son-los-paises-que-integran-el-bombo-1-del-mundial-2026","status":"publish","type":"post","link":"https:\/\/www.noticiasradioreflejos.com.ar\/2021\/con-argentina-estos-son-los-paises-que-integran-el-bombo-1-del-mundial-2026\/","title":{"rendered":"Con Argentina, estos son los pa\u00edses que integran el Bombo 1 del Mundial 2026"},"content":{"rendered":"<p>El viernes se sortean los grupos de la Copa del Mundo y esto aporta cada selecci\u00f3n.<!--more--><\/p>\n<p>El sorteo del\u00a0<strong>Mundial 2026<\/strong>\u00a0ser\u00e1 el pr\u00f3ximo viernes\u00a0<strong>Argentina<\/strong>\u00a0integra el\u00a0<strong>Bombo 1<\/strong>, reservado para los<strong>\u00a0tres pa\u00edses anfitriones y las nueve mejores selecciones del ranking FIFA.<\/strong><\/p>\n<p>Este bombo re\u00fane a los candidatos m\u00e1s pesados del torneo: <strong>Espa\u00f1a, Argentina, Francia, Inglaterra, Brasil, Portugal, Pa\u00edses Bajos, B\u00e9lgica, Alemania, Estados Unidos, M\u00e9xico y Canad\u00e1<\/strong>.<\/p>\n<p><strong>Espa\u00f1a<\/strong>\u00a0llega como\u00a0<strong>l\u00edder del ranking FIFA<\/strong>\u00a0y, probablemente, como\u00a0<strong>la selecci\u00f3n m\u00e1s regular del ciclo post-Qatar<\/strong>. Campeona de la\u00a0<strong>Nations League<\/strong>\u00a0y con un gran recambio generacional, aparece como una cabeza de serie s\u00f3lida y respaldada por funcionamiento.<\/p>\n<p><strong>Argentina<\/strong>, vigente campeona del mundo, se presenta como<strong>\u00a0otro de los grandes favoritos,\u00a0<\/strong>ya que mantiene una base competitiva de \u00e9lite y atraviesa un proceso de transici\u00f3n natural donde siguen conviviendo figuras j\u00f3venes con nombres hist\u00f3ricos. Adem\u00e1s, el capit\u00e1n\u00a0<strong>Lionel Messi\u00a0<\/strong>buscar\u00e1 su segunda Copa del Mundo en Estados Unidos, donde reside tras llegar al\u00a0<strong>Inter Miami<\/strong>.<\/p>\n<p><strong>Francia e Inglaterra<\/strong>\u00a0completan el bloque europeo m\u00e1s temible, donde los franceses sostienen el plantel m\u00e1s largo del planeta, con\u00a0<strong>Kylian Mbapp\u00e9<\/strong>\u00a0como bandera y un ecosistema de estrellas que los vuelve candidatos permanentes.<\/p>\n<p>Por el lado del equipo ingl\u00e9s, vive uno de los mejores ciclos de su historia moderna, luego de ser finalista de la\u00a0<strong>Eurocopa<\/strong>\u00a0-donde cay\u00f3 ante Espa\u00f1a-, buscar\u00e1 romper la\u00a0<strong>maldici\u00f3n de 1966,\u00a0<\/strong>donde consigui\u00f3 su \u00fanico t\u00edtulo en un Mundial.<\/p>\n<p><strong>Brasil y Portugal\u00a0<\/strong>aportan dos miradas distintas dentro del Bombo 1, ya que la primera transita una reconstrucci\u00f3n futbol\u00edstica apoyada en la explosi\u00f3n de\u00a0<strong>Vin\u00edcius, Rodrygo y Endrick<\/strong>, intentando recuperar su identidad dentro de una elite que ya no domina como antes, sin\u00a0<strong>Neymar\u00a0<\/strong>como referente.<\/p>\n<p>En cuanto a Portugal, se encuentra en una etapa de madurez, donde probablemente cuente con la mejor generaci\u00f3n de su historia, con un plantel profundo que ya no gira \u00fanicamente alrededor de\u00a0<strong>Cristiano Ronaldo<\/strong>.<\/p>\n<p>Por otro lado,\u00a0<strong>Pa\u00edses Bajos\u00a0<\/strong>mantiene una estructura s\u00f3lida, con defensores de clase mundial y una idea competitiva constante.\u00a0<strong>B\u00e9lgica<\/strong>, sin la presi\u00f3n de su extinta \u201cgeneraci\u00f3n dorada\u201d, encara el Mundial con un perfil m\u00e1s bajo pero todav\u00eda con talento para llegar lejos.<\/p>\n<p>La temible\u00a0<strong>Alemania<\/strong>, pese a dos Copas del Mundo decepcionantes, sigue siendo un equipo de peligro por su historia, adem\u00e1s de que cuenta con una estructura, recambio y una cultura competitiva que nunca debe subestimarse.<\/p>\n<p title=\"vlxufA\" data-ipspy=\"vlxufA\">Finalmente, los\u00a0<strong>anfitriones Estados Unidos, M\u00e9xico y Canad\u00e1<\/strong> completan el Bombo 1. Su condici\u00f3n de locales les garantiza un impulso extra con su p\u00fablico, log\u00edstica y un entorno favorable.<\/p>\n<p><strong>Estados Unidos\u00a0<\/strong>llega con un proyecto que apuesta fuerte al crecimiento;\u00a0<strong>M\u00e9xico<\/strong>, con la eterna presi\u00f3n de\u00a0<strong>romper el techo del \u201cquinto partido\u201d<\/strong>; y\u00a0<strong>Canad\u00e1<\/strong>, con una generaci\u00f3n joven que quiere dejar huella en el primer Mundial que organiza.<\/p>\n<p>El\u00a0<strong>sorteo del Mundial 2026<\/strong>\u00a0se realizar\u00e1\u00a0<strong>este viernes\u00a0<\/strong>desde las\u00a0<strong>14\u00a0<\/strong>(horario argentino).<\/p>\n<p>&nbsp;<\/p>\n<p>&nbsp;<\/p>\n<p><a href=\"https:\/\/noticiasargentinas.com\/-agenciana_t6916e70a4551e78eb9423f59\">#AgenciaNA<\/a><\/p>\n","protected":false},"excerpt":{"rendered":"<p>El viernes se sortean los grupos de la Copa del Mundo y esto aporta cada selecci\u00f3n.<\/p>\n","protected":false},"author":3,"featured_media":0,"comment_status":"closed","ping_status":"closed","sticky":false,"template":"","format":"standard","meta":{"footnotes":""},"categories":[27],"tags":[],"class_list":["post-129175","post","type-post","status-publish","format-standard","hentry","category-deportes"],"yoast_head":"<!-- This site is optimized with the Yoast SEO plugin v25.9 - https:\/\/yoast.com\/wordpress\/plugins\/seo\/ -->\n<title>Con Argentina, estos son los pa\u00edses que integran el Bombo 1 del Mundial 2026 - Noticias Radio Reflejos<\/title>\n<meta name=\"robots\" content=\"index, follow, max-snippet:-1, max-image-preview:large, max-video-preview:-1\" \/>\n<link rel=\"canonical\" href=\"https:\/\/www.noticiasradioreflejos.com.ar\/2021\/con-argentina-estos-son-los-paises-que-integran-el-bombo-1-del-mundial-2026\/\" \/>\n<meta property=\"og:locale\" content=\"es_ES\" \/>\n<meta property=\"og:type\" content=\"article\" \/>\n<meta property=\"og:title\" content=\"Con Argentina, estos son los pa\u00edses que integran el Bombo 1 del Mundial 2026 - Noticias Radio Reflejos\" \/>\n<meta property=\"og:description\" content=\"El viernes se sortean los grupos de la Copa del Mundo y esto aporta cada selecci\u00f3n.\" \/>\n<meta property=\"og:url\" content=\"https:\/\/www.noticiasradioreflejos.com.ar\/2021\/con-argentina-estos-son-los-paises-que-integran-el-bombo-1-del-mundial-2026\/\" \/>\n<meta property=\"og:site_name\" content=\"Noticias Radio Reflejos\" \/>\n<meta property=\"article:published_time\" content=\"2025-12-02T15:51:09+00:00\" \/>\n<meta property=\"og:image\" content=\"https:\/\/www.noticiasradioreflejos.com.ar\/2021\/wp-content\/uploads\/2024\/10\/argentina-futbol.jpg\" \/>\n\t<meta property=\"og:image:width\" content=\"1077\" \/>\n\t<meta property=\"og:image:height\" content=\"720\" \/>\n\t<meta property=\"og:image:type\" content=\"image\/jpeg\" \/>\n<meta name=\"author\" content=\"Arnaldo Botto\" \/>\n<meta name=\"twitter:card\" content=\"summary_large_image\" \/>\n<script type=\"application\/ld+json\" class=\"yoast-schema-graph\">{\"@context\":\"https:\/\/schema.org\",\"@graph\":[{\"@type\":\"WebPage\",\"@id\":\"https:\/\/www.noticiasradioreflejos.com.ar\/2021\/con-argentina-estos-son-los-paises-que-integran-el-bombo-1-del-mundial-2026\/\",\"url\":\"https:\/\/www.noticiasradioreflejos.com.ar\/2021\/con-argentina-estos-son-los-paises-que-integran-el-bombo-1-del-mundial-2026\/\",\"name\":\"Con Argentina, estos son los pa\u00edses que integran el Bombo 1 del Mundial 2026 - Noticias Radio Reflejos\",\"isPartOf\":{\"@id\":\"https:\/\/www.noticiasradioreflejos.com.ar\/2021\/#website\"},\"datePublished\":\"2025-12-02T15:51:09+00:00\",\"author\":{\"@id\":\"https:\/\/www.noticiasradioreflejos.com.ar\/2021\/#\/schema\/person\/ad82545263dcc5ec0996818884fd5fb1\"},\"breadcrumb\":{\"@id\":\"https:\/\/www.noticiasradioreflejos.com.ar\/2021\/con-argentina-estos-son-los-paises-que-integran-el-bombo-1-del-mundial-2026\/#breadcrumb\"},\"inLanguage\":\"es\",\"potentialAction\":[{\"@type\":\"ReadAction\",\"target\":[\"https:\/\/www.noticiasradioreflejos.com.ar\/2021\/con-argentina-estos-son-los-paises-que-integran-el-bombo-1-del-mundial-2026\/\"]}]},{\"@type\":\"BreadcrumbList\",\"@id\":\"https:\/\/www.noticiasradioreflejos.com.ar\/2021\/con-argentina-estos-son-los-paises-que-integran-el-bombo-1-del-mundial-2026\/#breadcrumb\",\"itemListElement\":[{\"@type\":\"ListItem\",\"position\":1,\"name\":\"Portada\",\"item\":\"https:\/\/www.noticiasradioreflejos.com.ar\/2021\/\"},{\"@type\":\"ListItem\",\"position\":2,\"name\":\"Con Argentina, estos son los pa\u00edses que integran el Bombo 1 del Mundial 2026\"}]},{\"@type\":\"WebSite\",\"@id\":\"https:\/\/www.noticiasradioreflejos.com.ar\/2021\/#website\",\"url\":\"https:\/\/www.noticiasradioreflejos.com.ar\/2021\/\",\"name\":\"Noticias Radio Reflejos\",\"description\":\"Las noticias de mi comarca\",\"potentialAction\":[{\"@type\":\"SearchAction\",\"target\":{\"@type\":\"EntryPoint\",\"urlTemplate\":\"https:\/\/www.noticiasradioreflejos.com.ar\/2021\/?s={search_term_string}\"},\"query-input\":{\"@type\":\"PropertyValueSpecification\",\"valueRequired\":true,\"valueName\":\"search_term_string\"}}],\"inLanguage\":\"es\"},{\"@type\":\"Person\",\"@id\":\"https:\/\/www.noticiasradioreflejos.com.ar\/2021\/#\/schema\/person\/ad82545263dcc5ec0996818884fd5fb1\",\"name\":\"Arnaldo Botto\",\"image\":{\"@type\":\"ImageObject\",\"inLanguage\":\"es\",\"@id\":\"https:\/\/www.noticiasradioreflejos.com.ar\/2021\/#\/schema\/person\/image\/\",\"url\":\"https:\/\/secure.gravatar.com\/avatar\/55cb5e37c1efa326397366e6974cb338056df65cb50e7d64d1cf314e87504837?s=96&d=mm&r=g\",\"contentUrl\":\"https:\/\/secure.gravatar.com\/avatar\/55cb5e37c1efa326397366e6974cb338056df65cb50e7d64d1cf314e87504837?s=96&d=mm&r=g\",\"caption\":\"Arnaldo Botto\"},\"url\":\"https:\/\/www.noticiasradioreflejos.com.ar\/2021\/author\/arnaldo\/\"}]}<\/script>\n<!-- \/ Yoast SEO plugin. -->","yoast_head_json":{"title":"Con Argentina, estos son los pa\u00edses que integran el Bombo 1 del Mundial 2026 - Noticias Radio Reflejos","robots":{"index":"index","follow":"follow","max-snippet":"max-snippet:-1","max-image-preview":"max-image-preview:large","max-video-preview":"max-video-preview:-1"},"canonical":"https:\/\/www.noticiasradioreflejos.com.ar\/2021\/con-argentina-estos-son-los-paises-que-integran-el-bombo-1-del-mundial-2026\/","og_locale":"es_ES","og_type":"article","og_title":"Con Argentina, estos son los pa\u00edses que integran el Bombo 1 del Mundial 2026 - Noticias Radio Reflejos","og_description":"El viernes se sortean los grupos de la Copa del Mundo y esto aporta cada selecci\u00f3n.","og_url":"https:\/\/www.noticiasradioreflejos.com.ar\/2021\/con-argentina-estos-son-los-paises-que-integran-el-bombo-1-del-mundial-2026\/","og_site_name":"Noticias Radio Reflejos","article_published_time":"2025-12-02T15:51:09+00:00","og_image":[{"width":1077,"height":720,"url":"https:\/\/www.noticiasradioreflejos.com.ar\/2021\/wp-content\/uploads\/2024\/10\/argentina-futbol.jpg","type":"image\/jpeg"}],"author":"Arnaldo Botto","twitter_card":"summary_large_image","schema":{"@context":"https:\/\/schema.org","@graph":[{"@type":"WebPage","@id":"https:\/\/www.noticiasradioreflejos.com.ar\/2021\/con-argentina-estos-son-los-paises-que-integran-el-bombo-1-del-mundial-2026\/","url":"https:\/\/www.noticiasradioreflejos.com.ar\/2021\/con-argentina-estos-son-los-paises-que-integran-el-bombo-1-del-mundial-2026\/","name":"Con Argentina, estos son los pa\u00edses que integran el Bombo 1 del Mundial 2026 - Noticias Radio Reflejos","isPartOf":{"@id":"https:\/\/www.noticiasradioreflejos.com.ar\/2021\/#website"},"datePublished":"2025-12-02T15:51:09+00:00","author":{"@id":"https:\/\/www.noticiasradioreflejos.com.ar\/2021\/#\/schema\/person\/ad82545263dcc5ec0996818884fd5fb1"},"breadcrumb":{"@id":"https:\/\/www.noticiasradioreflejos.com.ar\/2021\/con-argentina-estos-son-los-paises-que-integran-el-bombo-1-del-mundial-2026\/#breadcrumb"},"inLanguage":"es","potentialAction":[{"@type":"ReadAction","target":["https:\/\/www.noticiasradioreflejos.com.ar\/2021\/con-argentina-estos-son-los-paises-que-integran-el-bombo-1-del-mundial-2026\/"]}]},{"@type":"BreadcrumbList","@id":"https:\/\/www.noticiasradioreflejos.com.ar\/2021\/con-argentina-estos-son-los-paises-que-integran-el-bombo-1-del-mundial-2026\/#breadcrumb","itemListElement":[{"@type":"ListItem","position":1,"name":"Portada","item":"https:\/\/www.noticiasradioreflejos.com.ar\/2021\/"},{"@type":"ListItem","position":2,"name":"Con Argentina, estos son los pa\u00edses que integran el Bombo 1 del Mundial 2026"}]},{"@type":"WebSite","@id":"https:\/\/www.noticiasradioreflejos.com.ar\/2021\/#website","url":"https:\/\/www.noticiasradioreflejos.com.ar\/2021\/","name":"Noticias Radio Reflejos","description":"Las noticias de mi comarca","potentialAction":[{"@type":"SearchAction","target":{"@type":"EntryPoint","urlTemplate":"https:\/\/www.noticiasradioreflejos.com.ar\/2021\/?s={search_term_string}"},"query-input":{"@type":"PropertyValueSpecification","valueRequired":true,"valueName":"search_term_string"}}],"inLanguage":"es"},{"@type":"Person","@id":"https:\/\/www.noticiasradioreflejos.com.ar\/2021\/#\/schema\/person\/ad82545263dcc5ec0996818884fd5fb1","name":"Arnaldo Botto","image":{"@type":"ImageObject","inLanguage":"es","@id":"https:\/\/www.noticiasradioreflejos.com.ar\/2021\/#\/schema\/person\/image\/","url":"https:\/\/secure.gravatar.com\/avatar\/55cb5e37c1efa326397366e6974cb338056df65cb50e7d64d1cf314e87504837?s=96&d=mm&r=g","contentUrl":"https:\/\/secure.gravatar.com\/avatar\/55cb5e37c1efa326397366e6974cb338056df65cb50e7d64d1cf314e87504837?s=96&d=mm&r=g","caption":"Arnaldo Botto"},"url":"https:\/\/www.noticiasradioreflejos.com.ar\/2021\/author\/arnaldo\/"}]}},"_links":{"self":[{"href":"https:\/\/www.noticiasradioreflejos.com.ar\/2021\/wp-json\/wp\/v2\/posts\/129175","targetHints":{"allow":["GET"]}}],"collection":[{"href":"https:\/\/www.noticiasradioreflejos.com.ar\/2021\/wp-json\/wp\/v2\/posts"}],"about":[{"href":"https:\/\/www.noticiasradioreflejos.com.ar\/2021\/wp-json\/wp\/v2\/types\/post"}],"author":[{"embeddable":true,"href":"https:\/\/www.noticiasradioreflejos.com.ar\/2021\/wp-json\/wp\/v2\/users\/3"}],"replies":[{"embeddable":true,"href":"https:\/\/www.noticiasradioreflejos.com.ar\/2021\/wp-json\/wp\/v2\/comments?post=129175"}],"version-history":[{"count":1,"href":"https:\/\/www.noticiasradioreflejos.com.ar\/2021\/wp-json\/wp\/v2\/posts\/129175\/revisions"}],"predecessor-version":[{"id":129176,"href":"https:\/\/www.noticiasradioreflejos.com.ar\/2021\/wp-json\/wp\/v2\/posts\/129175\/revisions\/129176"}],"wp:attachment":[{"href":"https:\/\/www.noticiasradioreflejos.com.ar\/2021\/wp-json\/wp\/v2\/media?parent=129175"}],"wp:term":[{"taxonomy":"category","embeddable":true,"href":"https:\/\/www.noticiasradioreflejos.com.ar\/2021\/wp-json\/wp\/v2\/categories?post=129175"},{"taxonomy":"post_tag","embeddable":true,"href":"https:\/\/www.noticiasradioreflejos.com.ar\/2021\/wp-json\/wp\/v2\/tags?post=129175"}],"curies":[{"name":"wp","href":"https:\/\/api.w.org\/{rel}","templated":true}]}}