{"id":129159,"date":"2025-12-02T11:05:02","date_gmt":"2025-12-02T14:05:02","guid":{"rendered":"https:\/\/www.noticiasradioreflejos.com.ar\/2021\/?p=129159"},"modified":"2025-12-02T11:05:02","modified_gmt":"2025-12-02T14:05:02","slug":"vecinas-en-el-aire-mujeres-y-derechos","status":"publish","type":"post","link":"https:\/\/www.noticiasradioreflejos.com.ar\/2021\/vecinas-en-el-aire-mujeres-y-derechos\/","title":{"rendered":"Vecinas en el Aire: Mujeres y Derechos"},"content":{"rendered":"<p>Comenz\u00f3 la Campa\u00f1a Libertad para Paola Ortiz, que est\u00e1 presa hace 13 a\u00f1os con una condena a prisi\u00f3n perpetua por tener un parto en avalancha en condiciones de precariedad y sin saber a qui\u00e9n recurrir.<\/p>\n<p><!--more-->Su beb\u00e9 naci\u00f3 muerto y la acusaron sin pruebas por homicidio agravado por el v\u00ednculo. Es otro de los tantos casos aleccionadores que existen en nuestro pa\u00eds, como Bel\u00e9n en Tucum\u00e1n y muchas otras m\u00e1s. Hace m\u00e1s de 400 d\u00edas que esperan la respuesta del Tribunal Superior de Justicia de C\u00f3rdoba para revisar el caso con la perspectiva de g\u00e9nero y derechos humanos que no tuvo.<\/p>\n<p>&nbsp;<\/p>\n<audio class=\"wp-audio-shortcode\" id=\"audio-129159-1\" preload=\"none\" style=\"width: 100%;\" controls=\"controls\"><source type=\"audio\/mpeg\" src=\"https:\/\/www.noticiasradioreflejos.com.ar\/2021\/wp-content\/uploads\/2025\/12\/Vecinas-en-el-aire-02-11.mp3?_=1\" \/><a href=\"https:\/\/www.noticiasradioreflejos.com.ar\/2021\/wp-content\/uploads\/2025\/12\/Vecinas-en-el-aire-02-11.mp3\">https:\/\/www.noticiasradioreflejos.com.ar\/2021\/wp-content\/uploads\/2025\/12\/Vecinas-en-el-aire-02-11.mp3<\/a><\/audio>\n<p>&nbsp;<\/p>\n<h3>Referencias:<\/h3>\n<p><a href=\"https:\/\/latinta.com.ar\/2025\/11\/13\/condenada-perpetua-por-parir-caso-paola-ortiz-justicia-patriarcal\/\">https:\/\/latinta.com.ar\/2025\/11\/13\/condenada-perpetua-por-parir-caso-paola-ortiz-justicia-patriarcal\/<\/a><\/p>\n<p><a href=\"https:\/\/cdmnoticias.com.ar\/2025\/11\/27\/de-corrientes-a-cordoba-el-encuentro-plurinacional-y-la-causa-por-la-libertad-de-paola-ortiz\/\">https:\/\/cdmnoticias.com.ar\/2025\/11\/27\/de-corrientes-a-cordoba-el-encuentro-plurinacional-y-la-causa-por-la-libertad-de-paola-ortiz\/<\/a><\/p>\n<p>&nbsp;<\/p>\n<p>&nbsp;<\/p>\n","protected":false},"excerpt":{"rendered":"<p>Comenz\u00f3 la Campa\u00f1a Libertad para Paola Ortiz, que est\u00e1 presa hace 13 a\u00f1os con una condena a prisi\u00f3n perpetua por tener un parto en avalancha en condiciones de precariedad y sin saber a qui\u00e9n recurrir.<\/p>\n","protected":false},"author":3,"featured_media":0,"comment_status":"closed","ping_status":"closed","sticky":false,"template":"","format":"standard","meta":{"footnotes":""},"categories":[60],"tags":[48],"class_list":["post-129159","post","type-post","status-publish","format-standard","hentry","category-programas-radiales","tag-destacada"],"yoast_head":"<!-- This site is optimized with the Yoast SEO plugin v25.9 - https:\/\/yoast.com\/wordpress\/plugins\/seo\/ -->\n<title>Vecinas en el Aire: Mujeres y Derechos - Noticias Radio Reflejos<\/title>\n<meta name=\"robots\" content=\"index, follow, max-snippet:-1, max-image-preview:large, max-video-preview:-1\" \/>\n<link rel=\"canonical\" href=\"https:\/\/www.noticiasradioreflejos.com.ar\/2021\/vecinas-en-el-aire-mujeres-y-derechos\/\" \/>\n<meta property=\"og:locale\" content=\"es_ES\" \/>\n<meta property=\"og:type\" content=\"article\" \/>\n<meta property=\"og:title\" content=\"Vecinas en el Aire: Mujeres y Derechos - Noticias Radio Reflejos\" \/>\n<meta property=\"og:description\" content=\"Comenz\u00f3 la Campa\u00f1a Libertad para Paola Ortiz, que est\u00e1 presa hace 13 a\u00f1os con una condena a prisi\u00f3n perpetua por tener un parto en avalancha en condiciones de precariedad y sin saber a qui\u00e9n recurrir.\" \/>\n<meta property=\"og:url\" content=\"https:\/\/www.noticiasradioreflejos.com.ar\/2021\/vecinas-en-el-aire-mujeres-y-derechos\/\" \/>\n<meta property=\"og:site_name\" content=\"Noticias Radio Reflejos\" \/>\n<meta property=\"article:published_time\" content=\"2025-12-02T14:05:02+00:00\" \/>\n<meta property=\"og:image\" content=\"https:\/\/www.noticiasradioreflejos.com.ar\/2021\/wp-content\/uploads\/2025\/12\/Libertad-para-Paola-38-encuentro-Pluri-780x470-1.jpg\" \/>\n\t<meta property=\"og:image:width\" content=\"780\" \/>\n\t<meta property=\"og:image:height\" content=\"470\" \/>\n\t<meta property=\"og:image:type\" content=\"image\/jpeg\" \/>\n<meta name=\"author\" content=\"Arnaldo Botto\" \/>\n<meta name=\"twitter:card\" content=\"summary_large_image\" \/>\n<script type=\"application\/ld+json\" class=\"yoast-schema-graph\">{\"@context\":\"https:\/\/schema.org\",\"@graph\":[{\"@type\":\"WebPage\",\"@id\":\"https:\/\/www.noticiasradioreflejos.com.ar\/2021\/vecinas-en-el-aire-mujeres-y-derechos\/\",\"url\":\"https:\/\/www.noticiasradioreflejos.com.ar\/2021\/vecinas-en-el-aire-mujeres-y-derechos\/\",\"name\":\"Vecinas en el Aire: Mujeres y Derechos - Noticias Radio Reflejos\",\"isPartOf\":{\"@id\":\"https:\/\/www.noticiasradioreflejos.com.ar\/2021\/#website\"},\"datePublished\":\"2025-12-02T14:05:02+00:00\",\"author\":{\"@id\":\"https:\/\/www.noticiasradioreflejos.com.ar\/2021\/#\/schema\/person\/ad82545263dcc5ec0996818884fd5fb1\"},\"breadcrumb\":{\"@id\":\"https:\/\/www.noticiasradioreflejos.com.ar\/2021\/vecinas-en-el-aire-mujeres-y-derechos\/#breadcrumb\"},\"inLanguage\":\"es\",\"potentialAction\":[{\"@type\":\"ReadAction\",\"target\":[\"https:\/\/www.noticiasradioreflejos.com.ar\/2021\/vecinas-en-el-aire-mujeres-y-derechos\/\"]}]},{\"@type\":\"BreadcrumbList\",\"@id\":\"https:\/\/www.noticiasradioreflejos.com.ar\/2021\/vecinas-en-el-aire-mujeres-y-derechos\/#breadcrumb\",\"itemListElement\":[{\"@type\":\"ListItem\",\"position\":1,\"name\":\"Portada\",\"item\":\"https:\/\/www.noticiasradioreflejos.com.ar\/2021\/\"},{\"@type\":\"ListItem\",\"position\":2,\"name\":\"Vecinas en el Aire: Mujeres y Derechos\"}]},{\"@type\":\"WebSite\",\"@id\":\"https:\/\/www.noticiasradioreflejos.com.ar\/2021\/#website\",\"url\":\"https:\/\/www.noticiasradioreflejos.com.ar\/2021\/\",\"name\":\"Noticias Radio Reflejos\",\"description\":\"Las noticias de mi comarca\",\"potentialAction\":[{\"@type\":\"SearchAction\",\"target\":{\"@type\":\"EntryPoint\",\"urlTemplate\":\"https:\/\/www.noticiasradioreflejos.com.ar\/2021\/?s={search_term_string}\"},\"query-input\":{\"@type\":\"PropertyValueSpecification\",\"valueRequired\":true,\"valueName\":\"search_term_string\"}}],\"inLanguage\":\"es\"},{\"@type\":\"Person\",\"@id\":\"https:\/\/www.noticiasradioreflejos.com.ar\/2021\/#\/schema\/person\/ad82545263dcc5ec0996818884fd5fb1\",\"name\":\"Arnaldo Botto\",\"image\":{\"@type\":\"ImageObject\",\"inLanguage\":\"es\",\"@id\":\"https:\/\/www.noticiasradioreflejos.com.ar\/2021\/#\/schema\/person\/image\/\",\"url\":\"https:\/\/secure.gravatar.com\/avatar\/55cb5e37c1efa326397366e6974cb338056df65cb50e7d64d1cf314e87504837?s=96&d=mm&r=g\",\"contentUrl\":\"https:\/\/secure.gravatar.com\/avatar\/55cb5e37c1efa326397366e6974cb338056df65cb50e7d64d1cf314e87504837?s=96&d=mm&r=g\",\"caption\":\"Arnaldo Botto\"},\"url\":\"https:\/\/www.noticiasradioreflejos.com.ar\/2021\/author\/arnaldo\/\"}]}<\/script>\n<!-- \/ Yoast SEO plugin. -->","yoast_head_json":{"title":"Vecinas en el Aire: Mujeres y Derechos - Noticias Radio Reflejos","robots":{"index":"index","follow":"follow","max-snippet":"max-snippet:-1","max-image-preview":"max-image-preview:large","max-video-preview":"max-video-preview:-1"},"canonical":"https:\/\/www.noticiasradioreflejos.com.ar\/2021\/vecinas-en-el-aire-mujeres-y-derechos\/","og_locale":"es_ES","og_type":"article","og_title":"Vecinas en el Aire: Mujeres y Derechos - Noticias Radio Reflejos","og_description":"Comenz\u00f3 la Campa\u00f1a Libertad para Paola Ortiz, que est\u00e1 presa hace 13 a\u00f1os con una condena a prisi\u00f3n perpetua por tener un parto en avalancha en condiciones de precariedad y sin saber a qui\u00e9n recurrir.","og_url":"https:\/\/www.noticiasradioreflejos.com.ar\/2021\/vecinas-en-el-aire-mujeres-y-derechos\/","og_site_name":"Noticias Radio Reflejos","article_published_time":"2025-12-02T14:05:02+00:00","og_image":[{"width":780,"height":470,"url":"https:\/\/www.noticiasradioreflejos.com.ar\/2021\/wp-content\/uploads\/2025\/12\/Libertad-para-Paola-38-encuentro-Pluri-780x470-1.jpg","type":"image\/jpeg"}],"author":"Arnaldo Botto","twitter_card":"summary_large_image","schema":{"@context":"https:\/\/schema.org","@graph":[{"@type":"WebPage","@id":"https:\/\/www.noticiasradioreflejos.com.ar\/2021\/vecinas-en-el-aire-mujeres-y-derechos\/","url":"https:\/\/www.noticiasradioreflejos.com.ar\/2021\/vecinas-en-el-aire-mujeres-y-derechos\/","name":"Vecinas en el Aire: Mujeres y Derechos - Noticias Radio Reflejos","isPartOf":{"@id":"https:\/\/www.noticiasradioreflejos.com.ar\/2021\/#website"},"datePublished":"2025-12-02T14:05:02+00:00","author":{"@id":"https:\/\/www.noticiasradioreflejos.com.ar\/2021\/#\/schema\/person\/ad82545263dcc5ec0996818884fd5fb1"},"breadcrumb":{"@id":"https:\/\/www.noticiasradioreflejos.com.ar\/2021\/vecinas-en-el-aire-mujeres-y-derechos\/#breadcrumb"},"inLanguage":"es","potentialAction":[{"@type":"ReadAction","target":["https:\/\/www.noticiasradioreflejos.com.ar\/2021\/vecinas-en-el-aire-mujeres-y-derechos\/"]}]},{"@type":"BreadcrumbList","@id":"https:\/\/www.noticiasradioreflejos.com.ar\/2021\/vecinas-en-el-aire-mujeres-y-derechos\/#breadcrumb","itemListElement":[{"@type":"ListItem","position":1,"name":"Portada","item":"https:\/\/www.noticiasradioreflejos.com.ar\/2021\/"},{"@type":"ListItem","position":2,"name":"Vecinas en el Aire: Mujeres y Derechos"}]},{"@type":"WebSite","@id":"https:\/\/www.noticiasradioreflejos.com.ar\/2021\/#website","url":"https:\/\/www.noticiasradioreflejos.com.ar\/2021\/","name":"Noticias Radio Reflejos","description":"Las noticias de mi comarca","potentialAction":[{"@type":"SearchAction","target":{"@type":"EntryPoint","urlTemplate":"https:\/\/www.noticiasradioreflejos.com.ar\/2021\/?s={search_term_string}"},"query-input":{"@type":"PropertyValueSpecification","valueRequired":true,"valueName":"search_term_string"}}],"inLanguage":"es"},{"@type":"Person","@id":"https:\/\/www.noticiasradioreflejos.com.ar\/2021\/#\/schema\/person\/ad82545263dcc5ec0996818884fd5fb1","name":"Arnaldo Botto","image":{"@type":"ImageObject","inLanguage":"es","@id":"https:\/\/www.noticiasradioreflejos.com.ar\/2021\/#\/schema\/person\/image\/","url":"https:\/\/secure.gravatar.com\/avatar\/55cb5e37c1efa326397366e6974cb338056df65cb50e7d64d1cf314e87504837?s=96&d=mm&r=g","contentUrl":"https:\/\/secure.gravatar.com\/avatar\/55cb5e37c1efa326397366e6974cb338056df65cb50e7d64d1cf314e87504837?s=96&d=mm&r=g","caption":"Arnaldo Botto"},"url":"https:\/\/www.noticiasradioreflejos.com.ar\/2021\/author\/arnaldo\/"}]}},"_links":{"self":[{"href":"https:\/\/www.noticiasradioreflejos.com.ar\/2021\/wp-json\/wp\/v2\/posts\/129159","targetHints":{"allow":["GET"]}}],"collection":[{"href":"https:\/\/www.noticiasradioreflejos.com.ar\/2021\/wp-json\/wp\/v2\/posts"}],"about":[{"href":"https:\/\/www.noticiasradioreflejos.com.ar\/2021\/wp-json\/wp\/v2\/types\/post"}],"author":[{"embeddable":true,"href":"https:\/\/www.noticiasradioreflejos.com.ar\/2021\/wp-json\/wp\/v2\/users\/3"}],"replies":[{"embeddable":true,"href":"https:\/\/www.noticiasradioreflejos.com.ar\/2021\/wp-json\/wp\/v2\/comments?post=129159"}],"version-history":[{"count":2,"href":"https:\/\/www.noticiasradioreflejos.com.ar\/2021\/wp-json\/wp\/v2\/posts\/129159\/revisions"}],"predecessor-version":[{"id":129164,"href":"https:\/\/www.noticiasradioreflejos.com.ar\/2021\/wp-json\/wp\/v2\/posts\/129159\/revisions\/129164"}],"wp:attachment":[{"href":"https:\/\/www.noticiasradioreflejos.com.ar\/2021\/wp-json\/wp\/v2\/media?parent=129159"}],"wp:term":[{"taxonomy":"category","embeddable":true,"href":"https:\/\/www.noticiasradioreflejos.com.ar\/2021\/wp-json\/wp\/v2\/categories?post=129159"},{"taxonomy":"post_tag","embeddable":true,"href":"https:\/\/www.noticiasradioreflejos.com.ar\/2021\/wp-json\/wp\/v2\/tags?post=129159"}],"curies":[{"name":"wp","href":"https:\/\/api.w.org\/{rel}","templated":true}]}}