{"id":129156,"date":"2025-12-02T17:02:25","date_gmt":"2025-12-02T20:02:25","guid":{"rendered":"https:\/\/www.noticiasradioreflejos.com.ar\/2021\/?p=129156"},"modified":"2025-12-02T17:02:26","modified_gmt":"2025-12-02T20:02:26","slug":"castraciones-mensuales-y-gratuitas-en-saldungaray-refuerzan-el-compromiso-municipal","status":"publish","type":"post","link":"https:\/\/www.noticiasradioreflejos.com.ar\/2021\/castraciones-mensuales-y-gratuitas-en-saldungaray-refuerzan-el-compromiso-municipal\/","title":{"rendered":"\u00a1Castraciones mensuales y gratuitas en Saldungaray refuerzan el compromiso municipal!"},"content":{"rendered":"<p data-path-to-node=\"1\"><b>La referente de PUAF, Sandra Romiti, <\/b>anuncia en <a href=\"https:\/\/www.noticiasradioreflejos.com.ar\/2021\/radio-en-vivo\/\"><strong>FM Reflejos<\/strong><\/a> la periodicidad mensual de las castraciones en Saldungaray con cupos gratuitos, complementadas con vacunaci\u00f3n antirr\u00e1bica y desparasitaci\u00f3n en el marco del programa de Bromatolog\u00eda y Zoonosis del Municipio de Tornquist, destacando la baja de animales callejeros y la necesidad de denunciar perros con due\u00f1o sueltos.<!--more--><\/p>\n<p>Sandra Romiti, referente de la protectora PUAF (Por Un Animal Feliz), inform\u00f3 que desde este mes se realizar\u00e1n castraciones de animales todos los meses en la localidad de Saldungaray, con inscripci\u00f3n previa al tel\u00e9fono 2914128853 (Manuel Aramberri), donde se otorgar\u00e1 fecha y hora para cada procedimiento.<\/p>\n<p>&nbsp;<\/p>\n<p><a href=\"https:\/\/www.noticiasradioreflejos.com.ar\/2021\/un-largo-camino-una-historia-de-pasion-y-dedicacion-en-sierra-de-la-ventana\/sandra-romiti-3\/\" rel=\"attachment wp-att-125933\"><img loading=\"lazy\" decoding=\"async\" class=\"aligncenter size-full wp-image-125933\" src=\"https:\/\/www.noticiasradioreflejos.com.ar\/2021\/wp-content\/uploads\/2025\/09\/Sandra-Romiti.jpg\" alt=\"\" width=\"720\" height=\"727\" srcset=\"https:\/\/www.noticiasradioreflejos.com.ar\/2021\/wp-content\/uploads\/2025\/09\/Sandra-Romiti.jpg 720w, https:\/\/www.noticiasradioreflejos.com.ar\/2021\/wp-content\/uploads\/2025\/09\/Sandra-Romiti-297x300.jpg 297w, https:\/\/www.noticiasradioreflejos.com.ar\/2021\/wp-content\/uploads\/2025\/09\/Sandra-Romiti-150x150.jpg 150w, https:\/\/www.noticiasradioreflejos.com.ar\/2021\/wp-content\/uploads\/2025\/09\/Sandra-Romiti-75x75.jpg 75w\" sizes=\"auto, (max-width: 720px) 100vw, 720px\" \/><\/a><\/p>\n<p>\u201cTenemos un municipio que cubre los cupos de las castraciones gratuitas y sostenidas en el tiempo, no hay excusas para tener cr\u00edas indeseadas\u201d, expres\u00f3 Romiti. Adem\u00e1s, aclar\u00f3 que si alg\u00fan vecino de Sierra de la Ventana necesita con urgencia castrar un animal, puede trasladarlo, ya que all\u00ed tambi\u00e9n se realizan castraciones pr\u00e1cticamente todos los d\u00edas, con un cupo de 40 por localidad. Para inscripciones en Sierra, el n\u00famero disponible es <strong>2914601358.<\/strong><\/p>\n<p>El servicio de esterilizaci\u00f3n se complementa con vacunaci\u00f3n antirr\u00e1bica y desparasitaci\u00f3n de mascotas, brindado por Bromatolog\u00eda y Zoonosis del Municipio de Tornquist, algo que Romiti celebra como un avance significativo.<\/p>\n<p>Sobre la situaci\u00f3n de los animales callejeros, destac\u00f3 que los resultados ya se perciben: \u201cNo vemos a las perras en celo con 10 perros atr\u00e1s pele\u00e1ndose, hay casos pero un 1 o 2 %. Eso ha mermado much\u00edsimo. Tampoco vemos tanta cantidad de cachorros abandonados. Lo que s\u00ed es hay comunidades de gatos en ciertos lugares, pero los vecinos colaboran en agarrarlos y llevarlos a castrar\u201d.<\/p>\n<p>Romiti tambi\u00e9n se\u00f1al\u00f3 la problem\u00e1tica de los perros con due\u00f1os y hogar que permanecen sueltos en la calle, generando riesgos para peatones, conductores y para ellos mismos. \u201cEs el tema que nos tiene m\u00e1s preocupados\u201d, afirm\u00f3. La herramienta actual para combatir esta situaci\u00f3n es la denuncia an\u00f3nima en Bromatolog\u00eda y Zoonosis o en las Comisar\u00edas, especialmente en casos de maltrato animal, considerado un delito penal. \u201cTenemos que hacerlo m\u00e1s seguido porque hay gente que le entra por un o\u00eddo y le sale por el otro\u201d, agreg\u00f3.<\/p>\n<p>Finalmente, record\u00f3 que existe una ordenanza vigente que contempla intimaciones y multas para los due\u00f1os irresponsables, reforzando la necesidad de compromiso comunitario para garantizar el bienestar animal.<\/p>\n<p>&nbsp;<\/p>\n<audio class=\"wp-audio-shortcode\" id=\"audio-129156-1\" preload=\"none\" style=\"width: 100%;\" controls=\"controls\"><source type=\"audio\/mpeg\" src=\"https:\/\/www.noticiasradioreflejos.com.ar\/2021\/wp-content\/uploads\/2025\/12\/Sandra-romiti-02-11.mp3?_=1\" \/><a href=\"https:\/\/www.noticiasradioreflejos.com.ar\/2021\/wp-content\/uploads\/2025\/12\/Sandra-romiti-02-11.mp3\">https:\/\/www.noticiasradioreflejos.com.ar\/2021\/wp-content\/uploads\/2025\/12\/Sandra-romiti-02-11.mp3<\/a><\/audio>\n<p>&nbsp;<\/p>\n<p><a href=\"https:\/\/www.noticiasradioreflejos.com.ar\/2021\/castraciones-mensuales-y-gratuitas-en-saldungaray-refuerzan-el-compromiso-municipal\/castraciones-saldungaray\/\" rel=\"attachment wp-att-129188\"><img loading=\"lazy\" decoding=\"async\" class=\"aligncenter size-full wp-image-129188\" src=\"https:\/\/www.noticiasradioreflejos.com.ar\/2021\/wp-content\/uploads\/2025\/12\/castraciones-Saldungaray.jpeg\" alt=\"\" width=\"540\" height=\"771\" \/><\/a><\/p>\n","protected":false},"excerpt":{"rendered":"<p>La referente de PUAF, Sandra Romiti, anuncia en FM Reflejos la periodicidad mensual de las castraciones en Saldungaray con cupos gratuitos, complementadas con vacunaci\u00f3n antirr\u00e1bica y desparasitaci\u00f3n en el marco del programa de Bromatolog\u00eda y Zoonosis del Municipio de Tornquist, destacando la baja de animales callejeros y la necesidad de denunciar perros con due\u00f1o sueltos.<\/p>\n","protected":false},"author":3,"featured_media":0,"comment_status":"closed","ping_status":"closed","sticky":false,"template":"","format":"standard","meta":{"footnotes":""},"categories":[28,26],"tags":[48],"class_list":["post-129156","post","type-post","status-publish","format-standard","hentry","category-municipales","category-sociedad","tag-destacada"],"yoast_head":"<!-- This site is optimized with the Yoast SEO plugin v25.9 - https:\/\/yoast.com\/wordpress\/plugins\/seo\/ -->\n<title>\u00a1Castraciones mensuales y gratuitas en Saldungaray refuerzan el compromiso municipal! - Noticias Radio Reflejos<\/title>\n<meta name=\"robots\" content=\"index, follow, max-snippet:-1, max-image-preview:large, max-video-preview:-1\" \/>\n<link rel=\"canonical\" href=\"https:\/\/www.noticiasradioreflejos.com.ar\/2021\/castraciones-mensuales-y-gratuitas-en-saldungaray-refuerzan-el-compromiso-municipal\/\" \/>\n<meta property=\"og:locale\" content=\"es_ES\" \/>\n<meta property=\"og:type\" content=\"article\" \/>\n<meta property=\"og:title\" content=\"\u00a1Castraciones mensuales y gratuitas en Saldungaray refuerzan el compromiso municipal! - Noticias Radio Reflejos\" \/>\n<meta property=\"og:description\" content=\"La referente de PUAF, Sandra Romiti, anuncia en FM Reflejos la periodicidad mensual de las castraciones en Saldungaray con cupos gratuitos, complementadas con vacunaci\u00f3n antirr\u00e1bica y desparasitaci\u00f3n en el marco del programa de Bromatolog\u00eda y Zoonosis del Municipio de Tornquist, destacando la baja de animales callejeros y la necesidad de denunciar perros con due\u00f1o sueltos.\" \/>\n<meta property=\"og:url\" content=\"https:\/\/www.noticiasradioreflejos.com.ar\/2021\/castraciones-mensuales-y-gratuitas-en-saldungaray-refuerzan-el-compromiso-municipal\/\" \/>\n<meta property=\"og:site_name\" content=\"Noticias Radio Reflejos\" \/>\n<meta property=\"article:published_time\" content=\"2025-12-02T20:02:25+00:00\" \/>\n<meta property=\"article:modified_time\" content=\"2025-12-02T20:02:26+00:00\" \/>\n<meta property=\"og:image\" content=\"https:\/\/www.noticiasradioreflejos.com.ar\/2021\/wp-content\/uploads\/2025\/12\/castraciones-Saldungaray.jpeg\" \/>\n\t<meta property=\"og:image:width\" content=\"540\" \/>\n\t<meta property=\"og:image:height\" content=\"771\" \/>\n\t<meta property=\"og:image:type\" content=\"image\/jpeg\" \/>\n<meta name=\"author\" content=\"Arnaldo Botto\" \/>\n<meta name=\"twitter:card\" content=\"summary_large_image\" \/>\n<script type=\"application\/ld+json\" class=\"yoast-schema-graph\">{\"@context\":\"https:\/\/schema.org\",\"@graph\":[{\"@type\":\"WebPage\",\"@id\":\"https:\/\/www.noticiasradioreflejos.com.ar\/2021\/castraciones-mensuales-y-gratuitas-en-saldungaray-refuerzan-el-compromiso-municipal\/\",\"url\":\"https:\/\/www.noticiasradioreflejos.com.ar\/2021\/castraciones-mensuales-y-gratuitas-en-saldungaray-refuerzan-el-compromiso-municipal\/\",\"name\":\"\u00a1Castraciones mensuales y gratuitas en Saldungaray refuerzan el compromiso municipal! - Noticias Radio Reflejos\",\"isPartOf\":{\"@id\":\"https:\/\/www.noticiasradioreflejos.com.ar\/2021\/#website\"},\"primaryImageOfPage\":{\"@id\":\"https:\/\/www.noticiasradioreflejos.com.ar\/2021\/castraciones-mensuales-y-gratuitas-en-saldungaray-refuerzan-el-compromiso-municipal\/#primaryimage\"},\"image\":{\"@id\":\"https:\/\/www.noticiasradioreflejos.com.ar\/2021\/castraciones-mensuales-y-gratuitas-en-saldungaray-refuerzan-el-compromiso-municipal\/#primaryimage\"},\"thumbnailUrl\":\"https:\/\/www.noticiasradioreflejos.com.ar\/2021\/wp-content\/uploads\/2025\/09\/Sandra-Romiti.jpg\",\"datePublished\":\"2025-12-02T20:02:25+00:00\",\"dateModified\":\"2025-12-02T20:02:26+00:00\",\"author\":{\"@id\":\"https:\/\/www.noticiasradioreflejos.com.ar\/2021\/#\/schema\/person\/ad82545263dcc5ec0996818884fd5fb1\"},\"breadcrumb\":{\"@id\":\"https:\/\/www.noticiasradioreflejos.com.ar\/2021\/castraciones-mensuales-y-gratuitas-en-saldungaray-refuerzan-el-compromiso-municipal\/#breadcrumb\"},\"inLanguage\":\"es\",\"potentialAction\":[{\"@type\":\"ReadAction\",\"target\":[\"https:\/\/www.noticiasradioreflejos.com.ar\/2021\/castraciones-mensuales-y-gratuitas-en-saldungaray-refuerzan-el-compromiso-municipal\/\"]}]},{\"@type\":\"ImageObject\",\"inLanguage\":\"es\",\"@id\":\"https:\/\/www.noticiasradioreflejos.com.ar\/2021\/castraciones-mensuales-y-gratuitas-en-saldungaray-refuerzan-el-compromiso-municipal\/#primaryimage\",\"url\":\"https:\/\/www.noticiasradioreflejos.com.ar\/2021\/wp-content\/uploads\/2025\/09\/Sandra-Romiti.jpg\",\"contentUrl\":\"https:\/\/www.noticiasradioreflejos.com.ar\/2021\/wp-content\/uploads\/2025\/09\/Sandra-Romiti.jpg\",\"width\":720,\"height\":727},{\"@type\":\"BreadcrumbList\",\"@id\":\"https:\/\/www.noticiasradioreflejos.com.ar\/2021\/castraciones-mensuales-y-gratuitas-en-saldungaray-refuerzan-el-compromiso-municipal\/#breadcrumb\",\"itemListElement\":[{\"@type\":\"ListItem\",\"position\":1,\"name\":\"Portada\",\"item\":\"https:\/\/www.noticiasradioreflejos.com.ar\/2021\/\"},{\"@type\":\"ListItem\",\"position\":2,\"name\":\"\u00a1Castraciones mensuales y gratuitas en Saldungaray refuerzan el compromiso municipal!\"}]},{\"@type\":\"WebSite\",\"@id\":\"https:\/\/www.noticiasradioreflejos.com.ar\/2021\/#website\",\"url\":\"https:\/\/www.noticiasradioreflejos.com.ar\/2021\/\",\"name\":\"Noticias Radio Reflejos\",\"description\":\"Las noticias de mi comarca\",\"potentialAction\":[{\"@type\":\"SearchAction\",\"target\":{\"@type\":\"EntryPoint\",\"urlTemplate\":\"https:\/\/www.noticiasradioreflejos.com.ar\/2021\/?s={search_term_string}\"},\"query-input\":{\"@type\":\"PropertyValueSpecification\",\"valueRequired\":true,\"valueName\":\"search_term_string\"}}],\"inLanguage\":\"es\"},{\"@type\":\"Person\",\"@id\":\"https:\/\/www.noticiasradioreflejos.com.ar\/2021\/#\/schema\/person\/ad82545263dcc5ec0996818884fd5fb1\",\"name\":\"Arnaldo Botto\",\"image\":{\"@type\":\"ImageObject\",\"inLanguage\":\"es\",\"@id\":\"https:\/\/www.noticiasradioreflejos.com.ar\/2021\/#\/schema\/person\/image\/\",\"url\":\"https:\/\/secure.gravatar.com\/avatar\/55cb5e37c1efa326397366e6974cb338056df65cb50e7d64d1cf314e87504837?s=96&d=mm&r=g\",\"contentUrl\":\"https:\/\/secure.gravatar.com\/avatar\/55cb5e37c1efa326397366e6974cb338056df65cb50e7d64d1cf314e87504837?s=96&d=mm&r=g\",\"caption\":\"Arnaldo Botto\"},\"url\":\"https:\/\/www.noticiasradioreflejos.com.ar\/2021\/author\/arnaldo\/\"}]}<\/script>\n<!-- \/ Yoast SEO plugin. -->","yoast_head_json":{"title":"\u00a1Castraciones mensuales y gratuitas en Saldungaray refuerzan el compromiso municipal! - Noticias Radio Reflejos","robots":{"index":"index","follow":"follow","max-snippet":"max-snippet:-1","max-image-preview":"max-image-preview:large","max-video-preview":"max-video-preview:-1"},"canonical":"https:\/\/www.noticiasradioreflejos.com.ar\/2021\/castraciones-mensuales-y-gratuitas-en-saldungaray-refuerzan-el-compromiso-municipal\/","og_locale":"es_ES","og_type":"article","og_title":"\u00a1Castraciones mensuales y gratuitas en Saldungaray refuerzan el compromiso municipal! - Noticias Radio Reflejos","og_description":"La referente de PUAF, Sandra Romiti, anuncia en FM Reflejos la periodicidad mensual de las castraciones en Saldungaray con cupos gratuitos, complementadas con vacunaci\u00f3n antirr\u00e1bica y desparasitaci\u00f3n en el marco del programa de Bromatolog\u00eda y Zoonosis del Municipio de Tornquist, destacando la baja de animales callejeros y la necesidad de denunciar perros con due\u00f1o sueltos.","og_url":"https:\/\/www.noticiasradioreflejos.com.ar\/2021\/castraciones-mensuales-y-gratuitas-en-saldungaray-refuerzan-el-compromiso-municipal\/","og_site_name":"Noticias Radio Reflejos","article_published_time":"2025-12-02T20:02:25+00:00","article_modified_time":"2025-12-02T20:02:26+00:00","og_image":[{"width":540,"height":771,"url":"https:\/\/www.noticiasradioreflejos.com.ar\/2021\/wp-content\/uploads\/2025\/12\/castraciones-Saldungaray.jpeg","type":"image\/jpeg"}],"author":"Arnaldo Botto","twitter_card":"summary_large_image","schema":{"@context":"https:\/\/schema.org","@graph":[{"@type":"WebPage","@id":"https:\/\/www.noticiasradioreflejos.com.ar\/2021\/castraciones-mensuales-y-gratuitas-en-saldungaray-refuerzan-el-compromiso-municipal\/","url":"https:\/\/www.noticiasradioreflejos.com.ar\/2021\/castraciones-mensuales-y-gratuitas-en-saldungaray-refuerzan-el-compromiso-municipal\/","name":"\u00a1Castraciones mensuales y gratuitas en Saldungaray refuerzan el compromiso municipal! - Noticias Radio Reflejos","isPartOf":{"@id":"https:\/\/www.noticiasradioreflejos.com.ar\/2021\/#website"},"primaryImageOfPage":{"@id":"https:\/\/www.noticiasradioreflejos.com.ar\/2021\/castraciones-mensuales-y-gratuitas-en-saldungaray-refuerzan-el-compromiso-municipal\/#primaryimage"},"image":{"@id":"https:\/\/www.noticiasradioreflejos.com.ar\/2021\/castraciones-mensuales-y-gratuitas-en-saldungaray-refuerzan-el-compromiso-municipal\/#primaryimage"},"thumbnailUrl":"https:\/\/www.noticiasradioreflejos.com.ar\/2021\/wp-content\/uploads\/2025\/09\/Sandra-Romiti.jpg","datePublished":"2025-12-02T20:02:25+00:00","dateModified":"2025-12-02T20:02:26+00:00","author":{"@id":"https:\/\/www.noticiasradioreflejos.com.ar\/2021\/#\/schema\/person\/ad82545263dcc5ec0996818884fd5fb1"},"breadcrumb":{"@id":"https:\/\/www.noticiasradioreflejos.com.ar\/2021\/castraciones-mensuales-y-gratuitas-en-saldungaray-refuerzan-el-compromiso-municipal\/#breadcrumb"},"inLanguage":"es","potentialAction":[{"@type":"ReadAction","target":["https:\/\/www.noticiasradioreflejos.com.ar\/2021\/castraciones-mensuales-y-gratuitas-en-saldungaray-refuerzan-el-compromiso-municipal\/"]}]},{"@type":"ImageObject","inLanguage":"es","@id":"https:\/\/www.noticiasradioreflejos.com.ar\/2021\/castraciones-mensuales-y-gratuitas-en-saldungaray-refuerzan-el-compromiso-municipal\/#primaryimage","url":"https:\/\/www.noticiasradioreflejos.com.ar\/2021\/wp-content\/uploads\/2025\/09\/Sandra-Romiti.jpg","contentUrl":"https:\/\/www.noticiasradioreflejos.com.ar\/2021\/wp-content\/uploads\/2025\/09\/Sandra-Romiti.jpg","width":720,"height":727},{"@type":"BreadcrumbList","@id":"https:\/\/www.noticiasradioreflejos.com.ar\/2021\/castraciones-mensuales-y-gratuitas-en-saldungaray-refuerzan-el-compromiso-municipal\/#breadcrumb","itemListElement":[{"@type":"ListItem","position":1,"name":"Portada","item":"https:\/\/www.noticiasradioreflejos.com.ar\/2021\/"},{"@type":"ListItem","position":2,"name":"\u00a1Castraciones mensuales y gratuitas en Saldungaray refuerzan el compromiso municipal!"}]},{"@type":"WebSite","@id":"https:\/\/www.noticiasradioreflejos.com.ar\/2021\/#website","url":"https:\/\/www.noticiasradioreflejos.com.ar\/2021\/","name":"Noticias Radio Reflejos","description":"Las noticias de mi comarca","potentialAction":[{"@type":"SearchAction","target":{"@type":"EntryPoint","urlTemplate":"https:\/\/www.noticiasradioreflejos.com.ar\/2021\/?s={search_term_string}"},"query-input":{"@type":"PropertyValueSpecification","valueRequired":true,"valueName":"search_term_string"}}],"inLanguage":"es"},{"@type":"Person","@id":"https:\/\/www.noticiasradioreflejos.com.ar\/2021\/#\/schema\/person\/ad82545263dcc5ec0996818884fd5fb1","name":"Arnaldo Botto","image":{"@type":"ImageObject","inLanguage":"es","@id":"https:\/\/www.noticiasradioreflejos.com.ar\/2021\/#\/schema\/person\/image\/","url":"https:\/\/secure.gravatar.com\/avatar\/55cb5e37c1efa326397366e6974cb338056df65cb50e7d64d1cf314e87504837?s=96&d=mm&r=g","contentUrl":"https:\/\/secure.gravatar.com\/avatar\/55cb5e37c1efa326397366e6974cb338056df65cb50e7d64d1cf314e87504837?s=96&d=mm&r=g","caption":"Arnaldo Botto"},"url":"https:\/\/www.noticiasradioreflejos.com.ar\/2021\/author\/arnaldo\/"}]}},"_links":{"self":[{"href":"https:\/\/www.noticiasradioreflejos.com.ar\/2021\/wp-json\/wp\/v2\/posts\/129156","targetHints":{"allow":["GET"]}}],"collection":[{"href":"https:\/\/www.noticiasradioreflejos.com.ar\/2021\/wp-json\/wp\/v2\/posts"}],"about":[{"href":"https:\/\/www.noticiasradioreflejos.com.ar\/2021\/wp-json\/wp\/v2\/types\/post"}],"author":[{"embeddable":true,"href":"https:\/\/www.noticiasradioreflejos.com.ar\/2021\/wp-json\/wp\/v2\/users\/3"}],"replies":[{"embeddable":true,"href":"https:\/\/www.noticiasradioreflejos.com.ar\/2021\/wp-json\/wp\/v2\/comments?post=129156"}],"version-history":[{"count":5,"href":"https:\/\/www.noticiasradioreflejos.com.ar\/2021\/wp-json\/wp\/v2\/posts\/129156\/revisions"}],"predecessor-version":[{"id":129190,"href":"https:\/\/www.noticiasradioreflejos.com.ar\/2021\/wp-json\/wp\/v2\/posts\/129156\/revisions\/129190"}],"wp:attachment":[{"href":"https:\/\/www.noticiasradioreflejos.com.ar\/2021\/wp-json\/wp\/v2\/media?parent=129156"}],"wp:term":[{"taxonomy":"category","embeddable":true,"href":"https:\/\/www.noticiasradioreflejos.com.ar\/2021\/wp-json\/wp\/v2\/categories?post=129156"},{"taxonomy":"post_tag","embeddable":true,"href":"https:\/\/www.noticiasradioreflejos.com.ar\/2021\/wp-json\/wp\/v2\/tags?post=129156"}],"curies":[{"name":"wp","href":"https:\/\/api.w.org\/{rel}","templated":true}]}}