{"id":129149,"date":"2025-12-02T09:05:29","date_gmt":"2025-12-02T12:05:29","guid":{"rendered":"https:\/\/www.noticiasradioreflejos.com.ar\/2021\/?p=129149"},"modified":"2025-12-02T09:29:24","modified_gmt":"2025-12-02T12:29:24","slug":"cuando-se-paga-el-aguinaldo-en-diciembre-2025-y-como-se-calcula","status":"publish","type":"post","link":"https:\/\/www.noticiasradioreflejos.com.ar\/2021\/cuando-se-paga-el-aguinaldo-en-diciembre-2025-y-como-se-calcula\/","title":{"rendered":"Cu\u00e1ndo se paga el aguinaldo en diciembre 2025 y c\u00f3mo se calcula"},"content":{"rendered":"<p>La segunda cuota del Salario Anual Complementario se debe acreditar en las cuentas de los empleados hasta el 18 de diciembre. C\u00f3mo calcular el monto de este derecho laboral.<!--more--><\/p>\n<div class=\"content-container col-12 col-lg-8\">\n<div class=\"c-content\">\n<div class=\"partner-wrapper opening\" data-mrf-recirculation=\"Apertura\">\n<div class=\"second-col\">\n<figure class=\"ni-figure\"><picture class=\"news-image\"><source srcset=\"https:\/\/static.eldiario.es\/clip\/e3e76407-fb06-407e-8117-2d2dc0350de1_16-9-discover-aspect-ratio_50p_0.webp\" type=\"image\/webp\" media=\"(max-width: 576px)\" \/><source srcset=\"https:\/\/static.eldiario.es\/clip\/e3e76407-fb06-407e-8117-2d2dc0350de1_16-9-discover-aspect-ratio_50p_0.jpg\" type=\"image\/jpg\" media=\"(max-width: 576px)\" \/><source srcset=\"https:\/\/static.eldiario.es\/clip\/e3e76407-fb06-407e-8117-2d2dc0350de1_16-9-discover-aspect-ratio_75p_0.webp\" type=\"image\/webp\" media=\"(max-width: 767px)\" \/><source srcset=\"https:\/\/static.eldiario.es\/clip\/e3e76407-fb06-407e-8117-2d2dc0350de1_16-9-discover-aspect-ratio_75p_0.jpg\" type=\"image\/jpg\" media=\"(max-width: 767px)\" \/><source srcset=\"https:\/\/static.eldiario.es\/clip\/e3e76407-fb06-407e-8117-2d2dc0350de1_16-9-discover-aspect-ratio_default_0.webp\" type=\"image\/webp\" \/><source srcset=\"https:\/\/static.eldiario.es\/clip\/e3e76407-fb06-407e-8117-2d2dc0350de1_16-9-discover-aspect-ratio_default_0.jpg\" type=\"image\/jpg\" \/><\/picture><\/figure>\n<\/div>\n<\/div>\n<\/div>\n<\/div>\n<p>La cercan\u00eda del fin de a\u00f1o genera en muchos trabajadores la duda de cu\u00e1ndo se cobra el aguinaldo, tambi\u00e9n llamado Salario Anual Complementario (SAC), que se abona en dos pagos, el primero en junio y el segundo en diciembre.<\/p>\n<div class=\"partner-wrapper article-page__body-row\">\n<div class=\"second-col\">\n<aside class=\"know-more know-more--with-image\">\u00a0<\/aside>\n<p class=\"article-text\">Cada medio aguinaldo corresponde a la mitad\u00a0del\u00a0sueldo\u00a0de mayor remuneraci\u00f3n mensual percibida por el trabajador en el semestre correspondiente. Como establece la Ley 27.073, la primera cuota se paga en la \u00faltima jornada laboral del mes de junio, el 30 de dicho mes, y\u00a0la\u00a0<strong>segunda cuota hasta el 18 de diciembre, antes de las fiestas de Navidad y A\u00f1o Nuevo.<\/strong><\/p>\n<p class=\"article-text\">De todas formas, esta es una fecha l\u00edmite, por lo cual no est\u00e1 de m\u00e1s consultar al departamento de Recursos Humanos de cada compa\u00f1\u00eda cu\u00e1ndo se acredita el aguinaldo.<\/p>\n<p class=\"article-text\">Tampoco es necesario trabajar todo un semestre para cobrar el aguinaldo, sino que se trata de un derecho que el trabajador puede empezar a\u00a0percibir desde que comienza a trabajar en relaci\u00f3n de dependencia. En estos casos, el empleador debe pagar un proporcional sobre esos meses trabajados.<\/p>\n<h3 class=\"article-text\">C\u00f3mo calcular el aguinaldo<\/h3>\n<p class=\"article-text\">Para saber cu\u00e1nto va a corresponder del\u00a0SAC, el empleado debe tener a mano su recibo de\u00a0sueldo\u00a0y realizar la siguiente f\u00f3rmula: (el salario \/ 12) x los meses trabajados.<\/p>\n<p class=\"article-text\">Con el objetivo de cubrir distintos casos, el\u00a0Ministerio de Trabajo, Empleo y Seguridad Social\u00a0dispuso de dos ejemplos:<\/p>\n<div class=\"list\">\n<ol>\n<li><strong>Ejemplo 1:\u00a0<\/strong>la trabajadora empez\u00f3 a trabajar en marzo. Su salario es de $2.500. El medio aguinaldo que se abona en junio corresponde a (2.500\/12) x 4. El valor del aguinaldo es $833.<\/li>\n<li><strong>Ejemplo 2:<\/strong>\u00a0la trabajadora empez\u00f3 a trabajar hace seis meses. El mejor salario del primer semestre de ese a\u00f1o equivale a $7.000. El medio aguinaldo que se abona en junio corresponde a (7.000\/12) x 6. El valor del aguinaldo es $3.500.<\/li>\n<\/ol>\n<\/div>\n<h3 class=\"article-text\">La historia del aguinaldo<\/h3>\n<p class=\"article-text\">Esta costumbre se remonta a la\u00a0antigua Roma, donde se entregaba el\u00a0Kalendariae strenae\u00a0el 1\u00b0 de enero, fecha en que se intercambiaban regalos entre amigos en honor de los dioses y como se\u00f1al de buen augurio en el inicio del nuevo a\u00f1o. As\u00ed, a lo largo de la historia, fue variando su aplicaci\u00f3n hasta convertirse en un\u00a0regalo\u00a0de parte de los empleadores a sus trabajadores en la \u00e9poca navide\u00f1a.<\/p>\n<p class=\"article-text\">En\u00a0Latinoam\u00e9rica, se acostumbra que sea una\u00a0remuneraci\u00f3n extraordinaria\u00a0y en algunos pa\u00edses est\u00e1 regulado. Ese es el caso de la\u00a0Argentina, donde este dinero extra\u00a0se estableci\u00f3 por ley el 20 de diciembre de 1946.<\/p>\n<p class=\"article-text\">De acuerdo con el historiador\u00a0Daniel Balmaceda, la costumbre de pagar un\u00a0aguinaldo en la Argentina\u00a0fue iniciada en la d\u00e9cada de 1880 por algunos comerciantes que buscaban reconocer el buen desempe\u00f1o de sus empleados a finales de a\u00f1o. Sin embargo, en aquel entonces, el\u00a0c\u00e1lculo\u00a0de los montos era arbitrario y depend\u00eda de la voluntad de cada empleador o patr\u00f3n.<\/p>\n<p class=\"article-text\">Si bien a fines del siglo XIX ya hab\u00eda empresas que pagaban el aguinaldo, este era a discreci\u00f3n del empleador, y su monto era arbitrario hasta que en 1945 se estableci\u00f3 por decretoArchivo General de la Naci\u00f3n<\/p>\n<p class=\"article-text\">A principios del siglo XX surgieron las\u00a0primeras normativas oficiales\u00a0que establec\u00edan el\u00a0aguinaldo, pero estaban limitadas a algunos sectores, ciudades o provincias. En mayo de 1910 surgi\u00f3 el\u00a0primer aguinaldo oficial, que fue otorgado por el gobierno municipal porte\u00f1o, encabezado por el intendente Manuel G\u00fciraldes, quien decidi\u00f3 pagarle un \u201cAguinaldo del Centenario\u201d a sus empleados por los festejos patrios.<\/p>\n<p class=\"article-text\">Tras ello, en 1945, fue durante el gobierno militar de\u00a0Edelmiro Juli\u00e1n Farrell\u00a0que se estableci\u00f3 a nivel nacional el\u00a0aguinaldo por decreto. Esto ocurri\u00f3 como parte de un paquete de beneficios para los trabajadores que impuls\u00f3\u00a0Juan Domingo Per\u00f3n, que en ese entonces se desempe\u00f1aba como secretario de Trabajo y Previsi\u00f3n de la Seguridad Previsional y vicepresidente.<\/p>\n<div id=\"container-after-news-outlook\"><\/div>\n<p class=\"article-text\">Al a\u00f1o siguiente, cuando\u00a0Per\u00f3n\u00a0estaba en la presidencia, qued\u00f3 establecido por la\u00a0ley nacional 12.921\u00a0la obligaci\u00f3n de todos los empleadores de aplicar a sus empleados un\u00a0Salario Vital M\u00ednimo, Salarios B\u00e1sicos y el Sueldo Anual Complementario.\u00a0Finalmente, en 1968, el\u00a0aguinaldo\u00a0se dividi\u00f3 en\u00a0dos pagos anuales, con la ley 17.620.<\/p>\n<p class=\"article-text\"><em>NB &#8211; elDiarioAR<\/em><\/p>\n<\/div>\n<\/div>\n","protected":false},"excerpt":{"rendered":"<p>La segunda cuota del Salario Anual Complementario se debe acreditar en las cuentas de los empleados hasta el 18 de diciembre. C\u00f3mo calcular el monto de este derecho laboral.<\/p>\n","protected":false},"author":3,"featured_media":109850,"comment_status":"closed","ping_status":"closed","sticky":false,"template":"","format":"standard","meta":{"footnotes":""},"categories":[36],"tags":[],"class_list":["post-129149","post","type-post","status-publish","format-standard","has-post-thumbnail","hentry","category-economia"],"yoast_head":"<!-- This site is optimized with the Yoast SEO plugin v25.9 - https:\/\/yoast.com\/wordpress\/plugins\/seo\/ -->\n<title>Cu\u00e1ndo se paga el aguinaldo en diciembre 2025 y c\u00f3mo se calcula - Noticias Radio Reflejos<\/title>\n<meta name=\"robots\" content=\"index, follow, max-snippet:-1, max-image-preview:large, max-video-preview:-1\" \/>\n<link rel=\"canonical\" href=\"https:\/\/www.noticiasradioreflejos.com.ar\/2021\/cuando-se-paga-el-aguinaldo-en-diciembre-2025-y-como-se-calcula\/\" \/>\n<meta property=\"og:locale\" content=\"es_ES\" \/>\n<meta property=\"og:type\" content=\"article\" \/>\n<meta property=\"og:title\" content=\"Cu\u00e1ndo se paga el aguinaldo en diciembre 2025 y c\u00f3mo se calcula - Noticias Radio Reflejos\" \/>\n<meta property=\"og:description\" content=\"La segunda cuota del Salario Anual Complementario se debe acreditar en las cuentas de los empleados hasta el 18 de diciembre. C\u00f3mo calcular el monto de este derecho laboral.\" \/>\n<meta property=\"og:url\" content=\"https:\/\/www.noticiasradioreflejos.com.ar\/2021\/cuando-se-paga-el-aguinaldo-en-diciembre-2025-y-como-se-calcula\/\" \/>\n<meta property=\"og:site_name\" content=\"Noticias Radio Reflejos\" \/>\n<meta property=\"article:published_time\" content=\"2025-12-02T12:05:29+00:00\" \/>\n<meta property=\"article:modified_time\" content=\"2025-12-02T12:29:24+00:00\" \/>\n<meta property=\"og:image\" content=\"https:\/\/www.noticiasradioreflejos.com.ar\/2021\/wp-content\/uploads\/2024\/11\/dinero.png\" \/>\n\t<meta property=\"og:image:width\" content=\"768\" \/>\n\t<meta property=\"og:image:height\" content=\"432\" \/>\n\t<meta property=\"og:image:type\" content=\"image\/png\" \/>\n<meta name=\"author\" content=\"Arnaldo Botto\" \/>\n<meta name=\"twitter:card\" content=\"summary_large_image\" \/>\n<script type=\"application\/ld+json\" class=\"yoast-schema-graph\">{\"@context\":\"https:\/\/schema.org\",\"@graph\":[{\"@type\":\"WebPage\",\"@id\":\"https:\/\/www.noticiasradioreflejos.com.ar\/2021\/cuando-se-paga-el-aguinaldo-en-diciembre-2025-y-como-se-calcula\/\",\"url\":\"https:\/\/www.noticiasradioreflejos.com.ar\/2021\/cuando-se-paga-el-aguinaldo-en-diciembre-2025-y-como-se-calcula\/\",\"name\":\"Cu\u00e1ndo se paga el aguinaldo en diciembre 2025 y c\u00f3mo se calcula - Noticias Radio Reflejos\",\"isPartOf\":{\"@id\":\"https:\/\/www.noticiasradioreflejos.com.ar\/2021\/#website\"},\"primaryImageOfPage\":{\"@id\":\"https:\/\/www.noticiasradioreflejos.com.ar\/2021\/cuando-se-paga-el-aguinaldo-en-diciembre-2025-y-como-se-calcula\/#primaryimage\"},\"image\":{\"@id\":\"https:\/\/www.noticiasradioreflejos.com.ar\/2021\/cuando-se-paga-el-aguinaldo-en-diciembre-2025-y-como-se-calcula\/#primaryimage\"},\"thumbnailUrl\":\"https:\/\/www.noticiasradioreflejos.com.ar\/2021\/wp-content\/uploads\/2024\/11\/dinero.png\",\"datePublished\":\"2025-12-02T12:05:29+00:00\",\"dateModified\":\"2025-12-02T12:29:24+00:00\",\"author\":{\"@id\":\"https:\/\/www.noticiasradioreflejos.com.ar\/2021\/#\/schema\/person\/ad82545263dcc5ec0996818884fd5fb1\"},\"breadcrumb\":{\"@id\":\"https:\/\/www.noticiasradioreflejos.com.ar\/2021\/cuando-se-paga-el-aguinaldo-en-diciembre-2025-y-como-se-calcula\/#breadcrumb\"},\"inLanguage\":\"es\",\"potentialAction\":[{\"@type\":\"ReadAction\",\"target\":[\"https:\/\/www.noticiasradioreflejos.com.ar\/2021\/cuando-se-paga-el-aguinaldo-en-diciembre-2025-y-como-se-calcula\/\"]}]},{\"@type\":\"ImageObject\",\"inLanguage\":\"es\",\"@id\":\"https:\/\/www.noticiasradioreflejos.com.ar\/2021\/cuando-se-paga-el-aguinaldo-en-diciembre-2025-y-como-se-calcula\/#primaryimage\",\"url\":\"https:\/\/www.noticiasradioreflejos.com.ar\/2021\/wp-content\/uploads\/2024\/11\/dinero.png\",\"contentUrl\":\"https:\/\/www.noticiasradioreflejos.com.ar\/2021\/wp-content\/uploads\/2024\/11\/dinero.png\",\"width\":768,\"height\":432},{\"@type\":\"BreadcrumbList\",\"@id\":\"https:\/\/www.noticiasradioreflejos.com.ar\/2021\/cuando-se-paga-el-aguinaldo-en-diciembre-2025-y-como-se-calcula\/#breadcrumb\",\"itemListElement\":[{\"@type\":\"ListItem\",\"position\":1,\"name\":\"Portada\",\"item\":\"https:\/\/www.noticiasradioreflejos.com.ar\/2021\/\"},{\"@type\":\"ListItem\",\"position\":2,\"name\":\"Cu\u00e1ndo se paga el aguinaldo en diciembre 2025 y c\u00f3mo se calcula\"}]},{\"@type\":\"WebSite\",\"@id\":\"https:\/\/www.noticiasradioreflejos.com.ar\/2021\/#website\",\"url\":\"https:\/\/www.noticiasradioreflejos.com.ar\/2021\/\",\"name\":\"Noticias Radio Reflejos\",\"description\":\"Las noticias de mi comarca\",\"potentialAction\":[{\"@type\":\"SearchAction\",\"target\":{\"@type\":\"EntryPoint\",\"urlTemplate\":\"https:\/\/www.noticiasradioreflejos.com.ar\/2021\/?s={search_term_string}\"},\"query-input\":{\"@type\":\"PropertyValueSpecification\",\"valueRequired\":true,\"valueName\":\"search_term_string\"}}],\"inLanguage\":\"es\"},{\"@type\":\"Person\",\"@id\":\"https:\/\/www.noticiasradioreflejos.com.ar\/2021\/#\/schema\/person\/ad82545263dcc5ec0996818884fd5fb1\",\"name\":\"Arnaldo Botto\",\"image\":{\"@type\":\"ImageObject\",\"inLanguage\":\"es\",\"@id\":\"https:\/\/www.noticiasradioreflejos.com.ar\/2021\/#\/schema\/person\/image\/\",\"url\":\"https:\/\/secure.gravatar.com\/avatar\/55cb5e37c1efa326397366e6974cb338056df65cb50e7d64d1cf314e87504837?s=96&d=mm&r=g\",\"contentUrl\":\"https:\/\/secure.gravatar.com\/avatar\/55cb5e37c1efa326397366e6974cb338056df65cb50e7d64d1cf314e87504837?s=96&d=mm&r=g\",\"caption\":\"Arnaldo Botto\"},\"url\":\"https:\/\/www.noticiasradioreflejos.com.ar\/2021\/author\/arnaldo\/\"}]}<\/script>\n<!-- \/ Yoast SEO plugin. -->","yoast_head_json":{"title":"Cu\u00e1ndo se paga el aguinaldo en diciembre 2025 y c\u00f3mo se calcula - Noticias Radio Reflejos","robots":{"index":"index","follow":"follow","max-snippet":"max-snippet:-1","max-image-preview":"max-image-preview:large","max-video-preview":"max-video-preview:-1"},"canonical":"https:\/\/www.noticiasradioreflejos.com.ar\/2021\/cuando-se-paga-el-aguinaldo-en-diciembre-2025-y-como-se-calcula\/","og_locale":"es_ES","og_type":"article","og_title":"Cu\u00e1ndo se paga el aguinaldo en diciembre 2025 y c\u00f3mo se calcula - Noticias Radio Reflejos","og_description":"La segunda cuota del Salario Anual Complementario se debe acreditar en las cuentas de los empleados hasta el 18 de diciembre. C\u00f3mo calcular el monto de este derecho laboral.","og_url":"https:\/\/www.noticiasradioreflejos.com.ar\/2021\/cuando-se-paga-el-aguinaldo-en-diciembre-2025-y-como-se-calcula\/","og_site_name":"Noticias Radio Reflejos","article_published_time":"2025-12-02T12:05:29+00:00","article_modified_time":"2025-12-02T12:29:24+00:00","og_image":[{"width":768,"height":432,"url":"https:\/\/www.noticiasradioreflejos.com.ar\/2021\/wp-content\/uploads\/2024\/11\/dinero.png","type":"image\/png"}],"author":"Arnaldo Botto","twitter_card":"summary_large_image","schema":{"@context":"https:\/\/schema.org","@graph":[{"@type":"WebPage","@id":"https:\/\/www.noticiasradioreflejos.com.ar\/2021\/cuando-se-paga-el-aguinaldo-en-diciembre-2025-y-como-se-calcula\/","url":"https:\/\/www.noticiasradioreflejos.com.ar\/2021\/cuando-se-paga-el-aguinaldo-en-diciembre-2025-y-como-se-calcula\/","name":"Cu\u00e1ndo se paga el aguinaldo en diciembre 2025 y c\u00f3mo se calcula - Noticias Radio Reflejos","isPartOf":{"@id":"https:\/\/www.noticiasradioreflejos.com.ar\/2021\/#website"},"primaryImageOfPage":{"@id":"https:\/\/www.noticiasradioreflejos.com.ar\/2021\/cuando-se-paga-el-aguinaldo-en-diciembre-2025-y-como-se-calcula\/#primaryimage"},"image":{"@id":"https:\/\/www.noticiasradioreflejos.com.ar\/2021\/cuando-se-paga-el-aguinaldo-en-diciembre-2025-y-como-se-calcula\/#primaryimage"},"thumbnailUrl":"https:\/\/www.noticiasradioreflejos.com.ar\/2021\/wp-content\/uploads\/2024\/11\/dinero.png","datePublished":"2025-12-02T12:05:29+00:00","dateModified":"2025-12-02T12:29:24+00:00","author":{"@id":"https:\/\/www.noticiasradioreflejos.com.ar\/2021\/#\/schema\/person\/ad82545263dcc5ec0996818884fd5fb1"},"breadcrumb":{"@id":"https:\/\/www.noticiasradioreflejos.com.ar\/2021\/cuando-se-paga-el-aguinaldo-en-diciembre-2025-y-como-se-calcula\/#breadcrumb"},"inLanguage":"es","potentialAction":[{"@type":"ReadAction","target":["https:\/\/www.noticiasradioreflejos.com.ar\/2021\/cuando-se-paga-el-aguinaldo-en-diciembre-2025-y-como-se-calcula\/"]}]},{"@type":"ImageObject","inLanguage":"es","@id":"https:\/\/www.noticiasradioreflejos.com.ar\/2021\/cuando-se-paga-el-aguinaldo-en-diciembre-2025-y-como-se-calcula\/#primaryimage","url":"https:\/\/www.noticiasradioreflejos.com.ar\/2021\/wp-content\/uploads\/2024\/11\/dinero.png","contentUrl":"https:\/\/www.noticiasradioreflejos.com.ar\/2021\/wp-content\/uploads\/2024\/11\/dinero.png","width":768,"height":432},{"@type":"BreadcrumbList","@id":"https:\/\/www.noticiasradioreflejos.com.ar\/2021\/cuando-se-paga-el-aguinaldo-en-diciembre-2025-y-como-se-calcula\/#breadcrumb","itemListElement":[{"@type":"ListItem","position":1,"name":"Portada","item":"https:\/\/www.noticiasradioreflejos.com.ar\/2021\/"},{"@type":"ListItem","position":2,"name":"Cu\u00e1ndo se paga el aguinaldo en diciembre 2025 y c\u00f3mo se calcula"}]},{"@type":"WebSite","@id":"https:\/\/www.noticiasradioreflejos.com.ar\/2021\/#website","url":"https:\/\/www.noticiasradioreflejos.com.ar\/2021\/","name":"Noticias Radio Reflejos","description":"Las noticias de mi comarca","potentialAction":[{"@type":"SearchAction","target":{"@type":"EntryPoint","urlTemplate":"https:\/\/www.noticiasradioreflejos.com.ar\/2021\/?s={search_term_string}"},"query-input":{"@type":"PropertyValueSpecification","valueRequired":true,"valueName":"search_term_string"}}],"inLanguage":"es"},{"@type":"Person","@id":"https:\/\/www.noticiasradioreflejos.com.ar\/2021\/#\/schema\/person\/ad82545263dcc5ec0996818884fd5fb1","name":"Arnaldo Botto","image":{"@type":"ImageObject","inLanguage":"es","@id":"https:\/\/www.noticiasradioreflejos.com.ar\/2021\/#\/schema\/person\/image\/","url":"https:\/\/secure.gravatar.com\/avatar\/55cb5e37c1efa326397366e6974cb338056df65cb50e7d64d1cf314e87504837?s=96&d=mm&r=g","contentUrl":"https:\/\/secure.gravatar.com\/avatar\/55cb5e37c1efa326397366e6974cb338056df65cb50e7d64d1cf314e87504837?s=96&d=mm&r=g","caption":"Arnaldo Botto"},"url":"https:\/\/www.noticiasradioreflejos.com.ar\/2021\/author\/arnaldo\/"}]}},"_links":{"self":[{"href":"https:\/\/www.noticiasradioreflejos.com.ar\/2021\/wp-json\/wp\/v2\/posts\/129149","targetHints":{"allow":["GET"]}}],"collection":[{"href":"https:\/\/www.noticiasradioreflejos.com.ar\/2021\/wp-json\/wp\/v2\/posts"}],"about":[{"href":"https:\/\/www.noticiasradioreflejos.com.ar\/2021\/wp-json\/wp\/v2\/types\/post"}],"author":[{"embeddable":true,"href":"https:\/\/www.noticiasradioreflejos.com.ar\/2021\/wp-json\/wp\/v2\/users\/3"}],"replies":[{"embeddable":true,"href":"https:\/\/www.noticiasradioreflejos.com.ar\/2021\/wp-json\/wp\/v2\/comments?post=129149"}],"version-history":[{"count":2,"href":"https:\/\/www.noticiasradioreflejos.com.ar\/2021\/wp-json\/wp\/v2\/posts\/129149\/revisions"}],"predecessor-version":[{"id":129152,"href":"https:\/\/www.noticiasradioreflejos.com.ar\/2021\/wp-json\/wp\/v2\/posts\/129149\/revisions\/129152"}],"wp:featuredmedia":[{"embeddable":true,"href":"https:\/\/www.noticiasradioreflejos.com.ar\/2021\/wp-json\/wp\/v2\/media\/109850"}],"wp:attachment":[{"href":"https:\/\/www.noticiasradioreflejos.com.ar\/2021\/wp-json\/wp\/v2\/media?parent=129149"}],"wp:term":[{"taxonomy":"category","embeddable":true,"href":"https:\/\/www.noticiasradioreflejos.com.ar\/2021\/wp-json\/wp\/v2\/categories?post=129149"},{"taxonomy":"post_tag","embeddable":true,"href":"https:\/\/www.noticiasradioreflejos.com.ar\/2021\/wp-json\/wp\/v2\/tags?post=129149"}],"curies":[{"name":"wp","href":"https:\/\/api.w.org\/{rel}","templated":true}]}}