{"id":129145,"date":"2025-12-02T07:46:19","date_gmt":"2025-12-02T10:46:19","guid":{"rendered":"https:\/\/www.noticiasradioreflejos.com.ar\/2021\/?p=129145"},"modified":"2025-12-02T07:46:21","modified_gmt":"2025-12-02T10:46:21","slug":"instituto-superior-162-abierta-la-inscripcion-2026-para-carreras-con-un-futuro-posible","status":"publish","type":"post","link":"https:\/\/www.noticiasradioreflejos.com.ar\/2021\/instituto-superior-162-abierta-la-inscripcion-2026-para-carreras-con-un-futuro-posible\/","title":{"rendered":"Instituto Superior 162: \u00a1Abierta la inscripci\u00f3n 2026 para carreras con \u00abUn Futuro Posible\u00bb!"},"content":{"rendered":"<p data-path-to-node=\"8\"><b>Se encuentran abiertas las inscripciones<\/b> para las carreras del ciclo lectivo <b>2026<\/b> en el Instituto Superior de Formaci\u00f3n Docente y T\u00e9cnica (ISFDyT) N\u00b0 162. La oferta acad\u00e9mica incluye Profesorados y Tecnicaturas Superiores en \u00e1reas clave. Los interesados pueden anotarse <b>a partir del 1 de diciembre<\/b> de forma virtual o presencial.<\/p>\n<p><!--more--><\/p>\n<p data-path-to-node=\"11\">El ISFDyT 162, bajo el lema \u00abUna opci\u00f3n, un futuro posible\u00bb, informa que ha comenzado el proceso de inscripci\u00f3n para las carreras que se dictar\u00e1n a partir de 2026.<\/p>\n<p data-path-to-node=\"12\">Las propuestas acad\u00e9micas son:<\/p>\n<ul data-path-to-node=\"13\">\n<li>\n<p data-path-to-node=\"13,0,0\"><b>T\u00e9cnico Superior en Enfermer\u00eda<\/b><\/p>\n<\/li>\n<li>\n<p data-path-to-node=\"13,1,0\"><b>T\u00e9cnico Superior en Acompa\u00f1amiento Terap\u00e9utico<\/b><\/p>\n<\/li>\n<li>\n<p data-path-to-node=\"13,2,0\"><b>Profesorado de Educaci\u00f3n Primaria<\/b><\/p>\n<\/li>\n<li>\n<p data-path-to-node=\"13,3,0\"><b>Profesorado de Ingl\u00e9s<\/b><\/p>\n<\/li>\n<\/ul>\n<h4 data-path-to-node=\"14\"><\/h4>\n<h4 data-path-to-node=\"14\">\u00a0\u00bfC\u00f3mo Inscribirse?<\/h4>\n<p data-path-to-node=\"15\">La inscripci\u00f3n est\u00e1 disponible de dos maneras:<\/p>\n<ol start=\"1\" data-path-to-node=\"16\">\n<li>\n<p data-path-to-node=\"16,0,0\"><b>Virtualmente:<\/b> Ingresando a trav\u00e9s del c\u00f3digo QR (o directamente en el enlace: <a class=\"ng-star-inserted\" href=\"https:\/\/forms.gle\/UvTiUH1LRmR69zSN9\" target=\"_blank\" rel=\"noopener\" data-hveid=\"0\" data-ved=\"0CAAQ_4QMahgKEwjXmYqxz56RAxUAAAAAHQAAAAAQvwE\">https:\/\/forms.gle\/UvTiUH1LRmR69zSN9<\/a>).<\/p>\n<\/li>\n<li>\n<p data-path-to-node=\"16,1,0\"><b>Presencialmente:<\/b> En la sede del Instituto, ubicada en <b>E. Tornquist 319<\/b>, de <b>Lunes a Viernes de 18:00 a 21:00 hs<\/b>.<\/p>\n<\/li>\n<\/ol>\n<h4 data-path-to-node=\"17\">Encuentro Informativo y Nivelaci\u00f3n<\/h4>\n<p data-path-to-node=\"18\">Se convoca a todos los inscriptos a un encuentro el <b>lunes 22 de diciembre<\/b> para ofrecer informaci\u00f3n esencial para el cursado y hacer entrega del material de nivelaci\u00f3n espec\u00edfico pensado para cada carrera.<\/p>\n<p data-path-to-node=\"18\">\n<p data-path-to-node=\"18\"><a href=\"https:\/\/www.noticiasradioreflejos.com.ar\/2021\/instituto-superior-162-abierta-la-inscripcion-2026-para-carreras-con-un-futuro-posible\/inscripcion\/\" rel=\"attachment wp-att-129146\"><img loading=\"lazy\" decoding=\"async\" class=\"aligncenter  wp-image-129146\" src=\"https:\/\/www.noticiasradioreflejos.com.ar\/2021\/wp-content\/uploads\/2025\/12\/inscripcion.jpg\" alt=\"\" width=\"540\" height=\"810\" srcset=\"https:\/\/www.noticiasradioreflejos.com.ar\/2021\/wp-content\/uploads\/2025\/12\/inscripcion.jpg 1024w, https:\/\/www.noticiasradioreflejos.com.ar\/2021\/wp-content\/uploads\/2025\/12\/inscripcion-200x300.jpg 200w, https:\/\/www.noticiasradioreflejos.com.ar\/2021\/wp-content\/uploads\/2025\/12\/inscripcion-683x1024.jpg 683w, https:\/\/www.noticiasradioreflejos.com.ar\/2021\/wp-content\/uploads\/2025\/12\/inscripcion-768x1152.jpg 768w, https:\/\/www.noticiasradioreflejos.com.ar\/2021\/wp-content\/uploads\/2025\/12\/inscripcion-750x1125.jpg 750w\" sizes=\"auto, (max-width: 540px) 100vw, 540px\" \/><\/a><\/p>\n","protected":false},"excerpt":{"rendered":"<p>Se encuentran abiertas las inscripciones para las carreras del ciclo lectivo 2026 en el Instituto Superior de Formaci\u00f3n Docente y T\u00e9cnica (ISFDyT) N\u00b0 162. La oferta acad\u00e9mica incluye Profesorados y Tecnicaturas Superiores en \u00e1reas clave. Los interesados pueden anotarse a partir del 1 de diciembre de forma virtual o presencial.<\/p>\n","protected":false},"author":3,"featured_media":94532,"comment_status":"closed","ping_status":"closed","sticky":false,"template":"","format":"standard","meta":{"footnotes":""},"categories":[34],"tags":[],"class_list":["post-129145","post","type-post","status-publish","format-standard","has-post-thumbnail","hentry","category-educacion"],"yoast_head":"<!-- This site is optimized with the Yoast SEO plugin v25.9 - https:\/\/yoast.com\/wordpress\/plugins\/seo\/ -->\n<title>Instituto Superior 162: \u00a1Abierta la inscripci\u00f3n 2026 para carreras con &quot;Un Futuro Posible&quot;! - Noticias Radio Reflejos<\/title>\n<meta name=\"robots\" content=\"index, follow, max-snippet:-1, max-image-preview:large, max-video-preview:-1\" \/>\n<link rel=\"canonical\" href=\"https:\/\/www.noticiasradioreflejos.com.ar\/2021\/instituto-superior-162-abierta-la-inscripcion-2026-para-carreras-con-un-futuro-posible\/\" \/>\n<meta property=\"og:locale\" content=\"es_ES\" \/>\n<meta property=\"og:type\" content=\"article\" \/>\n<meta property=\"og:title\" content=\"Instituto Superior 162: \u00a1Abierta la inscripci\u00f3n 2026 para carreras con &quot;Un Futuro Posible&quot;! - Noticias Radio Reflejos\" \/>\n<meta property=\"og:description\" content=\"Se encuentran abiertas las inscripciones para las carreras del ciclo lectivo 2026 en el Instituto Superior de Formaci\u00f3n Docente y T\u00e9cnica (ISFDyT) N\u00b0 162. La oferta acad\u00e9mica incluye Profesorados y Tecnicaturas Superiores en \u00e1reas clave. Los interesados pueden anotarse a partir del 1 de diciembre de forma virtual o presencial.\" \/>\n<meta property=\"og:url\" content=\"https:\/\/www.noticiasradioreflejos.com.ar\/2021\/instituto-superior-162-abierta-la-inscripcion-2026-para-carreras-con-un-futuro-posible\/\" \/>\n<meta property=\"og:site_name\" content=\"Noticias Radio Reflejos\" \/>\n<meta property=\"article:published_time\" content=\"2025-12-02T10:46:19+00:00\" \/>\n<meta property=\"article:modified_time\" content=\"2025-12-02T10:46:21+00:00\" \/>\n<meta property=\"og:image\" content=\"https:\/\/www.noticiasradioreflejos.com.ar\/2021\/wp-content\/uploads\/2023\/10\/unidadacademicaetornquist.jpg\" \/>\n\t<meta property=\"og:image:width\" content=\"700\" \/>\n\t<meta property=\"og:image:height\" content=\"467\" \/>\n\t<meta property=\"og:image:type\" content=\"image\/jpeg\" \/>\n<meta name=\"author\" content=\"Arnaldo Botto\" \/>\n<meta name=\"twitter:card\" content=\"summary_large_image\" \/>\n<script type=\"application\/ld+json\" class=\"yoast-schema-graph\">{\"@context\":\"https:\/\/schema.org\",\"@graph\":[{\"@type\":\"WebPage\",\"@id\":\"https:\/\/www.noticiasradioreflejos.com.ar\/2021\/instituto-superior-162-abierta-la-inscripcion-2026-para-carreras-con-un-futuro-posible\/\",\"url\":\"https:\/\/www.noticiasradioreflejos.com.ar\/2021\/instituto-superior-162-abierta-la-inscripcion-2026-para-carreras-con-un-futuro-posible\/\",\"name\":\"Instituto Superior 162: \u00a1Abierta la inscripci\u00f3n 2026 para carreras con \\\"Un Futuro Posible\\\"! - Noticias Radio Reflejos\",\"isPartOf\":{\"@id\":\"https:\/\/www.noticiasradioreflejos.com.ar\/2021\/#website\"},\"primaryImageOfPage\":{\"@id\":\"https:\/\/www.noticiasradioreflejos.com.ar\/2021\/instituto-superior-162-abierta-la-inscripcion-2026-para-carreras-con-un-futuro-posible\/#primaryimage\"},\"image\":{\"@id\":\"https:\/\/www.noticiasradioreflejos.com.ar\/2021\/instituto-superior-162-abierta-la-inscripcion-2026-para-carreras-con-un-futuro-posible\/#primaryimage\"},\"thumbnailUrl\":\"https:\/\/www.noticiasradioreflejos.com.ar\/2021\/wp-content\/uploads\/2023\/10\/unidadacademicaetornquist.jpg\",\"datePublished\":\"2025-12-02T10:46:19+00:00\",\"dateModified\":\"2025-12-02T10:46:21+00:00\",\"author\":{\"@id\":\"https:\/\/www.noticiasradioreflejos.com.ar\/2021\/#\/schema\/person\/ad82545263dcc5ec0996818884fd5fb1\"},\"breadcrumb\":{\"@id\":\"https:\/\/www.noticiasradioreflejos.com.ar\/2021\/instituto-superior-162-abierta-la-inscripcion-2026-para-carreras-con-un-futuro-posible\/#breadcrumb\"},\"inLanguage\":\"es\",\"potentialAction\":[{\"@type\":\"ReadAction\",\"target\":[\"https:\/\/www.noticiasradioreflejos.com.ar\/2021\/instituto-superior-162-abierta-la-inscripcion-2026-para-carreras-con-un-futuro-posible\/\"]}]},{\"@type\":\"ImageObject\",\"inLanguage\":\"es\",\"@id\":\"https:\/\/www.noticiasradioreflejos.com.ar\/2021\/instituto-superior-162-abierta-la-inscripcion-2026-para-carreras-con-un-futuro-posible\/#primaryimage\",\"url\":\"https:\/\/www.noticiasradioreflejos.com.ar\/2021\/wp-content\/uploads\/2023\/10\/unidadacademicaetornquist.jpg\",\"contentUrl\":\"https:\/\/www.noticiasradioreflejos.com.ar\/2021\/wp-content\/uploads\/2023\/10\/unidadacademicaetornquist.jpg\",\"width\":700,\"height\":467},{\"@type\":\"BreadcrumbList\",\"@id\":\"https:\/\/www.noticiasradioreflejos.com.ar\/2021\/instituto-superior-162-abierta-la-inscripcion-2026-para-carreras-con-un-futuro-posible\/#breadcrumb\",\"itemListElement\":[{\"@type\":\"ListItem\",\"position\":1,\"name\":\"Portada\",\"item\":\"https:\/\/www.noticiasradioreflejos.com.ar\/2021\/\"},{\"@type\":\"ListItem\",\"position\":2,\"name\":\"Instituto Superior 162: \u00a1Abierta la inscripci\u00f3n 2026 para carreras con \u00abUn Futuro Posible\u00bb!\"}]},{\"@type\":\"WebSite\",\"@id\":\"https:\/\/www.noticiasradioreflejos.com.ar\/2021\/#website\",\"url\":\"https:\/\/www.noticiasradioreflejos.com.ar\/2021\/\",\"name\":\"Noticias Radio Reflejos\",\"description\":\"Las noticias de mi comarca\",\"potentialAction\":[{\"@type\":\"SearchAction\",\"target\":{\"@type\":\"EntryPoint\",\"urlTemplate\":\"https:\/\/www.noticiasradioreflejos.com.ar\/2021\/?s={search_term_string}\"},\"query-input\":{\"@type\":\"PropertyValueSpecification\",\"valueRequired\":true,\"valueName\":\"search_term_string\"}}],\"inLanguage\":\"es\"},{\"@type\":\"Person\",\"@id\":\"https:\/\/www.noticiasradioreflejos.com.ar\/2021\/#\/schema\/person\/ad82545263dcc5ec0996818884fd5fb1\",\"name\":\"Arnaldo Botto\",\"image\":{\"@type\":\"ImageObject\",\"inLanguage\":\"es\",\"@id\":\"https:\/\/www.noticiasradioreflejos.com.ar\/2021\/#\/schema\/person\/image\/\",\"url\":\"https:\/\/secure.gravatar.com\/avatar\/55cb5e37c1efa326397366e6974cb338056df65cb50e7d64d1cf314e87504837?s=96&d=mm&r=g\",\"contentUrl\":\"https:\/\/secure.gravatar.com\/avatar\/55cb5e37c1efa326397366e6974cb338056df65cb50e7d64d1cf314e87504837?s=96&d=mm&r=g\",\"caption\":\"Arnaldo Botto\"},\"url\":\"https:\/\/www.noticiasradioreflejos.com.ar\/2021\/author\/arnaldo\/\"}]}<\/script>\n<!-- \/ Yoast SEO plugin. -->","yoast_head_json":{"title":"Instituto Superior 162: \u00a1Abierta la inscripci\u00f3n 2026 para carreras con \"Un Futuro Posible\"! - Noticias Radio Reflejos","robots":{"index":"index","follow":"follow","max-snippet":"max-snippet:-1","max-image-preview":"max-image-preview:large","max-video-preview":"max-video-preview:-1"},"canonical":"https:\/\/www.noticiasradioreflejos.com.ar\/2021\/instituto-superior-162-abierta-la-inscripcion-2026-para-carreras-con-un-futuro-posible\/","og_locale":"es_ES","og_type":"article","og_title":"Instituto Superior 162: \u00a1Abierta la inscripci\u00f3n 2026 para carreras con \"Un Futuro Posible\"! - Noticias Radio Reflejos","og_description":"Se encuentran abiertas las inscripciones para las carreras del ciclo lectivo 2026 en el Instituto Superior de Formaci\u00f3n Docente y T\u00e9cnica (ISFDyT) N\u00b0 162. La oferta acad\u00e9mica incluye Profesorados y Tecnicaturas Superiores en \u00e1reas clave. Los interesados pueden anotarse a partir del 1 de diciembre de forma virtual o presencial.","og_url":"https:\/\/www.noticiasradioreflejos.com.ar\/2021\/instituto-superior-162-abierta-la-inscripcion-2026-para-carreras-con-un-futuro-posible\/","og_site_name":"Noticias Radio Reflejos","article_published_time":"2025-12-02T10:46:19+00:00","article_modified_time":"2025-12-02T10:46:21+00:00","og_image":[{"width":700,"height":467,"url":"https:\/\/www.noticiasradioreflejos.com.ar\/2021\/wp-content\/uploads\/2023\/10\/unidadacademicaetornquist.jpg","type":"image\/jpeg"}],"author":"Arnaldo Botto","twitter_card":"summary_large_image","schema":{"@context":"https:\/\/schema.org","@graph":[{"@type":"WebPage","@id":"https:\/\/www.noticiasradioreflejos.com.ar\/2021\/instituto-superior-162-abierta-la-inscripcion-2026-para-carreras-con-un-futuro-posible\/","url":"https:\/\/www.noticiasradioreflejos.com.ar\/2021\/instituto-superior-162-abierta-la-inscripcion-2026-para-carreras-con-un-futuro-posible\/","name":"Instituto Superior 162: \u00a1Abierta la inscripci\u00f3n 2026 para carreras con \"Un Futuro Posible\"! - Noticias Radio Reflejos","isPartOf":{"@id":"https:\/\/www.noticiasradioreflejos.com.ar\/2021\/#website"},"primaryImageOfPage":{"@id":"https:\/\/www.noticiasradioreflejos.com.ar\/2021\/instituto-superior-162-abierta-la-inscripcion-2026-para-carreras-con-un-futuro-posible\/#primaryimage"},"image":{"@id":"https:\/\/www.noticiasradioreflejos.com.ar\/2021\/instituto-superior-162-abierta-la-inscripcion-2026-para-carreras-con-un-futuro-posible\/#primaryimage"},"thumbnailUrl":"https:\/\/www.noticiasradioreflejos.com.ar\/2021\/wp-content\/uploads\/2023\/10\/unidadacademicaetornquist.jpg","datePublished":"2025-12-02T10:46:19+00:00","dateModified":"2025-12-02T10:46:21+00:00","author":{"@id":"https:\/\/www.noticiasradioreflejos.com.ar\/2021\/#\/schema\/person\/ad82545263dcc5ec0996818884fd5fb1"},"breadcrumb":{"@id":"https:\/\/www.noticiasradioreflejos.com.ar\/2021\/instituto-superior-162-abierta-la-inscripcion-2026-para-carreras-con-un-futuro-posible\/#breadcrumb"},"inLanguage":"es","potentialAction":[{"@type":"ReadAction","target":["https:\/\/www.noticiasradioreflejos.com.ar\/2021\/instituto-superior-162-abierta-la-inscripcion-2026-para-carreras-con-un-futuro-posible\/"]}]},{"@type":"ImageObject","inLanguage":"es","@id":"https:\/\/www.noticiasradioreflejos.com.ar\/2021\/instituto-superior-162-abierta-la-inscripcion-2026-para-carreras-con-un-futuro-posible\/#primaryimage","url":"https:\/\/www.noticiasradioreflejos.com.ar\/2021\/wp-content\/uploads\/2023\/10\/unidadacademicaetornquist.jpg","contentUrl":"https:\/\/www.noticiasradioreflejos.com.ar\/2021\/wp-content\/uploads\/2023\/10\/unidadacademicaetornquist.jpg","width":700,"height":467},{"@type":"BreadcrumbList","@id":"https:\/\/www.noticiasradioreflejos.com.ar\/2021\/instituto-superior-162-abierta-la-inscripcion-2026-para-carreras-con-un-futuro-posible\/#breadcrumb","itemListElement":[{"@type":"ListItem","position":1,"name":"Portada","item":"https:\/\/www.noticiasradioreflejos.com.ar\/2021\/"},{"@type":"ListItem","position":2,"name":"Instituto Superior 162: \u00a1Abierta la inscripci\u00f3n 2026 para carreras con \u00abUn Futuro Posible\u00bb!"}]},{"@type":"WebSite","@id":"https:\/\/www.noticiasradioreflejos.com.ar\/2021\/#website","url":"https:\/\/www.noticiasradioreflejos.com.ar\/2021\/","name":"Noticias Radio Reflejos","description":"Las noticias de mi comarca","potentialAction":[{"@type":"SearchAction","target":{"@type":"EntryPoint","urlTemplate":"https:\/\/www.noticiasradioreflejos.com.ar\/2021\/?s={search_term_string}"},"query-input":{"@type":"PropertyValueSpecification","valueRequired":true,"valueName":"search_term_string"}}],"inLanguage":"es"},{"@type":"Person","@id":"https:\/\/www.noticiasradioreflejos.com.ar\/2021\/#\/schema\/person\/ad82545263dcc5ec0996818884fd5fb1","name":"Arnaldo Botto","image":{"@type":"ImageObject","inLanguage":"es","@id":"https:\/\/www.noticiasradioreflejos.com.ar\/2021\/#\/schema\/person\/image\/","url":"https:\/\/secure.gravatar.com\/avatar\/55cb5e37c1efa326397366e6974cb338056df65cb50e7d64d1cf314e87504837?s=96&d=mm&r=g","contentUrl":"https:\/\/secure.gravatar.com\/avatar\/55cb5e37c1efa326397366e6974cb338056df65cb50e7d64d1cf314e87504837?s=96&d=mm&r=g","caption":"Arnaldo Botto"},"url":"https:\/\/www.noticiasradioreflejos.com.ar\/2021\/author\/arnaldo\/"}]}},"_links":{"self":[{"href":"https:\/\/www.noticiasradioreflejos.com.ar\/2021\/wp-json\/wp\/v2\/posts\/129145","targetHints":{"allow":["GET"]}}],"collection":[{"href":"https:\/\/www.noticiasradioreflejos.com.ar\/2021\/wp-json\/wp\/v2\/posts"}],"about":[{"href":"https:\/\/www.noticiasradioreflejos.com.ar\/2021\/wp-json\/wp\/v2\/types\/post"}],"author":[{"embeddable":true,"href":"https:\/\/www.noticiasradioreflejos.com.ar\/2021\/wp-json\/wp\/v2\/users\/3"}],"replies":[{"embeddable":true,"href":"https:\/\/www.noticiasradioreflejos.com.ar\/2021\/wp-json\/wp\/v2\/comments?post=129145"}],"version-history":[{"count":2,"href":"https:\/\/www.noticiasradioreflejos.com.ar\/2021\/wp-json\/wp\/v2\/posts\/129145\/revisions"}],"predecessor-version":[{"id":129148,"href":"https:\/\/www.noticiasradioreflejos.com.ar\/2021\/wp-json\/wp\/v2\/posts\/129145\/revisions\/129148"}],"wp:featuredmedia":[{"embeddable":true,"href":"https:\/\/www.noticiasradioreflejos.com.ar\/2021\/wp-json\/wp\/v2\/media\/94532"}],"wp:attachment":[{"href":"https:\/\/www.noticiasradioreflejos.com.ar\/2021\/wp-json\/wp\/v2\/media?parent=129145"}],"wp:term":[{"taxonomy":"category","embeddable":true,"href":"https:\/\/www.noticiasradioreflejos.com.ar\/2021\/wp-json\/wp\/v2\/categories?post=129145"},{"taxonomy":"post_tag","embeddable":true,"href":"https:\/\/www.noticiasradioreflejos.com.ar\/2021\/wp-json\/wp\/v2\/tags?post=129145"}],"curies":[{"name":"wp","href":"https:\/\/api.w.org\/{rel}","templated":true}]}}