{"id":129141,"date":"2025-12-02T07:34:53","date_gmt":"2025-12-02T10:34:53","guid":{"rendered":"https:\/\/www.noticiasradioreflejos.com.ar\/2021\/?p=129141"},"modified":"2025-12-02T07:34:53","modified_gmt":"2025-12-02T10:34:53","slug":"la-maldicion-de-maradona-la-racha-negativa-de-la-seleccion-en-los-mundiales","status":"publish","type":"post","link":"https:\/\/www.noticiasradioreflejos.com.ar\/2021\/la-maldicion-de-maradona-la-racha-negativa-de-la-seleccion-en-los-mundiales\/","title":{"rendered":"\u00abLa maldici\u00f3n de Maradona\u00bb: la racha negativa de la Selecci\u00f3n en los Mundiales"},"content":{"rendered":"<p>Se trata de una serie de resultados negativos obtenidos ante selecciones campeonas del mundo.<!--more--><\/p>\n<div class=\"columns\" data-tadevel-template=\"web\/article-columns\">\n<div class=\"column-main\">\n<div class=\"article-body\" data-tadevel-template=\"web\/article-body\">\n<div class=\"article-body-content\">\n<p>\u00a0La Selecci\u00f3n argentina<strong>\u00a0arrastra en los mundiales una racha negativa que tiene que ver con la ausencia de Diego Maradona<\/strong>, ya que<strong>\u00a0sin el astro el elenco nacional nunca le gan\u00f3 a pa\u00edses que se consagraron campeones del mundo.<\/strong><\/p>\n<p>En ese sentido, el conjunto Albiceleste\u00a0 venci\u00f3 a equipos que alzaron este trofeo s\u00f3lo cuando \u00abPelusa \u00bb estuvo en el plantel (Espa\u00f1a 1982, M\u00e9xico 1986, Italia 1990 y Estados Unidos 1994), ya que ni antes de su llegada ni despu\u00e9s de su retiro pudo lograrlo.<\/p>\n<p>Con Maradona en el Mundial de<strong>\u00a01986<\/strong>\u00a0la Argentina\u00a0<strong>venci\u00f3 por\u00a0 1 a 0 a Uruguay en los octavos de final, por 2 a 1 a Inglaterra en cuartos de final y por 3 a 2 a la entonces Alemania Federal<\/strong>, mientras que en la edici\u00f3n de<strong>\u00a0Italia 1990<\/strong>\u00a0fue triunfo sobre Brasil por 1 a 0.<\/p>\n<p>\u00abLa maldici\u00f3n\u00bb que pesa sobre el elenco nacional se mantiene vigente hasta la actualidad, por lo que buscar\u00e1 quebrarla en el certamen de los\u00a0<strong>Estados Unidos, M\u00e9xico y Canad\u00e1 2026.<\/strong><\/p>\n<p>En el Mundial de\u00a0<strong>Suecia 1958<\/strong>\u00a0perdi\u00f3 por 3 a 1 ante Alemania Federal en primera ronda; en\u00a0<strong>Inglaterra 1966<\/strong>\u00a0igual\u00f3 0 a 0 con Alemania Federal en\u00a0 la primera ronda y luego cay\u00f3 por 1 a 0 ante los brit\u00e1nicos -en ese mismo certamen ser\u00edan los campeones del mundo- tambi\u00e9n por 1 a 0 en cuartos de final.<\/p>\n<p>En\u00a0<strong>Alemania 1974<\/strong>\u00a0empat\u00f3 1 a 1 con Italia en primera ronda y despu\u00e9s cay\u00f3 2 a 1 ante Brasil en segunda fase; en<strong>\u00a0Argentina 1978<\/strong>\u00a0perdi\u00f3 1 a 0 con los \u00abAzzurros\u00bb en fase de Grupos y empat\u00f3 0 a 0 con el conjunto \u00abVerdeamarelho\u00bb en la segunda ronda.<\/p>\n<p title=\"vlxuaw\" data-ipspy=\"vlxuaw\">En\u00a0<strong>Francia 1998<\/strong>\u00a0fue 2 a 2 con Inglaterra y victoria 4-3 en la definici\u00f3n por penales por los octavos de final; en<strong>\u00a0Corea del Sur-Jap\u00f3n 2002<\/strong>\u00a0fue derrota por 1 a 0 con los brit\u00e1nicos en fase de grupos; en Alemania 2006 ca\u00edda con el anfitri\u00f3n por 4 a 2 en los penales tras igualar 1 a 1, por los cuartos de final; en\u00a0<strong>Sud\u00e1frica 2010<\/strong>\u00a0fue traspi\u00e9 por 4 a 0 ante los \u00abTeutones\u00bb en la misma instancia.<\/p>\n<p>En\u00a0<strong>Brasil 2014\u00a0<\/strong>fue derrota en la final contra los germanos; en\u00a0<strong>Rusia 2018\u00a0<\/strong>perdi\u00f3 por 4 a 3 ante Francia en los octavos de final; y en\u00a0<strong>Qatar 2022\u00a0<\/strong>se impuso a \u00abLes Bleus\u00bb por 4 a 2\u00a0 en la definici\u00f3n por penales, tras igualar 3 a 3 los noventa minutos reglamentarios y el alargue, en la final de la Copa.<\/p>\n<p><a href=\"https:\/\/noticiasargentinas.com\/-agenciana_t6916e70a4551e78eb9423f59\"><strong>Fuente: #AgenciaNA<\/strong><\/a><strong>\u00a0<\/strong><\/p>\n<\/div>\n<\/div>\n<\/div>\n<\/div>\n","protected":false},"excerpt":{"rendered":"<p>Se trata de una serie de resultados negativos obtenidos ante selecciones campeonas del mundo.<\/p>\n","protected":false},"author":3,"featured_media":0,"comment_status":"closed","ping_status":"closed","sticky":false,"template":"","format":"standard","meta":{"footnotes":""},"categories":[27,26],"tags":[],"class_list":["post-129141","post","type-post","status-publish","format-standard","hentry","category-deportes","category-sociedad"],"yoast_head":"<!-- This site is optimized with the Yoast SEO plugin v25.9 - https:\/\/yoast.com\/wordpress\/plugins\/seo\/ -->\n<title>&quot;La maldici\u00f3n de Maradona&quot;: la racha negativa de la Selecci\u00f3n en los Mundiales - Noticias Radio Reflejos<\/title>\n<meta name=\"robots\" content=\"index, follow, max-snippet:-1, max-image-preview:large, max-video-preview:-1\" \/>\n<link rel=\"canonical\" href=\"https:\/\/www.noticiasradioreflejos.com.ar\/2021\/la-maldicion-de-maradona-la-racha-negativa-de-la-seleccion-en-los-mundiales\/\" \/>\n<meta property=\"og:locale\" content=\"es_ES\" \/>\n<meta property=\"og:type\" content=\"article\" \/>\n<meta property=\"og:title\" content=\"&quot;La maldici\u00f3n de Maradona&quot;: la racha negativa de la Selecci\u00f3n en los Mundiales - Noticias Radio Reflejos\" \/>\n<meta property=\"og:description\" content=\"Se trata de una serie de resultados negativos obtenidos ante selecciones campeonas del mundo.\" \/>\n<meta property=\"og:url\" content=\"https:\/\/www.noticiasradioreflejos.com.ar\/2021\/la-maldicion-de-maradona-la-racha-negativa-de-la-seleccion-en-los-mundiales\/\" \/>\n<meta property=\"og:site_name\" content=\"Noticias Radio Reflejos\" \/>\n<meta property=\"article:published_time\" content=\"2025-12-02T10:34:53+00:00\" \/>\n<meta property=\"og:image\" content=\"https:\/\/www.noticiasradioreflejos.com.ar\/2021\/wp-content\/uploads\/2025\/12\/diego-maradona.webp\" \/>\n\t<meta property=\"og:image:width\" content=\"923\" \/>\n\t<meta property=\"og:image:height\" content=\"720\" \/>\n\t<meta property=\"og:image:type\" content=\"image\/webp\" \/>\n<meta name=\"author\" content=\"Arnaldo Botto\" \/>\n<meta name=\"twitter:card\" content=\"summary_large_image\" \/>\n<script type=\"application\/ld+json\" class=\"yoast-schema-graph\">{\"@context\":\"https:\/\/schema.org\",\"@graph\":[{\"@type\":\"WebPage\",\"@id\":\"https:\/\/www.noticiasradioreflejos.com.ar\/2021\/la-maldicion-de-maradona-la-racha-negativa-de-la-seleccion-en-los-mundiales\/\",\"url\":\"https:\/\/www.noticiasradioreflejos.com.ar\/2021\/la-maldicion-de-maradona-la-racha-negativa-de-la-seleccion-en-los-mundiales\/\",\"name\":\"\\\"La maldici\u00f3n de Maradona\\\": la racha negativa de la Selecci\u00f3n en los Mundiales - Noticias Radio Reflejos\",\"isPartOf\":{\"@id\":\"https:\/\/www.noticiasradioreflejos.com.ar\/2021\/#website\"},\"datePublished\":\"2025-12-02T10:34:53+00:00\",\"author\":{\"@id\":\"https:\/\/www.noticiasradioreflejos.com.ar\/2021\/#\/schema\/person\/ad82545263dcc5ec0996818884fd5fb1\"},\"breadcrumb\":{\"@id\":\"https:\/\/www.noticiasradioreflejos.com.ar\/2021\/la-maldicion-de-maradona-la-racha-negativa-de-la-seleccion-en-los-mundiales\/#breadcrumb\"},\"inLanguage\":\"es\",\"potentialAction\":[{\"@type\":\"ReadAction\",\"target\":[\"https:\/\/www.noticiasradioreflejos.com.ar\/2021\/la-maldicion-de-maradona-la-racha-negativa-de-la-seleccion-en-los-mundiales\/\"]}]},{\"@type\":\"BreadcrumbList\",\"@id\":\"https:\/\/www.noticiasradioreflejos.com.ar\/2021\/la-maldicion-de-maradona-la-racha-negativa-de-la-seleccion-en-los-mundiales\/#breadcrumb\",\"itemListElement\":[{\"@type\":\"ListItem\",\"position\":1,\"name\":\"Portada\",\"item\":\"https:\/\/www.noticiasradioreflejos.com.ar\/2021\/\"},{\"@type\":\"ListItem\",\"position\":2,\"name\":\"\u00abLa maldici\u00f3n de Maradona\u00bb: la racha negativa de la Selecci\u00f3n en los Mundiales\"}]},{\"@type\":\"WebSite\",\"@id\":\"https:\/\/www.noticiasradioreflejos.com.ar\/2021\/#website\",\"url\":\"https:\/\/www.noticiasradioreflejos.com.ar\/2021\/\",\"name\":\"Noticias Radio Reflejos\",\"description\":\"Las noticias de mi comarca\",\"potentialAction\":[{\"@type\":\"SearchAction\",\"target\":{\"@type\":\"EntryPoint\",\"urlTemplate\":\"https:\/\/www.noticiasradioreflejos.com.ar\/2021\/?s={search_term_string}\"},\"query-input\":{\"@type\":\"PropertyValueSpecification\",\"valueRequired\":true,\"valueName\":\"search_term_string\"}}],\"inLanguage\":\"es\"},{\"@type\":\"Person\",\"@id\":\"https:\/\/www.noticiasradioreflejos.com.ar\/2021\/#\/schema\/person\/ad82545263dcc5ec0996818884fd5fb1\",\"name\":\"Arnaldo Botto\",\"image\":{\"@type\":\"ImageObject\",\"inLanguage\":\"es\",\"@id\":\"https:\/\/www.noticiasradioreflejos.com.ar\/2021\/#\/schema\/person\/image\/\",\"url\":\"https:\/\/secure.gravatar.com\/avatar\/55cb5e37c1efa326397366e6974cb338056df65cb50e7d64d1cf314e87504837?s=96&d=mm&r=g\",\"contentUrl\":\"https:\/\/secure.gravatar.com\/avatar\/55cb5e37c1efa326397366e6974cb338056df65cb50e7d64d1cf314e87504837?s=96&d=mm&r=g\",\"caption\":\"Arnaldo Botto\"},\"url\":\"https:\/\/www.noticiasradioreflejos.com.ar\/2021\/author\/arnaldo\/\"}]}<\/script>\n<!-- \/ Yoast SEO plugin. -->","yoast_head_json":{"title":"\"La maldici\u00f3n de Maradona\": la racha negativa de la Selecci\u00f3n en los Mundiales - Noticias Radio Reflejos","robots":{"index":"index","follow":"follow","max-snippet":"max-snippet:-1","max-image-preview":"max-image-preview:large","max-video-preview":"max-video-preview:-1"},"canonical":"https:\/\/www.noticiasradioreflejos.com.ar\/2021\/la-maldicion-de-maradona-la-racha-negativa-de-la-seleccion-en-los-mundiales\/","og_locale":"es_ES","og_type":"article","og_title":"\"La maldici\u00f3n de Maradona\": la racha negativa de la Selecci\u00f3n en los Mundiales - Noticias Radio Reflejos","og_description":"Se trata de una serie de resultados negativos obtenidos ante selecciones campeonas del mundo.","og_url":"https:\/\/www.noticiasradioreflejos.com.ar\/2021\/la-maldicion-de-maradona-la-racha-negativa-de-la-seleccion-en-los-mundiales\/","og_site_name":"Noticias Radio Reflejos","article_published_time":"2025-12-02T10:34:53+00:00","og_image":[{"width":923,"height":720,"url":"https:\/\/www.noticiasradioreflejos.com.ar\/2021\/wp-content\/uploads\/2025\/12\/diego-maradona.webp","type":"image\/webp"}],"author":"Arnaldo Botto","twitter_card":"summary_large_image","schema":{"@context":"https:\/\/schema.org","@graph":[{"@type":"WebPage","@id":"https:\/\/www.noticiasradioreflejos.com.ar\/2021\/la-maldicion-de-maradona-la-racha-negativa-de-la-seleccion-en-los-mundiales\/","url":"https:\/\/www.noticiasradioreflejos.com.ar\/2021\/la-maldicion-de-maradona-la-racha-negativa-de-la-seleccion-en-los-mundiales\/","name":"\"La maldici\u00f3n de Maradona\": la racha negativa de la Selecci\u00f3n en los Mundiales - Noticias Radio Reflejos","isPartOf":{"@id":"https:\/\/www.noticiasradioreflejos.com.ar\/2021\/#website"},"datePublished":"2025-12-02T10:34:53+00:00","author":{"@id":"https:\/\/www.noticiasradioreflejos.com.ar\/2021\/#\/schema\/person\/ad82545263dcc5ec0996818884fd5fb1"},"breadcrumb":{"@id":"https:\/\/www.noticiasradioreflejos.com.ar\/2021\/la-maldicion-de-maradona-la-racha-negativa-de-la-seleccion-en-los-mundiales\/#breadcrumb"},"inLanguage":"es","potentialAction":[{"@type":"ReadAction","target":["https:\/\/www.noticiasradioreflejos.com.ar\/2021\/la-maldicion-de-maradona-la-racha-negativa-de-la-seleccion-en-los-mundiales\/"]}]},{"@type":"BreadcrumbList","@id":"https:\/\/www.noticiasradioreflejos.com.ar\/2021\/la-maldicion-de-maradona-la-racha-negativa-de-la-seleccion-en-los-mundiales\/#breadcrumb","itemListElement":[{"@type":"ListItem","position":1,"name":"Portada","item":"https:\/\/www.noticiasradioreflejos.com.ar\/2021\/"},{"@type":"ListItem","position":2,"name":"\u00abLa maldici\u00f3n de Maradona\u00bb: la racha negativa de la Selecci\u00f3n en los Mundiales"}]},{"@type":"WebSite","@id":"https:\/\/www.noticiasradioreflejos.com.ar\/2021\/#website","url":"https:\/\/www.noticiasradioreflejos.com.ar\/2021\/","name":"Noticias Radio Reflejos","description":"Las noticias de mi comarca","potentialAction":[{"@type":"SearchAction","target":{"@type":"EntryPoint","urlTemplate":"https:\/\/www.noticiasradioreflejos.com.ar\/2021\/?s={search_term_string}"},"query-input":{"@type":"PropertyValueSpecification","valueRequired":true,"valueName":"search_term_string"}}],"inLanguage":"es"},{"@type":"Person","@id":"https:\/\/www.noticiasradioreflejos.com.ar\/2021\/#\/schema\/person\/ad82545263dcc5ec0996818884fd5fb1","name":"Arnaldo Botto","image":{"@type":"ImageObject","inLanguage":"es","@id":"https:\/\/www.noticiasradioreflejos.com.ar\/2021\/#\/schema\/person\/image\/","url":"https:\/\/secure.gravatar.com\/avatar\/55cb5e37c1efa326397366e6974cb338056df65cb50e7d64d1cf314e87504837?s=96&d=mm&r=g","contentUrl":"https:\/\/secure.gravatar.com\/avatar\/55cb5e37c1efa326397366e6974cb338056df65cb50e7d64d1cf314e87504837?s=96&d=mm&r=g","caption":"Arnaldo Botto"},"url":"https:\/\/www.noticiasradioreflejos.com.ar\/2021\/author\/arnaldo\/"}]}},"_links":{"self":[{"href":"https:\/\/www.noticiasradioreflejos.com.ar\/2021\/wp-json\/wp\/v2\/posts\/129141","targetHints":{"allow":["GET"]}}],"collection":[{"href":"https:\/\/www.noticiasradioreflejos.com.ar\/2021\/wp-json\/wp\/v2\/posts"}],"about":[{"href":"https:\/\/www.noticiasradioreflejos.com.ar\/2021\/wp-json\/wp\/v2\/types\/post"}],"author":[{"embeddable":true,"href":"https:\/\/www.noticiasradioreflejos.com.ar\/2021\/wp-json\/wp\/v2\/users\/3"}],"replies":[{"embeddable":true,"href":"https:\/\/www.noticiasradioreflejos.com.ar\/2021\/wp-json\/wp\/v2\/comments?post=129141"}],"version-history":[{"count":1,"href":"https:\/\/www.noticiasradioreflejos.com.ar\/2021\/wp-json\/wp\/v2\/posts\/129141\/revisions"}],"predecessor-version":[{"id":129144,"href":"https:\/\/www.noticiasradioreflejos.com.ar\/2021\/wp-json\/wp\/v2\/posts\/129141\/revisions\/129144"}],"wp:attachment":[{"href":"https:\/\/www.noticiasradioreflejos.com.ar\/2021\/wp-json\/wp\/v2\/media?parent=129141"}],"wp:term":[{"taxonomy":"category","embeddable":true,"href":"https:\/\/www.noticiasradioreflejos.com.ar\/2021\/wp-json\/wp\/v2\/categories?post=129141"},{"taxonomy":"post_tag","embeddable":true,"href":"https:\/\/www.noticiasradioreflejos.com.ar\/2021\/wp-json\/wp\/v2\/tags?post=129141"}],"curies":[{"name":"wp","href":"https:\/\/api.w.org\/{rel}","templated":true}]}}