{"id":129138,"date":"2025-12-02T07:30:29","date_gmt":"2025-12-02T10:30:29","guid":{"rendered":"https:\/\/www.noticiasradioreflejos.com.ar\/2021\/?p=129138"},"modified":"2025-12-02T07:46:38","modified_gmt":"2025-12-02T10:46:38","slug":"avanza-la-causa-por-las-fotomultas-indagan-a-donofrio-por-presunta-red-de-coimas-y-negocios-ilegales","status":"publish","type":"post","link":"https:\/\/www.noticiasradioreflejos.com.ar\/2021\/avanza-la-causa-por-las-fotomultas-indagan-a-donofrio-por-presunta-red-de-coimas-y-negocios-ilegales\/","title":{"rendered":"Avanza la causa por las fotomultas: indagan a D\u2019Onofrio por presunta red de coimas y negocios ilegales"},"content":{"rendered":"<p>El exministro bonaerense deber\u00e1 declarar el 15 de diciembre.<!--more--><\/p>\n<div class=\"columns\" data-tadevel-template=\"web\/article-columns\">\n<div class=\"column-main\">\n<figure class=\"multimedia\" data-tadevel-template=\"web\/multimedia\" data-type=\"photo\">\n<div class=\"content\">\n<div class=\"sizer\" data-sizer=\"aspect-ratio\" data-tadevel-template=\"web\/aspect-ratio\"><\/div>\n<\/div>\n<\/figure>\n<div class=\"article-body\" data-tadevel-template=\"web\/article-body\">\n<div class=\"article-body-content\">\n<p>El fiscal \u00c1lvaro Garganta cit\u00f3 a declaraci\u00f3n indagatoria al exministro de Transporte bonaerense, Jorge D\u2019Onofrio, en el marco de la investigaci\u00f3n por\u00a0<strong>graves irregularidades en el sistema de fotomultas y la Verificaci\u00f3n T\u00e9cnica Vehicular (VTV)<\/strong>.<\/p>\n<p>A D\u2019Onofrio, quien integr\u00f3 el gobierno de Axel Kicillof hasta diciembre de 2024, se le imputan los delitos de\u00a0<strong>cohecho y negociaciones incompatibles con la funci\u00f3n p\u00fablica<\/strong>, y deber\u00e1 presentarse ante la Justicia el pr\u00f3ximo\u00a0<strong>15 de diciembre a las 10<\/strong>.<\/p>\n<p>Adem\u00e1s, seg\u00fan pudo averiguar la\u00a0<a href=\"https:\/\/es.wikipedia.org\/wiki\/Noticias_Argentinas\" target=\"_blank\" rel=\"noopener nofollow\">Agencia Noticias Argentinas<\/a>, fueron convocados los empresarios Sebasti\u00e1n Desio, Mart\u00edn Hern\u00e1n Serrano, Germ\u00e1n Rebolo, Leonardo Sclafani, Aitor Reter Aguado, Juan Manuel Funes Bige, Juan Pablo Pesculich y Germ\u00e1n Jorge Neuss, todos vinculados a contrataciones de la VTV.<\/p>\n<p>D\u00edas atr\u00e1s, el Juzgado Federal de Campana hab\u00eda procesado a D\u2019Onofrio y ordenado un embargo sobre sus bienes. La causa se inici\u00f3 el 5 de septiembre de 2024 tras una denuncia que se\u00f1alaba al exministro y a la concejal Pilar Pombo como l\u00edderes de una\u00a0<strong>\u201cestructura criminal con divisi\u00f3n de roles\u201d<\/strong>\u00a0destinada a desviar fondos del sistema de multas bonaerense.<\/p>\n<p title=\"vlxuaw\" data-ipspy=\"vlxuaw\">Seg\u00fan la acusaci\u00f3n, funcionarios bajo su \u00f3rbita actuaron en connivencia con terceros que operaban como \u201cgestores\u201d, ofreciendo a infractores\u00a0<strong>descuentos del 50%<\/strong>\u00a0o la eliminaci\u00f3n de multas a cambio de un pago. Esta maniobra habr\u00eda generado p\u00e9rdidas de entre\u00a0<strong>4 y 10 millones de d\u00f3lares mensuales<\/strong>\u00a0a Secutrans, empresa encargada del sistema de fotomultas.<\/p>\n<p>La investigaci\u00f3n tambi\u00e9n apunta a siete empresas que habr\u00edan sido obligadas a contratar a \u201cSoluciones en Telecomunicaciones y Electr\u00f3nica S.A.\u201d para la asignaci\u00f3n de turnos de la VTV, con una comisi\u00f3n del 8,5% m\u00e1s IVA por operaci\u00f3n. Asimismo, se detectaron presuntas irregularidades en contrataciones con CECAITRA, asociaci\u00f3n civil que administraba ingresos derivados de infracciones captadas por al menos 155 cinem\u00f3metros en municipios como La Matanza, Tigre, Campana, Moreno y Brandsen.<\/p>\n<p>D\u2019Onofrio renunci\u00f3 a su cargo poco despu\u00e9s de que el caso tomara estado p\u00fablico y fue reemplazado por Mart\u00edn Marinucci.<\/p>\n<\/div>\n<\/div>\n<\/div>\n<\/div>\n","protected":false},"excerpt":{"rendered":"<p>El exministro bonaerense deber\u00e1 declarar el 15 de diciembre.<\/p>\n","protected":false},"author":3,"featured_media":0,"comment_status":"closed","ping_status":"closed","sticky":false,"template":"","format":"standard","meta":{"footnotes":""},"categories":[57],"tags":[],"class_list":["post-129138","post","type-post","status-publish","format-standard","hentry","category-judiciales"],"yoast_head":"<!-- This site is optimized with the Yoast SEO plugin v25.9 - https:\/\/yoast.com\/wordpress\/plugins\/seo\/ -->\n<title>Avanza la causa por las fotomultas: indagan a D\u2019Onofrio por presunta red de coimas y negocios ilegales - Noticias Radio Reflejos<\/title>\n<meta name=\"robots\" content=\"index, follow, max-snippet:-1, max-image-preview:large, max-video-preview:-1\" \/>\n<link rel=\"canonical\" href=\"https:\/\/www.noticiasradioreflejos.com.ar\/2021\/avanza-la-causa-por-las-fotomultas-indagan-a-donofrio-por-presunta-red-de-coimas-y-negocios-ilegales\/\" \/>\n<meta property=\"og:locale\" content=\"es_ES\" \/>\n<meta property=\"og:type\" content=\"article\" \/>\n<meta property=\"og:title\" content=\"Avanza la causa por las fotomultas: indagan a D\u2019Onofrio por presunta red de coimas y negocios ilegales - Noticias Radio Reflejos\" \/>\n<meta property=\"og:description\" content=\"El exministro bonaerense deber\u00e1 declarar el 15 de diciembre.\" \/>\n<meta property=\"og:url\" content=\"https:\/\/www.noticiasradioreflejos.com.ar\/2021\/avanza-la-causa-por-las-fotomultas-indagan-a-donofrio-por-presunta-red-de-coimas-y-negocios-ilegales\/\" \/>\n<meta property=\"og:site_name\" content=\"Noticias Radio Reflejos\" \/>\n<meta property=\"article:published_time\" content=\"2025-12-02T10:30:29+00:00\" \/>\n<meta property=\"article:modified_time\" content=\"2025-12-02T10:46:38+00:00\" \/>\n<meta property=\"og:image\" content=\"https:\/\/www.noticiasradioreflejos.com.ar\/2021\/wp-content\/uploads\/2025\/12\/Donofrio.webp\" \/>\n\t<meta property=\"og:image:width\" content=\"640\" \/>\n\t<meta property=\"og:image:height\" content=\"360\" \/>\n\t<meta property=\"og:image:type\" content=\"image\/webp\" \/>\n<meta name=\"author\" content=\"Arnaldo Botto\" \/>\n<meta name=\"twitter:card\" content=\"summary_large_image\" \/>\n<script type=\"application\/ld+json\" class=\"yoast-schema-graph\">{\"@context\":\"https:\/\/schema.org\",\"@graph\":[{\"@type\":\"WebPage\",\"@id\":\"https:\/\/www.noticiasradioreflejos.com.ar\/2021\/avanza-la-causa-por-las-fotomultas-indagan-a-donofrio-por-presunta-red-de-coimas-y-negocios-ilegales\/\",\"url\":\"https:\/\/www.noticiasradioreflejos.com.ar\/2021\/avanza-la-causa-por-las-fotomultas-indagan-a-donofrio-por-presunta-red-de-coimas-y-negocios-ilegales\/\",\"name\":\"Avanza la causa por las fotomultas: indagan a D\u2019Onofrio por presunta red de coimas y negocios ilegales - Noticias Radio Reflejos\",\"isPartOf\":{\"@id\":\"https:\/\/www.noticiasradioreflejos.com.ar\/2021\/#website\"},\"datePublished\":\"2025-12-02T10:30:29+00:00\",\"dateModified\":\"2025-12-02T10:46:38+00:00\",\"author\":{\"@id\":\"https:\/\/www.noticiasradioreflejos.com.ar\/2021\/#\/schema\/person\/ad82545263dcc5ec0996818884fd5fb1\"},\"breadcrumb\":{\"@id\":\"https:\/\/www.noticiasradioreflejos.com.ar\/2021\/avanza-la-causa-por-las-fotomultas-indagan-a-donofrio-por-presunta-red-de-coimas-y-negocios-ilegales\/#breadcrumb\"},\"inLanguage\":\"es\",\"potentialAction\":[{\"@type\":\"ReadAction\",\"target\":[\"https:\/\/www.noticiasradioreflejos.com.ar\/2021\/avanza-la-causa-por-las-fotomultas-indagan-a-donofrio-por-presunta-red-de-coimas-y-negocios-ilegales\/\"]}]},{\"@type\":\"BreadcrumbList\",\"@id\":\"https:\/\/www.noticiasradioreflejos.com.ar\/2021\/avanza-la-causa-por-las-fotomultas-indagan-a-donofrio-por-presunta-red-de-coimas-y-negocios-ilegales\/#breadcrumb\",\"itemListElement\":[{\"@type\":\"ListItem\",\"position\":1,\"name\":\"Portada\",\"item\":\"https:\/\/www.noticiasradioreflejos.com.ar\/2021\/\"},{\"@type\":\"ListItem\",\"position\":2,\"name\":\"Avanza la causa por las fotomultas: indagan a D\u2019Onofrio por presunta red de coimas y negocios ilegales\"}]},{\"@type\":\"WebSite\",\"@id\":\"https:\/\/www.noticiasradioreflejos.com.ar\/2021\/#website\",\"url\":\"https:\/\/www.noticiasradioreflejos.com.ar\/2021\/\",\"name\":\"Noticias Radio Reflejos\",\"description\":\"Las noticias de mi comarca\",\"potentialAction\":[{\"@type\":\"SearchAction\",\"target\":{\"@type\":\"EntryPoint\",\"urlTemplate\":\"https:\/\/www.noticiasradioreflejos.com.ar\/2021\/?s={search_term_string}\"},\"query-input\":{\"@type\":\"PropertyValueSpecification\",\"valueRequired\":true,\"valueName\":\"search_term_string\"}}],\"inLanguage\":\"es\"},{\"@type\":\"Person\",\"@id\":\"https:\/\/www.noticiasradioreflejos.com.ar\/2021\/#\/schema\/person\/ad82545263dcc5ec0996818884fd5fb1\",\"name\":\"Arnaldo Botto\",\"image\":{\"@type\":\"ImageObject\",\"inLanguage\":\"es\",\"@id\":\"https:\/\/www.noticiasradioreflejos.com.ar\/2021\/#\/schema\/person\/image\/\",\"url\":\"https:\/\/secure.gravatar.com\/avatar\/55cb5e37c1efa326397366e6974cb338056df65cb50e7d64d1cf314e87504837?s=96&d=mm&r=g\",\"contentUrl\":\"https:\/\/secure.gravatar.com\/avatar\/55cb5e37c1efa326397366e6974cb338056df65cb50e7d64d1cf314e87504837?s=96&d=mm&r=g\",\"caption\":\"Arnaldo Botto\"},\"url\":\"https:\/\/www.noticiasradioreflejos.com.ar\/2021\/author\/arnaldo\/\"}]}<\/script>\n<!-- \/ Yoast SEO plugin. -->","yoast_head_json":{"title":"Avanza la causa por las fotomultas: indagan a D\u2019Onofrio por presunta red de coimas y negocios ilegales - Noticias Radio Reflejos","robots":{"index":"index","follow":"follow","max-snippet":"max-snippet:-1","max-image-preview":"max-image-preview:large","max-video-preview":"max-video-preview:-1"},"canonical":"https:\/\/www.noticiasradioreflejos.com.ar\/2021\/avanza-la-causa-por-las-fotomultas-indagan-a-donofrio-por-presunta-red-de-coimas-y-negocios-ilegales\/","og_locale":"es_ES","og_type":"article","og_title":"Avanza la causa por las fotomultas: indagan a D\u2019Onofrio por presunta red de coimas y negocios ilegales - Noticias Radio Reflejos","og_description":"El exministro bonaerense deber\u00e1 declarar el 15 de diciembre.","og_url":"https:\/\/www.noticiasradioreflejos.com.ar\/2021\/avanza-la-causa-por-las-fotomultas-indagan-a-donofrio-por-presunta-red-de-coimas-y-negocios-ilegales\/","og_site_name":"Noticias Radio Reflejos","article_published_time":"2025-12-02T10:30:29+00:00","article_modified_time":"2025-12-02T10:46:38+00:00","og_image":[{"width":640,"height":360,"url":"https:\/\/www.noticiasradioreflejos.com.ar\/2021\/wp-content\/uploads\/2025\/12\/Donofrio.webp","type":"image\/webp"}],"author":"Arnaldo Botto","twitter_card":"summary_large_image","schema":{"@context":"https:\/\/schema.org","@graph":[{"@type":"WebPage","@id":"https:\/\/www.noticiasradioreflejos.com.ar\/2021\/avanza-la-causa-por-las-fotomultas-indagan-a-donofrio-por-presunta-red-de-coimas-y-negocios-ilegales\/","url":"https:\/\/www.noticiasradioreflejos.com.ar\/2021\/avanza-la-causa-por-las-fotomultas-indagan-a-donofrio-por-presunta-red-de-coimas-y-negocios-ilegales\/","name":"Avanza la causa por las fotomultas: indagan a D\u2019Onofrio por presunta red de coimas y negocios ilegales - Noticias Radio Reflejos","isPartOf":{"@id":"https:\/\/www.noticiasradioreflejos.com.ar\/2021\/#website"},"datePublished":"2025-12-02T10:30:29+00:00","dateModified":"2025-12-02T10:46:38+00:00","author":{"@id":"https:\/\/www.noticiasradioreflejos.com.ar\/2021\/#\/schema\/person\/ad82545263dcc5ec0996818884fd5fb1"},"breadcrumb":{"@id":"https:\/\/www.noticiasradioreflejos.com.ar\/2021\/avanza-la-causa-por-las-fotomultas-indagan-a-donofrio-por-presunta-red-de-coimas-y-negocios-ilegales\/#breadcrumb"},"inLanguage":"es","potentialAction":[{"@type":"ReadAction","target":["https:\/\/www.noticiasradioreflejos.com.ar\/2021\/avanza-la-causa-por-las-fotomultas-indagan-a-donofrio-por-presunta-red-de-coimas-y-negocios-ilegales\/"]}]},{"@type":"BreadcrumbList","@id":"https:\/\/www.noticiasradioreflejos.com.ar\/2021\/avanza-la-causa-por-las-fotomultas-indagan-a-donofrio-por-presunta-red-de-coimas-y-negocios-ilegales\/#breadcrumb","itemListElement":[{"@type":"ListItem","position":1,"name":"Portada","item":"https:\/\/www.noticiasradioreflejos.com.ar\/2021\/"},{"@type":"ListItem","position":2,"name":"Avanza la causa por las fotomultas: indagan a D\u2019Onofrio por presunta red de coimas y negocios ilegales"}]},{"@type":"WebSite","@id":"https:\/\/www.noticiasradioreflejos.com.ar\/2021\/#website","url":"https:\/\/www.noticiasradioreflejos.com.ar\/2021\/","name":"Noticias Radio Reflejos","description":"Las noticias de mi comarca","potentialAction":[{"@type":"SearchAction","target":{"@type":"EntryPoint","urlTemplate":"https:\/\/www.noticiasradioreflejos.com.ar\/2021\/?s={search_term_string}"},"query-input":{"@type":"PropertyValueSpecification","valueRequired":true,"valueName":"search_term_string"}}],"inLanguage":"es"},{"@type":"Person","@id":"https:\/\/www.noticiasradioreflejos.com.ar\/2021\/#\/schema\/person\/ad82545263dcc5ec0996818884fd5fb1","name":"Arnaldo Botto","image":{"@type":"ImageObject","inLanguage":"es","@id":"https:\/\/www.noticiasradioreflejos.com.ar\/2021\/#\/schema\/person\/image\/","url":"https:\/\/secure.gravatar.com\/avatar\/55cb5e37c1efa326397366e6974cb338056df65cb50e7d64d1cf314e87504837?s=96&d=mm&r=g","contentUrl":"https:\/\/secure.gravatar.com\/avatar\/55cb5e37c1efa326397366e6974cb338056df65cb50e7d64d1cf314e87504837?s=96&d=mm&r=g","caption":"Arnaldo Botto"},"url":"https:\/\/www.noticiasradioreflejos.com.ar\/2021\/author\/arnaldo\/"}]}},"_links":{"self":[{"href":"https:\/\/www.noticiasradioreflejos.com.ar\/2021\/wp-json\/wp\/v2\/posts\/129138","targetHints":{"allow":["GET"]}}],"collection":[{"href":"https:\/\/www.noticiasradioreflejos.com.ar\/2021\/wp-json\/wp\/v2\/posts"}],"about":[{"href":"https:\/\/www.noticiasradioreflejos.com.ar\/2021\/wp-json\/wp\/v2\/types\/post"}],"author":[{"embeddable":true,"href":"https:\/\/www.noticiasradioreflejos.com.ar\/2021\/wp-json\/wp\/v2\/users\/3"}],"replies":[{"embeddable":true,"href":"https:\/\/www.noticiasradioreflejos.com.ar\/2021\/wp-json\/wp\/v2\/comments?post=129138"}],"version-history":[{"count":2,"href":"https:\/\/www.noticiasradioreflejos.com.ar\/2021\/wp-json\/wp\/v2\/posts\/129138\/revisions"}],"predecessor-version":[{"id":129142,"href":"https:\/\/www.noticiasradioreflejos.com.ar\/2021\/wp-json\/wp\/v2\/posts\/129138\/revisions\/129142"}],"wp:attachment":[{"href":"https:\/\/www.noticiasradioreflejos.com.ar\/2021\/wp-json\/wp\/v2\/media?parent=129138"}],"wp:term":[{"taxonomy":"category","embeddable":true,"href":"https:\/\/www.noticiasradioreflejos.com.ar\/2021\/wp-json\/wp\/v2\/categories?post=129138"},{"taxonomy":"post_tag","embeddable":true,"href":"https:\/\/www.noticiasradioreflejos.com.ar\/2021\/wp-json\/wp\/v2\/tags?post=129138"}],"curies":[{"name":"wp","href":"https:\/\/api.w.org\/{rel}","templated":true}]}}