{"id":129135,"date":"2025-12-02T07:27:12","date_gmt":"2025-12-02T10:27:12","guid":{"rendered":"https:\/\/www.noticiasradioreflejos.com.ar\/2021\/?p=129135"},"modified":"2025-12-02T07:27:12","modified_gmt":"2025-12-02T10:27:12","slug":"dia-internacional-de-la-abolicion-de-la-esclavitud-por-que-se-conmemora-el-2-de-diciembre","status":"publish","type":"post","link":"https:\/\/www.noticiasradioreflejos.com.ar\/2021\/dia-internacional-de-la-abolicion-de-la-esclavitud-por-que-se-conmemora-el-2-de-diciembre\/","title":{"rendered":"D\u00eda Internacional de la Abolici\u00f3n de la Esclavitud: \u00bfpor qu\u00e9 se conmemora el 2 de diciembre?"},"content":{"rendered":"<p>Para reforzar el compromiso impulsado por la Resoluci\u00f3n de Naciones Unidas de 1949, el equipo de trabajo sobre Esclavitud de la ONU recomend\u00f3 en 1985 que el 2 de diciembre fuera proclamado \u201cD\u00eda Mundial para la Abolici\u00f3n de la Esclavitud\u201d en todas sus formas.<!--more--><\/p>\n<p>Cada\u00a0<strong>2 de diciembre<\/strong>\u00a0se conmemora el\u00a0<strong>D\u00eda Internacional de la Abolici\u00f3n de la Esclavitud<\/strong>, para conmemorar la fecha exacta en que la\u00a0Asamblea General de la ONU\u00a0firmase el\u00a0Convenio para la represi\u00f3n de la trata de personas y de la explotaci\u00f3n de la prostituci\u00f3n ajena.<\/p>\n<aside class=\"know-more know-more--with-image\">No obstante, esta organizaci\u00f3n, a\u00fan hoy en d\u00eda, sigue luchando contra las formas modernas de esclavitud, que no se han podido erradicar en el mundo.<\/p>\n<\/aside>\n<h2 class=\"article-text\">\u00bfQu\u00e9 son las formas modernas de esclavitud?<\/h2>\n<p class=\"article-text\">En palabras sencillas, se trata de aprovecharse de las necesidades econ\u00f3micas de las personas, para hacerles firmar un contrato del cual nunca podr\u00e1n liberarse, debido a que todas las condiciones les obligan \u201clegalmente\u201d a seguir realizando esa actividad sin ganar nunca su libertad.<\/p>\n<p class=\"article-text\">Obviamente, este tipo de contratos no son para nada legales,\u00a0porque aunque se encuentren redactados seg\u00fan los est\u00e1ndares comerciales de un pa\u00eds, violan derechos humanos que est\u00e1n por encima de cualquier forma contractual, lo que deja sin vigor este tipo de v\u00ednculo laboral.<\/p>\n<p class=\"article-text\">Pero, para la mayor\u00eda de las personas que aceptan estos convenios y terminan atrapadas en una pesadilla que pareciera no tener fin, el temor a ser descubiertos (en caso de\u00a0inmigrantes ilegales), el temor a que da\u00f1en a sus familias (extorsi\u00f3n) o simplemente el temor a no recibir la recompensa prometida, los hace mantenerse en el lugar y no luchar por su libertad.<\/p>\n<h2 class=\"article-text\">Tipos de esclavitud presentes hoy en d\u00eda<\/h2>\n<p class=\"article-text\">Entre las formas m\u00e1s comunes de esclavitud moderna se encuentran:<\/p>\n<div id=\"container-after-news-outlook\"><\/div>\n<div class=\"list\">\n<ul>\n<li><strong>Trabajo forzoso:\u00a0<\/strong>Aunque en un principio las palabras \u201ctrabajo forzoso\u201d, nos pueden recordar a un tipo de castigo en el sistema penitenciario de algunos pa\u00edses, en realidad, muchas personas en el mundo son v\u00edctimas de este tipo de ardid laboral. Es m\u00e1s, se estima que en\u00a0el a\u00f1o 2016 aproximadamente 25 millones de personas trabajaron en alg\u00fan momento de manera forzada, bien sea en el \u00e1mbito de la construcci\u00f3n, del empleo dom\u00e9stico o en la producci\u00f3n industrial, adem\u00e1s de personas que son explotadas sexualmente y los trabajos forzados impuestos por el Estado.<\/li>\n<li><strong>Matrimonios forzados:\u00a0<\/strong>En Asia ocurre mucho que las familias venden a sus hijas a cambio de una dote cuantiosa, sin importar si esta joven desea o no casarse. Pero tambi\u00e9n, algunas culturas del mundo permiten el matrimonio de hombres con ni\u00f1as, lo cual es otro tipo de esclavitud,\u00a0porque estas peque\u00f1as deber\u00e1n a pasar a formar parte de su propia familia y se espera de ellas un conjunto de acciones no aptas para su edad y nivel mental.<\/li>\n<li><strong>Trabajo infantil:<\/strong>\u00a0No importa si esto se da por condiciones de necesidad dentro de una familia o por medio de la trata de blancas para la esclavitud moderna, lo cierto es que\u00a0emplear a un ni\u00f1o para exigirle una jornada mayor a un adulto y pagarle menos o simplemente no pagarle en absoluto, es una de las formas de esclavitud modernas m\u00e1s extendidas en la actualidad.<\/li>\n<\/ul>\n<\/div>\n<h2 class=\"article-text\">50 pa\u00edses para la libertad<\/h2>\n<p class=\"article-text\">En 2021, se alcanz\u00f3 el objetivo inicial de que 50 pa\u00edses ratificaran el Protocolo sobre Trabajo Forzoso. Pero la lucha no termina aqu\u00ed. Se sigue trabajando para conseguir que m\u00e1s pa\u00edses se unan para terminar con la esclavitud moderna.<\/p>\n<p>&nbsp;<\/p>\n<p class=\"article-text\"><strong><em>NB &#8211; elDiarioAR<\/em><\/strong><\/p>\n","protected":false},"excerpt":{"rendered":"<p>Para reforzar el compromiso impulsado por la Resoluci\u00f3n de Naciones Unidas de 1949, el equipo de trabajo sobre Esclavitud de la ONU recomend\u00f3 en 1985 que el 2 de diciembre fuera proclamado \u201cD\u00eda Mundial para la Abolici\u00f3n de la Esclavitud\u201d en todas sus formas.<\/p>\n","protected":false},"author":3,"featured_media":129136,"comment_status":"closed","ping_status":"closed","sticky":false,"template":"","format":"standard","meta":{"footnotes":""},"categories":[26],"tags":[],"class_list":["post-129135","post","type-post","status-publish","format-standard","has-post-thumbnail","hentry","category-sociedad"],"yoast_head":"<!-- This site is optimized with the Yoast SEO plugin v25.9 - https:\/\/yoast.com\/wordpress\/plugins\/seo\/ -->\n<title>D\u00eda Internacional de la Abolici\u00f3n de la Esclavitud: \u00bfpor qu\u00e9 se conmemora el 2 de diciembre? - Noticias Radio Reflejos<\/title>\n<meta name=\"robots\" content=\"index, follow, max-snippet:-1, max-image-preview:large, max-video-preview:-1\" \/>\n<link rel=\"canonical\" href=\"https:\/\/www.noticiasradioreflejos.com.ar\/2021\/dia-internacional-de-la-abolicion-de-la-esclavitud-por-que-se-conmemora-el-2-de-diciembre\/\" \/>\n<meta property=\"og:locale\" content=\"es_ES\" \/>\n<meta property=\"og:type\" content=\"article\" \/>\n<meta property=\"og:title\" content=\"D\u00eda Internacional de la Abolici\u00f3n de la Esclavitud: \u00bfpor qu\u00e9 se conmemora el 2 de diciembre? - Noticias Radio Reflejos\" \/>\n<meta property=\"og:description\" content=\"Para reforzar el compromiso impulsado por la Resoluci\u00f3n de Naciones Unidas de 1949, el equipo de trabajo sobre Esclavitud de la ONU recomend\u00f3 en 1985 que el 2 de diciembre fuera proclamado \u201cD\u00eda Mundial para la Abolici\u00f3n de la Esclavitud\u201d en todas sus formas.\" \/>\n<meta property=\"og:url\" content=\"https:\/\/www.noticiasradioreflejos.com.ar\/2021\/dia-internacional-de-la-abolicion-de-la-esclavitud-por-que-se-conmemora-el-2-de-diciembre\/\" \/>\n<meta property=\"og:site_name\" content=\"Noticias Radio Reflejos\" \/>\n<meta property=\"article:published_time\" content=\"2025-12-02T10:27:12+00:00\" \/>\n<meta property=\"og:image\" content=\"https:\/\/www.noticiasradioreflejos.com.ar\/2021\/wp-content\/uploads\/2025\/12\/libre-exclavitud.webp\" \/>\n\t<meta property=\"og:image:width\" content=\"1200\" \/>\n\t<meta property=\"og:image:height\" content=\"675\" \/>\n\t<meta property=\"og:image:type\" content=\"image\/webp\" \/>\n<meta name=\"author\" content=\"Arnaldo Botto\" \/>\n<meta name=\"twitter:card\" content=\"summary_large_image\" \/>\n<script type=\"application\/ld+json\" class=\"yoast-schema-graph\">{\"@context\":\"https:\/\/schema.org\",\"@graph\":[{\"@type\":\"WebPage\",\"@id\":\"https:\/\/www.noticiasradioreflejos.com.ar\/2021\/dia-internacional-de-la-abolicion-de-la-esclavitud-por-que-se-conmemora-el-2-de-diciembre\/\",\"url\":\"https:\/\/www.noticiasradioreflejos.com.ar\/2021\/dia-internacional-de-la-abolicion-de-la-esclavitud-por-que-se-conmemora-el-2-de-diciembre\/\",\"name\":\"D\u00eda Internacional de la Abolici\u00f3n de la Esclavitud: \u00bfpor qu\u00e9 se conmemora el 2 de diciembre? - Noticias Radio Reflejos\",\"isPartOf\":{\"@id\":\"https:\/\/www.noticiasradioreflejos.com.ar\/2021\/#website\"},\"primaryImageOfPage\":{\"@id\":\"https:\/\/www.noticiasradioreflejos.com.ar\/2021\/dia-internacional-de-la-abolicion-de-la-esclavitud-por-que-se-conmemora-el-2-de-diciembre\/#primaryimage\"},\"image\":{\"@id\":\"https:\/\/www.noticiasradioreflejos.com.ar\/2021\/dia-internacional-de-la-abolicion-de-la-esclavitud-por-que-se-conmemora-el-2-de-diciembre\/#primaryimage\"},\"thumbnailUrl\":\"https:\/\/www.noticiasradioreflejos.com.ar\/2021\/wp-content\/uploads\/2025\/12\/libre-exclavitud.webp\",\"datePublished\":\"2025-12-02T10:27:12+00:00\",\"author\":{\"@id\":\"https:\/\/www.noticiasradioreflejos.com.ar\/2021\/#\/schema\/person\/ad82545263dcc5ec0996818884fd5fb1\"},\"breadcrumb\":{\"@id\":\"https:\/\/www.noticiasradioreflejos.com.ar\/2021\/dia-internacional-de-la-abolicion-de-la-esclavitud-por-que-se-conmemora-el-2-de-diciembre\/#breadcrumb\"},\"inLanguage\":\"es\",\"potentialAction\":[{\"@type\":\"ReadAction\",\"target\":[\"https:\/\/www.noticiasradioreflejos.com.ar\/2021\/dia-internacional-de-la-abolicion-de-la-esclavitud-por-que-se-conmemora-el-2-de-diciembre\/\"]}]},{\"@type\":\"ImageObject\",\"inLanguage\":\"es\",\"@id\":\"https:\/\/www.noticiasradioreflejos.com.ar\/2021\/dia-internacional-de-la-abolicion-de-la-esclavitud-por-que-se-conmemora-el-2-de-diciembre\/#primaryimage\",\"url\":\"https:\/\/www.noticiasradioreflejos.com.ar\/2021\/wp-content\/uploads\/2025\/12\/libre-exclavitud.webp\",\"contentUrl\":\"https:\/\/www.noticiasradioreflejos.com.ar\/2021\/wp-content\/uploads\/2025\/12\/libre-exclavitud.webp\",\"width\":1200,\"height\":675},{\"@type\":\"BreadcrumbList\",\"@id\":\"https:\/\/www.noticiasradioreflejos.com.ar\/2021\/dia-internacional-de-la-abolicion-de-la-esclavitud-por-que-se-conmemora-el-2-de-diciembre\/#breadcrumb\",\"itemListElement\":[{\"@type\":\"ListItem\",\"position\":1,\"name\":\"Portada\",\"item\":\"https:\/\/www.noticiasradioreflejos.com.ar\/2021\/\"},{\"@type\":\"ListItem\",\"position\":2,\"name\":\"D\u00eda Internacional de la Abolici\u00f3n de la Esclavitud: \u00bfpor qu\u00e9 se conmemora el 2 de diciembre?\"}]},{\"@type\":\"WebSite\",\"@id\":\"https:\/\/www.noticiasradioreflejos.com.ar\/2021\/#website\",\"url\":\"https:\/\/www.noticiasradioreflejos.com.ar\/2021\/\",\"name\":\"Noticias Radio Reflejos\",\"description\":\"Las noticias de mi comarca\",\"potentialAction\":[{\"@type\":\"SearchAction\",\"target\":{\"@type\":\"EntryPoint\",\"urlTemplate\":\"https:\/\/www.noticiasradioreflejos.com.ar\/2021\/?s={search_term_string}\"},\"query-input\":{\"@type\":\"PropertyValueSpecification\",\"valueRequired\":true,\"valueName\":\"search_term_string\"}}],\"inLanguage\":\"es\"},{\"@type\":\"Person\",\"@id\":\"https:\/\/www.noticiasradioreflejos.com.ar\/2021\/#\/schema\/person\/ad82545263dcc5ec0996818884fd5fb1\",\"name\":\"Arnaldo Botto\",\"image\":{\"@type\":\"ImageObject\",\"inLanguage\":\"es\",\"@id\":\"https:\/\/www.noticiasradioreflejos.com.ar\/2021\/#\/schema\/person\/image\/\",\"url\":\"https:\/\/secure.gravatar.com\/avatar\/55cb5e37c1efa326397366e6974cb338056df65cb50e7d64d1cf314e87504837?s=96&d=mm&r=g\",\"contentUrl\":\"https:\/\/secure.gravatar.com\/avatar\/55cb5e37c1efa326397366e6974cb338056df65cb50e7d64d1cf314e87504837?s=96&d=mm&r=g\",\"caption\":\"Arnaldo Botto\"},\"url\":\"https:\/\/www.noticiasradioreflejos.com.ar\/2021\/author\/arnaldo\/\"}]}<\/script>\n<!-- \/ Yoast SEO plugin. -->","yoast_head_json":{"title":"D\u00eda Internacional de la Abolici\u00f3n de la Esclavitud: \u00bfpor qu\u00e9 se conmemora el 2 de diciembre? - Noticias Radio Reflejos","robots":{"index":"index","follow":"follow","max-snippet":"max-snippet:-1","max-image-preview":"max-image-preview:large","max-video-preview":"max-video-preview:-1"},"canonical":"https:\/\/www.noticiasradioreflejos.com.ar\/2021\/dia-internacional-de-la-abolicion-de-la-esclavitud-por-que-se-conmemora-el-2-de-diciembre\/","og_locale":"es_ES","og_type":"article","og_title":"D\u00eda Internacional de la Abolici\u00f3n de la Esclavitud: \u00bfpor qu\u00e9 se conmemora el 2 de diciembre? - Noticias Radio Reflejos","og_description":"Para reforzar el compromiso impulsado por la Resoluci\u00f3n de Naciones Unidas de 1949, el equipo de trabajo sobre Esclavitud de la ONU recomend\u00f3 en 1985 que el 2 de diciembre fuera proclamado \u201cD\u00eda Mundial para la Abolici\u00f3n de la Esclavitud\u201d en todas sus formas.","og_url":"https:\/\/www.noticiasradioreflejos.com.ar\/2021\/dia-internacional-de-la-abolicion-de-la-esclavitud-por-que-se-conmemora-el-2-de-diciembre\/","og_site_name":"Noticias Radio Reflejos","article_published_time":"2025-12-02T10:27:12+00:00","og_image":[{"width":1200,"height":675,"url":"https:\/\/www.noticiasradioreflejos.com.ar\/2021\/wp-content\/uploads\/2025\/12\/libre-exclavitud.webp","type":"image\/webp"}],"author":"Arnaldo Botto","twitter_card":"summary_large_image","schema":{"@context":"https:\/\/schema.org","@graph":[{"@type":"WebPage","@id":"https:\/\/www.noticiasradioreflejos.com.ar\/2021\/dia-internacional-de-la-abolicion-de-la-esclavitud-por-que-se-conmemora-el-2-de-diciembre\/","url":"https:\/\/www.noticiasradioreflejos.com.ar\/2021\/dia-internacional-de-la-abolicion-de-la-esclavitud-por-que-se-conmemora-el-2-de-diciembre\/","name":"D\u00eda Internacional de la Abolici\u00f3n de la Esclavitud: \u00bfpor qu\u00e9 se conmemora el 2 de diciembre? - Noticias Radio Reflejos","isPartOf":{"@id":"https:\/\/www.noticiasradioreflejos.com.ar\/2021\/#website"},"primaryImageOfPage":{"@id":"https:\/\/www.noticiasradioreflejos.com.ar\/2021\/dia-internacional-de-la-abolicion-de-la-esclavitud-por-que-se-conmemora-el-2-de-diciembre\/#primaryimage"},"image":{"@id":"https:\/\/www.noticiasradioreflejos.com.ar\/2021\/dia-internacional-de-la-abolicion-de-la-esclavitud-por-que-se-conmemora-el-2-de-diciembre\/#primaryimage"},"thumbnailUrl":"https:\/\/www.noticiasradioreflejos.com.ar\/2021\/wp-content\/uploads\/2025\/12\/libre-exclavitud.webp","datePublished":"2025-12-02T10:27:12+00:00","author":{"@id":"https:\/\/www.noticiasradioreflejos.com.ar\/2021\/#\/schema\/person\/ad82545263dcc5ec0996818884fd5fb1"},"breadcrumb":{"@id":"https:\/\/www.noticiasradioreflejos.com.ar\/2021\/dia-internacional-de-la-abolicion-de-la-esclavitud-por-que-se-conmemora-el-2-de-diciembre\/#breadcrumb"},"inLanguage":"es","potentialAction":[{"@type":"ReadAction","target":["https:\/\/www.noticiasradioreflejos.com.ar\/2021\/dia-internacional-de-la-abolicion-de-la-esclavitud-por-que-se-conmemora-el-2-de-diciembre\/"]}]},{"@type":"ImageObject","inLanguage":"es","@id":"https:\/\/www.noticiasradioreflejos.com.ar\/2021\/dia-internacional-de-la-abolicion-de-la-esclavitud-por-que-se-conmemora-el-2-de-diciembre\/#primaryimage","url":"https:\/\/www.noticiasradioreflejos.com.ar\/2021\/wp-content\/uploads\/2025\/12\/libre-exclavitud.webp","contentUrl":"https:\/\/www.noticiasradioreflejos.com.ar\/2021\/wp-content\/uploads\/2025\/12\/libre-exclavitud.webp","width":1200,"height":675},{"@type":"BreadcrumbList","@id":"https:\/\/www.noticiasradioreflejos.com.ar\/2021\/dia-internacional-de-la-abolicion-de-la-esclavitud-por-que-se-conmemora-el-2-de-diciembre\/#breadcrumb","itemListElement":[{"@type":"ListItem","position":1,"name":"Portada","item":"https:\/\/www.noticiasradioreflejos.com.ar\/2021\/"},{"@type":"ListItem","position":2,"name":"D\u00eda Internacional de la Abolici\u00f3n de la Esclavitud: \u00bfpor qu\u00e9 se conmemora el 2 de diciembre?"}]},{"@type":"WebSite","@id":"https:\/\/www.noticiasradioreflejos.com.ar\/2021\/#website","url":"https:\/\/www.noticiasradioreflejos.com.ar\/2021\/","name":"Noticias Radio Reflejos","description":"Las noticias de mi comarca","potentialAction":[{"@type":"SearchAction","target":{"@type":"EntryPoint","urlTemplate":"https:\/\/www.noticiasradioreflejos.com.ar\/2021\/?s={search_term_string}"},"query-input":{"@type":"PropertyValueSpecification","valueRequired":true,"valueName":"search_term_string"}}],"inLanguage":"es"},{"@type":"Person","@id":"https:\/\/www.noticiasradioreflejos.com.ar\/2021\/#\/schema\/person\/ad82545263dcc5ec0996818884fd5fb1","name":"Arnaldo Botto","image":{"@type":"ImageObject","inLanguage":"es","@id":"https:\/\/www.noticiasradioreflejos.com.ar\/2021\/#\/schema\/person\/image\/","url":"https:\/\/secure.gravatar.com\/avatar\/55cb5e37c1efa326397366e6974cb338056df65cb50e7d64d1cf314e87504837?s=96&d=mm&r=g","contentUrl":"https:\/\/secure.gravatar.com\/avatar\/55cb5e37c1efa326397366e6974cb338056df65cb50e7d64d1cf314e87504837?s=96&d=mm&r=g","caption":"Arnaldo Botto"},"url":"https:\/\/www.noticiasradioreflejos.com.ar\/2021\/author\/arnaldo\/"}]}},"_links":{"self":[{"href":"https:\/\/www.noticiasradioreflejos.com.ar\/2021\/wp-json\/wp\/v2\/posts\/129135","targetHints":{"allow":["GET"]}}],"collection":[{"href":"https:\/\/www.noticiasradioreflejos.com.ar\/2021\/wp-json\/wp\/v2\/posts"}],"about":[{"href":"https:\/\/www.noticiasradioreflejos.com.ar\/2021\/wp-json\/wp\/v2\/types\/post"}],"author":[{"embeddable":true,"href":"https:\/\/www.noticiasradioreflejos.com.ar\/2021\/wp-json\/wp\/v2\/users\/3"}],"replies":[{"embeddable":true,"href":"https:\/\/www.noticiasradioreflejos.com.ar\/2021\/wp-json\/wp\/v2\/comments?post=129135"}],"version-history":[{"count":1,"href":"https:\/\/www.noticiasradioreflejos.com.ar\/2021\/wp-json\/wp\/v2\/posts\/129135\/revisions"}],"predecessor-version":[{"id":129137,"href":"https:\/\/www.noticiasradioreflejos.com.ar\/2021\/wp-json\/wp\/v2\/posts\/129135\/revisions\/129137"}],"wp:featuredmedia":[{"embeddable":true,"href":"https:\/\/www.noticiasradioreflejos.com.ar\/2021\/wp-json\/wp\/v2\/media\/129136"}],"wp:attachment":[{"href":"https:\/\/www.noticiasradioreflejos.com.ar\/2021\/wp-json\/wp\/v2\/media?parent=129135"}],"wp:term":[{"taxonomy":"category","embeddable":true,"href":"https:\/\/www.noticiasradioreflejos.com.ar\/2021\/wp-json\/wp\/v2\/categories?post=129135"},{"taxonomy":"post_tag","embeddable":true,"href":"https:\/\/www.noticiasradioreflejos.com.ar\/2021\/wp-json\/wp\/v2\/tags?post=129135"}],"curies":[{"name":"wp","href":"https:\/\/api.w.org\/{rel}","templated":true}]}}