{"id":129132,"date":"2025-12-02T07:23:33","date_gmt":"2025-12-02T10:23:33","guid":{"rendered":"https:\/\/www.noticiasradioreflejos.com.ar\/2021\/?p=129132"},"modified":"2025-12-02T07:23:33","modified_gmt":"2025-12-02T10:23:33","slug":"kicillof-pidio-aprobar-el-endeudamiento-y-denuncio-un-asedio-financiero-a-buenos-aires","status":"publish","type":"post","link":"https:\/\/www.noticiasradioreflejos.com.ar\/2021\/kicillof-pidio-aprobar-el-endeudamiento-y-denuncio-un-asedio-financiero-a-buenos-aires\/","title":{"rendered":"Kicillof pidi\u00f3 aprobar el endeudamiento y denunci\u00f3 un \u201casedio financiero\u201d a Buenos Aires"},"content":{"rendered":"<p>El gobernador reclam\u00f3 herramientas para afrontar la recesi\u00f3n y cuestion\u00f3 la quita de fondos nacionales. Anunci\u00f3 un refuerzo para los 135 municipios y pidi\u00f3 a la Legislatura avanzar con la ley de financiamiento.<!--more--><\/p>\n<p>El gobernador bonaerense <strong>Axel Kicillof<\/strong>\u00a0reiter\u00f3 este lunes su pedido de aval legislativo a la ley de financiamiento provincial y advirti\u00f3 que Buenos Aires enfrenta \u201cuna situaci\u00f3n excepcional\u201d marcada por la ca\u00edda de la actividad y el recorte de recursos nacionales. En una conferencia de prensa en el\u00a0<strong>Sal\u00f3n Dorado de la Casa de Gobierno<\/strong>, acompa\u00f1ado por la vicegobernadora\u00a0<strong>Ver\u00f3nica Magario<\/strong>, sostuvo que la provincia \u201cnecesita herramientas claras para transitar este tiempo sin desproteger a nuestro pueblo\u201d.<\/p>\n<div class=\"partner-wrapper article-page__body-row\">\n<div class=\"second-col\">\n<p class=\"article-text\">Kicillof denunci\u00f3 un\u00a0<strong>\u201casedio financiero\u201d<\/strong>\u00a0que, seg\u00fan afirm\u00f3, afecta a todas las provincias debido a la retracci\u00f3n de partidas autom\u00e1ticas y fondos espec\u00edficos vinculados a\u00a0<strong>seguridad, transporte, cajas previsionales e incentivo docente<\/strong>. Asegur\u00f3 que la deuda que reclama Buenos Aires al Gobierno nacional asciende a\u00a0<strong>13 billones de pesos<\/strong>, cifra que atribuy\u00f3 al \u201cincumplimiento de obligaciones legales\u201d por parte de la administraci\u00f3n de\u00a0<strong>Javier Milei<\/strong>. Tambi\u00e9n se\u00f1al\u00f3 una ca\u00edda en la recaudaci\u00f3n provincial de\u00a0<strong>3,6 billones de pesos<\/strong>, lo que configurar\u00eda \u2014seg\u00fan su interpretaci\u00f3n\u2014 un recorte total equivalente a\u00a0<strong>11.500 millones de d\u00f3lares<\/strong>.<\/p>\n<h2 class=\"article-text\"><strong>Impacto productivo y respuesta a los municipios<\/strong><\/h2>\n<p class=\"article-text\">En ese contexto, defendi\u00f3 el pedido de endeudamiento que se debate en la Legislatura y aclar\u00f3 que no implica una suba del stock de deuda sino la autorizaci\u00f3n para afrontar\u00a0<strong>vencimientos de 2024 y 2025<\/strong>. \u201cNo estamos pidiendo fondos extraordinarios ni obras fara\u00f3nicas. Es un tr\u00e1mite para sostener el funcionamiento del Estado y evitar recortes en \u00e1reas esenciales\u201d, se\u00f1al\u00f3.<\/p>\n<p class=\"article-text\">El mandatario describi\u00f3 una\u00a0<strong>recesi\u00f3n profunda<\/strong>\u00a0que golpea a m\u00faltiples sectores productivos \u2014industria, construcci\u00f3n, comercio, textiles, alimenticias y automotrices\u2014 y remarc\u00f3 que en el pa\u00eds cerraron\u00a0<strong>28.000 empresas<\/strong>, de las cuales\u00a0<strong>5.000<\/strong>\u00a0corresponden a territorio bonaerense. Seg\u00fan sus datos, se perdieron\u00a0<strong>171.000 puestos de trabajo<\/strong>\u00a0y se frenaron cerca de\u00a0<strong>mil obras p\u00fablicas<\/strong>, panorama que increment\u00f3 la demanda de medicamentos, alimentos y asistencia econ\u00f3mica.<\/p>\n<p class=\"article-text\">Ante la preocupaci\u00f3n planteada por intendentes por la ca\u00edda de ingresos y el pago de aguinaldos, Kicillof anunci\u00f3 un\u00a0<strong>fondo espec\u00edfico para municipios<\/strong>, equivalente al\u00a0<strong>8% del financiamiento solicitado<\/strong>. Detall\u00f3 que ya se garantiz\u00f3 una partida de\u00a0<strong>200.000 millones de pesos<\/strong>, a distribuir en\u00a0<strong>cinco pagos fijos<\/strong>, independientemente del monto final que alcance la colocaci\u00f3n de deuda.<\/p>\n<p class=\"article-text\">El gobernador tambi\u00e9n defendi\u00f3 la continuidad de obras y programas provinciales en salud, seguridad y asistencia social, y destac\u00f3 la entrega de ambulancias, patrulleros y la provisi\u00f3n diaria del\u00a0<strong>Servicio Alimentario Escolar<\/strong>. \u201cAusteridad para la pol\u00edtica, sensibilidad para la sociedad\u201d, sintetiz\u00f3 al reclamar que los ajustes no recaigan sobre la poblaci\u00f3n.<\/p>\n<p class=\"article-text\">Finalmente, inst\u00f3 a la Legislatura a aprobar la ley pendiente \u2014la tercera del paquete econ\u00f3mico para 2026\u2014 y asegur\u00f3 que el financiamiento constituye \u201cinstrumentos b\u00e1sicos\u201d para garantizar el funcionamiento del Estado. \u201cPedimos que se vote en favor de los\u00a0<strong>17 millones de bonaerenses<\/strong>\u201d, concluy\u00f3.<\/p>\n<div id=\"container-after-news-outlook\"><\/div>\n<p class=\"article-text\"><em>Con informaci\u00f3n de NA<\/em><\/p>\n<\/div>\n<\/div>\n","protected":false},"excerpt":{"rendered":"<p>El gobernador reclam\u00f3 herramientas para afrontar la recesi\u00f3n y cuestion\u00f3 la quita de fondos nacionales. Anunci\u00f3 un refuerzo para los 135 municipios y pidi\u00f3 a la Legislatura avanzar con la ley de financiamiento.<\/p>\n","protected":false},"author":3,"featured_media":0,"comment_status":"closed","ping_status":"closed","sticky":false,"template":"","format":"standard","meta":{"footnotes":""},"categories":[58,24],"tags":[],"class_list":["post-129132","post","type-post","status-publish","format-standard","hentry","category-gobierno","category-politica"],"yoast_head":"<!-- This site is optimized with the Yoast SEO plugin v25.9 - https:\/\/yoast.com\/wordpress\/plugins\/seo\/ -->\n<title>Kicillof pidi\u00f3 aprobar el endeudamiento y denunci\u00f3 un \u201casedio financiero\u201d a Buenos Aires - Noticias Radio Reflejos<\/title>\n<meta name=\"robots\" content=\"index, follow, max-snippet:-1, max-image-preview:large, max-video-preview:-1\" \/>\n<link rel=\"canonical\" href=\"https:\/\/www.noticiasradioreflejos.com.ar\/2021\/kicillof-pidio-aprobar-el-endeudamiento-y-denuncio-un-asedio-financiero-a-buenos-aires\/\" \/>\n<meta property=\"og:locale\" content=\"es_ES\" \/>\n<meta property=\"og:type\" content=\"article\" \/>\n<meta property=\"og:title\" content=\"Kicillof pidi\u00f3 aprobar el endeudamiento y denunci\u00f3 un \u201casedio financiero\u201d a Buenos Aires - Noticias Radio Reflejos\" \/>\n<meta property=\"og:description\" content=\"El gobernador reclam\u00f3 herramientas para afrontar la recesi\u00f3n y cuestion\u00f3 la quita de fondos nacionales. Anunci\u00f3 un refuerzo para los 135 municipios y pidi\u00f3 a la Legislatura avanzar con la ley de financiamiento.\" \/>\n<meta property=\"og:url\" content=\"https:\/\/www.noticiasradioreflejos.com.ar\/2021\/kicillof-pidio-aprobar-el-endeudamiento-y-denuncio-un-asedio-financiero-a-buenos-aires\/\" \/>\n<meta property=\"og:site_name\" content=\"Noticias Radio Reflejos\" \/>\n<meta property=\"article:published_time\" content=\"2025-12-02T10:23:33+00:00\" \/>\n<meta property=\"og:image\" content=\"https:\/\/www.noticiasradioreflejos.com.ar\/2021\/wp-content\/uploads\/2025\/12\/kici.webp\" \/>\n\t<meta property=\"og:image:width\" content=\"1200\" \/>\n\t<meta property=\"og:image:height\" content=\"675\" \/>\n\t<meta property=\"og:image:type\" content=\"image\/webp\" \/>\n<meta name=\"author\" content=\"Arnaldo Botto\" \/>\n<meta name=\"twitter:card\" content=\"summary_large_image\" \/>\n<script type=\"application\/ld+json\" class=\"yoast-schema-graph\">{\"@context\":\"https:\/\/schema.org\",\"@graph\":[{\"@type\":\"WebPage\",\"@id\":\"https:\/\/www.noticiasradioreflejos.com.ar\/2021\/kicillof-pidio-aprobar-el-endeudamiento-y-denuncio-un-asedio-financiero-a-buenos-aires\/\",\"url\":\"https:\/\/www.noticiasradioreflejos.com.ar\/2021\/kicillof-pidio-aprobar-el-endeudamiento-y-denuncio-un-asedio-financiero-a-buenos-aires\/\",\"name\":\"Kicillof pidi\u00f3 aprobar el endeudamiento y denunci\u00f3 un \u201casedio financiero\u201d a Buenos Aires - Noticias Radio Reflejos\",\"isPartOf\":{\"@id\":\"https:\/\/www.noticiasradioreflejos.com.ar\/2021\/#website\"},\"datePublished\":\"2025-12-02T10:23:33+00:00\",\"author\":{\"@id\":\"https:\/\/www.noticiasradioreflejos.com.ar\/2021\/#\/schema\/person\/ad82545263dcc5ec0996818884fd5fb1\"},\"breadcrumb\":{\"@id\":\"https:\/\/www.noticiasradioreflejos.com.ar\/2021\/kicillof-pidio-aprobar-el-endeudamiento-y-denuncio-un-asedio-financiero-a-buenos-aires\/#breadcrumb\"},\"inLanguage\":\"es\",\"potentialAction\":[{\"@type\":\"ReadAction\",\"target\":[\"https:\/\/www.noticiasradioreflejos.com.ar\/2021\/kicillof-pidio-aprobar-el-endeudamiento-y-denuncio-un-asedio-financiero-a-buenos-aires\/\"]}]},{\"@type\":\"BreadcrumbList\",\"@id\":\"https:\/\/www.noticiasradioreflejos.com.ar\/2021\/kicillof-pidio-aprobar-el-endeudamiento-y-denuncio-un-asedio-financiero-a-buenos-aires\/#breadcrumb\",\"itemListElement\":[{\"@type\":\"ListItem\",\"position\":1,\"name\":\"Portada\",\"item\":\"https:\/\/www.noticiasradioreflejos.com.ar\/2021\/\"},{\"@type\":\"ListItem\",\"position\":2,\"name\":\"Kicillof pidi\u00f3 aprobar el endeudamiento y denunci\u00f3 un \u201casedio financiero\u201d a Buenos Aires\"}]},{\"@type\":\"WebSite\",\"@id\":\"https:\/\/www.noticiasradioreflejos.com.ar\/2021\/#website\",\"url\":\"https:\/\/www.noticiasradioreflejos.com.ar\/2021\/\",\"name\":\"Noticias Radio Reflejos\",\"description\":\"Las noticias de mi comarca\",\"potentialAction\":[{\"@type\":\"SearchAction\",\"target\":{\"@type\":\"EntryPoint\",\"urlTemplate\":\"https:\/\/www.noticiasradioreflejos.com.ar\/2021\/?s={search_term_string}\"},\"query-input\":{\"@type\":\"PropertyValueSpecification\",\"valueRequired\":true,\"valueName\":\"search_term_string\"}}],\"inLanguage\":\"es\"},{\"@type\":\"Person\",\"@id\":\"https:\/\/www.noticiasradioreflejos.com.ar\/2021\/#\/schema\/person\/ad82545263dcc5ec0996818884fd5fb1\",\"name\":\"Arnaldo Botto\",\"image\":{\"@type\":\"ImageObject\",\"inLanguage\":\"es\",\"@id\":\"https:\/\/www.noticiasradioreflejos.com.ar\/2021\/#\/schema\/person\/image\/\",\"url\":\"https:\/\/secure.gravatar.com\/avatar\/55cb5e37c1efa326397366e6974cb338056df65cb50e7d64d1cf314e87504837?s=96&d=mm&r=g\",\"contentUrl\":\"https:\/\/secure.gravatar.com\/avatar\/55cb5e37c1efa326397366e6974cb338056df65cb50e7d64d1cf314e87504837?s=96&d=mm&r=g\",\"caption\":\"Arnaldo Botto\"},\"url\":\"https:\/\/www.noticiasradioreflejos.com.ar\/2021\/author\/arnaldo\/\"}]}<\/script>\n<!-- \/ Yoast SEO plugin. -->","yoast_head_json":{"title":"Kicillof pidi\u00f3 aprobar el endeudamiento y denunci\u00f3 un \u201casedio financiero\u201d a Buenos Aires - Noticias Radio Reflejos","robots":{"index":"index","follow":"follow","max-snippet":"max-snippet:-1","max-image-preview":"max-image-preview:large","max-video-preview":"max-video-preview:-1"},"canonical":"https:\/\/www.noticiasradioreflejos.com.ar\/2021\/kicillof-pidio-aprobar-el-endeudamiento-y-denuncio-un-asedio-financiero-a-buenos-aires\/","og_locale":"es_ES","og_type":"article","og_title":"Kicillof pidi\u00f3 aprobar el endeudamiento y denunci\u00f3 un \u201casedio financiero\u201d a Buenos Aires - Noticias Radio Reflejos","og_description":"El gobernador reclam\u00f3 herramientas para afrontar la recesi\u00f3n y cuestion\u00f3 la quita de fondos nacionales. Anunci\u00f3 un refuerzo para los 135 municipios y pidi\u00f3 a la Legislatura avanzar con la ley de financiamiento.","og_url":"https:\/\/www.noticiasradioreflejos.com.ar\/2021\/kicillof-pidio-aprobar-el-endeudamiento-y-denuncio-un-asedio-financiero-a-buenos-aires\/","og_site_name":"Noticias Radio Reflejos","article_published_time":"2025-12-02T10:23:33+00:00","og_image":[{"width":1200,"height":675,"url":"https:\/\/www.noticiasradioreflejos.com.ar\/2021\/wp-content\/uploads\/2025\/12\/kici.webp","type":"image\/webp"}],"author":"Arnaldo Botto","twitter_card":"summary_large_image","schema":{"@context":"https:\/\/schema.org","@graph":[{"@type":"WebPage","@id":"https:\/\/www.noticiasradioreflejos.com.ar\/2021\/kicillof-pidio-aprobar-el-endeudamiento-y-denuncio-un-asedio-financiero-a-buenos-aires\/","url":"https:\/\/www.noticiasradioreflejos.com.ar\/2021\/kicillof-pidio-aprobar-el-endeudamiento-y-denuncio-un-asedio-financiero-a-buenos-aires\/","name":"Kicillof pidi\u00f3 aprobar el endeudamiento y denunci\u00f3 un \u201casedio financiero\u201d a Buenos Aires - Noticias Radio Reflejos","isPartOf":{"@id":"https:\/\/www.noticiasradioreflejos.com.ar\/2021\/#website"},"datePublished":"2025-12-02T10:23:33+00:00","author":{"@id":"https:\/\/www.noticiasradioreflejos.com.ar\/2021\/#\/schema\/person\/ad82545263dcc5ec0996818884fd5fb1"},"breadcrumb":{"@id":"https:\/\/www.noticiasradioreflejos.com.ar\/2021\/kicillof-pidio-aprobar-el-endeudamiento-y-denuncio-un-asedio-financiero-a-buenos-aires\/#breadcrumb"},"inLanguage":"es","potentialAction":[{"@type":"ReadAction","target":["https:\/\/www.noticiasradioreflejos.com.ar\/2021\/kicillof-pidio-aprobar-el-endeudamiento-y-denuncio-un-asedio-financiero-a-buenos-aires\/"]}]},{"@type":"BreadcrumbList","@id":"https:\/\/www.noticiasradioreflejos.com.ar\/2021\/kicillof-pidio-aprobar-el-endeudamiento-y-denuncio-un-asedio-financiero-a-buenos-aires\/#breadcrumb","itemListElement":[{"@type":"ListItem","position":1,"name":"Portada","item":"https:\/\/www.noticiasradioreflejos.com.ar\/2021\/"},{"@type":"ListItem","position":2,"name":"Kicillof pidi\u00f3 aprobar el endeudamiento y denunci\u00f3 un \u201casedio financiero\u201d a Buenos Aires"}]},{"@type":"WebSite","@id":"https:\/\/www.noticiasradioreflejos.com.ar\/2021\/#website","url":"https:\/\/www.noticiasradioreflejos.com.ar\/2021\/","name":"Noticias Radio Reflejos","description":"Las noticias de mi comarca","potentialAction":[{"@type":"SearchAction","target":{"@type":"EntryPoint","urlTemplate":"https:\/\/www.noticiasradioreflejos.com.ar\/2021\/?s={search_term_string}"},"query-input":{"@type":"PropertyValueSpecification","valueRequired":true,"valueName":"search_term_string"}}],"inLanguage":"es"},{"@type":"Person","@id":"https:\/\/www.noticiasradioreflejos.com.ar\/2021\/#\/schema\/person\/ad82545263dcc5ec0996818884fd5fb1","name":"Arnaldo Botto","image":{"@type":"ImageObject","inLanguage":"es","@id":"https:\/\/www.noticiasradioreflejos.com.ar\/2021\/#\/schema\/person\/image\/","url":"https:\/\/secure.gravatar.com\/avatar\/55cb5e37c1efa326397366e6974cb338056df65cb50e7d64d1cf314e87504837?s=96&d=mm&r=g","contentUrl":"https:\/\/secure.gravatar.com\/avatar\/55cb5e37c1efa326397366e6974cb338056df65cb50e7d64d1cf314e87504837?s=96&d=mm&r=g","caption":"Arnaldo Botto"},"url":"https:\/\/www.noticiasradioreflejos.com.ar\/2021\/author\/arnaldo\/"}]}},"_links":{"self":[{"href":"https:\/\/www.noticiasradioreflejos.com.ar\/2021\/wp-json\/wp\/v2\/posts\/129132","targetHints":{"allow":["GET"]}}],"collection":[{"href":"https:\/\/www.noticiasradioreflejos.com.ar\/2021\/wp-json\/wp\/v2\/posts"}],"about":[{"href":"https:\/\/www.noticiasradioreflejos.com.ar\/2021\/wp-json\/wp\/v2\/types\/post"}],"author":[{"embeddable":true,"href":"https:\/\/www.noticiasradioreflejos.com.ar\/2021\/wp-json\/wp\/v2\/users\/3"}],"replies":[{"embeddable":true,"href":"https:\/\/www.noticiasradioreflejos.com.ar\/2021\/wp-json\/wp\/v2\/comments?post=129132"}],"version-history":[{"count":1,"href":"https:\/\/www.noticiasradioreflejos.com.ar\/2021\/wp-json\/wp\/v2\/posts\/129132\/revisions"}],"predecessor-version":[{"id":129134,"href":"https:\/\/www.noticiasradioreflejos.com.ar\/2021\/wp-json\/wp\/v2\/posts\/129132\/revisions\/129134"}],"wp:attachment":[{"href":"https:\/\/www.noticiasradioreflejos.com.ar\/2021\/wp-json\/wp\/v2\/media?parent=129132"}],"wp:term":[{"taxonomy":"category","embeddable":true,"href":"https:\/\/www.noticiasradioreflejos.com.ar\/2021\/wp-json\/wp\/v2\/categories?post=129132"},{"taxonomy":"post_tag","embeddable":true,"href":"https:\/\/www.noticiasradioreflejos.com.ar\/2021\/wp-json\/wp\/v2\/tags?post=129132"}],"curies":[{"name":"wp","href":"https:\/\/api.w.org\/{rel}","templated":true}]}}