{"id":129125,"date":"2025-12-02T07:18:12","date_gmt":"2025-12-02T10:18:12","guid":{"rendered":"https:\/\/www.noticiasradioreflejos.com.ar\/2021\/?p=129125"},"modified":"2025-12-02T07:18:13","modified_gmt":"2025-12-02T10:18:13","slug":"fin-de-ano-de-la-trochita-cena-agradecimientos-y-balance-positivo-en-sierra-de-la-ventana","status":"publish","type":"post","link":"https:\/\/www.noticiasradioreflejos.com.ar\/2021\/fin-de-ano-de-la-trochita-cena-agradecimientos-y-balance-positivo-en-sierra-de-la-ventana\/","title":{"rendered":"Fin de A\u00f1o de La Trochita: Cena, agradecimientos y balance positivo en Sierra de la Ventana"},"content":{"rendered":"<p>a Asociaci\u00f3n Civil La Trochita Ex Club Hotel celebr\u00f3 el cierre del a\u00f1o en una emotiva cena que reuni\u00f3 a socios, colaboradores y autoridades del Municipio de Tornquist. Su presidente, Dardo Fern\u00e1ndez, junto a la Comisi\u00f3n Directiva, destac\u00f3 la colaboraci\u00f3n constante y repas\u00f3 los principales avances logrados en la puesta en valor del patrimonio hist\u00f3rico.<!--more--><\/p>\n<h4><a href=\"https:\/\/www.noticiasradioreflejos.com.ar\/2021\/fin-de-ano-de-la-trochita-cena-agradecimientos-y-balance-positivo-en-sierra-de-la-ventana\/trochita-1\/\" rel=\"attachment wp-att-129126\"><img loading=\"lazy\" decoding=\"async\" class=\"wp-image-129126 alignleft\" src=\"https:\/\/www.noticiasradioreflejos.com.ar\/2021\/wp-content\/uploads\/2025\/12\/trochita-1.jpeg\" alt=\"\" width=\"421\" height=\"552\" \/><\/a> <strong>Un Brindis por la Colaboraci\u00f3n y la Historia<\/strong><\/h4>\n<p data-path-to-node=\"7\">El <b>s\u00e1bado 29 de noviembre<\/b> se llev\u00f3 a cabo la tradicional cena de fin de a\u00f1o organizada por la <b>Asociaci\u00f3n Civil La Trochita Ex Club Hotel<\/b>. El evento, realizado en Sierra de la Ventana, sirvi\u00f3 como punto de encuentro para agradecer el esfuerzo y la dedicaci\u00f3n de quienes apoyan la causa de la Asociaci\u00f3n.<\/p>\n<p data-path-to-node=\"8\">Socios, colaboradores y representantes del <b>Municipio de Tornquist<\/b> compartieron la velada, que se desarroll\u00f3 en un clima de camarader\u00eda y reconocimiento.<\/p>\n<p data-path-to-node=\"9\">Durante el encuentro, el presidente de La Trochita, <b>Dardo Fern\u00e1ndez<\/b>, junto a los miembros de la Comisi\u00f3n Directiva, dedic\u00f3 un momento especial para expresar su gratitud a todos los presentes \u00abpor su <b>permanente colaboraci\u00f3n<\/b>\u00bb en la defensa y recuperaci\u00f3n del hist\u00f3rico predio.<\/p>\n<p data-path-to-node=\"10\">El punto central de la noche fue la <b>breve rese\u00f1a<\/b> que realizaron los directivos sobre los <b>logros alcanzados<\/b> por la Asociaci\u00f3n en el transcurso del a\u00f1o, marcando un balance positivo en su misi\u00f3n de preservar el patrimonio.<\/p>\n<p data-path-to-node=\"10\">\n<p data-path-to-node=\"10\"><a href=\"https:\/\/www.noticiasradioreflejos.com.ar\/2021\/a-109-anos-del-primer-viaje-de-la-trochita-entre-sierra-de-la-ventana-y-el-club-hotel-y-casino-de-la-ventana\/trochita\/\" rel=\"attachment wp-att-81307\"><img loading=\"lazy\" decoding=\"async\" class=\"aligncenter size-full wp-image-81307\" src=\"https:\/\/www.noticiasradioreflejos.com.ar\/2021\/wp-content\/uploads\/2022\/12\/trochita.jpg\" alt=\"\" width=\"960\" height=\"646\" srcset=\"https:\/\/www.noticiasradioreflejos.com.ar\/2021\/wp-content\/uploads\/2022\/12\/trochita.jpg 960w, https:\/\/www.noticiasradioreflejos.com.ar\/2021\/wp-content\/uploads\/2022\/12\/trochita-300x202.jpg 300w, https:\/\/www.noticiasradioreflejos.com.ar\/2021\/wp-content\/uploads\/2022\/12\/trochita-768x517.jpg 768w, https:\/\/www.noticiasradioreflejos.com.ar\/2021\/wp-content\/uploads\/2022\/12\/trochita-750x505.jpg 750w\" sizes=\"auto, (max-width: 960px) 100vw, 960px\" \/><\/a><\/p>\n<h4 data-path-to-node=\"11\">La historia viva del tren de trocha angosta<\/h4>\n<p data-path-to-node=\"12\">La <b>Asociaci\u00f3n Civil La Trochita<\/b> toma su nombre y su misi\u00f3n de la <b>hist\u00f3rica l\u00ednea ferroviaria de trocha angosta<\/b> (de 0,75 metros de ancho) que oper\u00f3 a principios del siglo XX, uniendo la estaci\u00f3n de <b>Sierra de la Ventana<\/b> (entonces llamada Sauce Grande) con el suntuoso <b>Club Hotel y Casino de la Ventana<\/b>, en Villa Ventana.<\/p>\n<p data-path-to-node=\"13\">Este ramal fue inaugurado el <b>30 de noviembre de 1914<\/b> y fue vital para el complejo, considerado una \u00abmaravilla del siglo\u00bb y cuna del turismo de \u00e9lite en Argentina. La Trochita se encargaba de transportar a los acaudalados visitantes que llegaban a la estaci\u00f3n principal a bordo del Ferrocarril del Sud, directamente hasta el and\u00e9n del fastuoso hotel.<\/p>\n<p data-path-to-node=\"14\">Su servicio, que utilizaba locomotoras a vapor tra\u00eddas de Inglaterra, se mantuvo hasta el a\u00f1o <b>1920<\/b>, cuando el cierre del Club Hotel, sumado a una ley de prohibici\u00f3n de juegos de azar y la recesi\u00f3n econ\u00f3mica tras la Primera Guerra Mundial, marc\u00f3 el fin de su recorrido.<\/p>\n<p data-path-to-node=\"15\">Actualmente, la Asociaci\u00f3n Civil se esfuerza por recuperar la traza y la memoria de este tren, manteniendo viva la idea de <b>recrear un circuito tur\u00edstico<\/b> que reviva el esplendor de aquella \u00e9poca dorada.<\/p>\n<p data-path-to-node=\"15\">\n<p><a href=\"https:\/\/www.noticiasradioreflejos.com.ar\/2021\/dia-de-la-bandera-en-el-distrito-un-homenaje-al-pie-del-club-hotel-de-la-ventana\/gzab-7\/\" rel=\"attachment wp-att-120537\"><img loading=\"lazy\" decoding=\"async\" class=\"size-full wp-image-120537\" src=\"https:\/\/www.noticiasradioreflejos.com.ar\/2021\/wp-content\/uploads\/2025\/06\/Acto-bandera-club-hotel.jpg\" alt=\"\" width=\"2000\" height=\"1334\" srcset=\"https:\/\/www.noticiasradioreflejos.com.ar\/2021\/wp-content\/uploads\/2025\/06\/Acto-bandera-club-hotel.jpg 2000w, https:\/\/www.noticiasradioreflejos.com.ar\/2021\/wp-content\/uploads\/2025\/06\/Acto-bandera-club-hotel-300x200.jpg 300w, https:\/\/www.noticiasradioreflejos.com.ar\/2021\/wp-content\/uploads\/2025\/06\/Acto-bandera-club-hotel-1024x683.jpg 1024w, https:\/\/www.noticiasradioreflejos.com.ar\/2021\/wp-content\/uploads\/2025\/06\/Acto-bandera-club-hotel-768x512.jpg 768w, https:\/\/www.noticiasradioreflejos.com.ar\/2021\/wp-content\/uploads\/2025\/06\/Acto-bandera-club-hotel-1536x1025.jpg 1536w, https:\/\/www.noticiasradioreflejos.com.ar\/2021\/wp-content\/uploads\/2025\/06\/Acto-bandera-club-hotel-750x500.jpg 750w, https:\/\/www.noticiasradioreflejos.com.ar\/2021\/wp-content\/uploads\/2025\/06\/Acto-bandera-club-hotel-1140x760.jpg 1140w\" sizes=\"auto, (max-width: 2000px) 100vw, 2000px\" \/><\/a><\/p>\n<h4 data-path-to-node=\"16\">Logros Destacados de La Asociaci\u00f3n de la Trochita<\/h4>\n<p data-path-to-node=\"19\">En su misi\u00f3n de recuperar este valioso patrimonio, la Asociaci\u00f3n Civil La Trochita Ex Club Hotel ha materializado avances significativos:<\/p>\n<ul data-path-to-node=\"20\">\n<li>\n<p data-path-to-node=\"20,0,0\"><b>Creaci\u00f3n del Museo de La Trochita:<\/b> Uno de los hitos m\u00e1s importantes es la construcci\u00f3n y puesta en marcha del <b>Museo de La Trochita<\/b> en el predio del Centro Cultural de Sierra de la Ventana. Este espacio se ha consolidado como un centro clave para la difusi\u00f3n de la historia ferroviaria y tur\u00edstica de la Comarca.<\/p>\n<\/li>\n<li>\n<p data-path-to-node=\"20,1,0\"><b>Adquisici\u00f3n de Material Rodante:<\/b> La Asociaci\u00f3n logr\u00f3 la <b>adquisici\u00f3n de rieles, vagones y m\u00e1quinas de trenes<\/b> para su restauraci\u00f3n. En particular, la incorporaci\u00f3n de <b>vagones similares<\/b> a los que operaron entre 1914 y 1920 constituye un paso fundamental para recrear la formaci\u00f3n original y el viaje hist\u00f3rico.<\/p>\n<\/li>\n<li>\n<p data-path-to-node=\"20,2,0\"><b>Puesta en Valor del M\u00e1stil:<\/b> La Asociaci\u00f3n ha continuado impulsando la <b>visibilizaci\u00f3n y el mantenimiento del m\u00e1stil<\/b> del Ex Club Hotel, que es epicentro de actos patrios importantes, involucrando a instituciones locales y a la comunidad.<\/p>\n<\/li>\n<li>\n<p data-path-to-node=\"20,3,0\"><b>Gesti\u00f3n Patrimonial y Proyectos:<\/b> La Trochita mantiene su trabajo en la <b>gesti\u00f3n y seguimiento del proyecto de inversi\u00f3n<\/b> para la generaci\u00f3n de un parque y la <b>reactivaci\u00f3n del Ex Club Hotel<\/b>, en coordinaci\u00f3n con el estado municipal.<\/p>\n<\/li>\n<\/ul>\n<p>&nbsp;<\/p>\n<p><a href=\"https:\/\/www.noticiasradioreflejos.com.ar\/2021\/fin-de-ano-de-la-trochita-cena-agradecimientos-y-balance-positivo-en-sierra-de-la-ventana\/trochita-3\/\" rel=\"attachment wp-att-129129\"><img loading=\"lazy\" decoding=\"async\" class=\"aligncenter size-full wp-image-129129\" src=\"https:\/\/www.noticiasradioreflejos.com.ar\/2021\/wp-content\/uploads\/2025\/12\/trochita-3.jpg\" alt=\"\" width=\"1150\" height=\"1252\" \/><\/a> <a href=\"https:\/\/www.noticiasradioreflejos.com.ar\/2021\/fin-de-ano-de-la-trochita-cena-agradecimientos-y-balance-positivo-en-sierra-de-la-ventana\/trochita-2-2\/\" rel=\"attachment wp-att-129128\"><img loading=\"lazy\" decoding=\"async\" class=\"aligncenter size-full wp-image-129128\" src=\"https:\/\/www.noticiasradioreflejos.com.ar\/2021\/wp-content\/uploads\/2025\/12\/trochita-2.jpg\" alt=\"\" width=\"1157\" height=\"848\" srcset=\"https:\/\/www.noticiasradioreflejos.com.ar\/2021\/wp-content\/uploads\/2025\/12\/trochita-2.jpg 1157w, https:\/\/www.noticiasradioreflejos.com.ar\/2021\/wp-content\/uploads\/2025\/12\/trochita-2-300x220.jpg 300w, https:\/\/www.noticiasradioreflejos.com.ar\/2021\/wp-content\/uploads\/2025\/12\/trochita-2-1024x751.jpg 1024w, https:\/\/www.noticiasradioreflejos.com.ar\/2021\/wp-content\/uploads\/2025\/12\/trochita-2-768x563.jpg 768w, https:\/\/www.noticiasradioreflejos.com.ar\/2021\/wp-content\/uploads\/2025\/12\/trochita-2-750x550.jpg 750w, https:\/\/www.noticiasradioreflejos.com.ar\/2021\/wp-content\/uploads\/2025\/12\/trochita-2-1140x836.jpg 1140w\" sizes=\"auto, (max-width: 1157px) 100vw, 1157px\" \/><\/a> <a href=\"https:\/\/www.noticiasradioreflejos.com.ar\/2021\/fin-de-ano-de-la-trochita-cena-agradecimientos-y-balance-positivo-en-sierra-de-la-ventana\/trochita-1-2\/\" rel=\"attachment wp-att-129127\"><img loading=\"lazy\" decoding=\"async\" class=\"aligncenter size-full wp-image-129127\" src=\"https:\/\/www.noticiasradioreflejos.com.ar\/2021\/wp-content\/uploads\/2025\/12\/trochita-1.jpg\" alt=\"\" width=\"1170\" height=\"1014\" \/><\/a><\/p>\n<p>&nbsp;<\/p>\n","protected":false},"excerpt":{"rendered":"<p>a Asociaci\u00f3n Civil La Trochita Ex Club Hotel celebr\u00f3 el cierre del a\u00f1o en una emotiva cena que reuni\u00f3 a socios, colaboradores y autoridades del Municipio de Tornquist. Su presidente, Dardo Fern\u00e1ndez, junto a la Comisi\u00f3n Directiva, destac\u00f3 la colaboraci\u00f3n constante y repas\u00f3 los principales avances logrados en la puesta en valor del patrimonio hist\u00f3rico.<\/p>\n","protected":false},"author":3,"featured_media":108998,"comment_status":"closed","ping_status":"closed","sticky":false,"template":"","format":"standard","meta":{"footnotes":""},"categories":[26,33],"tags":[],"class_list":["post-129125","post","type-post","status-publish","format-standard","has-post-thumbnail","hentry","category-sociedad","category-turismo"],"yoast_head":"<!-- This site is optimized with the Yoast SEO plugin v25.9 - https:\/\/yoast.com\/wordpress\/plugins\/seo\/ -->\n<title>Fin de A\u00f1o de La Trochita: Cena, agradecimientos y balance positivo en Sierra de la Ventana - Noticias Radio Reflejos<\/title>\n<meta name=\"robots\" content=\"index, follow, max-snippet:-1, max-image-preview:large, max-video-preview:-1\" \/>\n<link rel=\"canonical\" href=\"https:\/\/www.noticiasradioreflejos.com.ar\/2021\/fin-de-ano-de-la-trochita-cena-agradecimientos-y-balance-positivo-en-sierra-de-la-ventana\/\" \/>\n<meta property=\"og:locale\" content=\"es_ES\" \/>\n<meta property=\"og:type\" content=\"article\" \/>\n<meta property=\"og:title\" content=\"Fin de A\u00f1o de La Trochita: Cena, agradecimientos y balance positivo en Sierra de la Ventana - Noticias Radio Reflejos\" \/>\n<meta property=\"og:description\" content=\"a Asociaci\u00f3n Civil La Trochita Ex Club Hotel celebr\u00f3 el cierre del a\u00f1o en una emotiva cena que reuni\u00f3 a socios, colaboradores y autoridades del Municipio de Tornquist. Su presidente, Dardo Fern\u00e1ndez, junto a la Comisi\u00f3n Directiva, destac\u00f3 la colaboraci\u00f3n constante y repas\u00f3 los principales avances logrados en la puesta en valor del patrimonio hist\u00f3rico.\" \/>\n<meta property=\"og:url\" content=\"https:\/\/www.noticiasradioreflejos.com.ar\/2021\/fin-de-ano-de-la-trochita-cena-agradecimientos-y-balance-positivo-en-sierra-de-la-ventana\/\" \/>\n<meta property=\"og:site_name\" content=\"Noticias Radio Reflejos\" \/>\n<meta property=\"article:published_time\" content=\"2025-12-02T10:18:12+00:00\" \/>\n<meta property=\"article:modified_time\" content=\"2025-12-02T10:18:13+00:00\" \/>\n<meta property=\"og:image\" content=\"https:\/\/www.noticiasradioreflejos.com.ar\/2021\/wp-content\/uploads\/2024\/10\/museo-ramal-111.jpg\" \/>\n\t<meta property=\"og:image:width\" content=\"868\" \/>\n\t<meta property=\"og:image:height\" content=\"519\" \/>\n\t<meta property=\"og:image:type\" content=\"image\/jpeg\" \/>\n<meta name=\"author\" content=\"Arnaldo Botto\" \/>\n<meta name=\"twitter:card\" content=\"summary_large_image\" \/>\n<script type=\"application\/ld+json\" class=\"yoast-schema-graph\">{\"@context\":\"https:\/\/schema.org\",\"@graph\":[{\"@type\":\"WebPage\",\"@id\":\"https:\/\/www.noticiasradioreflejos.com.ar\/2021\/fin-de-ano-de-la-trochita-cena-agradecimientos-y-balance-positivo-en-sierra-de-la-ventana\/\",\"url\":\"https:\/\/www.noticiasradioreflejos.com.ar\/2021\/fin-de-ano-de-la-trochita-cena-agradecimientos-y-balance-positivo-en-sierra-de-la-ventana\/\",\"name\":\"Fin de A\u00f1o de La Trochita: Cena, agradecimientos y balance positivo en Sierra de la Ventana - Noticias Radio Reflejos\",\"isPartOf\":{\"@id\":\"https:\/\/www.noticiasradioreflejos.com.ar\/2021\/#website\"},\"primaryImageOfPage\":{\"@id\":\"https:\/\/www.noticiasradioreflejos.com.ar\/2021\/fin-de-ano-de-la-trochita-cena-agradecimientos-y-balance-positivo-en-sierra-de-la-ventana\/#primaryimage\"},\"image\":{\"@id\":\"https:\/\/www.noticiasradioreflejos.com.ar\/2021\/fin-de-ano-de-la-trochita-cena-agradecimientos-y-balance-positivo-en-sierra-de-la-ventana\/#primaryimage\"},\"thumbnailUrl\":\"https:\/\/www.noticiasradioreflejos.com.ar\/2021\/wp-content\/uploads\/2024\/10\/museo-ramal-111.jpg\",\"datePublished\":\"2025-12-02T10:18:12+00:00\",\"dateModified\":\"2025-12-02T10:18:13+00:00\",\"author\":{\"@id\":\"https:\/\/www.noticiasradioreflejos.com.ar\/2021\/#\/schema\/person\/ad82545263dcc5ec0996818884fd5fb1\"},\"breadcrumb\":{\"@id\":\"https:\/\/www.noticiasradioreflejos.com.ar\/2021\/fin-de-ano-de-la-trochita-cena-agradecimientos-y-balance-positivo-en-sierra-de-la-ventana\/#breadcrumb\"},\"inLanguage\":\"es\",\"potentialAction\":[{\"@type\":\"ReadAction\",\"target\":[\"https:\/\/www.noticiasradioreflejos.com.ar\/2021\/fin-de-ano-de-la-trochita-cena-agradecimientos-y-balance-positivo-en-sierra-de-la-ventana\/\"]}]},{\"@type\":\"ImageObject\",\"inLanguage\":\"es\",\"@id\":\"https:\/\/www.noticiasradioreflejos.com.ar\/2021\/fin-de-ano-de-la-trochita-cena-agradecimientos-y-balance-positivo-en-sierra-de-la-ventana\/#primaryimage\",\"url\":\"https:\/\/www.noticiasradioreflejos.com.ar\/2021\/wp-content\/uploads\/2024\/10\/museo-ramal-111.jpg\",\"contentUrl\":\"https:\/\/www.noticiasradioreflejos.com.ar\/2021\/wp-content\/uploads\/2024\/10\/museo-ramal-111.jpg\",\"width\":868,\"height\":519},{\"@type\":\"BreadcrumbList\",\"@id\":\"https:\/\/www.noticiasradioreflejos.com.ar\/2021\/fin-de-ano-de-la-trochita-cena-agradecimientos-y-balance-positivo-en-sierra-de-la-ventana\/#breadcrumb\",\"itemListElement\":[{\"@type\":\"ListItem\",\"position\":1,\"name\":\"Portada\",\"item\":\"https:\/\/www.noticiasradioreflejos.com.ar\/2021\/\"},{\"@type\":\"ListItem\",\"position\":2,\"name\":\"Fin de A\u00f1o de La Trochita: Cena, agradecimientos y balance positivo en Sierra de la Ventana\"}]},{\"@type\":\"WebSite\",\"@id\":\"https:\/\/www.noticiasradioreflejos.com.ar\/2021\/#website\",\"url\":\"https:\/\/www.noticiasradioreflejos.com.ar\/2021\/\",\"name\":\"Noticias Radio Reflejos\",\"description\":\"Las noticias de mi comarca\",\"potentialAction\":[{\"@type\":\"SearchAction\",\"target\":{\"@type\":\"EntryPoint\",\"urlTemplate\":\"https:\/\/www.noticiasradioreflejos.com.ar\/2021\/?s={search_term_string}\"},\"query-input\":{\"@type\":\"PropertyValueSpecification\",\"valueRequired\":true,\"valueName\":\"search_term_string\"}}],\"inLanguage\":\"es\"},{\"@type\":\"Person\",\"@id\":\"https:\/\/www.noticiasradioreflejos.com.ar\/2021\/#\/schema\/person\/ad82545263dcc5ec0996818884fd5fb1\",\"name\":\"Arnaldo Botto\",\"image\":{\"@type\":\"ImageObject\",\"inLanguage\":\"es\",\"@id\":\"https:\/\/www.noticiasradioreflejos.com.ar\/2021\/#\/schema\/person\/image\/\",\"url\":\"https:\/\/secure.gravatar.com\/avatar\/55cb5e37c1efa326397366e6974cb338056df65cb50e7d64d1cf314e87504837?s=96&d=mm&r=g\",\"contentUrl\":\"https:\/\/secure.gravatar.com\/avatar\/55cb5e37c1efa326397366e6974cb338056df65cb50e7d64d1cf314e87504837?s=96&d=mm&r=g\",\"caption\":\"Arnaldo Botto\"},\"url\":\"https:\/\/www.noticiasradioreflejos.com.ar\/2021\/author\/arnaldo\/\"}]}<\/script>\n<!-- \/ Yoast SEO plugin. -->","yoast_head_json":{"title":"Fin de A\u00f1o de La Trochita: Cena, agradecimientos y balance positivo en Sierra de la Ventana - Noticias Radio Reflejos","robots":{"index":"index","follow":"follow","max-snippet":"max-snippet:-1","max-image-preview":"max-image-preview:large","max-video-preview":"max-video-preview:-1"},"canonical":"https:\/\/www.noticiasradioreflejos.com.ar\/2021\/fin-de-ano-de-la-trochita-cena-agradecimientos-y-balance-positivo-en-sierra-de-la-ventana\/","og_locale":"es_ES","og_type":"article","og_title":"Fin de A\u00f1o de La Trochita: Cena, agradecimientos y balance positivo en Sierra de la Ventana - Noticias Radio Reflejos","og_description":"a Asociaci\u00f3n Civil La Trochita Ex Club Hotel celebr\u00f3 el cierre del a\u00f1o en una emotiva cena que reuni\u00f3 a socios, colaboradores y autoridades del Municipio de Tornquist. Su presidente, Dardo Fern\u00e1ndez, junto a la Comisi\u00f3n Directiva, destac\u00f3 la colaboraci\u00f3n constante y repas\u00f3 los principales avances logrados en la puesta en valor del patrimonio hist\u00f3rico.","og_url":"https:\/\/www.noticiasradioreflejos.com.ar\/2021\/fin-de-ano-de-la-trochita-cena-agradecimientos-y-balance-positivo-en-sierra-de-la-ventana\/","og_site_name":"Noticias Radio Reflejos","article_published_time":"2025-12-02T10:18:12+00:00","article_modified_time":"2025-12-02T10:18:13+00:00","og_image":[{"width":868,"height":519,"url":"https:\/\/www.noticiasradioreflejos.com.ar\/2021\/wp-content\/uploads\/2024\/10\/museo-ramal-111.jpg","type":"image\/jpeg"}],"author":"Arnaldo Botto","twitter_card":"summary_large_image","schema":{"@context":"https:\/\/schema.org","@graph":[{"@type":"WebPage","@id":"https:\/\/www.noticiasradioreflejos.com.ar\/2021\/fin-de-ano-de-la-trochita-cena-agradecimientos-y-balance-positivo-en-sierra-de-la-ventana\/","url":"https:\/\/www.noticiasradioreflejos.com.ar\/2021\/fin-de-ano-de-la-trochita-cena-agradecimientos-y-balance-positivo-en-sierra-de-la-ventana\/","name":"Fin de A\u00f1o de La Trochita: Cena, agradecimientos y balance positivo en Sierra de la Ventana - Noticias Radio Reflejos","isPartOf":{"@id":"https:\/\/www.noticiasradioreflejos.com.ar\/2021\/#website"},"primaryImageOfPage":{"@id":"https:\/\/www.noticiasradioreflejos.com.ar\/2021\/fin-de-ano-de-la-trochita-cena-agradecimientos-y-balance-positivo-en-sierra-de-la-ventana\/#primaryimage"},"image":{"@id":"https:\/\/www.noticiasradioreflejos.com.ar\/2021\/fin-de-ano-de-la-trochita-cena-agradecimientos-y-balance-positivo-en-sierra-de-la-ventana\/#primaryimage"},"thumbnailUrl":"https:\/\/www.noticiasradioreflejos.com.ar\/2021\/wp-content\/uploads\/2024\/10\/museo-ramal-111.jpg","datePublished":"2025-12-02T10:18:12+00:00","dateModified":"2025-12-02T10:18:13+00:00","author":{"@id":"https:\/\/www.noticiasradioreflejos.com.ar\/2021\/#\/schema\/person\/ad82545263dcc5ec0996818884fd5fb1"},"breadcrumb":{"@id":"https:\/\/www.noticiasradioreflejos.com.ar\/2021\/fin-de-ano-de-la-trochita-cena-agradecimientos-y-balance-positivo-en-sierra-de-la-ventana\/#breadcrumb"},"inLanguage":"es","potentialAction":[{"@type":"ReadAction","target":["https:\/\/www.noticiasradioreflejos.com.ar\/2021\/fin-de-ano-de-la-trochita-cena-agradecimientos-y-balance-positivo-en-sierra-de-la-ventana\/"]}]},{"@type":"ImageObject","inLanguage":"es","@id":"https:\/\/www.noticiasradioreflejos.com.ar\/2021\/fin-de-ano-de-la-trochita-cena-agradecimientos-y-balance-positivo-en-sierra-de-la-ventana\/#primaryimage","url":"https:\/\/www.noticiasradioreflejos.com.ar\/2021\/wp-content\/uploads\/2024\/10\/museo-ramal-111.jpg","contentUrl":"https:\/\/www.noticiasradioreflejos.com.ar\/2021\/wp-content\/uploads\/2024\/10\/museo-ramal-111.jpg","width":868,"height":519},{"@type":"BreadcrumbList","@id":"https:\/\/www.noticiasradioreflejos.com.ar\/2021\/fin-de-ano-de-la-trochita-cena-agradecimientos-y-balance-positivo-en-sierra-de-la-ventana\/#breadcrumb","itemListElement":[{"@type":"ListItem","position":1,"name":"Portada","item":"https:\/\/www.noticiasradioreflejos.com.ar\/2021\/"},{"@type":"ListItem","position":2,"name":"Fin de A\u00f1o de La Trochita: Cena, agradecimientos y balance positivo en Sierra de la Ventana"}]},{"@type":"WebSite","@id":"https:\/\/www.noticiasradioreflejos.com.ar\/2021\/#website","url":"https:\/\/www.noticiasradioreflejos.com.ar\/2021\/","name":"Noticias Radio Reflejos","description":"Las noticias de mi comarca","potentialAction":[{"@type":"SearchAction","target":{"@type":"EntryPoint","urlTemplate":"https:\/\/www.noticiasradioreflejos.com.ar\/2021\/?s={search_term_string}"},"query-input":{"@type":"PropertyValueSpecification","valueRequired":true,"valueName":"search_term_string"}}],"inLanguage":"es"},{"@type":"Person","@id":"https:\/\/www.noticiasradioreflejos.com.ar\/2021\/#\/schema\/person\/ad82545263dcc5ec0996818884fd5fb1","name":"Arnaldo Botto","image":{"@type":"ImageObject","inLanguage":"es","@id":"https:\/\/www.noticiasradioreflejos.com.ar\/2021\/#\/schema\/person\/image\/","url":"https:\/\/secure.gravatar.com\/avatar\/55cb5e37c1efa326397366e6974cb338056df65cb50e7d64d1cf314e87504837?s=96&d=mm&r=g","contentUrl":"https:\/\/secure.gravatar.com\/avatar\/55cb5e37c1efa326397366e6974cb338056df65cb50e7d64d1cf314e87504837?s=96&d=mm&r=g","caption":"Arnaldo Botto"},"url":"https:\/\/www.noticiasradioreflejos.com.ar\/2021\/author\/arnaldo\/"}]}},"_links":{"self":[{"href":"https:\/\/www.noticiasradioreflejos.com.ar\/2021\/wp-json\/wp\/v2\/posts\/129125","targetHints":{"allow":["GET"]}}],"collection":[{"href":"https:\/\/www.noticiasradioreflejos.com.ar\/2021\/wp-json\/wp\/v2\/posts"}],"about":[{"href":"https:\/\/www.noticiasradioreflejos.com.ar\/2021\/wp-json\/wp\/v2\/types\/post"}],"author":[{"embeddable":true,"href":"https:\/\/www.noticiasradioreflejos.com.ar\/2021\/wp-json\/wp\/v2\/users\/3"}],"replies":[{"embeddable":true,"href":"https:\/\/www.noticiasradioreflejos.com.ar\/2021\/wp-json\/wp\/v2\/comments?post=129125"}],"version-history":[{"count":2,"href":"https:\/\/www.noticiasradioreflejos.com.ar\/2021\/wp-json\/wp\/v2\/posts\/129125\/revisions"}],"predecessor-version":[{"id":129131,"href":"https:\/\/www.noticiasradioreflejos.com.ar\/2021\/wp-json\/wp\/v2\/posts\/129125\/revisions\/129131"}],"wp:featuredmedia":[{"embeddable":true,"href":"https:\/\/www.noticiasradioreflejos.com.ar\/2021\/wp-json\/wp\/v2\/media\/108998"}],"wp:attachment":[{"href":"https:\/\/www.noticiasradioreflejos.com.ar\/2021\/wp-json\/wp\/v2\/media?parent=129125"}],"wp:term":[{"taxonomy":"category","embeddable":true,"href":"https:\/\/www.noticiasradioreflejos.com.ar\/2021\/wp-json\/wp\/v2\/categories?post=129125"},{"taxonomy":"post_tag","embeddable":true,"href":"https:\/\/www.noticiasradioreflejos.com.ar\/2021\/wp-json\/wp\/v2\/tags?post=129125"}],"curies":[{"name":"wp","href":"https:\/\/api.w.org\/{rel}","templated":true}]}}