{"id":129120,"date":"2025-12-02T06:53:09","date_gmt":"2025-12-02T09:53:09","guid":{"rendered":"https:\/\/www.noticiasradioreflejos.com.ar\/2021\/?p=129120"},"modified":"2025-12-02T09:26:44","modified_gmt":"2025-12-02T12:26:44","slug":"alerta-maxima-de-calor-la-comarca-serrana-de-ventania-y-gran-parte-del-oeste-bonaerense-las-mas-afectadas-por-temperaturas-extremas-y-escasez-de-lluvias","status":"publish","type":"post","link":"https:\/\/www.noticiasradioreflejos.com.ar\/2021\/alerta-maxima-de-calor-la-comarca-serrana-de-ventania-y-gran-parte-del-oeste-bonaerense-las-mas-afectadas-por-temperaturas-extremas-y-escasez-de-lluvias\/","title":{"rendered":"\u00a1Alerta M\u00e1xima de Calor! La Comarca Serrana de Ventania y gran parte del oeste bonaerense, las m\u00e1s afectadas por temperaturas extremas y escasez de lluvias"},"content":{"rendered":"<p>El Servicio Meteorol\u00f3gico Nacional (SMN) advierte que los distritos lindantes a La Pampa experimentar\u00e1n el verano m\u00e1s duro, con temperaturas <b>superiores a lo normal<\/b> entre diciembre y febrero. La <b>Comarca serrana de Ventania<\/b>, ubicada en el partido de Tornquist, se encuentra en el <b>epicentro de la ola de calor<\/b>, y junto a otros 30 municipios, deber\u00e1 extremar las precauciones ante el riesgo de golpe de calor y la falta de precipitaciones.<br \/>\n<!--more--><br \/>\nEl\u00a0<strong>Servicio Meteorol\u00f3gico Nacional<\/strong>\u00a0(<strong>SMN<\/strong>) advirti\u00f3 que desde diciembre y hasta febrero gran parte de la Argentina experimentar\u00e1\u00a0<strong>valores t\u00e9rmicos superiores a los normales<\/strong>. Y dentro de la\u00a0provincia de Buenos Aires, la franja de municipios de norte a sur y lindantes a La Pampa ser\u00e1n los que m\u00e1s sufrir\u00e1n el\u00a0<strong>calor<\/strong>\u00a0y la escasez de\u00a0<strong>lluvias<\/strong>.<\/p>\n<p>Si bien la mayor\u00eda de las miradas apuntan a la\u00a0Costa Atl\u00e1ntica argentina\u00a0por la llegada de las vacaciones, son alrededor de 30 partidos y un tercio del territorio bonaerense los que tendr\u00e1n el term\u00f3metro con temperaturas\u00a0superiores a lo habitual en esta \u00e9poca del a\u00f1o.<\/p>\n<p>De acuerdo al informe que analiz\u00f3 Agencia DIB, los municipios en los que se espera que el calor sea m\u00e1s intenso son\u00a0<strong>General Villegas, Ameghino, Pinto, Alem, Lincoln, Tejedor, Rivadavia, Pehuaj\u00f3, Trenque Lauquen, Pellegrini, Hip\u00f3lito Hirigoyen, Bol\u00edvar, Daireaux, Tres Lomas, Salliquel\u00f3, Alsina, Guamin\u00ed, La Madrid, Coronel Su\u00e1rez, Saavedra, Puan, Tornquist, Pringles, Dorrego, Monte Hermoso, Bah\u00eda Blanca, Rosales, Villarino, Patagones, Tres Arroyos, San Cayetano y Necochea<\/strong>.<\/p>\n<p>El resto de la provincia, en tanto, todo indica que existe hasta un 45% de probabilidad de que los valores t\u00e9rmicos sean superiores a lo habitual, seg\u00fan el reciente Pron\u00f3stico Clim\u00e1tico Trimestral del SMN. En ese sentido, entran las localidades costeras como Mar del Plata, Villa Gesell y Pinamar, entre otras.<\/p>\n<p>En cuanto a las precipitaciones, el pron\u00f3stico indica que la\u00a0<strong>Costa Atl\u00e1ntica<\/strong>\u00a0permanecer\u00e1 en un\u00a0<strong>escenario de normalidad,<\/strong>\u00a0con una cantidad de d\u00edas de lluvia prevista para enero y febrero que coincide con el promedio hist\u00f3rico, el cual supera ligeramente los\u00a0<strong>100 mil\u00edmetros mensuales<\/strong>.<\/p>\n<p>Sin embargo, existe una mayor probabilidad de menores precipitaciones en los municipios en donde se esperan las temperaturas m\u00e1s altas. Justamente varias localidades de esta regi\u00f3n atravesaron este a\u00f1o fuertes inundaciones, como ocurri\u00f3 con Bah\u00eda Blanca.<\/p>\n<p>Frente a la ola de calor, el Ministerio de Salud de la Naci\u00f3n emite las siguientes recomendaciones dirigidas a toda la poblaci\u00f3n y, en especial, a los grupos de riesgo, como ni\u00f1os y adultos mayores:<\/p>\n<ul class=\"wp-block-list\">\n<li>Hidratarse, sin esperar a sentir sed, con m\u00e1s frecuencia que lo habitual.<\/li>\n<li>En caso de estar amamantando, hacerlo m\u00e1s seguido.<\/li>\n<li>No realizar actividad f\u00edsica intensa.<\/li>\n<li>Evitar la exposici\u00f3n al sol entre las 10 y las 16 horas.<\/li>\n<li>Solicitar atenci\u00f3n m\u00e9dica en caso de tener alguno de estos s\u00edntomas: temperatura corporal mayor a 39\u00b0C, n\u00e1useas o v\u00f3mitos, mareos o desmayos, sed intensa y sequedad en la boca, sudoraci\u00f3n excesiva, piel muy seca, dolor de est\u00f3mago y de cabeza.<\/li>\n<\/ul>\n","protected":false},"excerpt":{"rendered":"<p>El Servicio Meteorol\u00f3gico Nacional (SMN) advierte que los distritos lindantes a La Pampa experimentar\u00e1n el verano m\u00e1s duro, con temperaturas superiores a lo normal entre diciembre y febrero. La Comarca serrana de Ventania, ubicada en el partido de Tornquist, se encuentra en el epicentro de la ola de calor, y junto a otros 30 municipios, [&hellip;]<\/p>\n","protected":false},"author":3,"featured_media":88057,"comment_status":"closed","ping_status":"closed","sticky":false,"template":"","format":"standard","meta":{"footnotes":""},"categories":[46],"tags":[48],"class_list":["post-129120","post","type-post","status-publish","format-standard","has-post-thumbnail","hentry","category-ciencia-y-tecnologia","tag-destacada"],"yoast_head":"<!-- This site is optimized with the Yoast SEO plugin v25.9 - https:\/\/yoast.com\/wordpress\/plugins\/seo\/ -->\n<title>\u00a1Alerta M\u00e1xima de Calor! La Comarca Serrana de Ventania y gran parte del oeste bonaerense, las m\u00e1s afectadas por temperaturas extremas y escasez de lluvias - Noticias Radio Reflejos<\/title>\n<meta name=\"robots\" content=\"index, follow, max-snippet:-1, max-image-preview:large, max-video-preview:-1\" \/>\n<link rel=\"canonical\" href=\"https:\/\/www.noticiasradioreflejos.com.ar\/2021\/alerta-maxima-de-calor-la-comarca-serrana-de-ventania-y-gran-parte-del-oeste-bonaerense-las-mas-afectadas-por-temperaturas-extremas-y-escasez-de-lluvias\/\" \/>\n<meta property=\"og:locale\" content=\"es_ES\" \/>\n<meta property=\"og:type\" content=\"article\" \/>\n<meta property=\"og:title\" content=\"\u00a1Alerta M\u00e1xima de Calor! La Comarca Serrana de Ventania y gran parte del oeste bonaerense, las m\u00e1s afectadas por temperaturas extremas y escasez de lluvias - Noticias Radio Reflejos\" \/>\n<meta property=\"og:description\" content=\"El Servicio Meteorol\u00f3gico Nacional (SMN) advierte que los distritos lindantes a La Pampa experimentar\u00e1n el verano m\u00e1s duro, con temperaturas superiores a lo normal entre diciembre y febrero. La Comarca serrana de Ventania, ubicada en el partido de Tornquist, se encuentra en el epicentro de la ola de calor, y junto a otros 30 municipios, [&hellip;]\" \/>\n<meta property=\"og:url\" content=\"https:\/\/www.noticiasradioreflejos.com.ar\/2021\/alerta-maxima-de-calor-la-comarca-serrana-de-ventania-y-gran-parte-del-oeste-bonaerense-las-mas-afectadas-por-temperaturas-extremas-y-escasez-de-lluvias\/\" \/>\n<meta property=\"og:site_name\" content=\"Noticias Radio Reflejos\" \/>\n<meta property=\"article:published_time\" content=\"2025-12-02T09:53:09+00:00\" \/>\n<meta property=\"article:modified_time\" content=\"2025-12-02T12:26:44+00:00\" \/>\n<meta property=\"og:image\" content=\"https:\/\/www.noticiasradioreflejos.com.ar\/2021\/wp-content\/uploads\/2023\/05\/Ola-de-calor.jpg\" \/>\n\t<meta property=\"og:image:width\" content=\"1024\" \/>\n\t<meta property=\"og:image:height\" content=\"576\" \/>\n\t<meta property=\"og:image:type\" content=\"image\/jpeg\" \/>\n<meta name=\"author\" content=\"Arnaldo Botto\" \/>\n<meta name=\"twitter:card\" content=\"summary_large_image\" \/>\n<script type=\"application\/ld+json\" class=\"yoast-schema-graph\">{\"@context\":\"https:\/\/schema.org\",\"@graph\":[{\"@type\":\"WebPage\",\"@id\":\"https:\/\/www.noticiasradioreflejos.com.ar\/2021\/alerta-maxima-de-calor-la-comarca-serrana-de-ventania-y-gran-parte-del-oeste-bonaerense-las-mas-afectadas-por-temperaturas-extremas-y-escasez-de-lluvias\/\",\"url\":\"https:\/\/www.noticiasradioreflejos.com.ar\/2021\/alerta-maxima-de-calor-la-comarca-serrana-de-ventania-y-gran-parte-del-oeste-bonaerense-las-mas-afectadas-por-temperaturas-extremas-y-escasez-de-lluvias\/\",\"name\":\"\u00a1Alerta M\u00e1xima de Calor! La Comarca Serrana de Ventania y gran parte del oeste bonaerense, las m\u00e1s afectadas por temperaturas extremas y escasez de lluvias - Noticias Radio Reflejos\",\"isPartOf\":{\"@id\":\"https:\/\/www.noticiasradioreflejos.com.ar\/2021\/#website\"},\"primaryImageOfPage\":{\"@id\":\"https:\/\/www.noticiasradioreflejos.com.ar\/2021\/alerta-maxima-de-calor-la-comarca-serrana-de-ventania-y-gran-parte-del-oeste-bonaerense-las-mas-afectadas-por-temperaturas-extremas-y-escasez-de-lluvias\/#primaryimage\"},\"image\":{\"@id\":\"https:\/\/www.noticiasradioreflejos.com.ar\/2021\/alerta-maxima-de-calor-la-comarca-serrana-de-ventania-y-gran-parte-del-oeste-bonaerense-las-mas-afectadas-por-temperaturas-extremas-y-escasez-de-lluvias\/#primaryimage\"},\"thumbnailUrl\":\"https:\/\/www.noticiasradioreflejos.com.ar\/2021\/wp-content\/uploads\/2023\/05\/Ola-de-calor.jpg\",\"datePublished\":\"2025-12-02T09:53:09+00:00\",\"dateModified\":\"2025-12-02T12:26:44+00:00\",\"author\":{\"@id\":\"https:\/\/www.noticiasradioreflejos.com.ar\/2021\/#\/schema\/person\/ad82545263dcc5ec0996818884fd5fb1\"},\"breadcrumb\":{\"@id\":\"https:\/\/www.noticiasradioreflejos.com.ar\/2021\/alerta-maxima-de-calor-la-comarca-serrana-de-ventania-y-gran-parte-del-oeste-bonaerense-las-mas-afectadas-por-temperaturas-extremas-y-escasez-de-lluvias\/#breadcrumb\"},\"inLanguage\":\"es\",\"potentialAction\":[{\"@type\":\"ReadAction\",\"target\":[\"https:\/\/www.noticiasradioreflejos.com.ar\/2021\/alerta-maxima-de-calor-la-comarca-serrana-de-ventania-y-gran-parte-del-oeste-bonaerense-las-mas-afectadas-por-temperaturas-extremas-y-escasez-de-lluvias\/\"]}]},{\"@type\":\"ImageObject\",\"inLanguage\":\"es\",\"@id\":\"https:\/\/www.noticiasradioreflejos.com.ar\/2021\/alerta-maxima-de-calor-la-comarca-serrana-de-ventania-y-gran-parte-del-oeste-bonaerense-las-mas-afectadas-por-temperaturas-extremas-y-escasez-de-lluvias\/#primaryimage\",\"url\":\"https:\/\/www.noticiasradioreflejos.com.ar\/2021\/wp-content\/uploads\/2023\/05\/Ola-de-calor.jpg\",\"contentUrl\":\"https:\/\/www.noticiasradioreflejos.com.ar\/2021\/wp-content\/uploads\/2023\/05\/Ola-de-calor.jpg\",\"width\":1024,\"height\":576},{\"@type\":\"BreadcrumbList\",\"@id\":\"https:\/\/www.noticiasradioreflejos.com.ar\/2021\/alerta-maxima-de-calor-la-comarca-serrana-de-ventania-y-gran-parte-del-oeste-bonaerense-las-mas-afectadas-por-temperaturas-extremas-y-escasez-de-lluvias\/#breadcrumb\",\"itemListElement\":[{\"@type\":\"ListItem\",\"position\":1,\"name\":\"Portada\",\"item\":\"https:\/\/www.noticiasradioreflejos.com.ar\/2021\/\"},{\"@type\":\"ListItem\",\"position\":2,\"name\":\"\u00a1Alerta M\u00e1xima de Calor! La Comarca Serrana de Ventania y gran parte del oeste bonaerense, las m\u00e1s afectadas por temperaturas extremas y escasez de lluvias\"}]},{\"@type\":\"WebSite\",\"@id\":\"https:\/\/www.noticiasradioreflejos.com.ar\/2021\/#website\",\"url\":\"https:\/\/www.noticiasradioreflejos.com.ar\/2021\/\",\"name\":\"Noticias Radio Reflejos\",\"description\":\"Las noticias de mi comarca\",\"potentialAction\":[{\"@type\":\"SearchAction\",\"target\":{\"@type\":\"EntryPoint\",\"urlTemplate\":\"https:\/\/www.noticiasradioreflejos.com.ar\/2021\/?s={search_term_string}\"},\"query-input\":{\"@type\":\"PropertyValueSpecification\",\"valueRequired\":true,\"valueName\":\"search_term_string\"}}],\"inLanguage\":\"es\"},{\"@type\":\"Person\",\"@id\":\"https:\/\/www.noticiasradioreflejos.com.ar\/2021\/#\/schema\/person\/ad82545263dcc5ec0996818884fd5fb1\",\"name\":\"Arnaldo Botto\",\"image\":{\"@type\":\"ImageObject\",\"inLanguage\":\"es\",\"@id\":\"https:\/\/www.noticiasradioreflejos.com.ar\/2021\/#\/schema\/person\/image\/\",\"url\":\"https:\/\/secure.gravatar.com\/avatar\/55cb5e37c1efa326397366e6974cb338056df65cb50e7d64d1cf314e87504837?s=96&d=mm&r=g\",\"contentUrl\":\"https:\/\/secure.gravatar.com\/avatar\/55cb5e37c1efa326397366e6974cb338056df65cb50e7d64d1cf314e87504837?s=96&d=mm&r=g\",\"caption\":\"Arnaldo Botto\"},\"url\":\"https:\/\/www.noticiasradioreflejos.com.ar\/2021\/author\/arnaldo\/\"}]}<\/script>\n<!-- \/ Yoast SEO plugin. -->","yoast_head_json":{"title":"\u00a1Alerta M\u00e1xima de Calor! La Comarca Serrana de Ventania y gran parte del oeste bonaerense, las m\u00e1s afectadas por temperaturas extremas y escasez de lluvias - Noticias Radio Reflejos","robots":{"index":"index","follow":"follow","max-snippet":"max-snippet:-1","max-image-preview":"max-image-preview:large","max-video-preview":"max-video-preview:-1"},"canonical":"https:\/\/www.noticiasradioreflejos.com.ar\/2021\/alerta-maxima-de-calor-la-comarca-serrana-de-ventania-y-gran-parte-del-oeste-bonaerense-las-mas-afectadas-por-temperaturas-extremas-y-escasez-de-lluvias\/","og_locale":"es_ES","og_type":"article","og_title":"\u00a1Alerta M\u00e1xima de Calor! La Comarca Serrana de Ventania y gran parte del oeste bonaerense, las m\u00e1s afectadas por temperaturas extremas y escasez de lluvias - Noticias Radio Reflejos","og_description":"El Servicio Meteorol\u00f3gico Nacional (SMN) advierte que los distritos lindantes a La Pampa experimentar\u00e1n el verano m\u00e1s duro, con temperaturas superiores a lo normal entre diciembre y febrero. La Comarca serrana de Ventania, ubicada en el partido de Tornquist, se encuentra en el epicentro de la ola de calor, y junto a otros 30 municipios, [&hellip;]","og_url":"https:\/\/www.noticiasradioreflejos.com.ar\/2021\/alerta-maxima-de-calor-la-comarca-serrana-de-ventania-y-gran-parte-del-oeste-bonaerense-las-mas-afectadas-por-temperaturas-extremas-y-escasez-de-lluvias\/","og_site_name":"Noticias Radio Reflejos","article_published_time":"2025-12-02T09:53:09+00:00","article_modified_time":"2025-12-02T12:26:44+00:00","og_image":[{"width":1024,"height":576,"url":"https:\/\/www.noticiasradioreflejos.com.ar\/2021\/wp-content\/uploads\/2023\/05\/Ola-de-calor.jpg","type":"image\/jpeg"}],"author":"Arnaldo Botto","twitter_card":"summary_large_image","schema":{"@context":"https:\/\/schema.org","@graph":[{"@type":"WebPage","@id":"https:\/\/www.noticiasradioreflejos.com.ar\/2021\/alerta-maxima-de-calor-la-comarca-serrana-de-ventania-y-gran-parte-del-oeste-bonaerense-las-mas-afectadas-por-temperaturas-extremas-y-escasez-de-lluvias\/","url":"https:\/\/www.noticiasradioreflejos.com.ar\/2021\/alerta-maxima-de-calor-la-comarca-serrana-de-ventania-y-gran-parte-del-oeste-bonaerense-las-mas-afectadas-por-temperaturas-extremas-y-escasez-de-lluvias\/","name":"\u00a1Alerta M\u00e1xima de Calor! La Comarca Serrana de Ventania y gran parte del oeste bonaerense, las m\u00e1s afectadas por temperaturas extremas y escasez de lluvias - Noticias Radio Reflejos","isPartOf":{"@id":"https:\/\/www.noticiasradioreflejos.com.ar\/2021\/#website"},"primaryImageOfPage":{"@id":"https:\/\/www.noticiasradioreflejos.com.ar\/2021\/alerta-maxima-de-calor-la-comarca-serrana-de-ventania-y-gran-parte-del-oeste-bonaerense-las-mas-afectadas-por-temperaturas-extremas-y-escasez-de-lluvias\/#primaryimage"},"image":{"@id":"https:\/\/www.noticiasradioreflejos.com.ar\/2021\/alerta-maxima-de-calor-la-comarca-serrana-de-ventania-y-gran-parte-del-oeste-bonaerense-las-mas-afectadas-por-temperaturas-extremas-y-escasez-de-lluvias\/#primaryimage"},"thumbnailUrl":"https:\/\/www.noticiasradioreflejos.com.ar\/2021\/wp-content\/uploads\/2023\/05\/Ola-de-calor.jpg","datePublished":"2025-12-02T09:53:09+00:00","dateModified":"2025-12-02T12:26:44+00:00","author":{"@id":"https:\/\/www.noticiasradioreflejos.com.ar\/2021\/#\/schema\/person\/ad82545263dcc5ec0996818884fd5fb1"},"breadcrumb":{"@id":"https:\/\/www.noticiasradioreflejos.com.ar\/2021\/alerta-maxima-de-calor-la-comarca-serrana-de-ventania-y-gran-parte-del-oeste-bonaerense-las-mas-afectadas-por-temperaturas-extremas-y-escasez-de-lluvias\/#breadcrumb"},"inLanguage":"es","potentialAction":[{"@type":"ReadAction","target":["https:\/\/www.noticiasradioreflejos.com.ar\/2021\/alerta-maxima-de-calor-la-comarca-serrana-de-ventania-y-gran-parte-del-oeste-bonaerense-las-mas-afectadas-por-temperaturas-extremas-y-escasez-de-lluvias\/"]}]},{"@type":"ImageObject","inLanguage":"es","@id":"https:\/\/www.noticiasradioreflejos.com.ar\/2021\/alerta-maxima-de-calor-la-comarca-serrana-de-ventania-y-gran-parte-del-oeste-bonaerense-las-mas-afectadas-por-temperaturas-extremas-y-escasez-de-lluvias\/#primaryimage","url":"https:\/\/www.noticiasradioreflejos.com.ar\/2021\/wp-content\/uploads\/2023\/05\/Ola-de-calor.jpg","contentUrl":"https:\/\/www.noticiasradioreflejos.com.ar\/2021\/wp-content\/uploads\/2023\/05\/Ola-de-calor.jpg","width":1024,"height":576},{"@type":"BreadcrumbList","@id":"https:\/\/www.noticiasradioreflejos.com.ar\/2021\/alerta-maxima-de-calor-la-comarca-serrana-de-ventania-y-gran-parte-del-oeste-bonaerense-las-mas-afectadas-por-temperaturas-extremas-y-escasez-de-lluvias\/#breadcrumb","itemListElement":[{"@type":"ListItem","position":1,"name":"Portada","item":"https:\/\/www.noticiasradioreflejos.com.ar\/2021\/"},{"@type":"ListItem","position":2,"name":"\u00a1Alerta M\u00e1xima de Calor! La Comarca Serrana de Ventania y gran parte del oeste bonaerense, las m\u00e1s afectadas por temperaturas extremas y escasez de lluvias"}]},{"@type":"WebSite","@id":"https:\/\/www.noticiasradioreflejos.com.ar\/2021\/#website","url":"https:\/\/www.noticiasradioreflejos.com.ar\/2021\/","name":"Noticias Radio Reflejos","description":"Las noticias de mi comarca","potentialAction":[{"@type":"SearchAction","target":{"@type":"EntryPoint","urlTemplate":"https:\/\/www.noticiasradioreflejos.com.ar\/2021\/?s={search_term_string}"},"query-input":{"@type":"PropertyValueSpecification","valueRequired":true,"valueName":"search_term_string"}}],"inLanguage":"es"},{"@type":"Person","@id":"https:\/\/www.noticiasradioreflejos.com.ar\/2021\/#\/schema\/person\/ad82545263dcc5ec0996818884fd5fb1","name":"Arnaldo Botto","image":{"@type":"ImageObject","inLanguage":"es","@id":"https:\/\/www.noticiasradioreflejos.com.ar\/2021\/#\/schema\/person\/image\/","url":"https:\/\/secure.gravatar.com\/avatar\/55cb5e37c1efa326397366e6974cb338056df65cb50e7d64d1cf314e87504837?s=96&d=mm&r=g","contentUrl":"https:\/\/secure.gravatar.com\/avatar\/55cb5e37c1efa326397366e6974cb338056df65cb50e7d64d1cf314e87504837?s=96&d=mm&r=g","caption":"Arnaldo Botto"},"url":"https:\/\/www.noticiasradioreflejos.com.ar\/2021\/author\/arnaldo\/"}]}},"_links":{"self":[{"href":"https:\/\/www.noticiasradioreflejos.com.ar\/2021\/wp-json\/wp\/v2\/posts\/129120","targetHints":{"allow":["GET"]}}],"collection":[{"href":"https:\/\/www.noticiasradioreflejos.com.ar\/2021\/wp-json\/wp\/v2\/posts"}],"about":[{"href":"https:\/\/www.noticiasradioreflejos.com.ar\/2021\/wp-json\/wp\/v2\/types\/post"}],"author":[{"embeddable":true,"href":"https:\/\/www.noticiasradioreflejos.com.ar\/2021\/wp-json\/wp\/v2\/users\/3"}],"replies":[{"embeddable":true,"href":"https:\/\/www.noticiasradioreflejos.com.ar\/2021\/wp-json\/wp\/v2\/comments?post=129120"}],"version-history":[{"count":2,"href":"https:\/\/www.noticiasradioreflejos.com.ar\/2021\/wp-json\/wp\/v2\/posts\/129120\/revisions"}],"predecessor-version":[{"id":129151,"href":"https:\/\/www.noticiasradioreflejos.com.ar\/2021\/wp-json\/wp\/v2\/posts\/129120\/revisions\/129151"}],"wp:featuredmedia":[{"embeddable":true,"href":"https:\/\/www.noticiasradioreflejos.com.ar\/2021\/wp-json\/wp\/v2\/media\/88057"}],"wp:attachment":[{"href":"https:\/\/www.noticiasradioreflejos.com.ar\/2021\/wp-json\/wp\/v2\/media?parent=129120"}],"wp:term":[{"taxonomy":"category","embeddable":true,"href":"https:\/\/www.noticiasradioreflejos.com.ar\/2021\/wp-json\/wp\/v2\/categories?post=129120"},{"taxonomy":"post_tag","embeddable":true,"href":"https:\/\/www.noticiasradioreflejos.com.ar\/2021\/wp-json\/wp\/v2\/tags?post=129120"}],"curies":[{"name":"wp","href":"https:\/\/api.w.org\/{rel}","templated":true}]}}