{"id":129117,"date":"2025-12-01T17:29:43","date_gmt":"2025-12-01T20:29:43","guid":{"rendered":"https:\/\/www.noticiasradioreflejos.com.ar\/2021\/?p=129117"},"modified":"2025-12-01T17:29:43","modified_gmt":"2025-12-01T20:29:43","slug":"la-crisis-golpea-desde-las-fabricas-a-las-panaderias-denuncian-mas-cierres-y-despidos","status":"publish","type":"post","link":"https:\/\/www.noticiasradioreflejos.com.ar\/2021\/la-crisis-golpea-desde-las-fabricas-a-las-panaderias-denuncian-mas-cierres-y-despidos\/","title":{"rendered":"La crisis golpea desde las f\u00e1bricas a las panader\u00edas: denuncian m\u00e1s cierres y despidos"},"content":{"rendered":"<p>Noviembre dej\u00f3 solo en la provincia de Buenos Aires cierres de plantas emblem\u00e1ticas y al menos 700 despidos. Desde la UIA admitieron un \u201cescenario complejo\u201d pero defienden la reforma laboral que plantea el Gobierno. Se\u00f1alan que ya cerraron 1.800 panader\u00edas.<!--more--><br \/>\nNoviembre cerr\u00f3 con cifras alarmantes para la industria. En las \u00faltimas semanas, al menos cinco f\u00e1bricas anunciaron su cierre, lo que implic\u00f3 solo en la provincia de Buenos Aires unos 700 despedidos. El caso m\u00e1s resonante fue el de Whirlpool, cuya planta en Pilar dej\u00f3 de operar y sus 220 trabajadores fueron desvinculados, pero tambi\u00e9n se sumaron empresas m\u00e1s peque\u00f1as y firmas del rubro met\u00e1lico, autopartes, textil y manufactura liviana, en otros puntos del pa\u00eds.<\/p>\n<div class=\"partner-wrapper article-page__body-row\">\n<div class=\"second-col\">\n<p class=\"article-text\">El secretario general de la CGT Z\u00e1rate-Campana, Carlos Guti\u00e9rrez, advirti\u00f3 que\u00a0la econom\u00eda atraviesa un \u201cindustricidio\u201d, que podr\u00eda reemplazar empleo formal por trabajos de aplicaciones como Uber o Rappi. Este lunes el titular de la UIA,\u00a0<strong>Mart\u00edn Rappallini<\/strong>, admiti\u00f3 que el escenario \u201ces complejo\u201d, pero no dud\u00f3 en apoyar el proyecto de flexibilizaci\u00f3n laboral que el Gobierno se encamina a discutir en el Congreso durante el verano.<\/p>\n<p class=\"article-text\">\u201cTodos estas transiciones han sido muy complejas en el mundo, pero tambi\u00e9n ese es el di\u00e1logo que estamos teniendo con el gobierno: hay que acompa\u00f1ar a las empresas para que puedan llegar al otro lado. Este es el gran desaf\u00edo\u201d, justific\u00f3 Rappallini en declaraciones radiales.<\/p>\n<figure class=\"embed-container embed-container--type-youtube ratio\"><script src=\"https:\/\/www.youtube.com\/iframe_api\"><\/script><script type=\"module\">window.marfeel.cmd.push(['multimedia', function(multimedia) { multimedia.initializeItem('yt-Meh-gFndk3w-9463', 'youtube', 'Meh-gFndk3w', document.getElementById('yt-Meh-gFndk3w-9463')); }]);<\/script><iframe id=\"yt-Meh-gFndk3w-9463\" title=\"&quot;Los empresarios quieren tomar empleados pero hoy es un problema&quot;: Rappallini, UIA #DeAc\u00e1EnM\u00e1s\" src=\"https:\/\/www.youtube.com\/embed\/Meh-gFndk3w?enablejsapi=1\" frameborder=\"0\" data-gtm-yt-inspected-34399851_303=\"true\" data-gtm-yt-inspected-34399851_396=\"true\" data-gtm-yt-inspected-41=\"true\" data-mce-fragment=\"1\"><\/iframe><\/figure>\n<p class=\"article-text\">Tras la noticia de Whirlpool, el fin de semana se conoci\u00f3 que la f\u00e1brica de muebles Color Living, ubicada en Tigre, cerr\u00f3 sus puertas y despidi\u00f3 a 40 empleados. La empresa atribuy\u00f3 la medida a la fuerte ca\u00edda de la demanda y a la apertura de importaciones. Durante noviembre tambi\u00e9n se supo que Fr\u00e1vega anunci\u00f3 el cierre de una planta en Temperley, quebr\u00f3 La Suipachense y hubo despidos en la f\u00e1brica de ollas Essen, en una petroqu\u00edmica de Quilmes y cierres en Bah\u00eda Blanca. Este lunes se supo que la cadena mayorista Caromar cerr\u00f3 su sucursal de Mar del Plata, dejando en la calle a 15 empleados.<\/p>\n<p class=\"article-text\">Los despidos y cierres por goteo son ejemplos de un panorama alarmante. Seg\u00fan los propios datos de la UIA en el Informe de Indicadores Laborales,\u00a0<strong>durante los primeros siete meses del a\u00f1o, el sector manufacturero acumul\u00f3 una p\u00e9rdida superior a los 12.000 puestos formales.<\/strong>\u00a0Seg\u00fan el Centro de Econom\u00eda Pol\u00edtica Argentina (CEPA), en los primeros 19 meses de gesti\u00f3n de Javier Milei en toda la econom\u00eda hubo una p\u00e9rdida de 19.164 empleadores y 276.624 puestos de trabajo formales.<\/p>\n<p class=\"article-text\">Y la crisis afecta de manera estructural a distintos rubros. Este lunes el presidente del Centro de Panaderos de Merlo, Mart\u00edn Pinto, denunci\u00f3 el\u00a0<strong>cierre de 1.800 panader\u00edas en todo el pa\u00eds y la p\u00e9rdida de m\u00e1s de 15.000 puestos de trabajo<\/strong>\u00a0en dos a\u00f1os a partir de la suba de costos y ca\u00edda de la demanda.<\/p>\n<div id=\"container-after-news-outlook\"><\/div>\n<p class=\"article-text\">Pinto afirm\u00f3 que el sector solo est\u00e1 \u201csubsistiendo\u201d y que experiment\u00f3 una ca\u00edda de venta de un 55%, mientras las boletas de luz registraron un aumento de entre un 45% y un 50% en comparaci\u00f3n con el mes anterior. \u201cLa gente hoy compra lo que puede y no lo que quiere\u201d, dijo en el panadero.<\/p>\n<p>&nbsp;<\/p>\n<p class=\"article-text\"><strong><em>MC &#8211; elDiarioAR<\/em><\/strong><\/p>\n<\/div>\n<\/div>\n","protected":false},"excerpt":{"rendered":"<p>Noviembre dej\u00f3 solo en la provincia de Buenos Aires cierres de plantas emblem\u00e1ticas y al menos 700 despidos. Desde la UIA admitieron un \u201cescenario complejo\u201d pero defienden la reforma laboral que plantea el Gobierno. Se\u00f1alan que ya cerraron 1.800 panader\u00edas.<\/p>\n","protected":false},"author":3,"featured_media":129118,"comment_status":"closed","ping_status":"closed","sticky":false,"template":"","format":"standard","meta":{"footnotes":""},"categories":[36],"tags":[],"class_list":["post-129117","post","type-post","status-publish","format-standard","has-post-thumbnail","hentry","category-economia"],"yoast_head":"<!-- This site is optimized with the Yoast SEO plugin v25.9 - https:\/\/yoast.com\/wordpress\/plugins\/seo\/ -->\n<title>La crisis golpea desde las f\u00e1bricas a las panader\u00edas: denuncian m\u00e1s cierres y despidos - Noticias Radio Reflejos<\/title>\n<meta name=\"robots\" content=\"index, follow, max-snippet:-1, max-image-preview:large, max-video-preview:-1\" \/>\n<link rel=\"canonical\" href=\"https:\/\/www.noticiasradioreflejos.com.ar\/2021\/la-crisis-golpea-desde-las-fabricas-a-las-panaderias-denuncian-mas-cierres-y-despidos\/\" \/>\n<meta property=\"og:locale\" content=\"es_ES\" \/>\n<meta property=\"og:type\" content=\"article\" \/>\n<meta property=\"og:title\" content=\"La crisis golpea desde las f\u00e1bricas a las panader\u00edas: denuncian m\u00e1s cierres y despidos - Noticias Radio Reflejos\" \/>\n<meta property=\"og:description\" content=\"Noviembre dej\u00f3 solo en la provincia de Buenos Aires cierres de plantas emblem\u00e1ticas y al menos 700 despidos. Desde la UIA admitieron un \u201cescenario complejo\u201d pero defienden la reforma laboral que plantea el Gobierno. Se\u00f1alan que ya cerraron 1.800 panader\u00edas.\" \/>\n<meta property=\"og:url\" content=\"https:\/\/www.noticiasradioreflejos.com.ar\/2021\/la-crisis-golpea-desde-las-fabricas-a-las-panaderias-denuncian-mas-cierres-y-despidos\/\" \/>\n<meta property=\"og:site_name\" content=\"Noticias Radio Reflejos\" \/>\n<meta property=\"article:published_time\" content=\"2025-12-01T20:29:43+00:00\" \/>\n<meta property=\"og:image\" content=\"https:\/\/www.noticiasradioreflejos.com.ar\/2021\/wp-content\/uploads\/2025\/12\/panadero.webp\" \/>\n\t<meta property=\"og:image:width\" content=\"1200\" \/>\n\t<meta property=\"og:image:height\" content=\"675\" \/>\n\t<meta property=\"og:image:type\" content=\"image\/webp\" \/>\n<meta name=\"author\" content=\"Arnaldo Botto\" \/>\n<meta name=\"twitter:card\" content=\"summary_large_image\" \/>\n<script type=\"application\/ld+json\" class=\"yoast-schema-graph\">{\"@context\":\"https:\/\/schema.org\",\"@graph\":[{\"@type\":\"WebPage\",\"@id\":\"https:\/\/www.noticiasradioreflejos.com.ar\/2021\/la-crisis-golpea-desde-las-fabricas-a-las-panaderias-denuncian-mas-cierres-y-despidos\/\",\"url\":\"https:\/\/www.noticiasradioreflejos.com.ar\/2021\/la-crisis-golpea-desde-las-fabricas-a-las-panaderias-denuncian-mas-cierres-y-despidos\/\",\"name\":\"La crisis golpea desde las f\u00e1bricas a las panader\u00edas: denuncian m\u00e1s cierres y despidos - Noticias Radio Reflejos\",\"isPartOf\":{\"@id\":\"https:\/\/www.noticiasradioreflejos.com.ar\/2021\/#website\"},\"primaryImageOfPage\":{\"@id\":\"https:\/\/www.noticiasradioreflejos.com.ar\/2021\/la-crisis-golpea-desde-las-fabricas-a-las-panaderias-denuncian-mas-cierres-y-despidos\/#primaryimage\"},\"image\":{\"@id\":\"https:\/\/www.noticiasradioreflejos.com.ar\/2021\/la-crisis-golpea-desde-las-fabricas-a-las-panaderias-denuncian-mas-cierres-y-despidos\/#primaryimage\"},\"thumbnailUrl\":\"https:\/\/www.noticiasradioreflejos.com.ar\/2021\/wp-content\/uploads\/2025\/12\/panadero.webp\",\"datePublished\":\"2025-12-01T20:29:43+00:00\",\"author\":{\"@id\":\"https:\/\/www.noticiasradioreflejos.com.ar\/2021\/#\/schema\/person\/ad82545263dcc5ec0996818884fd5fb1\"},\"breadcrumb\":{\"@id\":\"https:\/\/www.noticiasradioreflejos.com.ar\/2021\/la-crisis-golpea-desde-las-fabricas-a-las-panaderias-denuncian-mas-cierres-y-despidos\/#breadcrumb\"},\"inLanguage\":\"es\",\"potentialAction\":[{\"@type\":\"ReadAction\",\"target\":[\"https:\/\/www.noticiasradioreflejos.com.ar\/2021\/la-crisis-golpea-desde-las-fabricas-a-las-panaderias-denuncian-mas-cierres-y-despidos\/\"]}]},{\"@type\":\"ImageObject\",\"inLanguage\":\"es\",\"@id\":\"https:\/\/www.noticiasradioreflejos.com.ar\/2021\/la-crisis-golpea-desde-las-fabricas-a-las-panaderias-denuncian-mas-cierres-y-despidos\/#primaryimage\",\"url\":\"https:\/\/www.noticiasradioreflejos.com.ar\/2021\/wp-content\/uploads\/2025\/12\/panadero.webp\",\"contentUrl\":\"https:\/\/www.noticiasradioreflejos.com.ar\/2021\/wp-content\/uploads\/2025\/12\/panadero.webp\",\"width\":1200,\"height\":675},{\"@type\":\"BreadcrumbList\",\"@id\":\"https:\/\/www.noticiasradioreflejos.com.ar\/2021\/la-crisis-golpea-desde-las-fabricas-a-las-panaderias-denuncian-mas-cierres-y-despidos\/#breadcrumb\",\"itemListElement\":[{\"@type\":\"ListItem\",\"position\":1,\"name\":\"Portada\",\"item\":\"https:\/\/www.noticiasradioreflejos.com.ar\/2021\/\"},{\"@type\":\"ListItem\",\"position\":2,\"name\":\"La crisis golpea desde las f\u00e1bricas a las panader\u00edas: denuncian m\u00e1s cierres y despidos\"}]},{\"@type\":\"WebSite\",\"@id\":\"https:\/\/www.noticiasradioreflejos.com.ar\/2021\/#website\",\"url\":\"https:\/\/www.noticiasradioreflejos.com.ar\/2021\/\",\"name\":\"Noticias Radio Reflejos\",\"description\":\"Las noticias de mi comarca\",\"potentialAction\":[{\"@type\":\"SearchAction\",\"target\":{\"@type\":\"EntryPoint\",\"urlTemplate\":\"https:\/\/www.noticiasradioreflejos.com.ar\/2021\/?s={search_term_string}\"},\"query-input\":{\"@type\":\"PropertyValueSpecification\",\"valueRequired\":true,\"valueName\":\"search_term_string\"}}],\"inLanguage\":\"es\"},{\"@type\":\"Person\",\"@id\":\"https:\/\/www.noticiasradioreflejos.com.ar\/2021\/#\/schema\/person\/ad82545263dcc5ec0996818884fd5fb1\",\"name\":\"Arnaldo Botto\",\"image\":{\"@type\":\"ImageObject\",\"inLanguage\":\"es\",\"@id\":\"https:\/\/www.noticiasradioreflejos.com.ar\/2021\/#\/schema\/person\/image\/\",\"url\":\"https:\/\/secure.gravatar.com\/avatar\/55cb5e37c1efa326397366e6974cb338056df65cb50e7d64d1cf314e87504837?s=96&d=mm&r=g\",\"contentUrl\":\"https:\/\/secure.gravatar.com\/avatar\/55cb5e37c1efa326397366e6974cb338056df65cb50e7d64d1cf314e87504837?s=96&d=mm&r=g\",\"caption\":\"Arnaldo Botto\"},\"url\":\"https:\/\/www.noticiasradioreflejos.com.ar\/2021\/author\/arnaldo\/\"}]}<\/script>\n<!-- \/ Yoast SEO plugin. -->","yoast_head_json":{"title":"La crisis golpea desde las f\u00e1bricas a las panader\u00edas: denuncian m\u00e1s cierres y despidos - Noticias Radio Reflejos","robots":{"index":"index","follow":"follow","max-snippet":"max-snippet:-1","max-image-preview":"max-image-preview:large","max-video-preview":"max-video-preview:-1"},"canonical":"https:\/\/www.noticiasradioreflejos.com.ar\/2021\/la-crisis-golpea-desde-las-fabricas-a-las-panaderias-denuncian-mas-cierres-y-despidos\/","og_locale":"es_ES","og_type":"article","og_title":"La crisis golpea desde las f\u00e1bricas a las panader\u00edas: denuncian m\u00e1s cierres y despidos - Noticias Radio Reflejos","og_description":"Noviembre dej\u00f3 solo en la provincia de Buenos Aires cierres de plantas emblem\u00e1ticas y al menos 700 despidos. Desde la UIA admitieron un \u201cescenario complejo\u201d pero defienden la reforma laboral que plantea el Gobierno. Se\u00f1alan que ya cerraron 1.800 panader\u00edas.","og_url":"https:\/\/www.noticiasradioreflejos.com.ar\/2021\/la-crisis-golpea-desde-las-fabricas-a-las-panaderias-denuncian-mas-cierres-y-despidos\/","og_site_name":"Noticias Radio Reflejos","article_published_time":"2025-12-01T20:29:43+00:00","og_image":[{"width":1200,"height":675,"url":"https:\/\/www.noticiasradioreflejos.com.ar\/2021\/wp-content\/uploads\/2025\/12\/panadero.webp","type":"image\/webp"}],"author":"Arnaldo Botto","twitter_card":"summary_large_image","schema":{"@context":"https:\/\/schema.org","@graph":[{"@type":"WebPage","@id":"https:\/\/www.noticiasradioreflejos.com.ar\/2021\/la-crisis-golpea-desde-las-fabricas-a-las-panaderias-denuncian-mas-cierres-y-despidos\/","url":"https:\/\/www.noticiasradioreflejos.com.ar\/2021\/la-crisis-golpea-desde-las-fabricas-a-las-panaderias-denuncian-mas-cierres-y-despidos\/","name":"La crisis golpea desde las f\u00e1bricas a las panader\u00edas: denuncian m\u00e1s cierres y despidos - Noticias Radio Reflejos","isPartOf":{"@id":"https:\/\/www.noticiasradioreflejos.com.ar\/2021\/#website"},"primaryImageOfPage":{"@id":"https:\/\/www.noticiasradioreflejos.com.ar\/2021\/la-crisis-golpea-desde-las-fabricas-a-las-panaderias-denuncian-mas-cierres-y-despidos\/#primaryimage"},"image":{"@id":"https:\/\/www.noticiasradioreflejos.com.ar\/2021\/la-crisis-golpea-desde-las-fabricas-a-las-panaderias-denuncian-mas-cierres-y-despidos\/#primaryimage"},"thumbnailUrl":"https:\/\/www.noticiasradioreflejos.com.ar\/2021\/wp-content\/uploads\/2025\/12\/panadero.webp","datePublished":"2025-12-01T20:29:43+00:00","author":{"@id":"https:\/\/www.noticiasradioreflejos.com.ar\/2021\/#\/schema\/person\/ad82545263dcc5ec0996818884fd5fb1"},"breadcrumb":{"@id":"https:\/\/www.noticiasradioreflejos.com.ar\/2021\/la-crisis-golpea-desde-las-fabricas-a-las-panaderias-denuncian-mas-cierres-y-despidos\/#breadcrumb"},"inLanguage":"es","potentialAction":[{"@type":"ReadAction","target":["https:\/\/www.noticiasradioreflejos.com.ar\/2021\/la-crisis-golpea-desde-las-fabricas-a-las-panaderias-denuncian-mas-cierres-y-despidos\/"]}]},{"@type":"ImageObject","inLanguage":"es","@id":"https:\/\/www.noticiasradioreflejos.com.ar\/2021\/la-crisis-golpea-desde-las-fabricas-a-las-panaderias-denuncian-mas-cierres-y-despidos\/#primaryimage","url":"https:\/\/www.noticiasradioreflejos.com.ar\/2021\/wp-content\/uploads\/2025\/12\/panadero.webp","contentUrl":"https:\/\/www.noticiasradioreflejos.com.ar\/2021\/wp-content\/uploads\/2025\/12\/panadero.webp","width":1200,"height":675},{"@type":"BreadcrumbList","@id":"https:\/\/www.noticiasradioreflejos.com.ar\/2021\/la-crisis-golpea-desde-las-fabricas-a-las-panaderias-denuncian-mas-cierres-y-despidos\/#breadcrumb","itemListElement":[{"@type":"ListItem","position":1,"name":"Portada","item":"https:\/\/www.noticiasradioreflejos.com.ar\/2021\/"},{"@type":"ListItem","position":2,"name":"La crisis golpea desde las f\u00e1bricas a las panader\u00edas: denuncian m\u00e1s cierres y despidos"}]},{"@type":"WebSite","@id":"https:\/\/www.noticiasradioreflejos.com.ar\/2021\/#website","url":"https:\/\/www.noticiasradioreflejos.com.ar\/2021\/","name":"Noticias Radio Reflejos","description":"Las noticias de mi comarca","potentialAction":[{"@type":"SearchAction","target":{"@type":"EntryPoint","urlTemplate":"https:\/\/www.noticiasradioreflejos.com.ar\/2021\/?s={search_term_string}"},"query-input":{"@type":"PropertyValueSpecification","valueRequired":true,"valueName":"search_term_string"}}],"inLanguage":"es"},{"@type":"Person","@id":"https:\/\/www.noticiasradioreflejos.com.ar\/2021\/#\/schema\/person\/ad82545263dcc5ec0996818884fd5fb1","name":"Arnaldo Botto","image":{"@type":"ImageObject","inLanguage":"es","@id":"https:\/\/www.noticiasradioreflejos.com.ar\/2021\/#\/schema\/person\/image\/","url":"https:\/\/secure.gravatar.com\/avatar\/55cb5e37c1efa326397366e6974cb338056df65cb50e7d64d1cf314e87504837?s=96&d=mm&r=g","contentUrl":"https:\/\/secure.gravatar.com\/avatar\/55cb5e37c1efa326397366e6974cb338056df65cb50e7d64d1cf314e87504837?s=96&d=mm&r=g","caption":"Arnaldo Botto"},"url":"https:\/\/www.noticiasradioreflejos.com.ar\/2021\/author\/arnaldo\/"}]}},"_links":{"self":[{"href":"https:\/\/www.noticiasradioreflejos.com.ar\/2021\/wp-json\/wp\/v2\/posts\/129117","targetHints":{"allow":["GET"]}}],"collection":[{"href":"https:\/\/www.noticiasradioreflejos.com.ar\/2021\/wp-json\/wp\/v2\/posts"}],"about":[{"href":"https:\/\/www.noticiasradioreflejos.com.ar\/2021\/wp-json\/wp\/v2\/types\/post"}],"author":[{"embeddable":true,"href":"https:\/\/www.noticiasradioreflejos.com.ar\/2021\/wp-json\/wp\/v2\/users\/3"}],"replies":[{"embeddable":true,"href":"https:\/\/www.noticiasradioreflejos.com.ar\/2021\/wp-json\/wp\/v2\/comments?post=129117"}],"version-history":[{"count":1,"href":"https:\/\/www.noticiasradioreflejos.com.ar\/2021\/wp-json\/wp\/v2\/posts\/129117\/revisions"}],"predecessor-version":[{"id":129119,"href":"https:\/\/www.noticiasradioreflejos.com.ar\/2021\/wp-json\/wp\/v2\/posts\/129117\/revisions\/129119"}],"wp:featuredmedia":[{"embeddable":true,"href":"https:\/\/www.noticiasradioreflejos.com.ar\/2021\/wp-json\/wp\/v2\/media\/129118"}],"wp:attachment":[{"href":"https:\/\/www.noticiasradioreflejos.com.ar\/2021\/wp-json\/wp\/v2\/media?parent=129117"}],"wp:term":[{"taxonomy":"category","embeddable":true,"href":"https:\/\/www.noticiasradioreflejos.com.ar\/2021\/wp-json\/wp\/v2\/categories?post=129117"},{"taxonomy":"post_tag","embeddable":true,"href":"https:\/\/www.noticiasradioreflejos.com.ar\/2021\/wp-json\/wp\/v2\/tags?post=129117"}],"curies":[{"name":"wp","href":"https:\/\/api.w.org\/{rel}","templated":true}]}}