{"id":129114,"date":"2025-12-01T17:27:52","date_gmt":"2025-12-01T20:27:52","guid":{"rendered":"https:\/\/www.noticiasradioreflejos.com.ar\/2021\/?p=129114"},"modified":"2025-12-01T17:27:52","modified_gmt":"2025-12-01T20:27:52","slug":"cibercrimen-en-alerta-maxima-expertos-advierten-que-la-region-llega-tarde-a-la-discusion-sobre-delitos-digitales","status":"publish","type":"post","link":"https:\/\/www.noticiasradioreflejos.com.ar\/2021\/cibercrimen-en-alerta-maxima-expertos-advierten-que-la-region-llega-tarde-a-la-discusion-sobre-delitos-digitales\/","title":{"rendered":"Cibercrimen en alerta m\u00e1xima: expertos advierten que la regi\u00f3n llega tarde a la discusi\u00f3n sobre delitos digitales"},"content":{"rendered":"<p>En el V Encuentro Regional de Cibercrimen \u2013\u201cCtrl + Alt + Delito\u201d\u2013 organizado por el Observatorio de Cibercrimen y Evidencia Digital en Investigaciones Criminales de la Universidad Austral, especialistas coincidieron en que la regi\u00f3n atraviesa un punto de inflexi\u00f3n: la protecci\u00f3n de la ni\u00f1ez no puede seguir esperando regulaciones futuras y los delitos digitales exigen decisiones urgentes, cooperaci\u00f3n efectiva y un marco \u00e9tico que vuelva a poner a la persona en el centro del ecosistema digital.<!--more--><\/p>\n<p>Buenos Aires, 1 de diciembre de 2025\u00a0&#8211; Este 1 de diciembre se realiz\u00f3 en Pilar el V Encuentro Regional de Cibercrimen \u2013 \u201cCtrl + Alt + Delito\u201d, organizado por el\u00a0<strong>Observatorio de Cibercrimen y Evidencia Digital en Investigaciones Criminales (OCEDIC) de la Universidad Austral\u00a0<\/strong>y con el acompa\u00f1amiento de TikTok.<\/p>\n<p>El evento reuni\u00f3 a m\u00e1s de 25 especialistas de toda la regi\u00f3n, junto con fiscales, jueces, defensores y agentes de fuerzas de seguridad de distintas provincias, para abordar los desaf\u00edos actuales del cibercrimen: inteligencia artificial, evidencia digital, cripto activos, riesgos en redes sociales, violencia en l\u00ednea y nuevas modalidades delictivas.<\/p>\n<p>En la apertura institucional, el\u00a0<strong>rector de la Universidad Austral, Juli\u00e1n Rodr\u00edguez<\/strong>, subray\u00f3 la tensi\u00f3n entre el potencial educativo de la tecnolog\u00eda y los riesgos que habilita en manos de ofensores. \u201cLa tecnolog\u00eda que permite a una adolescente aprender, crecer y acceder a oportunidades es la misma herramienta que puede convertirse en un canal para la extorsi\u00f3n, el da\u00f1o psicol\u00f3gico o la manipulaci\u00f3n. Esta frontera entre lo posible y lo permitido es cada vez m\u00e1s tenue, y nos exige actuar con prudencia y con un profundo respeto por la dignidad humana\u201d, se\u00f1al\u00f3.<\/p>\n<p>Rodr\u00edguez remarc\u00f3 adem\u00e1s que el ciberdelito \u201cdesborda los viejos c\u00f3digos\u201d y exige un nuevo lenguaje com\u00fan entre t\u00e9cnica, derecho y \u00e9tica: \u201cNo todo lo que puede hacerse debe hacerse. La seguridad digital no se construye solo con herramientas, sino con convicciones morales firmes, profesionalismo y la capacidad de mantener a la persona en el centro\u201d.<\/p>\n<p>A continuaci\u00f3n, el decano de la Facultad de Derecho de la Universidad Austral,\u00a0<strong>Gabriel M. Astarloa<\/strong>, pronunci\u00f3 tambi\u00e9n unas palabras de bienvenida: \u00abDesde el 2020 funciona el Observatorio de Cibercrimen de nuestra Universidad con una labor de capacitaci\u00f3n, investigaci\u00f3n y concientizaci\u00f3n muy fecunda. Sabemos que el fen\u00f3meno del ciber delito junto con las nuevas tecnolog\u00edas se seguir\u00e1 expandiendo. Y, en ese sentido, lo queremos enfrentar con un abordaje interdisciplinario, serio y riguroso, propio del saber universitario. Ese es el esp\u00edritu tambi\u00e9n de este encuentro regional, donde, desde diversos \u00e1ngulos y con la presencia de expertos nacionales y de la regi\u00f3n, analizamos toda la complejidad que tiene hoy el ciber delito\u00bb.<\/p>\n<p>La primera exposici\u00f3n estuvo a cargo de\u00a0<strong>Daniela Dupuy, directora del OCEDIC de la Universidad Austral\u00a0<\/strong>y Fiscal Coordinadora de la UFEDyCI (Unidad Fiscal Especializada en Delitos y Contravenciones Inform\u00e1ticas) del Ministerio P\u00fablico Fiscal de la Ciudad Aut\u00f3noma de Buenos Aires. Dupuy comparti\u00f3 datos internacionales que muestran la magnitud del fen\u00f3meno. En 2024 se detectaron m\u00e1s de\u00a0<strong>20 millones de reportes<\/strong>\u00a0de material de abuso sexual infantil. Cada reporte puede incluir varios archivos, lo que representa un total estimado de m\u00e1s de\u00a0<strong>33 millones de videos<\/strong>\u00a0y\u00a0<strong>28 millones de fotos<\/strong>: casi\u00a0<strong>63 millones de archivos<\/strong>\u00a0con ni\u00f1as, ni\u00f1os y adolescentes siendo abusados.<\/p>\n<h5><img decoding=\"async\" src=\"https:\/\/ci3.googleusercontent.com\/meips\/ADKq_NYSoHwhWrx0iFsijFSjudV_tjkk2uWiVDPnIiav1mye2pRU1hUGQRgEHSxYkYrpYrlVYb2_7AuAdVJVFKW5tSobt6H6UKiJazmzWVkpM771JocSQB3EAXEg9h3cji2df6AuHwGRHMJpoz5CJTHak2Ti9jOv_8-oPEUE=s0-d-e1-ft#https:\/\/mcusercontent.com\/efbc01da6c391663922e4f957\/images\/395329a2-fabc-d0a9-2278-41392ab292ec.jpeg\" \/><br \/>\n<em>Daniela Dupuy, directora del Observatorio de Cibercrimen y Evidencia Digital en Investigaciones Criminales (OCEDIC) de la Universidad Austral<\/em><\/h5>\n<p>&nbsp;<\/p>\n<p>Ese escenario se agrava con el avance de la inteligencia artificial utilizada para generar im\u00e1genes y videos sint\u00e9ticos de abuso. Seg\u00fan Dupuy, este tipo de material\u00a0<strong>creci\u00f3 un 1.325% entre 2023 y 2024<\/strong>. Los datos que cit\u00f3 la especialista corresponden al\u00a0 National Center for Missing &amp; Exploited Children (NCMEC).<\/p>\n<p>\u201cLas tecnolog\u00edas nos retan permanentemente. No solo debemos enfrentar el volumen, sino tambi\u00e9n la aparici\u00f3n de producciones generadas artificialmente, que circulan con la misma l\u00f3gica entre redes de ped\u00f3filos\u201d, advirti\u00f3.<\/p>\n<p><strong>Situaci\u00f3n en Argentina: aumento sostenido y nuevos desaf\u00edos<\/strong><\/p>\n<p>A nivel nacional, el Ministerio P\u00fablico Fiscal de CABA recibe los reportes remitidos por plataformas digitales conforme a la legislaci\u00f3n federal. En 2024 ingresaron\u00a0<strong>120.000 reportes<\/strong>, cifra ya superada en los primeros meses de 2025. Los equipos especializados analizan, clasifican y derivan los reportes a las provincias donde se presume que se encuentran los autores. Dupuy destac\u00f3 el \u201ctrabajo enorme y silencioso\u201d de estas unidades, fundamentales para el inicio de cada investigaci\u00f3n.<\/p>\n<p>Adem\u00e1s del volumen creciente, se registra una fuerte expansi\u00f3n de redes de distribuci\u00f3n en grupos cerrados de WhatsApp, Telegram y Signal, lo que dificulta la trazabilidad. \u201cSin agentes encubiertos digitales no podemos investigar estos casos. No es lo mismo infiltrar una organizaci\u00f3n de diez personas que un grupo de WhatsApp con m\u00e1s de 2.000 integrantes\u201d, explic\u00f3.<\/p>\n<p>Dupuy relat\u00f3 tambi\u00e9n experiencias recientes de cooperaci\u00f3n internacional. Particip\u00f3 en Ecuador de una capacitaci\u00f3n para utilizar herramientas de IA destinadas a identificar v\u00edctimas reales en material de abuso sexual infantil, en el marco de la operaci\u00f3n\u00a0<strong>Guardianes Digitales por la Ni\u00f1ez<\/strong>.<\/p>\n<p>El trabajo coordinado permiti\u00f3\u00a0<strong>rescatar a 137 ni\u00f1os y ni\u00f1as<\/strong>\u00a0y lograr la identificaci\u00f3n de m\u00e1s del doble de v\u00edctimas.<\/p>\n<p>\u201cLa inteligencia artificial no solo permite detectar contenido sint\u00e9tico. Tambi\u00e9n nos ayuda a identificar a las v\u00edctimas reales y a abrir nuevas l\u00edneas de investigaci\u00f3n. Una vez que un ni\u00f1o o ni\u00f1a es identificado, pueden surgir datos sobre quienes producen este material\u201d, explic\u00f3.<\/p>\n<p><strong>Din\u00e1mica de los grupos y cooperaci\u00f3n internacional<\/strong><\/p>\n<p><strong>David Reguero Novoa, miembro de Ameripol y de la Polic\u00eda Nacional de Espa\u00f1a<\/strong>, aport\u00f3 una mirada desde su experiencia en la investigaci\u00f3n de grupos ped\u00f3filos en aplicaciones de mensajer\u00eda instant\u00e1nea. Destac\u00f3 que la proliferaci\u00f3n de comunidades cerradas \u201cse ha convertido en una de las grandes v\u00edas de investigaci\u00f3n\u201d y subray\u00f3 que estos espacios funcionan como ecosistemas donde los ofensores comparten material de nueva generaci\u00f3n y se validan entre s\u00ed.<\/p>\n<p>Reguero Novoa resalt\u00f3 especialmente el valor del trabajo conjunto transnacional: \u201cLa colaboraci\u00f3n internacional es fundamental. En Espa\u00f1a nunca hab\u00edamos podido trabajar tan estrechamente con otro pa\u00eds como con Argentina: hubo contacto permanente, intercambio de informaci\u00f3n y un compromiso real de avanzar juntos. Este tipo de delitos no tiene fronteras; nosotros tampoco podemos tenerlas\u201d.<\/p>\n<p>En la misma l\u00ednea, la\u00a0<strong>m\u00e9dica psiquiatra y perito del Poder Judicial de CABA, Nazarena Traba<\/strong>, enfatiz\u00f3 la necesidad de una respuesta integral: \u201cLa \u00fanica forma de proteger a ni\u00f1as, ni\u00f1os y adolescentes es trabajando de manera articulada. Sin di\u00e1logo entre la justicia, fuerzas de seguridad, escuelas, familias y plataformas tecnol\u00f3gicas, siempre llegamos tarde. El agresor se mueve r\u00e1pido; nosotros no podemos movernos solos\u201d.<\/p>\n<p>Traba advirti\u00f3 adem\u00e1s sobre las vulnerabilidades que habilitan estos delitos: \u201cEl problema no es solo lo que hacen los ofensores, sino las vulnerabilidades que encuentran: menores hiper expuestos, adultos desinformados y un ecosistema digital que los recibe sin supervisi\u00f3n. La prevenci\u00f3n empieza en la comprensi\u00f3n profunda de estos puntos ciegos\u201d.<\/p>\n<p><strong>Perspectiva de TikTok y el aporte del sector privado<\/strong><\/p>\n<p><strong>Nicol\u00e1s Sforzini, responsable de Pol\u00edticas P\u00fablicas de TikTok en Argentina<\/strong>, plante\u00f3 con crudeza los l\u00edmites y responsabilidades del sector privado frente a los delitos que afectan a ni\u00f1as, ni\u00f1os y adolescentes. Se\u00f1al\u00f3 que la industria llega tarde a estas conversaciones y que no se puede esperar \u201cni a una regulaci\u00f3n ni a la buena voluntad de una plataforma para actuar\u201d, porque en materia de ni\u00f1ez \u201cno hay margen para el di\u00e1logo superficial, para mostrarse o construir reputaci\u00f3n\u201d.<\/p>\n<p>Sforzini detall\u00f3 que TikTok mantiene est\u00e1ndares estrictos de detecci\u00f3n y reportes: \u201cEl Ministerio P\u00fablico Fiscal de la Ciudad registra que alrededor del\u00a0<strong>2%<\/strong>\u00a0de los casos que se investigan provienen de reportes de TikTok. Puede parecer un n\u00famero peque\u00f1o, pero es much\u00edsimo, y no podemos esperar a que aparezcan esos casos para actuar\u201d.<\/p>\n<p>Destac\u00f3 tambi\u00e9n la alianza con el OCEDIC, que permiti\u00f3 llegar a m\u00e1s de\u00a0<strong>7.000 estudiantes, docentes y familias<\/strong>\u00a0en distintas provincias, adem\u00e1s de entrenar a fiscales y funcionarios. \u201cSomos un equipo peque\u00f1o de pol\u00edticas p\u00fablicas; solos no podr\u00edamos haber llegado a estos lugares. El Observatorio de la Universidad Austral nos permiti\u00f3 multiplicar el impacto\u201d.<\/p>\n<p>Adem\u00e1s, subray\u00f3 un compromiso territorial real: recorridos por municipios de la provincia de Buenos Aires donde la plataforma se reuni\u00f3 con intendentes, docentes y familias. \u201cNo se trata de aparecer para la foto. Como sector privado, tenemos que aprender de las personas que ponen el cuerpo todos los d\u00edas en estos temas\u201d, afirm\u00f3.<\/p>\n<p>Sforzini se\u00f1al\u00f3 tambi\u00e9n que TikTok implementa mensajes autom\u00e1ticos que derivan a l\u00edneas de ayuda como el\u00a0<strong>137<\/strong>\u00a0y a los canales del OCEDIC cuando un usuario busca t\u00e9rminos vinculados a abuso o bullying. Anticip\u00f3, adem\u00e1s, que la compa\u00f1\u00eda \u2014en articulaci\u00f3n con organismos de Argentina, Chile, Uruguay y la OEA\u2014 lanzar\u00e1 en 2026 una\u00a0<strong>gu\u00eda de control parental<\/strong>\u00a0con una distribuci\u00f3n proyectada de m\u00e1s de\u00a0<strong>200.000 ejemplares<\/strong>\u00a0en todo el pa\u00eds.<\/p>\n<p><strong>Una agenda urgente: actualizar legislaci\u00f3n y capacidades<\/strong><\/p>\n<p>Dupuy subray\u00f3 la necesidad de adaptar los c\u00f3digos procesales provinciales e incorporar herramientas como la figura del\u00a0<strong>agente encubierto digital<\/strong>, fundamental para investigar delitos en entornos cerrados.<\/p>\n<p>El encuentro contin\u00faa a lo largo del d\u00eda con ponencias sobre IA, delitos inform\u00e1ticos, evidencia digital, criptoactivos, ciberseguridad y protecci\u00f3n de la ni\u00f1ez en l\u00ednea, con especialistas nacionales e internacionales convocados por el OCEDIC.<\/p>\n","protected":false},"excerpt":{"rendered":"<p>En el V Encuentro Regional de Cibercrimen \u2013\u201cCtrl + Alt + Delito\u201d\u2013 organizado por el Observatorio de Cibercrimen y Evidencia Digital en Investigaciones Criminales de la Universidad Austral, especialistas coincidieron en que la regi\u00f3n atraviesa un punto de inflexi\u00f3n: la protecci\u00f3n de la ni\u00f1ez no puede seguir esperando regulaciones futuras y los delitos digitales exigen [&hellip;]<\/p>\n","protected":false},"author":3,"featured_media":129115,"comment_status":"closed","ping_status":"closed","sticky":false,"template":"","format":"standard","meta":{"footnotes":""},"categories":[46,34,26],"tags":[],"class_list":["post-129114","post","type-post","status-publish","format-standard","has-post-thumbnail","hentry","category-ciencia-y-tecnologia","category-educacion","category-sociedad"],"yoast_head":"<!-- This site is optimized with the Yoast SEO plugin v25.9 - https:\/\/yoast.com\/wordpress\/plugins\/seo\/ -->\n<title>Cibercrimen en alerta m\u00e1xima: expertos advierten que la regi\u00f3n llega tarde a la discusi\u00f3n sobre delitos digitales - Noticias Radio Reflejos<\/title>\n<meta name=\"robots\" content=\"index, follow, max-snippet:-1, max-image-preview:large, max-video-preview:-1\" \/>\n<link rel=\"canonical\" href=\"https:\/\/www.noticiasradioreflejos.com.ar\/2021\/cibercrimen-en-alerta-maxima-expertos-advierten-que-la-region-llega-tarde-a-la-discusion-sobre-delitos-digitales\/\" \/>\n<meta property=\"og:locale\" content=\"es_ES\" \/>\n<meta property=\"og:type\" content=\"article\" \/>\n<meta property=\"og:title\" content=\"Cibercrimen en alerta m\u00e1xima: expertos advierten que la regi\u00f3n llega tarde a la discusi\u00f3n sobre delitos digitales - Noticias Radio Reflejos\" \/>\n<meta property=\"og:description\" content=\"En el V Encuentro Regional de Cibercrimen \u2013\u201cCtrl + Alt + Delito\u201d\u2013 organizado por el Observatorio de Cibercrimen y Evidencia Digital en Investigaciones Criminales de la Universidad Austral, especialistas coincidieron en que la regi\u00f3n atraviesa un punto de inflexi\u00f3n: la protecci\u00f3n de la ni\u00f1ez no puede seguir esperando regulaciones futuras y los delitos digitales exigen [&hellip;]\" \/>\n<meta property=\"og:url\" content=\"https:\/\/www.noticiasradioreflejos.com.ar\/2021\/cibercrimen-en-alerta-maxima-expertos-advierten-que-la-region-llega-tarde-a-la-discusion-sobre-delitos-digitales\/\" \/>\n<meta property=\"og:site_name\" content=\"Noticias Radio Reflejos\" \/>\n<meta property=\"article:published_time\" content=\"2025-12-01T20:27:52+00:00\" \/>\n<meta property=\"og:image\" content=\"https:\/\/www.noticiasradioreflejos.com.ar\/2021\/wp-content\/uploads\/2025\/12\/unnamed-1.jpg\" \/>\n\t<meta property=\"og:image:width\" content=\"1600\" \/>\n\t<meta property=\"og:image:height\" content=\"1070\" \/>\n\t<meta property=\"og:image:type\" content=\"image\/jpeg\" \/>\n<meta name=\"author\" content=\"Arnaldo Botto\" \/>\n<meta name=\"twitter:card\" content=\"summary_large_image\" \/>\n<script type=\"application\/ld+json\" class=\"yoast-schema-graph\">{\"@context\":\"https:\/\/schema.org\",\"@graph\":[{\"@type\":\"WebPage\",\"@id\":\"https:\/\/www.noticiasradioreflejos.com.ar\/2021\/cibercrimen-en-alerta-maxima-expertos-advierten-que-la-region-llega-tarde-a-la-discusion-sobre-delitos-digitales\/\",\"url\":\"https:\/\/www.noticiasradioreflejos.com.ar\/2021\/cibercrimen-en-alerta-maxima-expertos-advierten-que-la-region-llega-tarde-a-la-discusion-sobre-delitos-digitales\/\",\"name\":\"Cibercrimen en alerta m\u00e1xima: expertos advierten que la regi\u00f3n llega tarde a la discusi\u00f3n sobre delitos digitales - Noticias Radio Reflejos\",\"isPartOf\":{\"@id\":\"https:\/\/www.noticiasradioreflejos.com.ar\/2021\/#website\"},\"primaryImageOfPage\":{\"@id\":\"https:\/\/www.noticiasradioreflejos.com.ar\/2021\/cibercrimen-en-alerta-maxima-expertos-advierten-que-la-region-llega-tarde-a-la-discusion-sobre-delitos-digitales\/#primaryimage\"},\"image\":{\"@id\":\"https:\/\/www.noticiasradioreflejos.com.ar\/2021\/cibercrimen-en-alerta-maxima-expertos-advierten-que-la-region-llega-tarde-a-la-discusion-sobre-delitos-digitales\/#primaryimage\"},\"thumbnailUrl\":\"https:\/\/www.noticiasradioreflejos.com.ar\/2021\/wp-content\/uploads\/2025\/12\/unnamed-1.jpg\",\"datePublished\":\"2025-12-01T20:27:52+00:00\",\"author\":{\"@id\":\"https:\/\/www.noticiasradioreflejos.com.ar\/2021\/#\/schema\/person\/ad82545263dcc5ec0996818884fd5fb1\"},\"breadcrumb\":{\"@id\":\"https:\/\/www.noticiasradioreflejos.com.ar\/2021\/cibercrimen-en-alerta-maxima-expertos-advierten-que-la-region-llega-tarde-a-la-discusion-sobre-delitos-digitales\/#breadcrumb\"},\"inLanguage\":\"es\",\"potentialAction\":[{\"@type\":\"ReadAction\",\"target\":[\"https:\/\/www.noticiasradioreflejos.com.ar\/2021\/cibercrimen-en-alerta-maxima-expertos-advierten-que-la-region-llega-tarde-a-la-discusion-sobre-delitos-digitales\/\"]}]},{\"@type\":\"ImageObject\",\"inLanguage\":\"es\",\"@id\":\"https:\/\/www.noticiasradioreflejos.com.ar\/2021\/cibercrimen-en-alerta-maxima-expertos-advierten-que-la-region-llega-tarde-a-la-discusion-sobre-delitos-digitales\/#primaryimage\",\"url\":\"https:\/\/www.noticiasradioreflejos.com.ar\/2021\/wp-content\/uploads\/2025\/12\/unnamed-1.jpg\",\"contentUrl\":\"https:\/\/www.noticiasradioreflejos.com.ar\/2021\/wp-content\/uploads\/2025\/12\/unnamed-1.jpg\",\"width\":1600,\"height\":1070},{\"@type\":\"BreadcrumbList\",\"@id\":\"https:\/\/www.noticiasradioreflejos.com.ar\/2021\/cibercrimen-en-alerta-maxima-expertos-advierten-que-la-region-llega-tarde-a-la-discusion-sobre-delitos-digitales\/#breadcrumb\",\"itemListElement\":[{\"@type\":\"ListItem\",\"position\":1,\"name\":\"Portada\",\"item\":\"https:\/\/www.noticiasradioreflejos.com.ar\/2021\/\"},{\"@type\":\"ListItem\",\"position\":2,\"name\":\"Cibercrimen en alerta m\u00e1xima: expertos advierten que la regi\u00f3n llega tarde a la discusi\u00f3n sobre delitos digitales\"}]},{\"@type\":\"WebSite\",\"@id\":\"https:\/\/www.noticiasradioreflejos.com.ar\/2021\/#website\",\"url\":\"https:\/\/www.noticiasradioreflejos.com.ar\/2021\/\",\"name\":\"Noticias Radio Reflejos\",\"description\":\"Las noticias de mi comarca\",\"potentialAction\":[{\"@type\":\"SearchAction\",\"target\":{\"@type\":\"EntryPoint\",\"urlTemplate\":\"https:\/\/www.noticiasradioreflejos.com.ar\/2021\/?s={search_term_string}\"},\"query-input\":{\"@type\":\"PropertyValueSpecification\",\"valueRequired\":true,\"valueName\":\"search_term_string\"}}],\"inLanguage\":\"es\"},{\"@type\":\"Person\",\"@id\":\"https:\/\/www.noticiasradioreflejos.com.ar\/2021\/#\/schema\/person\/ad82545263dcc5ec0996818884fd5fb1\",\"name\":\"Arnaldo Botto\",\"image\":{\"@type\":\"ImageObject\",\"inLanguage\":\"es\",\"@id\":\"https:\/\/www.noticiasradioreflejos.com.ar\/2021\/#\/schema\/person\/image\/\",\"url\":\"https:\/\/secure.gravatar.com\/avatar\/55cb5e37c1efa326397366e6974cb338056df65cb50e7d64d1cf314e87504837?s=96&d=mm&r=g\",\"contentUrl\":\"https:\/\/secure.gravatar.com\/avatar\/55cb5e37c1efa326397366e6974cb338056df65cb50e7d64d1cf314e87504837?s=96&d=mm&r=g\",\"caption\":\"Arnaldo Botto\"},\"url\":\"https:\/\/www.noticiasradioreflejos.com.ar\/2021\/author\/arnaldo\/\"}]}<\/script>\n<!-- \/ Yoast SEO plugin. -->","yoast_head_json":{"title":"Cibercrimen en alerta m\u00e1xima: expertos advierten que la regi\u00f3n llega tarde a la discusi\u00f3n sobre delitos digitales - Noticias Radio Reflejos","robots":{"index":"index","follow":"follow","max-snippet":"max-snippet:-1","max-image-preview":"max-image-preview:large","max-video-preview":"max-video-preview:-1"},"canonical":"https:\/\/www.noticiasradioreflejos.com.ar\/2021\/cibercrimen-en-alerta-maxima-expertos-advierten-que-la-region-llega-tarde-a-la-discusion-sobre-delitos-digitales\/","og_locale":"es_ES","og_type":"article","og_title":"Cibercrimen en alerta m\u00e1xima: expertos advierten que la regi\u00f3n llega tarde a la discusi\u00f3n sobre delitos digitales - Noticias Radio Reflejos","og_description":"En el V Encuentro Regional de Cibercrimen \u2013\u201cCtrl + Alt + Delito\u201d\u2013 organizado por el Observatorio de Cibercrimen y Evidencia Digital en Investigaciones Criminales de la Universidad Austral, especialistas coincidieron en que la regi\u00f3n atraviesa un punto de inflexi\u00f3n: la protecci\u00f3n de la ni\u00f1ez no puede seguir esperando regulaciones futuras y los delitos digitales exigen [&hellip;]","og_url":"https:\/\/www.noticiasradioreflejos.com.ar\/2021\/cibercrimen-en-alerta-maxima-expertos-advierten-que-la-region-llega-tarde-a-la-discusion-sobre-delitos-digitales\/","og_site_name":"Noticias Radio Reflejos","article_published_time":"2025-12-01T20:27:52+00:00","og_image":[{"width":1600,"height":1070,"url":"https:\/\/www.noticiasradioreflejos.com.ar\/2021\/wp-content\/uploads\/2025\/12\/unnamed-1.jpg","type":"image\/jpeg"}],"author":"Arnaldo Botto","twitter_card":"summary_large_image","schema":{"@context":"https:\/\/schema.org","@graph":[{"@type":"WebPage","@id":"https:\/\/www.noticiasradioreflejos.com.ar\/2021\/cibercrimen-en-alerta-maxima-expertos-advierten-que-la-region-llega-tarde-a-la-discusion-sobre-delitos-digitales\/","url":"https:\/\/www.noticiasradioreflejos.com.ar\/2021\/cibercrimen-en-alerta-maxima-expertos-advierten-que-la-region-llega-tarde-a-la-discusion-sobre-delitos-digitales\/","name":"Cibercrimen en alerta m\u00e1xima: expertos advierten que la regi\u00f3n llega tarde a la discusi\u00f3n sobre delitos digitales - Noticias Radio Reflejos","isPartOf":{"@id":"https:\/\/www.noticiasradioreflejos.com.ar\/2021\/#website"},"primaryImageOfPage":{"@id":"https:\/\/www.noticiasradioreflejos.com.ar\/2021\/cibercrimen-en-alerta-maxima-expertos-advierten-que-la-region-llega-tarde-a-la-discusion-sobre-delitos-digitales\/#primaryimage"},"image":{"@id":"https:\/\/www.noticiasradioreflejos.com.ar\/2021\/cibercrimen-en-alerta-maxima-expertos-advierten-que-la-region-llega-tarde-a-la-discusion-sobre-delitos-digitales\/#primaryimage"},"thumbnailUrl":"https:\/\/www.noticiasradioreflejos.com.ar\/2021\/wp-content\/uploads\/2025\/12\/unnamed-1.jpg","datePublished":"2025-12-01T20:27:52+00:00","author":{"@id":"https:\/\/www.noticiasradioreflejos.com.ar\/2021\/#\/schema\/person\/ad82545263dcc5ec0996818884fd5fb1"},"breadcrumb":{"@id":"https:\/\/www.noticiasradioreflejos.com.ar\/2021\/cibercrimen-en-alerta-maxima-expertos-advierten-que-la-region-llega-tarde-a-la-discusion-sobre-delitos-digitales\/#breadcrumb"},"inLanguage":"es","potentialAction":[{"@type":"ReadAction","target":["https:\/\/www.noticiasradioreflejos.com.ar\/2021\/cibercrimen-en-alerta-maxima-expertos-advierten-que-la-region-llega-tarde-a-la-discusion-sobre-delitos-digitales\/"]}]},{"@type":"ImageObject","inLanguage":"es","@id":"https:\/\/www.noticiasradioreflejos.com.ar\/2021\/cibercrimen-en-alerta-maxima-expertos-advierten-que-la-region-llega-tarde-a-la-discusion-sobre-delitos-digitales\/#primaryimage","url":"https:\/\/www.noticiasradioreflejos.com.ar\/2021\/wp-content\/uploads\/2025\/12\/unnamed-1.jpg","contentUrl":"https:\/\/www.noticiasradioreflejos.com.ar\/2021\/wp-content\/uploads\/2025\/12\/unnamed-1.jpg","width":1600,"height":1070},{"@type":"BreadcrumbList","@id":"https:\/\/www.noticiasradioreflejos.com.ar\/2021\/cibercrimen-en-alerta-maxima-expertos-advierten-que-la-region-llega-tarde-a-la-discusion-sobre-delitos-digitales\/#breadcrumb","itemListElement":[{"@type":"ListItem","position":1,"name":"Portada","item":"https:\/\/www.noticiasradioreflejos.com.ar\/2021\/"},{"@type":"ListItem","position":2,"name":"Cibercrimen en alerta m\u00e1xima: expertos advierten que la regi\u00f3n llega tarde a la discusi\u00f3n sobre delitos digitales"}]},{"@type":"WebSite","@id":"https:\/\/www.noticiasradioreflejos.com.ar\/2021\/#website","url":"https:\/\/www.noticiasradioreflejos.com.ar\/2021\/","name":"Noticias Radio Reflejos","description":"Las noticias de mi comarca","potentialAction":[{"@type":"SearchAction","target":{"@type":"EntryPoint","urlTemplate":"https:\/\/www.noticiasradioreflejos.com.ar\/2021\/?s={search_term_string}"},"query-input":{"@type":"PropertyValueSpecification","valueRequired":true,"valueName":"search_term_string"}}],"inLanguage":"es"},{"@type":"Person","@id":"https:\/\/www.noticiasradioreflejos.com.ar\/2021\/#\/schema\/person\/ad82545263dcc5ec0996818884fd5fb1","name":"Arnaldo Botto","image":{"@type":"ImageObject","inLanguage":"es","@id":"https:\/\/www.noticiasradioreflejos.com.ar\/2021\/#\/schema\/person\/image\/","url":"https:\/\/secure.gravatar.com\/avatar\/55cb5e37c1efa326397366e6974cb338056df65cb50e7d64d1cf314e87504837?s=96&d=mm&r=g","contentUrl":"https:\/\/secure.gravatar.com\/avatar\/55cb5e37c1efa326397366e6974cb338056df65cb50e7d64d1cf314e87504837?s=96&d=mm&r=g","caption":"Arnaldo Botto"},"url":"https:\/\/www.noticiasradioreflejos.com.ar\/2021\/author\/arnaldo\/"}]}},"_links":{"self":[{"href":"https:\/\/www.noticiasradioreflejos.com.ar\/2021\/wp-json\/wp\/v2\/posts\/129114","targetHints":{"allow":["GET"]}}],"collection":[{"href":"https:\/\/www.noticiasradioreflejos.com.ar\/2021\/wp-json\/wp\/v2\/posts"}],"about":[{"href":"https:\/\/www.noticiasradioreflejos.com.ar\/2021\/wp-json\/wp\/v2\/types\/post"}],"author":[{"embeddable":true,"href":"https:\/\/www.noticiasradioreflejos.com.ar\/2021\/wp-json\/wp\/v2\/users\/3"}],"replies":[{"embeddable":true,"href":"https:\/\/www.noticiasradioreflejos.com.ar\/2021\/wp-json\/wp\/v2\/comments?post=129114"}],"version-history":[{"count":1,"href":"https:\/\/www.noticiasradioreflejos.com.ar\/2021\/wp-json\/wp\/v2\/posts\/129114\/revisions"}],"predecessor-version":[{"id":129116,"href":"https:\/\/www.noticiasradioreflejos.com.ar\/2021\/wp-json\/wp\/v2\/posts\/129114\/revisions\/129116"}],"wp:featuredmedia":[{"embeddable":true,"href":"https:\/\/www.noticiasradioreflejos.com.ar\/2021\/wp-json\/wp\/v2\/media\/129115"}],"wp:attachment":[{"href":"https:\/\/www.noticiasradioreflejos.com.ar\/2021\/wp-json\/wp\/v2\/media?parent=129114"}],"wp:term":[{"taxonomy":"category","embeddable":true,"href":"https:\/\/www.noticiasradioreflejos.com.ar\/2021\/wp-json\/wp\/v2\/categories?post=129114"},{"taxonomy":"post_tag","embeddable":true,"href":"https:\/\/www.noticiasradioreflejos.com.ar\/2021\/wp-json\/wp\/v2\/tags?post=129114"}],"curies":[{"name":"wp","href":"https:\/\/api.w.org\/{rel}","templated":true}]}}