{"id":12910,"date":"2017-07-29T14:50:20","date_gmt":"2017-07-29T17:50:20","guid":{"rendered":"http:\/\/www.noticiasradioreflejos.com.ar\/noticias\/?p=12910"},"modified":"2017-07-29T14:50:20","modified_gmt":"2017-07-29T17:50:20","slug":"sierra-de-la-ventana-tuvo-la-presentacion-de-cambiemos","status":"publish","type":"post","link":"https:\/\/www.noticiasradioreflejos.com.ar\/2021\/sierra-de-la-ventana-tuvo-la-presentacion-de-cambiemos\/","title":{"rendered":"Sierra de la Ventana tuvo la presentaci\u00f3n de Cambiemos."},"content":{"rendered":"<p><a title=\"Cambiemos en Sierra de la Ventana (7)\" href=\"http:\/\/farm5.staticflickr.com\/4329\/36109956541_cb40d6cbdd.jpg\" rel=\"\"><img loading=\"lazy\" decoding=\"async\" class=\"alignleft\" style=\"float: left;\" title=\"Cambiemos en Sierra de la Ventana (7)\" src=\"http:\/\/farm5.staticflickr.com\/4329\/36109956541_cb40d6cbdd.jpg\" alt=\"Cambiemos en Sierra de la Ventana (7)\" width=\"500\" height=\"294\" \/><\/a>Durante la noche de este viernes 28 de julio, el Quincho del Club Ventana fue el lugar elegido para la presentaci\u00f3n de la Lista de Cambiemos en Sierra de la Ventana.<br \/>\n<!--more--><br \/>\nEl intendente Sergio Bordoni junto a integrantes del gabinete municipal y concejales, acompa\u00f1aron a algunos de los candidatos de la lista que se presentar\u00e1 el 13 de agosto a las PASO.<br \/>\nLa mesa estuvo integrada por Noelia Baier, Viviana Montibeller, Sergio Bordoni, Cristian Raising, Jos\u00e9 Fonfr\u00eda, Eduardo P\u00e9rez y Germ\u00e1n Scharff.<br \/>\nEl Actual Secretario de Gobierno, Ezequiel Gabella, hizo la locuci\u00f3n de arranque para pasar el micr\u00f3fono a los candidatos que se fueron presentado y respondiendo a las inquietudes de los presentes.<br \/>\n<strong>Nota con Noelia Baier<\/strong><br \/>\nDurante la presentaci\u00f3n de la lista de Cambiemos en Sierra de la Ventana, entrevistamos a la concejal y actual candidata Noelia Baier.<br \/>\nPrioridades, proyectos y conclusiones sobre la campa\u00f1a.<br \/>\n<iframe loading=\"lazy\" src=\"https:\/\/w.soundcloud.com\/player\/?url=https%3A\/\/api.soundcloud.com\/tracks\/335394904&amp;color=ff5500&amp;auto_play=false&amp;hide_related=false&amp;show_comments=true&amp;show_user=true&amp;show_reposts=false\" width=\"100%\" height=\"166\" frameborder=\"no\" scrolling=\"no\"><\/iframe><br \/>\n<strong>Nota a Cristian Raising<\/strong><br \/>\nEl joven militante de la Juventud Radical en di\u00e1logo con nuestra emisora, sigue apostando a trabajar para lograr los mayores consensos en el Concejo Deliberante y con una firme convicci\u00f3n de prepararse para que la pol\u00edtica est\u00e9 a disposici\u00f3n de la gente.<br \/>\n<iframe loading=\"lazy\" src=\"https:\/\/w.soundcloud.com\/player\/?url=https%3A\/\/api.soundcloud.com\/tracks\/335395651&amp;color=ff5500&amp;auto_play=false&amp;hide_related=false&amp;show_comments=true&amp;show_user=true&amp;show_reposts=false\" width=\"100%\" height=\"166\" frameborder=\"no\" scrolling=\"no\"><\/iframe><br \/>\n<a href=\"https:\/\/www.facebook.com\/reflejosfm\/media_set?set=a.10213763522791080.1073742048.1496587978&amp;type=3&amp;uploaded=12\"><strong>FOTOS:<\/strong><\/a><\/p>\n","protected":false},"excerpt":{"rendered":"<p>Durante la noche de este viernes 28 de julio, el Quincho del Club Ventana fue el lugar elegido para la presentaci\u00f3n de la Lista de Cambiemos en Sierra de la Ventana.<\/p>\n","protected":false},"author":3,"featured_media":0,"comment_status":"closed","ping_status":"open","sticky":false,"template":"","format":"standard","meta":{"footnotes":""},"categories":[24],"tags":[],"class_list":["post-12910","post","type-post","status-publish","format-standard","hentry","category-politica"],"yoast_head":"<!-- This site is optimized with the Yoast SEO plugin v25.9 - https:\/\/yoast.com\/wordpress\/plugins\/seo\/ -->\n<title>Sierra de la Ventana tuvo la presentaci\u00f3n de Cambiemos. - Noticias Radio Reflejos<\/title>\n<meta name=\"robots\" content=\"index, follow, max-snippet:-1, max-image-preview:large, max-video-preview:-1\" \/>\n<link rel=\"canonical\" href=\"https:\/\/www.noticiasradioreflejos.com.ar\/2021\/sierra-de-la-ventana-tuvo-la-presentacion-de-cambiemos\/\" \/>\n<meta property=\"og:locale\" content=\"es_ES\" \/>\n<meta property=\"og:type\" content=\"article\" \/>\n<meta property=\"og:title\" content=\"Sierra de la Ventana tuvo la presentaci\u00f3n de Cambiemos. - Noticias Radio Reflejos\" \/>\n<meta property=\"og:description\" content=\"Durante la noche de este viernes 28 de julio, el Quincho del Club Ventana fue el lugar elegido para la presentaci\u00f3n de la Lista de Cambiemos en Sierra de la Ventana.\" \/>\n<meta property=\"og:url\" content=\"https:\/\/www.noticiasradioreflejos.com.ar\/2021\/sierra-de-la-ventana-tuvo-la-presentacion-de-cambiemos\/\" \/>\n<meta property=\"og:site_name\" content=\"Noticias Radio Reflejos\" \/>\n<meta property=\"article:published_time\" content=\"2017-07-29T17:50:20+00:00\" \/>\n<meta property=\"og:image\" content=\"http:\/\/farm5.staticflickr.com\/4329\/36109956541_cb40d6cbdd.jpg\" \/>\n<meta name=\"author\" content=\"Arnaldo Botto\" \/>\n<meta name=\"twitter:card\" content=\"summary_large_image\" \/>\n<script type=\"application\/ld+json\" class=\"yoast-schema-graph\">{\"@context\":\"https:\/\/schema.org\",\"@graph\":[{\"@type\":\"WebPage\",\"@id\":\"https:\/\/www.noticiasradioreflejos.com.ar\/2021\/sierra-de-la-ventana-tuvo-la-presentacion-de-cambiemos\/\",\"url\":\"https:\/\/www.noticiasradioreflejos.com.ar\/2021\/sierra-de-la-ventana-tuvo-la-presentacion-de-cambiemos\/\",\"name\":\"Sierra de la Ventana tuvo la presentaci\u00f3n de Cambiemos. - Noticias Radio Reflejos\",\"isPartOf\":{\"@id\":\"https:\/\/www.noticiasradioreflejos.com.ar\/2021\/#website\"},\"primaryImageOfPage\":{\"@id\":\"https:\/\/www.noticiasradioreflejos.com.ar\/2021\/sierra-de-la-ventana-tuvo-la-presentacion-de-cambiemos\/#primaryimage\"},\"image\":{\"@id\":\"https:\/\/www.noticiasradioreflejos.com.ar\/2021\/sierra-de-la-ventana-tuvo-la-presentacion-de-cambiemos\/#primaryimage\"},\"thumbnailUrl\":\"http:\/\/farm5.staticflickr.com\/4329\/36109956541_cb40d6cbdd.jpg\",\"datePublished\":\"2017-07-29T17:50:20+00:00\",\"author\":{\"@id\":\"https:\/\/www.noticiasradioreflejos.com.ar\/2021\/#\/schema\/person\/ad82545263dcc5ec0996818884fd5fb1\"},\"breadcrumb\":{\"@id\":\"https:\/\/www.noticiasradioreflejos.com.ar\/2021\/sierra-de-la-ventana-tuvo-la-presentacion-de-cambiemos\/#breadcrumb\"},\"inLanguage\":\"es\",\"potentialAction\":[{\"@type\":\"ReadAction\",\"target\":[\"https:\/\/www.noticiasradioreflejos.com.ar\/2021\/sierra-de-la-ventana-tuvo-la-presentacion-de-cambiemos\/\"]}]},{\"@type\":\"ImageObject\",\"inLanguage\":\"es\",\"@id\":\"https:\/\/www.noticiasradioreflejos.com.ar\/2021\/sierra-de-la-ventana-tuvo-la-presentacion-de-cambiemos\/#primaryimage\",\"url\":\"http:\/\/farm5.staticflickr.com\/4329\/36109956541_cb40d6cbdd.jpg\",\"contentUrl\":\"http:\/\/farm5.staticflickr.com\/4329\/36109956541_cb40d6cbdd.jpg\"},{\"@type\":\"BreadcrumbList\",\"@id\":\"https:\/\/www.noticiasradioreflejos.com.ar\/2021\/sierra-de-la-ventana-tuvo-la-presentacion-de-cambiemos\/#breadcrumb\",\"itemListElement\":[{\"@type\":\"ListItem\",\"position\":1,\"name\":\"Portada\",\"item\":\"https:\/\/www.noticiasradioreflejos.com.ar\/2021\/\"},{\"@type\":\"ListItem\",\"position\":2,\"name\":\"Sierra de la Ventana tuvo la presentaci\u00f3n de Cambiemos.\"}]},{\"@type\":\"WebSite\",\"@id\":\"https:\/\/www.noticiasradioreflejos.com.ar\/2021\/#website\",\"url\":\"https:\/\/www.noticiasradioreflejos.com.ar\/2021\/\",\"name\":\"Noticias Radio Reflejos\",\"description\":\"Las noticias de mi comarca\",\"potentialAction\":[{\"@type\":\"SearchAction\",\"target\":{\"@type\":\"EntryPoint\",\"urlTemplate\":\"https:\/\/www.noticiasradioreflejos.com.ar\/2021\/?s={search_term_string}\"},\"query-input\":{\"@type\":\"PropertyValueSpecification\",\"valueRequired\":true,\"valueName\":\"search_term_string\"}}],\"inLanguage\":\"es\"},{\"@type\":\"Person\",\"@id\":\"https:\/\/www.noticiasradioreflejos.com.ar\/2021\/#\/schema\/person\/ad82545263dcc5ec0996818884fd5fb1\",\"name\":\"Arnaldo Botto\",\"image\":{\"@type\":\"ImageObject\",\"inLanguage\":\"es\",\"@id\":\"https:\/\/www.noticiasradioreflejos.com.ar\/2021\/#\/schema\/person\/image\/\",\"url\":\"https:\/\/secure.gravatar.com\/avatar\/55cb5e37c1efa326397366e6974cb338056df65cb50e7d64d1cf314e87504837?s=96&d=mm&r=g\",\"contentUrl\":\"https:\/\/secure.gravatar.com\/avatar\/55cb5e37c1efa326397366e6974cb338056df65cb50e7d64d1cf314e87504837?s=96&d=mm&r=g\",\"caption\":\"Arnaldo Botto\"},\"url\":\"https:\/\/www.noticiasradioreflejos.com.ar\/2021\/author\/arnaldo\/\"}]}<\/script>\n<!-- \/ Yoast SEO plugin. -->","yoast_head_json":{"title":"Sierra de la Ventana tuvo la presentaci\u00f3n de Cambiemos. - Noticias Radio Reflejos","robots":{"index":"index","follow":"follow","max-snippet":"max-snippet:-1","max-image-preview":"max-image-preview:large","max-video-preview":"max-video-preview:-1"},"canonical":"https:\/\/www.noticiasradioreflejos.com.ar\/2021\/sierra-de-la-ventana-tuvo-la-presentacion-de-cambiemos\/","og_locale":"es_ES","og_type":"article","og_title":"Sierra de la Ventana tuvo la presentaci\u00f3n de Cambiemos. - Noticias Radio Reflejos","og_description":"Durante la noche de este viernes 28 de julio, el Quincho del Club Ventana fue el lugar elegido para la presentaci\u00f3n de la Lista de Cambiemos en Sierra de la Ventana.","og_url":"https:\/\/www.noticiasradioreflejos.com.ar\/2021\/sierra-de-la-ventana-tuvo-la-presentacion-de-cambiemos\/","og_site_name":"Noticias Radio Reflejos","article_published_time":"2017-07-29T17:50:20+00:00","og_image":[{"url":"http:\/\/farm5.staticflickr.com\/4329\/36109956541_cb40d6cbdd.jpg","type":"","width":"","height":""}],"author":"Arnaldo Botto","twitter_card":"summary_large_image","schema":{"@context":"https:\/\/schema.org","@graph":[{"@type":"WebPage","@id":"https:\/\/www.noticiasradioreflejos.com.ar\/2021\/sierra-de-la-ventana-tuvo-la-presentacion-de-cambiemos\/","url":"https:\/\/www.noticiasradioreflejos.com.ar\/2021\/sierra-de-la-ventana-tuvo-la-presentacion-de-cambiemos\/","name":"Sierra de la Ventana tuvo la presentaci\u00f3n de Cambiemos. - Noticias Radio Reflejos","isPartOf":{"@id":"https:\/\/www.noticiasradioreflejos.com.ar\/2021\/#website"},"primaryImageOfPage":{"@id":"https:\/\/www.noticiasradioreflejos.com.ar\/2021\/sierra-de-la-ventana-tuvo-la-presentacion-de-cambiemos\/#primaryimage"},"image":{"@id":"https:\/\/www.noticiasradioreflejos.com.ar\/2021\/sierra-de-la-ventana-tuvo-la-presentacion-de-cambiemos\/#primaryimage"},"thumbnailUrl":"http:\/\/farm5.staticflickr.com\/4329\/36109956541_cb40d6cbdd.jpg","datePublished":"2017-07-29T17:50:20+00:00","author":{"@id":"https:\/\/www.noticiasradioreflejos.com.ar\/2021\/#\/schema\/person\/ad82545263dcc5ec0996818884fd5fb1"},"breadcrumb":{"@id":"https:\/\/www.noticiasradioreflejos.com.ar\/2021\/sierra-de-la-ventana-tuvo-la-presentacion-de-cambiemos\/#breadcrumb"},"inLanguage":"es","potentialAction":[{"@type":"ReadAction","target":["https:\/\/www.noticiasradioreflejos.com.ar\/2021\/sierra-de-la-ventana-tuvo-la-presentacion-de-cambiemos\/"]}]},{"@type":"ImageObject","inLanguage":"es","@id":"https:\/\/www.noticiasradioreflejos.com.ar\/2021\/sierra-de-la-ventana-tuvo-la-presentacion-de-cambiemos\/#primaryimage","url":"http:\/\/farm5.staticflickr.com\/4329\/36109956541_cb40d6cbdd.jpg","contentUrl":"http:\/\/farm5.staticflickr.com\/4329\/36109956541_cb40d6cbdd.jpg"},{"@type":"BreadcrumbList","@id":"https:\/\/www.noticiasradioreflejos.com.ar\/2021\/sierra-de-la-ventana-tuvo-la-presentacion-de-cambiemos\/#breadcrumb","itemListElement":[{"@type":"ListItem","position":1,"name":"Portada","item":"https:\/\/www.noticiasradioreflejos.com.ar\/2021\/"},{"@type":"ListItem","position":2,"name":"Sierra de la Ventana tuvo la presentaci\u00f3n de Cambiemos."}]},{"@type":"WebSite","@id":"https:\/\/www.noticiasradioreflejos.com.ar\/2021\/#website","url":"https:\/\/www.noticiasradioreflejos.com.ar\/2021\/","name":"Noticias Radio Reflejos","description":"Las noticias de mi comarca","potentialAction":[{"@type":"SearchAction","target":{"@type":"EntryPoint","urlTemplate":"https:\/\/www.noticiasradioreflejos.com.ar\/2021\/?s={search_term_string}"},"query-input":{"@type":"PropertyValueSpecification","valueRequired":true,"valueName":"search_term_string"}}],"inLanguage":"es"},{"@type":"Person","@id":"https:\/\/www.noticiasradioreflejos.com.ar\/2021\/#\/schema\/person\/ad82545263dcc5ec0996818884fd5fb1","name":"Arnaldo Botto","image":{"@type":"ImageObject","inLanguage":"es","@id":"https:\/\/www.noticiasradioreflejos.com.ar\/2021\/#\/schema\/person\/image\/","url":"https:\/\/secure.gravatar.com\/avatar\/55cb5e37c1efa326397366e6974cb338056df65cb50e7d64d1cf314e87504837?s=96&d=mm&r=g","contentUrl":"https:\/\/secure.gravatar.com\/avatar\/55cb5e37c1efa326397366e6974cb338056df65cb50e7d64d1cf314e87504837?s=96&d=mm&r=g","caption":"Arnaldo Botto"},"url":"https:\/\/www.noticiasradioreflejos.com.ar\/2021\/author\/arnaldo\/"}]}},"_links":{"self":[{"href":"https:\/\/www.noticiasradioreflejos.com.ar\/2021\/wp-json\/wp\/v2\/posts\/12910","targetHints":{"allow":["GET"]}}],"collection":[{"href":"https:\/\/www.noticiasradioreflejos.com.ar\/2021\/wp-json\/wp\/v2\/posts"}],"about":[{"href":"https:\/\/www.noticiasradioreflejos.com.ar\/2021\/wp-json\/wp\/v2\/types\/post"}],"author":[{"embeddable":true,"href":"https:\/\/www.noticiasradioreflejos.com.ar\/2021\/wp-json\/wp\/v2\/users\/3"}],"replies":[{"embeddable":true,"href":"https:\/\/www.noticiasradioreflejos.com.ar\/2021\/wp-json\/wp\/v2\/comments?post=12910"}],"version-history":[{"count":0,"href":"https:\/\/www.noticiasradioreflejos.com.ar\/2021\/wp-json\/wp\/v2\/posts\/12910\/revisions"}],"wp:attachment":[{"href":"https:\/\/www.noticiasradioreflejos.com.ar\/2021\/wp-json\/wp\/v2\/media?parent=12910"}],"wp:term":[{"taxonomy":"category","embeddable":true,"href":"https:\/\/www.noticiasradioreflejos.com.ar\/2021\/wp-json\/wp\/v2\/categories?post=12910"},{"taxonomy":"post_tag","embeddable":true,"href":"https:\/\/www.noticiasradioreflejos.com.ar\/2021\/wp-json\/wp\/v2\/tags?post=12910"}],"curies":[{"name":"wp","href":"https:\/\/api.w.org\/{rel}","templated":true}]}}