{"id":129091,"date":"2025-12-01T17:22:12","date_gmt":"2025-12-01T20:22:12","guid":{"rendered":"https:\/\/www.noticiasradioreflejos.com.ar\/2021\/?p=129091"},"modified":"2025-12-01T17:22:12","modified_gmt":"2025-12-01T20:22:12","slug":"pinos-navidenos-sustentables-la-iniciativa-de-plan-verde-tornquist-corta-especies-invasoras-para-proteger-las-sierras","status":"publish","type":"post","link":"https:\/\/www.noticiasradioreflejos.com.ar\/2021\/pinos-navidenos-sustentables-la-iniciativa-de-plan-verde-tornquist-corta-especies-invasoras-para-proteger-las-sierras\/","title":{"rendered":"Pinos Navide\u00f1os Sustentables: La iniciativa de Plan Verde Tornquist corta especies invasoras para proteger las sierras"},"content":{"rendered":"<p data-path-to-node=\"6\">Josefina Moroncini, de Plan Verde Tornquist, lidera la propuesta <b>\u00abNa(tiva)vidad\u00bb<\/b> que busca concientizar sobre el <b>impacto devastador de los pinos invasores<\/b> en la flora y el ecosistema de la Comarca. <!--more-->La iniciativa convierte estos \u00e1rboles, extra\u00eddos de campos privados, en arbolitos de Navidad para las familias a cambio de una colaboraci\u00f3n, visibilizando la amenaza que representan para la conservaci\u00f3n del pastizal nativo y la <b>reserva de agua<\/b> de la regi\u00f3n. El grupo invita a voluntarios a sumarse a la jornada de corte que se realizar\u00e1 el pr\u00f3ximo 8 de diciembre.<\/p>\n<p data-path-to-node=\"6\"><a href=\"https:\/\/www.noticiasradioreflejos.com.ar\/2021\/pinos-navidenos-sustentables-la-iniciativa-de-plan-verde-tornquist-corta-especies-invasoras-para-proteger-las-sierras\/20241208_113815\/\" rel=\"attachment wp-att-129106\"><img loading=\"lazy\" decoding=\"async\" class=\"aligncenter size-full wp-image-129106\" src=\"https:\/\/www.noticiasradioreflejos.com.ar\/2021\/wp-content\/uploads\/2025\/12\/20241208_113815.jpg\" alt=\"\" width=\"366\" height=\"503\" srcset=\"https:\/\/www.noticiasradioreflejos.com.ar\/2021\/wp-content\/uploads\/2025\/12\/20241208_113815.jpg 366w, https:\/\/www.noticiasradioreflejos.com.ar\/2021\/wp-content\/uploads\/2025\/12\/20241208_113815-218x300.jpg 218w\" sizes=\"auto, (max-width: 366px) 100vw, 366px\" \/><\/a><\/p>\n<p><strong>Josefina Moroncini, integrante de Plan Verde Tornquist<\/strong>, present\u00f3 en <em><strong><a href=\"https:\/\/www.noticiasradioreflejos.com.ar\/2021\/wp-content\/uploads\/2024\/09\/streaming.png\">FM Reflejos<\/a><\/strong><\/em> la propuesta <em>Na(tiva)vidad<\/em>, una iniciativa que convierte pinos invasores de la flora de la Comarca en arbolitos de Navidad para las familias, con el objetivo de visibilizar la problem\u00e1tica ambiental y ofrecer una alternativa sustentable.<\/p>\n<p>\u201cVamos a estar cortando pinos en un campo privado que nos abri\u00f3 las puertas, donde hay una invasi\u00f3n bastante grande. Los vamos a estar entregando frente a los portones del Parque Provincial\u201d, explic\u00f3 Moroncini.<\/p>\n<p><a href=\"https:\/\/www.noticiasradioreflejos.com.ar\/2021\/pinos-navidenos-sustentables-la-iniciativa-de-plan-verde-tornquist-corta-especies-invasoras-para-proteger-las-sierras\/ven-tana-pin-os\/\" rel=\"attachment wp-att-129107\"><img loading=\"lazy\" decoding=\"async\" class=\"aligncenter size-full wp-image-129107\" src=\"https:\/\/www.noticiasradioreflejos.com.ar\/2021\/wp-content\/uploads\/2025\/12\/Ven-tana-Pin-os.jpg\" alt=\"\" width=\"1156\" height=\"650\" srcset=\"https:\/\/www.noticiasradioreflejos.com.ar\/2021\/wp-content\/uploads\/2025\/12\/Ven-tana-Pin-os.jpg 1156w, https:\/\/www.noticiasradioreflejos.com.ar\/2021\/wp-content\/uploads\/2025\/12\/Ven-tana-Pin-os-300x169.jpg 300w, https:\/\/www.noticiasradioreflejos.com.ar\/2021\/wp-content\/uploads\/2025\/12\/Ven-tana-Pin-os-1024x576.jpg 1024w, https:\/\/www.noticiasradioreflejos.com.ar\/2021\/wp-content\/uploads\/2025\/12\/Ven-tana-Pin-os-768x432.jpg 768w, https:\/\/www.noticiasradioreflejos.com.ar\/2021\/wp-content\/uploads\/2025\/12\/Ven-tana-Pin-os-750x422.jpg 750w, https:\/\/www.noticiasradioreflejos.com.ar\/2021\/wp-content\/uploads\/2025\/12\/Ven-tana-Pin-os-1140x641.jpg 1140w\" sizes=\"auto, (max-width: 1156px) 100vw, 1156px\" \/><\/a><\/p>\n<p>La referente subray\u00f3 que a\u00fan cuesta visibilizar el impacto de las especies invasoras: \u201cSe est\u00e1 extendiendo de una forma que cada vez va a resultar m\u00e1s dif\u00edcil y m\u00e1s costoso solucionar este problema\u201d. Y advirti\u00f3 sobre las consecuencias: \u201cSi nuestras Sierras dejan de ser el pastizal y la esponja que son ahora, nosotros no vamos a tener agua\u201d. Se\u00f1al\u00f3 que ya existen zonas degradadas, como el Mirador en Ruta 76.<\/p>\n<p>Moroncini tambi\u00e9n mencion\u00f3 que una de las dificultades es que gran parte de los terrenos afectados son privados, donde los productores muestran poco inter\u00e9s o desconocimiento en el control de especies invasoras. \u201cA eso nunca se llega o muy pocas veces\u201d, lament\u00f3.<\/p>\n<p><a href=\"https:\/\/www.noticiasradioreflejos.com.ar\/2021\/pinos-navidenos-sustentables-la-iniciativa-de-plan-verde-tornquist-corta-especies-invasoras-para-proteger-las-sierras\/20241207_170450\/\" rel=\"attachment wp-att-129108\"><img loading=\"lazy\" decoding=\"async\" class=\"size-full wp-image-129108 alignleft\" src=\"https:\/\/www.noticiasradioreflejos.com.ar\/2021\/wp-content\/uploads\/2025\/12\/20241207_170450.jpg\" alt=\"\" width=\"366\" height=\"650\" srcset=\"https:\/\/www.noticiasradioreflejos.com.ar\/2021\/wp-content\/uploads\/2025\/12\/20241207_170450.jpg 366w, https:\/\/www.noticiasradioreflejos.com.ar\/2021\/wp-content\/uploads\/2025\/12\/20241207_170450-169x300.jpg 169w\" sizes=\"auto, (max-width: 366px) 100vw, 366px\" \/><\/a><strong>Plan Verde Tornquist<\/strong>, por cuestiones laborales de sus integrantes, no ha podido llevar adelante muchas acciones este a\u00f1o, pero el 8 de diciembre se reunir\u00e1n para concretar <em>(Nativa)vidad<\/em>. \u201cNos parece lo mejor porque nuestra idea es que la problem\u00e1tica se conozca y que se sepa qu\u00e9 se puede hacer. Somos poquitos voluntarios, vamos a estar con un seguro as\u00ed que si alguien m\u00e1s se quiere sumar, se puede comunicar a los n\u00fameros que est\u00e1n circulando en las redes sociales\u201d, explic\u00f3. Este a\u00f1o se prev\u00e9 una colaboraci\u00f3n a voluntad para cubrir los costos de los seguros.<\/p>\n<p>El grupo lleva alrededor de 700 pinos cortados por a\u00f1o, entregando aproximadamente 200 a las familias.<\/p>\n<p><strong>Reservas de pinos:<\/strong><\/p>\n<ul>\n<li>Silvana: 2915037297<\/li>\n<li>Josefina: 2914297153<\/li>\n<li>Ignacio: 1159902787<\/li>\n<li>Sabrina: 2914181291<\/li>\n<li>Rosario: 2915760527<\/li>\n<\/ul>\n<p>&nbsp;<\/p>\n<p>&nbsp;<\/p>\n<p>&nbsp;<\/p>\n<p>Los pinos se retirar\u00e1n el lunes 8 de diciembre de 12 a 18 hs frente a los portones del Parque Provincial Ernesto Tornquist, sobre Ruta 76.<br \/>\n<!--EndFragment --><\/p>\n<audio class=\"wp-audio-shortcode\" id=\"audio-129091-1\" preload=\"none\" style=\"width: 100%;\" controls=\"controls\"><source type=\"audio\/mpeg\" src=\"https:\/\/www.noticiasradioreflejos.com.ar\/2021\/wp-content\/uploads\/2025\/12\/Josefina-Moroncini-01-11.mp3?_=1\" \/><a href=\"https:\/\/www.noticiasradioreflejos.com.ar\/2021\/wp-content\/uploads\/2025\/12\/Josefina-Moroncini-01-11.mp3\">https:\/\/www.noticiasradioreflejos.com.ar\/2021\/wp-content\/uploads\/2025\/12\/Josefina-Moroncini-01-11.mp3<\/a><\/audio>\n<p>&nbsp;<\/p>\n<p><a href=\"https:\/\/www.noticiasradioreflejos.com.ar\/2021\/pinos-navidenos-sustentables-la-iniciativa-de-plan-verde-tornquist-corta-especies-invasoras-para-proteger-las-sierras\/whatsapp-image-2025-11-29-at-16-37-25-1\/\" rel=\"attachment wp-att-129109\"><img loading=\"lazy\" decoding=\"async\" class=\"aligncenter size-full wp-image-129109\" src=\"https:\/\/www.noticiasradioreflejos.com.ar\/2021\/wp-content\/uploads\/2025\/12\/WhatsApp-Image-2025-11-29-at-16.37.25-1.jpeg\" alt=\"\" width=\"1080\" height=\"1350\" \/><\/a> <a href=\"https:\/\/www.noticiasradioreflejos.com.ar\/2021\/pinos-navidenos-sustentables-la-iniciativa-de-plan-verde-tornquist-corta-especies-invasoras-para-proteger-las-sierras\/whatsapp-image-2025-11-29-at-16-37-24-1\/\" rel=\"attachment wp-att-129110\"><img loading=\"lazy\" decoding=\"async\" class=\"aligncenter size-full wp-image-129110\" src=\"https:\/\/www.noticiasradioreflejos.com.ar\/2021\/wp-content\/uploads\/2025\/12\/WhatsApp-Image-2025-11-29-at-16.37.24-1.jpeg\" alt=\"\" width=\"1080\" height=\"1350\" srcset=\"https:\/\/www.noticiasradioreflejos.com.ar\/2021\/wp-content\/uploads\/2025\/12\/WhatsApp-Image-2025-11-29-at-16.37.24-1.jpeg 1080w, https:\/\/www.noticiasradioreflejos.com.ar\/2021\/wp-content\/uploads\/2025\/12\/WhatsApp-Image-2025-11-29-at-16.37.24-1-240x300.jpeg 240w, https:\/\/www.noticiasradioreflejos.com.ar\/2021\/wp-content\/uploads\/2025\/12\/WhatsApp-Image-2025-11-29-at-16.37.24-1-819x1024.jpeg 819w, https:\/\/www.noticiasradioreflejos.com.ar\/2021\/wp-content\/uploads\/2025\/12\/WhatsApp-Image-2025-11-29-at-16.37.24-1-768x960.jpeg 768w, https:\/\/www.noticiasradioreflejos.com.ar\/2021\/wp-content\/uploads\/2025\/12\/WhatsApp-Image-2025-11-29-at-16.37.24-1-750x938.jpeg 750w\" sizes=\"auto, (max-width: 1080px) 100vw, 1080px\" \/><\/a> <a href=\"https:\/\/www.noticiasradioreflejos.com.ar\/2021\/pinos-navidenos-sustentables-la-iniciativa-de-plan-verde-tornquist-corta-especies-invasoras-para-proteger-las-sierras\/whatsapp-image-2025-11-29-at-16-37-24\/\" rel=\"attachment wp-att-129111\"><img loading=\"lazy\" decoding=\"async\" class=\"aligncenter size-full wp-image-129111\" src=\"https:\/\/www.noticiasradioreflejos.com.ar\/2021\/wp-content\/uploads\/2025\/12\/WhatsApp-Image-2025-11-29-at-16.37.24.jpeg\" alt=\"\" width=\"1080\" height=\"1350\" \/><\/a><\/p>\n","protected":false},"excerpt":{"rendered":"<p>Josefina Moroncini, de Plan Verde Tornquist, lidera la propuesta \u00abNa(tiva)vidad\u00bb que busca concientizar sobre el impacto devastador de los pinos invasores en la flora y el ecosistema de la Comarca.<\/p>\n","protected":false},"author":3,"featured_media":129105,"comment_status":"closed","ping_status":"closed","sticky":false,"template":"","format":"standard","meta":{"footnotes":""},"categories":[28,26],"tags":[48],"class_list":["post-129091","post","type-post","status-publish","format-standard","has-post-thumbnail","hentry","category-municipales","category-sociedad","tag-destacada"],"yoast_head":"<!-- This site is optimized with the Yoast SEO plugin v25.9 - https:\/\/yoast.com\/wordpress\/plugins\/seo\/ -->\n<title>Pinos Navide\u00f1os Sustentables: La iniciativa de Plan Verde Tornquist corta especies invasoras para proteger las sierras - Noticias Radio Reflejos<\/title>\n<meta name=\"robots\" content=\"index, follow, max-snippet:-1, max-image-preview:large, max-video-preview:-1\" \/>\n<link rel=\"canonical\" href=\"https:\/\/www.noticiasradioreflejos.com.ar\/2021\/pinos-navidenos-sustentables-la-iniciativa-de-plan-verde-tornquist-corta-especies-invasoras-para-proteger-las-sierras\/\" \/>\n<meta property=\"og:locale\" content=\"es_ES\" \/>\n<meta property=\"og:type\" content=\"article\" \/>\n<meta property=\"og:title\" content=\"Pinos Navide\u00f1os Sustentables: La iniciativa de Plan Verde Tornquist corta especies invasoras para proteger las sierras - Noticias Radio Reflejos\" \/>\n<meta property=\"og:description\" content=\"Josefina Moroncini, de Plan Verde Tornquist, lidera la propuesta \u00abNa(tiva)vidad\u00bb que busca concientizar sobre el impacto devastador de los pinos invasores en la flora y el ecosistema de la Comarca.\" \/>\n<meta property=\"og:url\" content=\"https:\/\/www.noticiasradioreflejos.com.ar\/2021\/pinos-navidenos-sustentables-la-iniciativa-de-plan-verde-tornquist-corta-especies-invasoras-para-proteger-las-sierras\/\" \/>\n<meta property=\"og:site_name\" content=\"Noticias Radio Reflejos\" \/>\n<meta property=\"article:published_time\" content=\"2025-12-01T20:22:12+00:00\" \/>\n<meta property=\"og:image\" content=\"https:\/\/www.noticiasradioreflejos.com.ar\/2021\/wp-content\/uploads\/2025\/12\/NaTivaVidad.jpg\" \/>\n\t<meta property=\"og:image:width\" content=\"1156\" \/>\n\t<meta property=\"og:image:height\" content=\"650\" \/>\n\t<meta property=\"og:image:type\" content=\"image\/jpeg\" \/>\n<meta name=\"author\" content=\"Arnaldo Botto\" \/>\n<meta name=\"twitter:card\" content=\"summary_large_image\" \/>\n<script type=\"application\/ld+json\" class=\"yoast-schema-graph\">{\"@context\":\"https:\/\/schema.org\",\"@graph\":[{\"@type\":\"WebPage\",\"@id\":\"https:\/\/www.noticiasradioreflejos.com.ar\/2021\/pinos-navidenos-sustentables-la-iniciativa-de-plan-verde-tornquist-corta-especies-invasoras-para-proteger-las-sierras\/\",\"url\":\"https:\/\/www.noticiasradioreflejos.com.ar\/2021\/pinos-navidenos-sustentables-la-iniciativa-de-plan-verde-tornquist-corta-especies-invasoras-para-proteger-las-sierras\/\",\"name\":\"Pinos Navide\u00f1os Sustentables: La iniciativa de Plan Verde Tornquist corta especies invasoras para proteger las sierras - Noticias Radio Reflejos\",\"isPartOf\":{\"@id\":\"https:\/\/www.noticiasradioreflejos.com.ar\/2021\/#website\"},\"primaryImageOfPage\":{\"@id\":\"https:\/\/www.noticiasradioreflejos.com.ar\/2021\/pinos-navidenos-sustentables-la-iniciativa-de-plan-verde-tornquist-corta-especies-invasoras-para-proteger-las-sierras\/#primaryimage\"},\"image\":{\"@id\":\"https:\/\/www.noticiasradioreflejos.com.ar\/2021\/pinos-navidenos-sustentables-la-iniciativa-de-plan-verde-tornquist-corta-especies-invasoras-para-proteger-las-sierras\/#primaryimage\"},\"thumbnailUrl\":\"https:\/\/www.noticiasradioreflejos.com.ar\/2021\/wp-content\/uploads\/2025\/12\/NaTivaVidad.jpg\",\"datePublished\":\"2025-12-01T20:22:12+00:00\",\"author\":{\"@id\":\"https:\/\/www.noticiasradioreflejos.com.ar\/2021\/#\/schema\/person\/ad82545263dcc5ec0996818884fd5fb1\"},\"breadcrumb\":{\"@id\":\"https:\/\/www.noticiasradioreflejos.com.ar\/2021\/pinos-navidenos-sustentables-la-iniciativa-de-plan-verde-tornquist-corta-especies-invasoras-para-proteger-las-sierras\/#breadcrumb\"},\"inLanguage\":\"es\",\"potentialAction\":[{\"@type\":\"ReadAction\",\"target\":[\"https:\/\/www.noticiasradioreflejos.com.ar\/2021\/pinos-navidenos-sustentables-la-iniciativa-de-plan-verde-tornquist-corta-especies-invasoras-para-proteger-las-sierras\/\"]}]},{\"@type\":\"ImageObject\",\"inLanguage\":\"es\",\"@id\":\"https:\/\/www.noticiasradioreflejos.com.ar\/2021\/pinos-navidenos-sustentables-la-iniciativa-de-plan-verde-tornquist-corta-especies-invasoras-para-proteger-las-sierras\/#primaryimage\",\"url\":\"https:\/\/www.noticiasradioreflejos.com.ar\/2021\/wp-content\/uploads\/2025\/12\/NaTivaVidad.jpg\",\"contentUrl\":\"https:\/\/www.noticiasradioreflejos.com.ar\/2021\/wp-content\/uploads\/2025\/12\/NaTivaVidad.jpg\",\"width\":1156,\"height\":650},{\"@type\":\"BreadcrumbList\",\"@id\":\"https:\/\/www.noticiasradioreflejos.com.ar\/2021\/pinos-navidenos-sustentables-la-iniciativa-de-plan-verde-tornquist-corta-especies-invasoras-para-proteger-las-sierras\/#breadcrumb\",\"itemListElement\":[{\"@type\":\"ListItem\",\"position\":1,\"name\":\"Portada\",\"item\":\"https:\/\/www.noticiasradioreflejos.com.ar\/2021\/\"},{\"@type\":\"ListItem\",\"position\":2,\"name\":\"Pinos Navide\u00f1os Sustentables: La iniciativa de Plan Verde Tornquist corta especies invasoras para proteger las sierras\"}]},{\"@type\":\"WebSite\",\"@id\":\"https:\/\/www.noticiasradioreflejos.com.ar\/2021\/#website\",\"url\":\"https:\/\/www.noticiasradioreflejos.com.ar\/2021\/\",\"name\":\"Noticias Radio Reflejos\",\"description\":\"Las noticias de mi comarca\",\"potentialAction\":[{\"@type\":\"SearchAction\",\"target\":{\"@type\":\"EntryPoint\",\"urlTemplate\":\"https:\/\/www.noticiasradioreflejos.com.ar\/2021\/?s={search_term_string}\"},\"query-input\":{\"@type\":\"PropertyValueSpecification\",\"valueRequired\":true,\"valueName\":\"search_term_string\"}}],\"inLanguage\":\"es\"},{\"@type\":\"Person\",\"@id\":\"https:\/\/www.noticiasradioreflejos.com.ar\/2021\/#\/schema\/person\/ad82545263dcc5ec0996818884fd5fb1\",\"name\":\"Arnaldo Botto\",\"image\":{\"@type\":\"ImageObject\",\"inLanguage\":\"es\",\"@id\":\"https:\/\/www.noticiasradioreflejos.com.ar\/2021\/#\/schema\/person\/image\/\",\"url\":\"https:\/\/secure.gravatar.com\/avatar\/55cb5e37c1efa326397366e6974cb338056df65cb50e7d64d1cf314e87504837?s=96&d=mm&r=g\",\"contentUrl\":\"https:\/\/secure.gravatar.com\/avatar\/55cb5e37c1efa326397366e6974cb338056df65cb50e7d64d1cf314e87504837?s=96&d=mm&r=g\",\"caption\":\"Arnaldo Botto\"},\"url\":\"https:\/\/www.noticiasradioreflejos.com.ar\/2021\/author\/arnaldo\/\"}]}<\/script>\n<!-- \/ Yoast SEO plugin. -->","yoast_head_json":{"title":"Pinos Navide\u00f1os Sustentables: La iniciativa de Plan Verde Tornquist corta especies invasoras para proteger las sierras - Noticias Radio Reflejos","robots":{"index":"index","follow":"follow","max-snippet":"max-snippet:-1","max-image-preview":"max-image-preview:large","max-video-preview":"max-video-preview:-1"},"canonical":"https:\/\/www.noticiasradioreflejos.com.ar\/2021\/pinos-navidenos-sustentables-la-iniciativa-de-plan-verde-tornquist-corta-especies-invasoras-para-proteger-las-sierras\/","og_locale":"es_ES","og_type":"article","og_title":"Pinos Navide\u00f1os Sustentables: La iniciativa de Plan Verde Tornquist corta especies invasoras para proteger las sierras - Noticias Radio Reflejos","og_description":"Josefina Moroncini, de Plan Verde Tornquist, lidera la propuesta \u00abNa(tiva)vidad\u00bb que busca concientizar sobre el impacto devastador de los pinos invasores en la flora y el ecosistema de la Comarca.","og_url":"https:\/\/www.noticiasradioreflejos.com.ar\/2021\/pinos-navidenos-sustentables-la-iniciativa-de-plan-verde-tornquist-corta-especies-invasoras-para-proteger-las-sierras\/","og_site_name":"Noticias Radio Reflejos","article_published_time":"2025-12-01T20:22:12+00:00","og_image":[{"width":1156,"height":650,"url":"https:\/\/www.noticiasradioreflejos.com.ar\/2021\/wp-content\/uploads\/2025\/12\/NaTivaVidad.jpg","type":"image\/jpeg"}],"author":"Arnaldo Botto","twitter_card":"summary_large_image","schema":{"@context":"https:\/\/schema.org","@graph":[{"@type":"WebPage","@id":"https:\/\/www.noticiasradioreflejos.com.ar\/2021\/pinos-navidenos-sustentables-la-iniciativa-de-plan-verde-tornquist-corta-especies-invasoras-para-proteger-las-sierras\/","url":"https:\/\/www.noticiasradioreflejos.com.ar\/2021\/pinos-navidenos-sustentables-la-iniciativa-de-plan-verde-tornquist-corta-especies-invasoras-para-proteger-las-sierras\/","name":"Pinos Navide\u00f1os Sustentables: La iniciativa de Plan Verde Tornquist corta especies invasoras para proteger las sierras - Noticias Radio Reflejos","isPartOf":{"@id":"https:\/\/www.noticiasradioreflejos.com.ar\/2021\/#website"},"primaryImageOfPage":{"@id":"https:\/\/www.noticiasradioreflejos.com.ar\/2021\/pinos-navidenos-sustentables-la-iniciativa-de-plan-verde-tornquist-corta-especies-invasoras-para-proteger-las-sierras\/#primaryimage"},"image":{"@id":"https:\/\/www.noticiasradioreflejos.com.ar\/2021\/pinos-navidenos-sustentables-la-iniciativa-de-plan-verde-tornquist-corta-especies-invasoras-para-proteger-las-sierras\/#primaryimage"},"thumbnailUrl":"https:\/\/www.noticiasradioreflejos.com.ar\/2021\/wp-content\/uploads\/2025\/12\/NaTivaVidad.jpg","datePublished":"2025-12-01T20:22:12+00:00","author":{"@id":"https:\/\/www.noticiasradioreflejos.com.ar\/2021\/#\/schema\/person\/ad82545263dcc5ec0996818884fd5fb1"},"breadcrumb":{"@id":"https:\/\/www.noticiasradioreflejos.com.ar\/2021\/pinos-navidenos-sustentables-la-iniciativa-de-plan-verde-tornquist-corta-especies-invasoras-para-proteger-las-sierras\/#breadcrumb"},"inLanguage":"es","potentialAction":[{"@type":"ReadAction","target":["https:\/\/www.noticiasradioreflejos.com.ar\/2021\/pinos-navidenos-sustentables-la-iniciativa-de-plan-verde-tornquist-corta-especies-invasoras-para-proteger-las-sierras\/"]}]},{"@type":"ImageObject","inLanguage":"es","@id":"https:\/\/www.noticiasradioreflejos.com.ar\/2021\/pinos-navidenos-sustentables-la-iniciativa-de-plan-verde-tornquist-corta-especies-invasoras-para-proteger-las-sierras\/#primaryimage","url":"https:\/\/www.noticiasradioreflejos.com.ar\/2021\/wp-content\/uploads\/2025\/12\/NaTivaVidad.jpg","contentUrl":"https:\/\/www.noticiasradioreflejos.com.ar\/2021\/wp-content\/uploads\/2025\/12\/NaTivaVidad.jpg","width":1156,"height":650},{"@type":"BreadcrumbList","@id":"https:\/\/www.noticiasradioreflejos.com.ar\/2021\/pinos-navidenos-sustentables-la-iniciativa-de-plan-verde-tornquist-corta-especies-invasoras-para-proteger-las-sierras\/#breadcrumb","itemListElement":[{"@type":"ListItem","position":1,"name":"Portada","item":"https:\/\/www.noticiasradioreflejos.com.ar\/2021\/"},{"@type":"ListItem","position":2,"name":"Pinos Navide\u00f1os Sustentables: La iniciativa de Plan Verde Tornquist corta especies invasoras para proteger las sierras"}]},{"@type":"WebSite","@id":"https:\/\/www.noticiasradioreflejos.com.ar\/2021\/#website","url":"https:\/\/www.noticiasradioreflejos.com.ar\/2021\/","name":"Noticias Radio Reflejos","description":"Las noticias de mi comarca","potentialAction":[{"@type":"SearchAction","target":{"@type":"EntryPoint","urlTemplate":"https:\/\/www.noticiasradioreflejos.com.ar\/2021\/?s={search_term_string}"},"query-input":{"@type":"PropertyValueSpecification","valueRequired":true,"valueName":"search_term_string"}}],"inLanguage":"es"},{"@type":"Person","@id":"https:\/\/www.noticiasradioreflejos.com.ar\/2021\/#\/schema\/person\/ad82545263dcc5ec0996818884fd5fb1","name":"Arnaldo Botto","image":{"@type":"ImageObject","inLanguage":"es","@id":"https:\/\/www.noticiasradioreflejos.com.ar\/2021\/#\/schema\/person\/image\/","url":"https:\/\/secure.gravatar.com\/avatar\/55cb5e37c1efa326397366e6974cb338056df65cb50e7d64d1cf314e87504837?s=96&d=mm&r=g","contentUrl":"https:\/\/secure.gravatar.com\/avatar\/55cb5e37c1efa326397366e6974cb338056df65cb50e7d64d1cf314e87504837?s=96&d=mm&r=g","caption":"Arnaldo Botto"},"url":"https:\/\/www.noticiasradioreflejos.com.ar\/2021\/author\/arnaldo\/"}]}},"_links":{"self":[{"href":"https:\/\/www.noticiasradioreflejos.com.ar\/2021\/wp-json\/wp\/v2\/posts\/129091","targetHints":{"allow":["GET"]}}],"collection":[{"href":"https:\/\/www.noticiasradioreflejos.com.ar\/2021\/wp-json\/wp\/v2\/posts"}],"about":[{"href":"https:\/\/www.noticiasradioreflejos.com.ar\/2021\/wp-json\/wp\/v2\/types\/post"}],"author":[{"embeddable":true,"href":"https:\/\/www.noticiasradioreflejos.com.ar\/2021\/wp-json\/wp\/v2\/users\/3"}],"replies":[{"embeddable":true,"href":"https:\/\/www.noticiasradioreflejos.com.ar\/2021\/wp-json\/wp\/v2\/comments?post=129091"}],"version-history":[{"count":4,"href":"https:\/\/www.noticiasradioreflejos.com.ar\/2021\/wp-json\/wp\/v2\/posts\/129091\/revisions"}],"predecessor-version":[{"id":129113,"href":"https:\/\/www.noticiasradioreflejos.com.ar\/2021\/wp-json\/wp\/v2\/posts\/129091\/revisions\/129113"}],"wp:featuredmedia":[{"embeddable":true,"href":"https:\/\/www.noticiasradioreflejos.com.ar\/2021\/wp-json\/wp\/v2\/media\/129105"}],"wp:attachment":[{"href":"https:\/\/www.noticiasradioreflejos.com.ar\/2021\/wp-json\/wp\/v2\/media?parent=129091"}],"wp:term":[{"taxonomy":"category","embeddable":true,"href":"https:\/\/www.noticiasradioreflejos.com.ar\/2021\/wp-json\/wp\/v2\/categories?post=129091"},{"taxonomy":"post_tag","embeddable":true,"href":"https:\/\/www.noticiasradioreflejos.com.ar\/2021\/wp-json\/wp\/v2\/tags?post=129091"}],"curies":[{"name":"wp","href":"https:\/\/api.w.org\/{rel}","templated":true}]}}