{"id":129029,"date":"2025-11-28T18:35:29","date_gmt":"2025-11-28T21:35:29","guid":{"rendered":"https:\/\/www.noticiasradioreflejos.com.ar\/2021\/?p=129029"},"modified":"2025-11-28T18:36:18","modified_gmt":"2025-11-28T21:36:18","slug":"taekwondo-en-sierra-de-la-ventana-disciplina-torneos-y-crecimiento-personal-con-juan-jose-cornejo","status":"publish","type":"post","link":"https:\/\/www.noticiasradioreflejos.com.ar\/2021\/taekwondo-en-sierra-de-la-ventana-disciplina-torneos-y-crecimiento-personal-con-juan-jose-cornejo\/","title":{"rendered":"Taekwondo en Sierra de la Ventana: Disciplina, torneos y crecimiento personal con Juan Jos\u00e9 Cornejo"},"content":{"rendered":"<p>&nbsp;<\/p>\n<p data-path-to-node=\"1\"><b>El profesor Juan Jos\u00e9 Cornejo, de la Federaci\u00f3n Internacional de Taekwondo,<\/b> forja nuevos talentos en la Comarca serrana con un enfoque inclusivo y motivador. <!--more--><\/p>\n<p>El profesor de Taekwondo Juan Jos\u00e9 Cornejo, integrante de la Federaci\u00f3n Internacional de Taekwondo, dicta clases en Sierra de la Ventana en la Casita de Dios, donde forma a ni\u00f1os, adolescentes y adultos en esta disciplina. Con m\u00e1s de 80 alumnos en Bah\u00eda Blanca y una sede local en la Comarca, combina ense\u00f1anza, torneos y un enfoque inclusivo que invita a todos a sumarse..<a href=\"https:\/\/www.noticiasradioreflejos.com.ar\/2021\/taekwondo-en-sierra-de-la-ventana-disciplina-torneos-y-crecimiento-personal-con-juan-jose-cornejo\/whatsapp-image-2025-11-28-at-18-06-54-1\/\" rel=\"attachment wp-att-129037\"><img loading=\"lazy\" decoding=\"async\" class=\"aligncenter  wp-image-129037\" src=\"https:\/\/www.noticiasradioreflejos.com.ar\/2021\/wp-content\/uploads\/2025\/11\/WhatsApp-Image-2025-11-28-at-18.06.54-1.jpeg\" alt=\"\" width=\"446\" height=\"692\" \/><\/a><\/p>\n<p>Cornejo comenz\u00f3 en el Taekwondo hace casi diez a\u00f1os, motivado por la recomendaci\u00f3n m\u00e9dica de que su hija m\u00e1s peque\u00f1a practicara un deporte. \u201cLa llevamos a probar, me gust\u00f3, a m\u00ed me encant\u00f3 como padre y vi que le serv\u00eda. De ser as\u00ed, a m\u00ed me empez\u00f3 a gustar cada vez m\u00e1s y me met\u00ed desde cintur\u00f3n blanco\u201d, recuerda. Con el tiempo, descubri\u00f3 su vocaci\u00f3n y hace seis a\u00f1os que es profesor.<\/p>\n<p>Hoy cuenta con 83 alumnos en Bah\u00eda Blanca y una sede en Sierra de la Ventana, donde dicta clases en la Casita de Dios. \u201cAc\u00e1 arranqu\u00e9 en 0, nos dieron la oportunidad de dar en la Casita de Dios\u201d, comenta. Las clases se dividen en dos turnos: infantiles menores de 19 a 20 hs, y adolescentes-adultos de 21:30 a 22:30 hs, los d\u00edas mi\u00e9rcoles y viernes.<\/p>\n<p>La disciplina se complementa con la participaci\u00f3n en torneos. \u201cHace una semana fuimos a Mar del Plata con 27 competidores. Ah\u00ed hubo un torneo regional con m\u00e1s de 350 competidores. Fue muy bueno lo vivido, hubo un buen nivel y la gente se va comprometiendo cada vez m\u00e1s\u201d, destaca.<\/p>\n<p>Sobre la pr\u00e1ctica, explica: \u201cTrabajamos descalzos para la descarga de energ\u00eda y sientan bien el movimiento que corresponde al Taekwondo. Cuando llega el alumno, le damos 2 clases gratuitas para que pruebe y ver en qu\u00e9 condiciones llega el alumno. Pero es una actividad que es para todos\u201d.<\/p>\n<p>Con un proyecto de vida que lo acerca cada vez m\u00e1s a la Comarca, Cornejo combina su rol como padre, deportista y profesor con la idea de seguir creciendo en la ense\u00f1anza del Taekwondo. Para inscripciones y consultas, se puede comunicar al 2914383999.<\/p>\n<audio class=\"wp-audio-shortcode\" id=\"audio-129029-1\" preload=\"none\" style=\"width: 100%;\" controls=\"controls\"><source type=\"audio\/mpeg\" src=\"https:\/\/www.noticiasradioreflejos.com.ar\/2021\/wp-content\/uploads\/2025\/11\/Juan-jose-Cornejo-28-11.mp3?_=1\" \/><a href=\"https:\/\/www.noticiasradioreflejos.com.ar\/2021\/wp-content\/uploads\/2025\/11\/Juan-jose-Cornejo-28-11.mp3\">https:\/\/www.noticiasradioreflejos.com.ar\/2021\/wp-content\/uploads\/2025\/11\/Juan-jose-Cornejo-28-11.mp3<\/a><\/audio>\n","protected":false},"excerpt":{"rendered":"<p>&nbsp; El profesor Juan Jos\u00e9 Cornejo, de la Federaci\u00f3n Internacional de Taekwondo, forja nuevos talentos en la Comarca serrana con un enfoque inclusivo y motivador.<\/p>\n","protected":false},"author":3,"featured_media":129036,"comment_status":"closed","ping_status":"closed","sticky":false,"template":"","format":"standard","meta":{"footnotes":""},"categories":[27],"tags":[48],"class_list":["post-129029","post","type-post","status-publish","format-standard","has-post-thumbnail","hentry","category-deportes","tag-destacada"],"yoast_head":"<!-- This site is optimized with the Yoast SEO plugin v25.9 - https:\/\/yoast.com\/wordpress\/plugins\/seo\/ -->\n<title>Taekwondo en Sierra de la Ventana: Disciplina, torneos y crecimiento personal con Juan Jos\u00e9 Cornejo - Noticias Radio Reflejos<\/title>\n<meta name=\"robots\" content=\"index, follow, max-snippet:-1, max-image-preview:large, max-video-preview:-1\" \/>\n<link rel=\"canonical\" href=\"https:\/\/www.noticiasradioreflejos.com.ar\/2021\/taekwondo-en-sierra-de-la-ventana-disciplina-torneos-y-crecimiento-personal-con-juan-jose-cornejo\/\" \/>\n<meta property=\"og:locale\" content=\"es_ES\" \/>\n<meta property=\"og:type\" content=\"article\" \/>\n<meta property=\"og:title\" content=\"Taekwondo en Sierra de la Ventana: Disciplina, torneos y crecimiento personal con Juan Jos\u00e9 Cornejo - Noticias Radio Reflejos\" \/>\n<meta property=\"og:description\" content=\"&nbsp; El profesor Juan Jos\u00e9 Cornejo, de la Federaci\u00f3n Internacional de Taekwondo, forja nuevos talentos en la Comarca serrana con un enfoque inclusivo y motivador.\" \/>\n<meta property=\"og:url\" content=\"https:\/\/www.noticiasradioreflejos.com.ar\/2021\/taekwondo-en-sierra-de-la-ventana-disciplina-torneos-y-crecimiento-personal-con-juan-jose-cornejo\/\" \/>\n<meta property=\"og:site_name\" content=\"Noticias Radio Reflejos\" \/>\n<meta property=\"article:published_time\" content=\"2025-11-28T21:35:29+00:00\" \/>\n<meta property=\"article:modified_time\" content=\"2025-11-28T21:36:18+00:00\" \/>\n<meta property=\"og:image\" content=\"https:\/\/www.noticiasradioreflejos.com.ar\/2021\/wp-content\/uploads\/2025\/11\/Taekwon-do.jpg\" \/>\n\t<meta property=\"og:image:width\" content=\"1013\" \/>\n\t<meta property=\"og:image:height\" content=\"476\" \/>\n\t<meta property=\"og:image:type\" content=\"image\/jpeg\" \/>\n<meta name=\"author\" content=\"Arnaldo Botto\" \/>\n<meta name=\"twitter:card\" content=\"summary_large_image\" \/>\n<script type=\"application\/ld+json\" class=\"yoast-schema-graph\">{\"@context\":\"https:\/\/schema.org\",\"@graph\":[{\"@type\":\"WebPage\",\"@id\":\"https:\/\/www.noticiasradioreflejos.com.ar\/2021\/taekwondo-en-sierra-de-la-ventana-disciplina-torneos-y-crecimiento-personal-con-juan-jose-cornejo\/\",\"url\":\"https:\/\/www.noticiasradioreflejos.com.ar\/2021\/taekwondo-en-sierra-de-la-ventana-disciplina-torneos-y-crecimiento-personal-con-juan-jose-cornejo\/\",\"name\":\"Taekwondo en Sierra de la Ventana: Disciplina, torneos y crecimiento personal con Juan Jos\u00e9 Cornejo - Noticias Radio Reflejos\",\"isPartOf\":{\"@id\":\"https:\/\/www.noticiasradioreflejos.com.ar\/2021\/#website\"},\"primaryImageOfPage\":{\"@id\":\"https:\/\/www.noticiasradioreflejos.com.ar\/2021\/taekwondo-en-sierra-de-la-ventana-disciplina-torneos-y-crecimiento-personal-con-juan-jose-cornejo\/#primaryimage\"},\"image\":{\"@id\":\"https:\/\/www.noticiasradioreflejos.com.ar\/2021\/taekwondo-en-sierra-de-la-ventana-disciplina-torneos-y-crecimiento-personal-con-juan-jose-cornejo\/#primaryimage\"},\"thumbnailUrl\":\"https:\/\/www.noticiasradioreflejos.com.ar\/2021\/wp-content\/uploads\/2025\/11\/Taekwon-do.jpg\",\"datePublished\":\"2025-11-28T21:35:29+00:00\",\"dateModified\":\"2025-11-28T21:36:18+00:00\",\"author\":{\"@id\":\"https:\/\/www.noticiasradioreflejos.com.ar\/2021\/#\/schema\/person\/ad82545263dcc5ec0996818884fd5fb1\"},\"breadcrumb\":{\"@id\":\"https:\/\/www.noticiasradioreflejos.com.ar\/2021\/taekwondo-en-sierra-de-la-ventana-disciplina-torneos-y-crecimiento-personal-con-juan-jose-cornejo\/#breadcrumb\"},\"inLanguage\":\"es\",\"potentialAction\":[{\"@type\":\"ReadAction\",\"target\":[\"https:\/\/www.noticiasradioreflejos.com.ar\/2021\/taekwondo-en-sierra-de-la-ventana-disciplina-torneos-y-crecimiento-personal-con-juan-jose-cornejo\/\"]}]},{\"@type\":\"ImageObject\",\"inLanguage\":\"es\",\"@id\":\"https:\/\/www.noticiasradioreflejos.com.ar\/2021\/taekwondo-en-sierra-de-la-ventana-disciplina-torneos-y-crecimiento-personal-con-juan-jose-cornejo\/#primaryimage\",\"url\":\"https:\/\/www.noticiasradioreflejos.com.ar\/2021\/wp-content\/uploads\/2025\/11\/Taekwon-do.jpg\",\"contentUrl\":\"https:\/\/www.noticiasradioreflejos.com.ar\/2021\/wp-content\/uploads\/2025\/11\/Taekwon-do.jpg\",\"width\":1013,\"height\":476},{\"@type\":\"BreadcrumbList\",\"@id\":\"https:\/\/www.noticiasradioreflejos.com.ar\/2021\/taekwondo-en-sierra-de-la-ventana-disciplina-torneos-y-crecimiento-personal-con-juan-jose-cornejo\/#breadcrumb\",\"itemListElement\":[{\"@type\":\"ListItem\",\"position\":1,\"name\":\"Portada\",\"item\":\"https:\/\/www.noticiasradioreflejos.com.ar\/2021\/\"},{\"@type\":\"ListItem\",\"position\":2,\"name\":\"Taekwondo en Sierra de la Ventana: Disciplina, torneos y crecimiento personal con Juan Jos\u00e9 Cornejo\"}]},{\"@type\":\"WebSite\",\"@id\":\"https:\/\/www.noticiasradioreflejos.com.ar\/2021\/#website\",\"url\":\"https:\/\/www.noticiasradioreflejos.com.ar\/2021\/\",\"name\":\"Noticias Radio Reflejos\",\"description\":\"Las noticias de mi comarca\",\"potentialAction\":[{\"@type\":\"SearchAction\",\"target\":{\"@type\":\"EntryPoint\",\"urlTemplate\":\"https:\/\/www.noticiasradioreflejos.com.ar\/2021\/?s={search_term_string}\"},\"query-input\":{\"@type\":\"PropertyValueSpecification\",\"valueRequired\":true,\"valueName\":\"search_term_string\"}}],\"inLanguage\":\"es\"},{\"@type\":\"Person\",\"@id\":\"https:\/\/www.noticiasradioreflejos.com.ar\/2021\/#\/schema\/person\/ad82545263dcc5ec0996818884fd5fb1\",\"name\":\"Arnaldo Botto\",\"image\":{\"@type\":\"ImageObject\",\"inLanguage\":\"es\",\"@id\":\"https:\/\/www.noticiasradioreflejos.com.ar\/2021\/#\/schema\/person\/image\/\",\"url\":\"https:\/\/secure.gravatar.com\/avatar\/55cb5e37c1efa326397366e6974cb338056df65cb50e7d64d1cf314e87504837?s=96&d=mm&r=g\",\"contentUrl\":\"https:\/\/secure.gravatar.com\/avatar\/55cb5e37c1efa326397366e6974cb338056df65cb50e7d64d1cf314e87504837?s=96&d=mm&r=g\",\"caption\":\"Arnaldo Botto\"},\"url\":\"https:\/\/www.noticiasradioreflejos.com.ar\/2021\/author\/arnaldo\/\"}]}<\/script>\n<!-- \/ Yoast SEO plugin. -->","yoast_head_json":{"title":"Taekwondo en Sierra de la Ventana: Disciplina, torneos y crecimiento personal con Juan Jos\u00e9 Cornejo - Noticias Radio Reflejos","robots":{"index":"index","follow":"follow","max-snippet":"max-snippet:-1","max-image-preview":"max-image-preview:large","max-video-preview":"max-video-preview:-1"},"canonical":"https:\/\/www.noticiasradioreflejos.com.ar\/2021\/taekwondo-en-sierra-de-la-ventana-disciplina-torneos-y-crecimiento-personal-con-juan-jose-cornejo\/","og_locale":"es_ES","og_type":"article","og_title":"Taekwondo en Sierra de la Ventana: Disciplina, torneos y crecimiento personal con Juan Jos\u00e9 Cornejo - Noticias Radio Reflejos","og_description":"&nbsp; El profesor Juan Jos\u00e9 Cornejo, de la Federaci\u00f3n Internacional de Taekwondo, forja nuevos talentos en la Comarca serrana con un enfoque inclusivo y motivador.","og_url":"https:\/\/www.noticiasradioreflejos.com.ar\/2021\/taekwondo-en-sierra-de-la-ventana-disciplina-torneos-y-crecimiento-personal-con-juan-jose-cornejo\/","og_site_name":"Noticias Radio Reflejos","article_published_time":"2025-11-28T21:35:29+00:00","article_modified_time":"2025-11-28T21:36:18+00:00","og_image":[{"width":1013,"height":476,"url":"https:\/\/www.noticiasradioreflejos.com.ar\/2021\/wp-content\/uploads\/2025\/11\/Taekwon-do.jpg","type":"image\/jpeg"}],"author":"Arnaldo Botto","twitter_card":"summary_large_image","schema":{"@context":"https:\/\/schema.org","@graph":[{"@type":"WebPage","@id":"https:\/\/www.noticiasradioreflejos.com.ar\/2021\/taekwondo-en-sierra-de-la-ventana-disciplina-torneos-y-crecimiento-personal-con-juan-jose-cornejo\/","url":"https:\/\/www.noticiasradioreflejos.com.ar\/2021\/taekwondo-en-sierra-de-la-ventana-disciplina-torneos-y-crecimiento-personal-con-juan-jose-cornejo\/","name":"Taekwondo en Sierra de la Ventana: Disciplina, torneos y crecimiento personal con Juan Jos\u00e9 Cornejo - Noticias Radio Reflejos","isPartOf":{"@id":"https:\/\/www.noticiasradioreflejos.com.ar\/2021\/#website"},"primaryImageOfPage":{"@id":"https:\/\/www.noticiasradioreflejos.com.ar\/2021\/taekwondo-en-sierra-de-la-ventana-disciplina-torneos-y-crecimiento-personal-con-juan-jose-cornejo\/#primaryimage"},"image":{"@id":"https:\/\/www.noticiasradioreflejos.com.ar\/2021\/taekwondo-en-sierra-de-la-ventana-disciplina-torneos-y-crecimiento-personal-con-juan-jose-cornejo\/#primaryimage"},"thumbnailUrl":"https:\/\/www.noticiasradioreflejos.com.ar\/2021\/wp-content\/uploads\/2025\/11\/Taekwon-do.jpg","datePublished":"2025-11-28T21:35:29+00:00","dateModified":"2025-11-28T21:36:18+00:00","author":{"@id":"https:\/\/www.noticiasradioreflejos.com.ar\/2021\/#\/schema\/person\/ad82545263dcc5ec0996818884fd5fb1"},"breadcrumb":{"@id":"https:\/\/www.noticiasradioreflejos.com.ar\/2021\/taekwondo-en-sierra-de-la-ventana-disciplina-torneos-y-crecimiento-personal-con-juan-jose-cornejo\/#breadcrumb"},"inLanguage":"es","potentialAction":[{"@type":"ReadAction","target":["https:\/\/www.noticiasradioreflejos.com.ar\/2021\/taekwondo-en-sierra-de-la-ventana-disciplina-torneos-y-crecimiento-personal-con-juan-jose-cornejo\/"]}]},{"@type":"ImageObject","inLanguage":"es","@id":"https:\/\/www.noticiasradioreflejos.com.ar\/2021\/taekwondo-en-sierra-de-la-ventana-disciplina-torneos-y-crecimiento-personal-con-juan-jose-cornejo\/#primaryimage","url":"https:\/\/www.noticiasradioreflejos.com.ar\/2021\/wp-content\/uploads\/2025\/11\/Taekwon-do.jpg","contentUrl":"https:\/\/www.noticiasradioreflejos.com.ar\/2021\/wp-content\/uploads\/2025\/11\/Taekwon-do.jpg","width":1013,"height":476},{"@type":"BreadcrumbList","@id":"https:\/\/www.noticiasradioreflejos.com.ar\/2021\/taekwondo-en-sierra-de-la-ventana-disciplina-torneos-y-crecimiento-personal-con-juan-jose-cornejo\/#breadcrumb","itemListElement":[{"@type":"ListItem","position":1,"name":"Portada","item":"https:\/\/www.noticiasradioreflejos.com.ar\/2021\/"},{"@type":"ListItem","position":2,"name":"Taekwondo en Sierra de la Ventana: Disciplina, torneos y crecimiento personal con Juan Jos\u00e9 Cornejo"}]},{"@type":"WebSite","@id":"https:\/\/www.noticiasradioreflejos.com.ar\/2021\/#website","url":"https:\/\/www.noticiasradioreflejos.com.ar\/2021\/","name":"Noticias Radio Reflejos","description":"Las noticias de mi comarca","potentialAction":[{"@type":"SearchAction","target":{"@type":"EntryPoint","urlTemplate":"https:\/\/www.noticiasradioreflejos.com.ar\/2021\/?s={search_term_string}"},"query-input":{"@type":"PropertyValueSpecification","valueRequired":true,"valueName":"search_term_string"}}],"inLanguage":"es"},{"@type":"Person","@id":"https:\/\/www.noticiasradioreflejos.com.ar\/2021\/#\/schema\/person\/ad82545263dcc5ec0996818884fd5fb1","name":"Arnaldo Botto","image":{"@type":"ImageObject","inLanguage":"es","@id":"https:\/\/www.noticiasradioreflejos.com.ar\/2021\/#\/schema\/person\/image\/","url":"https:\/\/secure.gravatar.com\/avatar\/55cb5e37c1efa326397366e6974cb338056df65cb50e7d64d1cf314e87504837?s=96&d=mm&r=g","contentUrl":"https:\/\/secure.gravatar.com\/avatar\/55cb5e37c1efa326397366e6974cb338056df65cb50e7d64d1cf314e87504837?s=96&d=mm&r=g","caption":"Arnaldo Botto"},"url":"https:\/\/www.noticiasradioreflejos.com.ar\/2021\/author\/arnaldo\/"}]}},"_links":{"self":[{"href":"https:\/\/www.noticiasradioreflejos.com.ar\/2021\/wp-json\/wp\/v2\/posts\/129029","targetHints":{"allow":["GET"]}}],"collection":[{"href":"https:\/\/www.noticiasradioreflejos.com.ar\/2021\/wp-json\/wp\/v2\/posts"}],"about":[{"href":"https:\/\/www.noticiasradioreflejos.com.ar\/2021\/wp-json\/wp\/v2\/types\/post"}],"author":[{"embeddable":true,"href":"https:\/\/www.noticiasradioreflejos.com.ar\/2021\/wp-json\/wp\/v2\/users\/3"}],"replies":[{"embeddable":true,"href":"https:\/\/www.noticiasradioreflejos.com.ar\/2021\/wp-json\/wp\/v2\/comments?post=129029"}],"version-history":[{"count":6,"href":"https:\/\/www.noticiasradioreflejos.com.ar\/2021\/wp-json\/wp\/v2\/posts\/129029\/revisions"}],"predecessor-version":[{"id":129041,"href":"https:\/\/www.noticiasradioreflejos.com.ar\/2021\/wp-json\/wp\/v2\/posts\/129029\/revisions\/129041"}],"wp:featuredmedia":[{"embeddable":true,"href":"https:\/\/www.noticiasradioreflejos.com.ar\/2021\/wp-json\/wp\/v2\/media\/129036"}],"wp:attachment":[{"href":"https:\/\/www.noticiasradioreflejos.com.ar\/2021\/wp-json\/wp\/v2\/media?parent=129029"}],"wp:term":[{"taxonomy":"category","embeddable":true,"href":"https:\/\/www.noticiasradioreflejos.com.ar\/2021\/wp-json\/wp\/v2\/categories?post=129029"},{"taxonomy":"post_tag","embeddable":true,"href":"https:\/\/www.noticiasradioreflejos.com.ar\/2021\/wp-json\/wp\/v2\/tags?post=129029"}],"curies":[{"name":"wp","href":"https:\/\/api.w.org\/{rel}","templated":true}]}}