{"id":12884,"date":"2017-07-28T14:55:01","date_gmt":"2017-07-28T17:55:01","guid":{"rendered":"http:\/\/www.noticiasradioreflejos.com.ar\/noticias\/?p=12884"},"modified":"2017-07-28T14:55:01","modified_gmt":"2017-07-28T17:55:01","slug":"gestiones-del-director-de-deportes","status":"publish","type":"post","link":"https:\/\/www.noticiasradioreflejos.com.ar\/2021\/gestiones-del-director-de-deportes\/","title":{"rendered":"Gestiones del Director de deportes"},"content":{"rendered":"<p>El director de deportes, Lic. Sebasti\u00e1n BASSI, viaj\u00f3 a la ciudad de La Plata para\u00a0llevar adelante diferentes reuniones y gestiones con los directores de la\u00a0Subsecretaria de Deportes de la Provincia.<br \/>\nEn esta ocasi\u00f3n se entrevist\u00f3 con el director provincial de deportes federados: el\u00a0ex tenista profesional Jos\u00e9 \u00abChucho\u00bb Acasuso, el funcionario lo asesor\u00f3 acerca de\u00a0becas, subsidios y acciones de pol\u00edticas deportivas que brinda la Provincia.\u00a0Tambi\u00e9n hizo lo mismo con\u00a0el\u00a0director de Programas de Capacitaci\u00f3n, \u00a0Walter\u00a0Dambrosio y el equipo\u00a0de trabajo del programa provincial \u00abClub de Clubes\u00bb. Estos\u00a0\u00faltimos le facilitaron la documentaci\u00f3n correspondiente para poder incluir a los\u00a0clubes del distrito en esta l\u00ednea de acci\u00f3n provincial.<br \/>\nFinalmente Bassi recibi\u00f3 del Subsecretario de Deportes Provincial, Pablo Fuentes,\u00a0material deportivo para la pr\u00e1ctica de f\u00fatbol y f\u00fatsal.<br \/>\n<a title=\"Directordedeportes3\" href=\"http:\/\/farm5.staticflickr.com\/4298\/36090530481_6c7140ea21_s.jpg\" rel=\"\"><img loading=\"lazy\" decoding=\"async\" class=\"aligncenter\" title=\"Directordedeportes3\" src=\"http:\/\/farm5.staticflickr.com\/4298\/36090530481_6c7140ea21_z.jpg\" alt=\"Directordedeportes3\" width=\"480\" height=\"640\" \/><\/a><a title=\"Directordedeportes2\" href=\"http:\/\/farm5.staticflickr.com\/4293\/36090528571_60716a7330_s.jpg\" rel=\"\"><img loading=\"lazy\" decoding=\"async\" class=\"aligncenter\" title=\"Directordedeportes2\" src=\"http:\/\/farm5.staticflickr.com\/4293\/36090528571_60716a7330_z.jpg\" alt=\"Directordedeportes2\" width=\"384\" height=\"640\" \/><\/a><\/p>\n","protected":false},"excerpt":{"rendered":"<p>El director de deportes, Lic. Sebasti\u00e1n BASSI, viaj\u00f3 a la ciudad de La Plata para llevar adelante diferentes reuniones y gestiones con los directores de la Subsecretaria de Deportes de la Provincia.<\/p>\n","protected":false},"author":1,"featured_media":0,"comment_status":"closed","ping_status":"open","sticky":false,"template":"","format":"standard","meta":{"footnotes":""},"categories":[27],"tags":[],"class_list":["post-12884","post","type-post","status-publish","format-standard","hentry","category-deportes"],"yoast_head":"<!-- This site is optimized with the Yoast SEO plugin v25.9 - https:\/\/yoast.com\/wordpress\/plugins\/seo\/ -->\n<title>Gestiones del Director de deportes - Noticias Radio Reflejos<\/title>\n<meta name=\"robots\" content=\"index, follow, max-snippet:-1, max-image-preview:large, max-video-preview:-1\" \/>\n<link rel=\"canonical\" href=\"https:\/\/www.noticiasradioreflejos.com.ar\/2021\/gestiones-del-director-de-deportes\/\" \/>\n<meta property=\"og:locale\" content=\"es_ES\" \/>\n<meta property=\"og:type\" content=\"article\" \/>\n<meta property=\"og:title\" content=\"Gestiones del Director de deportes - Noticias Radio Reflejos\" \/>\n<meta property=\"og:description\" content=\"El director de deportes, Lic. Sebasti\u00e1n BASSI, viaj\u00f3 a la ciudad de La Plata para llevar adelante diferentes reuniones y gestiones con los directores de la Subsecretaria de Deportes de la Provincia.\" \/>\n<meta property=\"og:url\" content=\"https:\/\/www.noticiasradioreflejos.com.ar\/2021\/gestiones-del-director-de-deportes\/\" \/>\n<meta property=\"og:site_name\" content=\"Noticias Radio Reflejos\" \/>\n<meta property=\"article:published_time\" content=\"2017-07-28T17:55:01+00:00\" \/>\n<meta property=\"og:image\" content=\"http:\/\/farm5.staticflickr.com\/4298\/36090530481_6c7140ea21_z.jpg\" \/>\n<meta name=\"author\" content=\"Ulises Nicolini\" \/>\n<meta name=\"twitter:card\" content=\"summary_large_image\" \/>\n<script type=\"application\/ld+json\" class=\"yoast-schema-graph\">{\"@context\":\"https:\/\/schema.org\",\"@graph\":[{\"@type\":\"WebPage\",\"@id\":\"https:\/\/www.noticiasradioreflejos.com.ar\/2021\/gestiones-del-director-de-deportes\/\",\"url\":\"https:\/\/www.noticiasradioreflejos.com.ar\/2021\/gestiones-del-director-de-deportes\/\",\"name\":\"Gestiones del Director de deportes - Noticias Radio Reflejos\",\"isPartOf\":{\"@id\":\"https:\/\/www.noticiasradioreflejos.com.ar\/2021\/#website\"},\"primaryImageOfPage\":{\"@id\":\"https:\/\/www.noticiasradioreflejos.com.ar\/2021\/gestiones-del-director-de-deportes\/#primaryimage\"},\"image\":{\"@id\":\"https:\/\/www.noticiasradioreflejos.com.ar\/2021\/gestiones-del-director-de-deportes\/#primaryimage\"},\"thumbnailUrl\":\"http:\/\/farm5.staticflickr.com\/4298\/36090530481_6c7140ea21_z.jpg\",\"datePublished\":\"2017-07-28T17:55:01+00:00\",\"author\":{\"@id\":\"https:\/\/www.noticiasradioreflejos.com.ar\/2021\/#\/schema\/person\/63bcc26111c5fc0e3cd7ca4e2bf77a60\"},\"breadcrumb\":{\"@id\":\"https:\/\/www.noticiasradioreflejos.com.ar\/2021\/gestiones-del-director-de-deportes\/#breadcrumb\"},\"inLanguage\":\"es\",\"potentialAction\":[{\"@type\":\"ReadAction\",\"target\":[\"https:\/\/www.noticiasradioreflejos.com.ar\/2021\/gestiones-del-director-de-deportes\/\"]}]},{\"@type\":\"ImageObject\",\"inLanguage\":\"es\",\"@id\":\"https:\/\/www.noticiasradioreflejos.com.ar\/2021\/gestiones-del-director-de-deportes\/#primaryimage\",\"url\":\"http:\/\/farm5.staticflickr.com\/4298\/36090530481_6c7140ea21_z.jpg\",\"contentUrl\":\"http:\/\/farm5.staticflickr.com\/4298\/36090530481_6c7140ea21_z.jpg\"},{\"@type\":\"BreadcrumbList\",\"@id\":\"https:\/\/www.noticiasradioreflejos.com.ar\/2021\/gestiones-del-director-de-deportes\/#breadcrumb\",\"itemListElement\":[{\"@type\":\"ListItem\",\"position\":1,\"name\":\"Portada\",\"item\":\"https:\/\/www.noticiasradioreflejos.com.ar\/2021\/\"},{\"@type\":\"ListItem\",\"position\":2,\"name\":\"Gestiones del Director de deportes\"}]},{\"@type\":\"WebSite\",\"@id\":\"https:\/\/www.noticiasradioreflejos.com.ar\/2021\/#website\",\"url\":\"https:\/\/www.noticiasradioreflejos.com.ar\/2021\/\",\"name\":\"Noticias Radio Reflejos\",\"description\":\"Las noticias de mi comarca\",\"potentialAction\":[{\"@type\":\"SearchAction\",\"target\":{\"@type\":\"EntryPoint\",\"urlTemplate\":\"https:\/\/www.noticiasradioreflejos.com.ar\/2021\/?s={search_term_string}\"},\"query-input\":{\"@type\":\"PropertyValueSpecification\",\"valueRequired\":true,\"valueName\":\"search_term_string\"}}],\"inLanguage\":\"es\"},{\"@type\":\"Person\",\"@id\":\"https:\/\/www.noticiasradioreflejos.com.ar\/2021\/#\/schema\/person\/63bcc26111c5fc0e3cd7ca4e2bf77a60\",\"name\":\"Ulises Nicolini\",\"image\":{\"@type\":\"ImageObject\",\"inLanguage\":\"es\",\"@id\":\"https:\/\/www.noticiasradioreflejos.com.ar\/2021\/#\/schema\/person\/image\/\",\"url\":\"https:\/\/secure.gravatar.com\/avatar\/7f2c48bdc33b30088f941fb6082e555f2874c98e20cb159d7b92b50eadfce793?s=96&d=mm&r=g\",\"contentUrl\":\"https:\/\/secure.gravatar.com\/avatar\/7f2c48bdc33b30088f941fb6082e555f2874c98e20cb159d7b92b50eadfce793?s=96&d=mm&r=g\",\"caption\":\"Ulises Nicolini\"},\"sameAs\":[\"http:\/\/www.noticiasradioreflejos.com.ar\/2021\"],\"url\":\"https:\/\/www.noticiasradioreflejos.com.ar\/2021\/author\/admin\/\"}]}<\/script>\n<!-- \/ Yoast SEO plugin. -->","yoast_head_json":{"title":"Gestiones del Director de deportes - Noticias Radio Reflejos","robots":{"index":"index","follow":"follow","max-snippet":"max-snippet:-1","max-image-preview":"max-image-preview:large","max-video-preview":"max-video-preview:-1"},"canonical":"https:\/\/www.noticiasradioreflejos.com.ar\/2021\/gestiones-del-director-de-deportes\/","og_locale":"es_ES","og_type":"article","og_title":"Gestiones del Director de deportes - Noticias Radio Reflejos","og_description":"El director de deportes, Lic. Sebasti\u00e1n BASSI, viaj\u00f3 a la ciudad de La Plata para llevar adelante diferentes reuniones y gestiones con los directores de la Subsecretaria de Deportes de la Provincia.","og_url":"https:\/\/www.noticiasradioreflejos.com.ar\/2021\/gestiones-del-director-de-deportes\/","og_site_name":"Noticias Radio Reflejos","article_published_time":"2017-07-28T17:55:01+00:00","og_image":[{"url":"http:\/\/farm5.staticflickr.com\/4298\/36090530481_6c7140ea21_z.jpg","type":"","width":"","height":""}],"author":"Ulises Nicolini","twitter_card":"summary_large_image","schema":{"@context":"https:\/\/schema.org","@graph":[{"@type":"WebPage","@id":"https:\/\/www.noticiasradioreflejos.com.ar\/2021\/gestiones-del-director-de-deportes\/","url":"https:\/\/www.noticiasradioreflejos.com.ar\/2021\/gestiones-del-director-de-deportes\/","name":"Gestiones del Director de deportes - Noticias Radio Reflejos","isPartOf":{"@id":"https:\/\/www.noticiasradioreflejos.com.ar\/2021\/#website"},"primaryImageOfPage":{"@id":"https:\/\/www.noticiasradioreflejos.com.ar\/2021\/gestiones-del-director-de-deportes\/#primaryimage"},"image":{"@id":"https:\/\/www.noticiasradioreflejos.com.ar\/2021\/gestiones-del-director-de-deportes\/#primaryimage"},"thumbnailUrl":"http:\/\/farm5.staticflickr.com\/4298\/36090530481_6c7140ea21_z.jpg","datePublished":"2017-07-28T17:55:01+00:00","author":{"@id":"https:\/\/www.noticiasradioreflejos.com.ar\/2021\/#\/schema\/person\/63bcc26111c5fc0e3cd7ca4e2bf77a60"},"breadcrumb":{"@id":"https:\/\/www.noticiasradioreflejos.com.ar\/2021\/gestiones-del-director-de-deportes\/#breadcrumb"},"inLanguage":"es","potentialAction":[{"@type":"ReadAction","target":["https:\/\/www.noticiasradioreflejos.com.ar\/2021\/gestiones-del-director-de-deportes\/"]}]},{"@type":"ImageObject","inLanguage":"es","@id":"https:\/\/www.noticiasradioreflejos.com.ar\/2021\/gestiones-del-director-de-deportes\/#primaryimage","url":"http:\/\/farm5.staticflickr.com\/4298\/36090530481_6c7140ea21_z.jpg","contentUrl":"http:\/\/farm5.staticflickr.com\/4298\/36090530481_6c7140ea21_z.jpg"},{"@type":"BreadcrumbList","@id":"https:\/\/www.noticiasradioreflejos.com.ar\/2021\/gestiones-del-director-de-deportes\/#breadcrumb","itemListElement":[{"@type":"ListItem","position":1,"name":"Portada","item":"https:\/\/www.noticiasradioreflejos.com.ar\/2021\/"},{"@type":"ListItem","position":2,"name":"Gestiones del Director de deportes"}]},{"@type":"WebSite","@id":"https:\/\/www.noticiasradioreflejos.com.ar\/2021\/#website","url":"https:\/\/www.noticiasradioreflejos.com.ar\/2021\/","name":"Noticias Radio Reflejos","description":"Las noticias de mi comarca","potentialAction":[{"@type":"SearchAction","target":{"@type":"EntryPoint","urlTemplate":"https:\/\/www.noticiasradioreflejos.com.ar\/2021\/?s={search_term_string}"},"query-input":{"@type":"PropertyValueSpecification","valueRequired":true,"valueName":"search_term_string"}}],"inLanguage":"es"},{"@type":"Person","@id":"https:\/\/www.noticiasradioreflejos.com.ar\/2021\/#\/schema\/person\/63bcc26111c5fc0e3cd7ca4e2bf77a60","name":"Ulises Nicolini","image":{"@type":"ImageObject","inLanguage":"es","@id":"https:\/\/www.noticiasradioreflejos.com.ar\/2021\/#\/schema\/person\/image\/","url":"https:\/\/secure.gravatar.com\/avatar\/7f2c48bdc33b30088f941fb6082e555f2874c98e20cb159d7b92b50eadfce793?s=96&d=mm&r=g","contentUrl":"https:\/\/secure.gravatar.com\/avatar\/7f2c48bdc33b30088f941fb6082e555f2874c98e20cb159d7b92b50eadfce793?s=96&d=mm&r=g","caption":"Ulises Nicolini"},"sameAs":["http:\/\/www.noticiasradioreflejos.com.ar\/2021"],"url":"https:\/\/www.noticiasradioreflejos.com.ar\/2021\/author\/admin\/"}]}},"_links":{"self":[{"href":"https:\/\/www.noticiasradioreflejos.com.ar\/2021\/wp-json\/wp\/v2\/posts\/12884","targetHints":{"allow":["GET"]}}],"collection":[{"href":"https:\/\/www.noticiasradioreflejos.com.ar\/2021\/wp-json\/wp\/v2\/posts"}],"about":[{"href":"https:\/\/www.noticiasradioreflejos.com.ar\/2021\/wp-json\/wp\/v2\/types\/post"}],"author":[{"embeddable":true,"href":"https:\/\/www.noticiasradioreflejos.com.ar\/2021\/wp-json\/wp\/v2\/users\/1"}],"replies":[{"embeddable":true,"href":"https:\/\/www.noticiasradioreflejos.com.ar\/2021\/wp-json\/wp\/v2\/comments?post=12884"}],"version-history":[{"count":0,"href":"https:\/\/www.noticiasradioreflejos.com.ar\/2021\/wp-json\/wp\/v2\/posts\/12884\/revisions"}],"wp:attachment":[{"href":"https:\/\/www.noticiasradioreflejos.com.ar\/2021\/wp-json\/wp\/v2\/media?parent=12884"}],"wp:term":[{"taxonomy":"category","embeddable":true,"href":"https:\/\/www.noticiasradioreflejos.com.ar\/2021\/wp-json\/wp\/v2\/categories?post=12884"},{"taxonomy":"post_tag","embeddable":true,"href":"https:\/\/www.noticiasradioreflejos.com.ar\/2021\/wp-json\/wp\/v2\/tags?post=12884"}],"curies":[{"name":"wp","href":"https:\/\/api.w.org\/{rel}","templated":true}]}}