{"id":128810,"date":"2025-11-25T11:49:38","date_gmt":"2025-11-25T14:49:38","guid":{"rendered":"https:\/\/www.noticiasradioreflejos.com.ar\/2021\/?p=128810"},"modified":"2025-11-25T11:49:39","modified_gmt":"2025-11-25T14:49:39","slug":"la-triple-carta-serrana-de-liniers-con-tres-podios-bahienses-en-las-finales-provinciales-de-voleibol","status":"publish","type":"post","link":"https:\/\/www.noticiasradioreflejos.com.ar\/2021\/la-triple-carta-serrana-de-liniers-con-tres-podios-bahienses-en-las-finales-provinciales-de-voleibol\/","title":{"rendered":"La triple carta serrana de Liniers con tres podios Bahienses en las Finales Provinciales de Voleibol"},"content":{"rendered":"<p>El Club Liniers celebr\u00f3 la medalla de bronce en ambas ramas del<strong> V\u00f3leibol de Primera<\/strong>. Este logro tuvo la intervenci\u00f3n de tres jugadores surgidos de la Comarca: <strong>Valentina Dorado y Josefina Candal, pilares del femenino; y el juvenil S19 Mateo Lautaro Botto Beli<\/strong>,\u00a0 en el masculino.<br \/>\nBahiense del Norte, con el subcampeonato femenino, complet\u00f3 el gran cierre local en las finales disputadas en Olavarr\u00eda.<!--more--><\/p>\n<p>Bahiense obtuvo el segundo puesto en mujeres, mientras que Liniers fue tercero en ambas ramas. Gran cierre para los equipos locales.<\/p>\n<p>Los tres equipos bahienses que se presentaron el fin de semana en las finales de la Liga Bonaerense\u00a0de V\u00f3leibol de primera divisi\u00f3n volvieron con medallas y el reconocimiento de mantenerse entre los mejores de la Provincia de Buenos Aires.<\/p>\n<p><a href=\"https:\/\/www.noticiasradioreflejos.com.ar\/2021\/la-triple-carta-serrana-de-liniers-con-tres-podios-bahienses-en-las-finales-provinciales-de-voleibol\/jose-valen-y-mate\/\" rel=\"attachment wp-att-128813\"><img loading=\"lazy\" decoding=\"async\" class=\"aligncenter size-full wp-image-128813\" src=\"https:\/\/www.noticiasradioreflejos.com.ar\/2021\/wp-content\/uploads\/2025\/11\/jose-valen-y-Mate.jpeg\" alt=\"\" width=\"1600\" height=\"1197\" srcset=\"https:\/\/www.noticiasradioreflejos.com.ar\/2021\/wp-content\/uploads\/2025\/11\/jose-valen-y-Mate.jpeg 1600w, https:\/\/www.noticiasradioreflejos.com.ar\/2021\/wp-content\/uploads\/2025\/11\/jose-valen-y-Mate-300x224.jpeg 300w, https:\/\/www.noticiasradioreflejos.com.ar\/2021\/wp-content\/uploads\/2025\/11\/jose-valen-y-Mate-1024x766.jpeg 1024w, https:\/\/www.noticiasradioreflejos.com.ar\/2021\/wp-content\/uploads\/2025\/11\/jose-valen-y-Mate-768x575.jpeg 768w, https:\/\/www.noticiasradioreflejos.com.ar\/2021\/wp-content\/uploads\/2025\/11\/jose-valen-y-Mate-1536x1149.jpeg 1536w, https:\/\/www.noticiasradioreflejos.com.ar\/2021\/wp-content\/uploads\/2025\/11\/jose-valen-y-Mate-750x561.jpeg 750w, https:\/\/www.noticiasradioreflejos.com.ar\/2021\/wp-content\/uploads\/2025\/11\/jose-valen-y-Mate-1140x853.jpeg 1140w\" sizes=\"auto, (max-width: 1600px) 100vw, 1600px\" \/><\/a><\/p>\n<h5>Mateo Botto Beli, Josefina Candal y Valentina Dorado con sus medallas durante la premiaci\u00f3n.<\/h5>\n<p>&nbsp;<\/p>\n<p>Es que Bahiense del Norte culmin\u00f3 en el segundo puesto en la rama femenina, mientras que\u00a0Liniers obtuvo el tercer puesto en ambas ramas.<\/p>\n<p>El certamen reuni\u00f3n a los mejores 23 equipos de la Provincia de Buenos Aires en la ciudad de Olavarr\u00eda y tuvo como campeones a Once Unidos de Mar del Plata entre las chicas (tras superar en la final a las tricolores por 3-0) y a Banco Provincia de Mar del Plata entre los varones (luego de imponerse en una dram\u00e1tica semifinal ante el chivo en tie break y derrotar por 3-0 a Once Unidos en la definici\u00f3n).<\/p>\n<p>En la rama femenina, Bahiense termin\u00f3 el certamen con tres victorias y una derrota, aprovechando la deserci\u00f3n de Olimpo del certamen m\u00e1s importante del a\u00f1o. En la fase de grupos super\u00f3 a N\u00e1utico San Pedro por 3-0 y en cuartos de final a Regatas de San Nicol\u00e1s por 3-0. Ya en semifinales, las de calle Salta se impusieron ante las albinegras por 3-1.<\/p>\n<p><a href=\"https:\/\/www.noticiasradioreflejos.com.ar\/2021\/la-triple-carta-serrana-de-liniers-con-tres-podios-bahienses-en-las-finales-provinciales-de-voleibol\/entrega-de-premios\/\" rel=\"attachment wp-att-128814\"><img loading=\"lazy\" decoding=\"async\" class=\"aligncenter size-full wp-image-128814\" src=\"https:\/\/www.noticiasradioreflejos.com.ar\/2021\/wp-content\/uploads\/2025\/11\/entrega-de-premios.jpeg\" alt=\"\" width=\"807\" height=\"537\" srcset=\"https:\/\/www.noticiasradioreflejos.com.ar\/2021\/wp-content\/uploads\/2025\/11\/entrega-de-premios.jpeg 807w, https:\/\/www.noticiasradioreflejos.com.ar\/2021\/wp-content\/uploads\/2025\/11\/entrega-de-premios-300x200.jpeg 300w, https:\/\/www.noticiasradioreflejos.com.ar\/2021\/wp-content\/uploads\/2025\/11\/entrega-de-premios-768x511.jpeg 768w, https:\/\/www.noticiasradioreflejos.com.ar\/2021\/wp-content\/uploads\/2025\/11\/entrega-de-premios-750x499.jpeg 750w\" sizes=\"auto, (max-width: 807px) 100vw, 807px\" \/><\/a><\/p>\n<p>Por su parte, Liniers se subi\u00f3 al podio con un registro de cuatro victorias y una ca\u00edda. En la fase de grupos derrot\u00f3 en sets corridos a Ciudad de Luj\u00e1n y a Ricardo Guti\u00e9rrez de Arrecifes, mientras que en cuartos de final hizo lo propio ante Pueblo Nuevo de Olavarr\u00eda. Ya en semis cay\u00f3 ante las tricolores en cuatro sets y luego, en el choque por el tercer puesto, se impuso ante Club Jun\u00edn por 3-1.<\/p>\n<p>En la rama masculina, el Chivo gan\u00f3 su grupo tras vencer a Mariano Moreno de Olavarr\u00eda por 2-0 y a Argentino de Alfonzo por 2-1, mientras que en cuartos de final\u00a0derrot\u00f3 en sets corridos a Somisa de San Nicol\u00e1s. Ya en semifinales, el equipo de la avenida Alem puso contra las cuerdas al posteriormente campe\u00f3n del certamen, Banco Provincia, que se termin\u00f3 imponiendo en un ajustado tie break. No obstante, luego los bahienses se recuperaron en el choque por el tercer puesto y vencieron por 3-0 a Pueblo Nuevo.<\/p>\n<div class=\"fixed-container undefined direction-center\"><\/div>\n<p>El torneo otorgaba cuatro boletos para la Liga Federal 2026, a disputarse en febrero pr\u00f3ximo\u00a0en San Juan, aunque el Chivo ya se encontraba clasificado en varones &#8211;jugar\u00e1 el certamen nacional en ambas ramas&#8211;\u00a0y Bahiense disputar\u00e1 la Liga Argentina en mujeres.<\/p>\n<p><strong>POSICIONES FINALES<\/strong><\/p>\n<p><strong>RAMA FEMENINA<\/strong><\/p>\n<p>&nbsp;<\/p>\n<div class=\"fixed-container undefined direction-center\"><strong><img decoding=\"async\" class=\"i-amphtml-fill-content i-amphtml-replaced-content\" title=\"\" src=\"https:\/\/px.cdn.lanueva.com\/112025\/1764019420073\/femenino.jpg?cw=807\" alt=\"\" \/><\/strong><\/div>\n<p>&nbsp;<\/p>\n<p><strong>RAMA MASCULINA<\/strong><\/p>\n<p>&nbsp;<\/p>\n<div class=\"fixed-container undefined direction-center\"><strong><img decoding=\"async\" class=\"i-amphtml-fill-content i-amphtml-replaced-content\" title=\"\" src=\"https:\/\/px.cdn.lanueva.com\/112025\/1764019436975\/Masculino.jpg?cw=807\" alt=\"\" \/><\/strong><\/div>\n<div><\/div>\n<div><\/div>\n<div><strong><em>Con info de La Nueva y fotograf\u00edas de <a href=\"https:\/\/www.instagram.com\/55.300ph\/\">55.300ph<\/a><\/em><\/strong><\/div>\n","protected":false},"excerpt":{"rendered":"<p>El Club Liniers celebr\u00f3 la medalla de bronce en ambas ramas del V\u00f3leibol de Primera. Este logro tuvo la intervenci\u00f3n de tres jugadores surgidos de la Comarca: Valentina Dorado y Josefina Candal, pilares del femenino; y el juvenil S19 Mateo Lautaro Botto Beli,\u00a0 en el masculino. Bahiense del Norte, con el subcampeonato femenino, complet\u00f3 el [&hellip;]<\/p>\n","protected":false},"author":3,"featured_media":128812,"comment_status":"closed","ping_status":"closed","sticky":false,"template":"","format":"standard","meta":{"footnotes":""},"categories":[27],"tags":[48],"class_list":["post-128810","post","type-post","status-publish","format-standard","has-post-thumbnail","hentry","category-deportes","tag-destacada"],"yoast_head":"<!-- This site is optimized with the Yoast SEO plugin v25.9 - https:\/\/yoast.com\/wordpress\/plugins\/seo\/ -->\n<title>La triple carta serrana de Liniers con tres podios Bahienses en las Finales Provinciales de Voleibol - Noticias Radio Reflejos<\/title>\n<meta name=\"robots\" content=\"index, follow, max-snippet:-1, max-image-preview:large, max-video-preview:-1\" \/>\n<link rel=\"canonical\" href=\"https:\/\/www.noticiasradioreflejos.com.ar\/2021\/la-triple-carta-serrana-de-liniers-con-tres-podios-bahienses-en-las-finales-provinciales-de-voleibol\/\" \/>\n<meta property=\"og:locale\" content=\"es_ES\" \/>\n<meta property=\"og:type\" content=\"article\" \/>\n<meta property=\"og:title\" content=\"La triple carta serrana de Liniers con tres podios Bahienses en las Finales Provinciales de Voleibol - Noticias Radio Reflejos\" \/>\n<meta property=\"og:description\" content=\"El Club Liniers celebr\u00f3 la medalla de bronce en ambas ramas del V\u00f3leibol de Primera. Este logro tuvo la intervenci\u00f3n de tres jugadores surgidos de la Comarca: Valentina Dorado y Josefina Candal, pilares del femenino; y el juvenil S19 Mateo Lautaro Botto Beli,\u00a0 en el masculino. Bahiense del Norte, con el subcampeonato femenino, complet\u00f3 el [&hellip;]\" \/>\n<meta property=\"og:url\" content=\"https:\/\/www.noticiasradioreflejos.com.ar\/2021\/la-triple-carta-serrana-de-liniers-con-tres-podios-bahienses-en-las-finales-provinciales-de-voleibol\/\" \/>\n<meta property=\"og:site_name\" content=\"Noticias Radio Reflejos\" \/>\n<meta property=\"article:published_time\" content=\"2025-11-25T14:49:38+00:00\" \/>\n<meta property=\"article:modified_time\" content=\"2025-11-25T14:49:39+00:00\" \/>\n<meta property=\"og:image\" content=\"https:\/\/www.noticiasradioreflejos.com.ar\/2021\/wp-content\/uploads\/2025\/11\/entrega-de-premios-olavarria.jpeg\" \/>\n\t<meta property=\"og:image:width\" content=\"1600\" \/>\n\t<meta property=\"og:image:height\" content=\"1197\" \/>\n\t<meta property=\"og:image:type\" content=\"image\/jpeg\" \/>\n<meta name=\"author\" content=\"Arnaldo Botto\" \/>\n<meta name=\"twitter:card\" content=\"summary_large_image\" \/>\n<script type=\"application\/ld+json\" class=\"yoast-schema-graph\">{\"@context\":\"https:\/\/schema.org\",\"@graph\":[{\"@type\":\"WebPage\",\"@id\":\"https:\/\/www.noticiasradioreflejos.com.ar\/2021\/la-triple-carta-serrana-de-liniers-con-tres-podios-bahienses-en-las-finales-provinciales-de-voleibol\/\",\"url\":\"https:\/\/www.noticiasradioreflejos.com.ar\/2021\/la-triple-carta-serrana-de-liniers-con-tres-podios-bahienses-en-las-finales-provinciales-de-voleibol\/\",\"name\":\"La triple carta serrana de Liniers con tres podios Bahienses en las Finales Provinciales de Voleibol - Noticias Radio Reflejos\",\"isPartOf\":{\"@id\":\"https:\/\/www.noticiasradioreflejos.com.ar\/2021\/#website\"},\"primaryImageOfPage\":{\"@id\":\"https:\/\/www.noticiasradioreflejos.com.ar\/2021\/la-triple-carta-serrana-de-liniers-con-tres-podios-bahienses-en-las-finales-provinciales-de-voleibol\/#primaryimage\"},\"image\":{\"@id\":\"https:\/\/www.noticiasradioreflejos.com.ar\/2021\/la-triple-carta-serrana-de-liniers-con-tres-podios-bahienses-en-las-finales-provinciales-de-voleibol\/#primaryimage\"},\"thumbnailUrl\":\"https:\/\/www.noticiasradioreflejos.com.ar\/2021\/wp-content\/uploads\/2025\/11\/entrega-de-premios-olavarria.jpeg\",\"datePublished\":\"2025-11-25T14:49:38+00:00\",\"dateModified\":\"2025-11-25T14:49:39+00:00\",\"author\":{\"@id\":\"https:\/\/www.noticiasradioreflejos.com.ar\/2021\/#\/schema\/person\/ad82545263dcc5ec0996818884fd5fb1\"},\"breadcrumb\":{\"@id\":\"https:\/\/www.noticiasradioreflejos.com.ar\/2021\/la-triple-carta-serrana-de-liniers-con-tres-podios-bahienses-en-las-finales-provinciales-de-voleibol\/#breadcrumb\"},\"inLanguage\":\"es\",\"potentialAction\":[{\"@type\":\"ReadAction\",\"target\":[\"https:\/\/www.noticiasradioreflejos.com.ar\/2021\/la-triple-carta-serrana-de-liniers-con-tres-podios-bahienses-en-las-finales-provinciales-de-voleibol\/\"]}]},{\"@type\":\"ImageObject\",\"inLanguage\":\"es\",\"@id\":\"https:\/\/www.noticiasradioreflejos.com.ar\/2021\/la-triple-carta-serrana-de-liniers-con-tres-podios-bahienses-en-las-finales-provinciales-de-voleibol\/#primaryimage\",\"url\":\"https:\/\/www.noticiasradioreflejos.com.ar\/2021\/wp-content\/uploads\/2025\/11\/entrega-de-premios-olavarria.jpeg\",\"contentUrl\":\"https:\/\/www.noticiasradioreflejos.com.ar\/2021\/wp-content\/uploads\/2025\/11\/entrega-de-premios-olavarria.jpeg\",\"width\":1600,\"height\":1197},{\"@type\":\"BreadcrumbList\",\"@id\":\"https:\/\/www.noticiasradioreflejos.com.ar\/2021\/la-triple-carta-serrana-de-liniers-con-tres-podios-bahienses-en-las-finales-provinciales-de-voleibol\/#breadcrumb\",\"itemListElement\":[{\"@type\":\"ListItem\",\"position\":1,\"name\":\"Portada\",\"item\":\"https:\/\/www.noticiasradioreflejos.com.ar\/2021\/\"},{\"@type\":\"ListItem\",\"position\":2,\"name\":\"La triple carta serrana de Liniers con tres podios Bahienses en las Finales Provinciales de Voleibol\"}]},{\"@type\":\"WebSite\",\"@id\":\"https:\/\/www.noticiasradioreflejos.com.ar\/2021\/#website\",\"url\":\"https:\/\/www.noticiasradioreflejos.com.ar\/2021\/\",\"name\":\"Noticias Radio Reflejos\",\"description\":\"Las noticias de mi comarca\",\"potentialAction\":[{\"@type\":\"SearchAction\",\"target\":{\"@type\":\"EntryPoint\",\"urlTemplate\":\"https:\/\/www.noticiasradioreflejos.com.ar\/2021\/?s={search_term_string}\"},\"query-input\":{\"@type\":\"PropertyValueSpecification\",\"valueRequired\":true,\"valueName\":\"search_term_string\"}}],\"inLanguage\":\"es\"},{\"@type\":\"Person\",\"@id\":\"https:\/\/www.noticiasradioreflejos.com.ar\/2021\/#\/schema\/person\/ad82545263dcc5ec0996818884fd5fb1\",\"name\":\"Arnaldo Botto\",\"image\":{\"@type\":\"ImageObject\",\"inLanguage\":\"es\",\"@id\":\"https:\/\/www.noticiasradioreflejos.com.ar\/2021\/#\/schema\/person\/image\/\",\"url\":\"https:\/\/secure.gravatar.com\/avatar\/55cb5e37c1efa326397366e6974cb338056df65cb50e7d64d1cf314e87504837?s=96&d=mm&r=g\",\"contentUrl\":\"https:\/\/secure.gravatar.com\/avatar\/55cb5e37c1efa326397366e6974cb338056df65cb50e7d64d1cf314e87504837?s=96&d=mm&r=g\",\"caption\":\"Arnaldo Botto\"},\"url\":\"https:\/\/www.noticiasradioreflejos.com.ar\/2021\/author\/arnaldo\/\"}]}<\/script>\n<!-- \/ Yoast SEO plugin. -->","yoast_head_json":{"title":"La triple carta serrana de Liniers con tres podios Bahienses en las Finales Provinciales de Voleibol - Noticias Radio Reflejos","robots":{"index":"index","follow":"follow","max-snippet":"max-snippet:-1","max-image-preview":"max-image-preview:large","max-video-preview":"max-video-preview:-1"},"canonical":"https:\/\/www.noticiasradioreflejos.com.ar\/2021\/la-triple-carta-serrana-de-liniers-con-tres-podios-bahienses-en-las-finales-provinciales-de-voleibol\/","og_locale":"es_ES","og_type":"article","og_title":"La triple carta serrana de Liniers con tres podios Bahienses en las Finales Provinciales de Voleibol - Noticias Radio Reflejos","og_description":"El Club Liniers celebr\u00f3 la medalla de bronce en ambas ramas del V\u00f3leibol de Primera. Este logro tuvo la intervenci\u00f3n de tres jugadores surgidos de la Comarca: Valentina Dorado y Josefina Candal, pilares del femenino; y el juvenil S19 Mateo Lautaro Botto Beli,\u00a0 en el masculino. Bahiense del Norte, con el subcampeonato femenino, complet\u00f3 el [&hellip;]","og_url":"https:\/\/www.noticiasradioreflejos.com.ar\/2021\/la-triple-carta-serrana-de-liniers-con-tres-podios-bahienses-en-las-finales-provinciales-de-voleibol\/","og_site_name":"Noticias Radio Reflejos","article_published_time":"2025-11-25T14:49:38+00:00","article_modified_time":"2025-11-25T14:49:39+00:00","og_image":[{"width":1600,"height":1197,"url":"https:\/\/www.noticiasradioreflejos.com.ar\/2021\/wp-content\/uploads\/2025\/11\/entrega-de-premios-olavarria.jpeg","type":"image\/jpeg"}],"author":"Arnaldo Botto","twitter_card":"summary_large_image","schema":{"@context":"https:\/\/schema.org","@graph":[{"@type":"WebPage","@id":"https:\/\/www.noticiasradioreflejos.com.ar\/2021\/la-triple-carta-serrana-de-liniers-con-tres-podios-bahienses-en-las-finales-provinciales-de-voleibol\/","url":"https:\/\/www.noticiasradioreflejos.com.ar\/2021\/la-triple-carta-serrana-de-liniers-con-tres-podios-bahienses-en-las-finales-provinciales-de-voleibol\/","name":"La triple carta serrana de Liniers con tres podios Bahienses en las Finales Provinciales de Voleibol - Noticias Radio Reflejos","isPartOf":{"@id":"https:\/\/www.noticiasradioreflejos.com.ar\/2021\/#website"},"primaryImageOfPage":{"@id":"https:\/\/www.noticiasradioreflejos.com.ar\/2021\/la-triple-carta-serrana-de-liniers-con-tres-podios-bahienses-en-las-finales-provinciales-de-voleibol\/#primaryimage"},"image":{"@id":"https:\/\/www.noticiasradioreflejos.com.ar\/2021\/la-triple-carta-serrana-de-liniers-con-tres-podios-bahienses-en-las-finales-provinciales-de-voleibol\/#primaryimage"},"thumbnailUrl":"https:\/\/www.noticiasradioreflejos.com.ar\/2021\/wp-content\/uploads\/2025\/11\/entrega-de-premios-olavarria.jpeg","datePublished":"2025-11-25T14:49:38+00:00","dateModified":"2025-11-25T14:49:39+00:00","author":{"@id":"https:\/\/www.noticiasradioreflejos.com.ar\/2021\/#\/schema\/person\/ad82545263dcc5ec0996818884fd5fb1"},"breadcrumb":{"@id":"https:\/\/www.noticiasradioreflejos.com.ar\/2021\/la-triple-carta-serrana-de-liniers-con-tres-podios-bahienses-en-las-finales-provinciales-de-voleibol\/#breadcrumb"},"inLanguage":"es","potentialAction":[{"@type":"ReadAction","target":["https:\/\/www.noticiasradioreflejos.com.ar\/2021\/la-triple-carta-serrana-de-liniers-con-tres-podios-bahienses-en-las-finales-provinciales-de-voleibol\/"]}]},{"@type":"ImageObject","inLanguage":"es","@id":"https:\/\/www.noticiasradioreflejos.com.ar\/2021\/la-triple-carta-serrana-de-liniers-con-tres-podios-bahienses-en-las-finales-provinciales-de-voleibol\/#primaryimage","url":"https:\/\/www.noticiasradioreflejos.com.ar\/2021\/wp-content\/uploads\/2025\/11\/entrega-de-premios-olavarria.jpeg","contentUrl":"https:\/\/www.noticiasradioreflejos.com.ar\/2021\/wp-content\/uploads\/2025\/11\/entrega-de-premios-olavarria.jpeg","width":1600,"height":1197},{"@type":"BreadcrumbList","@id":"https:\/\/www.noticiasradioreflejos.com.ar\/2021\/la-triple-carta-serrana-de-liniers-con-tres-podios-bahienses-en-las-finales-provinciales-de-voleibol\/#breadcrumb","itemListElement":[{"@type":"ListItem","position":1,"name":"Portada","item":"https:\/\/www.noticiasradioreflejos.com.ar\/2021\/"},{"@type":"ListItem","position":2,"name":"La triple carta serrana de Liniers con tres podios Bahienses en las Finales Provinciales de Voleibol"}]},{"@type":"WebSite","@id":"https:\/\/www.noticiasradioreflejos.com.ar\/2021\/#website","url":"https:\/\/www.noticiasradioreflejos.com.ar\/2021\/","name":"Noticias Radio Reflejos","description":"Las noticias de mi comarca","potentialAction":[{"@type":"SearchAction","target":{"@type":"EntryPoint","urlTemplate":"https:\/\/www.noticiasradioreflejos.com.ar\/2021\/?s={search_term_string}"},"query-input":{"@type":"PropertyValueSpecification","valueRequired":true,"valueName":"search_term_string"}}],"inLanguage":"es"},{"@type":"Person","@id":"https:\/\/www.noticiasradioreflejos.com.ar\/2021\/#\/schema\/person\/ad82545263dcc5ec0996818884fd5fb1","name":"Arnaldo Botto","image":{"@type":"ImageObject","inLanguage":"es","@id":"https:\/\/www.noticiasradioreflejos.com.ar\/2021\/#\/schema\/person\/image\/","url":"https:\/\/secure.gravatar.com\/avatar\/55cb5e37c1efa326397366e6974cb338056df65cb50e7d64d1cf314e87504837?s=96&d=mm&r=g","contentUrl":"https:\/\/secure.gravatar.com\/avatar\/55cb5e37c1efa326397366e6974cb338056df65cb50e7d64d1cf314e87504837?s=96&d=mm&r=g","caption":"Arnaldo Botto"},"url":"https:\/\/www.noticiasradioreflejos.com.ar\/2021\/author\/arnaldo\/"}]}},"_links":{"self":[{"href":"https:\/\/www.noticiasradioreflejos.com.ar\/2021\/wp-json\/wp\/v2\/posts\/128810","targetHints":{"allow":["GET"]}}],"collection":[{"href":"https:\/\/www.noticiasradioreflejos.com.ar\/2021\/wp-json\/wp\/v2\/posts"}],"about":[{"href":"https:\/\/www.noticiasradioreflejos.com.ar\/2021\/wp-json\/wp\/v2\/types\/post"}],"author":[{"embeddable":true,"href":"https:\/\/www.noticiasradioreflejos.com.ar\/2021\/wp-json\/wp\/v2\/users\/3"}],"replies":[{"embeddable":true,"href":"https:\/\/www.noticiasradioreflejos.com.ar\/2021\/wp-json\/wp\/v2\/comments?post=128810"}],"version-history":[{"count":4,"href":"https:\/\/www.noticiasradioreflejos.com.ar\/2021\/wp-json\/wp\/v2\/posts\/128810\/revisions"}],"predecessor-version":[{"id":128833,"href":"https:\/\/www.noticiasradioreflejos.com.ar\/2021\/wp-json\/wp\/v2\/posts\/128810\/revisions\/128833"}],"wp:featuredmedia":[{"embeddable":true,"href":"https:\/\/www.noticiasradioreflejos.com.ar\/2021\/wp-json\/wp\/v2\/media\/128812"}],"wp:attachment":[{"href":"https:\/\/www.noticiasradioreflejos.com.ar\/2021\/wp-json\/wp\/v2\/media?parent=128810"}],"wp:term":[{"taxonomy":"category","embeddable":true,"href":"https:\/\/www.noticiasradioreflejos.com.ar\/2021\/wp-json\/wp\/v2\/categories?post=128810"},{"taxonomy":"post_tag","embeddable":true,"href":"https:\/\/www.noticiasradioreflejos.com.ar\/2021\/wp-json\/wp\/v2\/tags?post=128810"}],"curies":[{"name":"wp","href":"https:\/\/api.w.org\/{rel}","templated":true}]}}