{"id":1288,"date":"2016-09-23T11:16:33","date_gmt":"2016-09-23T11:16:33","guid":{"rendered":"http:\/\/noticiasradioreflejos.com.ar\/noticias\/?p=1288"},"modified":"2016-09-23T11:16:33","modified_gmt":"2016-09-23T11:16:33","slug":"continuan-las-diferencias-por-la-consesion-de-parque-norte","status":"publish","type":"post","link":"https:\/\/www.noticiasradioreflejos.com.ar\/2021\/continuan-las-diferencias-por-la-consesion-de-parque-norte\/","title":{"rendered":"Continuan las diferencias por la consesi\u00f3n de Parque Norte"},"content":{"rendered":"<p>Ant\u00f3n reiter\u00f3 su disconformidad con la concesi\u00f3n del balneario municipal \u201cParque Norte\u201d, aclarando que \u201cel problema no es con Hugo Rodr\u00edguez\u201d (ganador de la licitaci\u00f3n), sino \u201cpor c\u00f3mo se llevaron adelante los procesos\u201d.<!--more--><br \/>\nEn la nota brindada a nuestro medio el pasado martes, \u201cel intendente dice que el Tribunal de Cuentas de la Provincia de Buenos Aires (HTC) no tiene injerencia en el tema concesiones, sin embargo ellos mandaron un expediente similar sobre la concesi\u00f3n de Juan Carlos Gisler, entonces \u00bftiene injerencia solo para cuando ellos lo quieren mandar?\u201d, manifest\u00f3.<br \/>\n\u201cDespu\u00e9s dijo que en ning\u00fan lugar del pliego dice como hay que presentar la propuesta. Evidentemente no lo ley\u00f3 porque dice detalladamente c\u00f3mo se debe entregar la propuesta. Y en un momento dijo que Rodr\u00edguez le tiene que redactar qu\u00e9 va a hacer para el futuro en el lugar, cuando eso es lo que tendr\u00eda que haber hecho antes de que se le otorgue la concesi\u00f3n\u201d, expres\u00f3.<br \/>\n\u201cBordoni dice que s\u00f3lo la inversi\u00f3n inicial es de 700mil pesos \u2013sigui\u00f3 el edil- pero en las dos hojita que present\u00f3 el nuevo concesionario habla de ese dinero como una inversi\u00f3n \u00fanica. Quiero aclarar que desde el bloque no tenemos nada en contra de Hugo, pero creemos que la propuesta no cumpl\u00eda con las condiciones para ser tenida en cuenta al momento de la apertura de sobres. Hab\u00eda dos propuestas validas que cumpl\u00edan con la documentaci\u00f3n y con lo que dec\u00eda el pliego de como presentarlo\u201d.<br \/>\nAnte ello, se\u00f1al\u00f3 que \u201csi el intendente dice que es transparente, lo que debi\u00f3 haber hecho es respetar el pliego. Sino le hubiese dicho directamente a Rodr\u00edguez que \u00e9l era el concesionario y no hac\u00eda trabajar y gastar plata a los otros dos aspirantes a concesionarios. Consideramos que fue otorgado a dedo\u201d.<br \/>\nNoelia Baier, en tanto, sostuvo: \u201centendemos que desde el Ejecutivo eligieron la mejor propuesta en base a lo que necesitaban para Parque Norte, que era una fuerte inversi\u00f3n inicial\u201d.<br \/>\n\u201cNi siquiera hac\u00eda falta que subiera el expediente al Concejo Deliberante, pero el intendente interpret\u00f3 que era una manera de transparentar y que la informaci\u00f3n sea accesible a todos\u201d, asegur\u00f3.<br \/>\n\u201cMe parece perfecto que si el bloque FPV que tiene alguna duda la plantee y pueda hacer la denuncia de la forma que quiera y ante quien corresponda\u201d, concluy\u00f3.<\/p>\n","protected":false},"excerpt":{"rendered":"<p>Ant\u00f3n reiter\u00f3 su disconformidad con la concesi\u00f3n del balneario municipal \u201cParque Norte\u201d, aclarando que \u201cel problema no es con Hugo Rodr\u00edguez\u201d (ganador de la licitaci\u00f3n), sino \u201cpor c\u00f3mo se llevaron adelante los procesos\u201d.<\/p>\n","protected":false},"author":3,"featured_media":0,"comment_status":"closed","ping_status":"open","sticky":false,"template":"","format":"standard","meta":{"footnotes":""},"categories":[28],"tags":[],"class_list":["post-1288","post","type-post","status-publish","format-standard","hentry","category-municipales"],"yoast_head":"<!-- This site is optimized with the Yoast SEO plugin v25.9 - https:\/\/yoast.com\/wordpress\/plugins\/seo\/ -->\n<title>Continuan las diferencias por la consesi\u00f3n de Parque Norte - Noticias Radio Reflejos<\/title>\n<meta name=\"robots\" content=\"index, follow, max-snippet:-1, max-image-preview:large, max-video-preview:-1\" \/>\n<link rel=\"canonical\" href=\"https:\/\/www.noticiasradioreflejos.com.ar\/2021\/continuan-las-diferencias-por-la-consesion-de-parque-norte\/\" \/>\n<meta property=\"og:locale\" content=\"es_ES\" \/>\n<meta property=\"og:type\" content=\"article\" \/>\n<meta property=\"og:title\" content=\"Continuan las diferencias por la consesi\u00f3n de Parque Norte - Noticias Radio Reflejos\" \/>\n<meta property=\"og:description\" content=\"Ant\u00f3n reiter\u00f3 su disconformidad con la concesi\u00f3n del balneario municipal \u201cParque Norte\u201d, aclarando que \u201cel problema no es con Hugo Rodr\u00edguez\u201d (ganador de la licitaci\u00f3n), sino \u201cpor c\u00f3mo se llevaron adelante los procesos\u201d.\" \/>\n<meta property=\"og:url\" content=\"https:\/\/www.noticiasradioreflejos.com.ar\/2021\/continuan-las-diferencias-por-la-consesion-de-parque-norte\/\" \/>\n<meta property=\"og:site_name\" content=\"Noticias Radio Reflejos\" \/>\n<meta property=\"article:published_time\" content=\"2016-09-23T11:16:33+00:00\" \/>\n<meta property=\"og:image\" content=\"https:\/\/www.noticiasradioreflejos.com.ar\/2021\/wp-content\/uploads\/2021\/07\/logosol300x200.png\" \/>\n\t<meta property=\"og:image:width\" content=\"300\" \/>\n\t<meta property=\"og:image:height\" content=\"200\" \/>\n\t<meta property=\"og:image:type\" content=\"image\/png\" \/>\n<meta name=\"author\" content=\"Arnaldo Botto\" \/>\n<meta name=\"twitter:card\" content=\"summary_large_image\" \/>\n<script type=\"application\/ld+json\" class=\"yoast-schema-graph\">{\"@context\":\"https:\/\/schema.org\",\"@graph\":[{\"@type\":\"WebPage\",\"@id\":\"https:\/\/www.noticiasradioreflejos.com.ar\/2021\/continuan-las-diferencias-por-la-consesion-de-parque-norte\/\",\"url\":\"https:\/\/www.noticiasradioreflejos.com.ar\/2021\/continuan-las-diferencias-por-la-consesion-de-parque-norte\/\",\"name\":\"Continuan las diferencias por la consesi\u00f3n de Parque Norte - Noticias Radio Reflejos\",\"isPartOf\":{\"@id\":\"https:\/\/www.noticiasradioreflejos.com.ar\/2021\/#website\"},\"datePublished\":\"2016-09-23T11:16:33+00:00\",\"author\":{\"@id\":\"https:\/\/www.noticiasradioreflejos.com.ar\/2021\/#\/schema\/person\/ad82545263dcc5ec0996818884fd5fb1\"},\"breadcrumb\":{\"@id\":\"https:\/\/www.noticiasradioreflejos.com.ar\/2021\/continuan-las-diferencias-por-la-consesion-de-parque-norte\/#breadcrumb\"},\"inLanguage\":\"es\",\"potentialAction\":[{\"@type\":\"ReadAction\",\"target\":[\"https:\/\/www.noticiasradioreflejos.com.ar\/2021\/continuan-las-diferencias-por-la-consesion-de-parque-norte\/\"]}]},{\"@type\":\"BreadcrumbList\",\"@id\":\"https:\/\/www.noticiasradioreflejos.com.ar\/2021\/continuan-las-diferencias-por-la-consesion-de-parque-norte\/#breadcrumb\",\"itemListElement\":[{\"@type\":\"ListItem\",\"position\":1,\"name\":\"Portada\",\"item\":\"https:\/\/www.noticiasradioreflejos.com.ar\/2021\/\"},{\"@type\":\"ListItem\",\"position\":2,\"name\":\"Continuan las diferencias por la consesi\u00f3n de Parque Norte\"}]},{\"@type\":\"WebSite\",\"@id\":\"https:\/\/www.noticiasradioreflejos.com.ar\/2021\/#website\",\"url\":\"https:\/\/www.noticiasradioreflejos.com.ar\/2021\/\",\"name\":\"Noticias Radio Reflejos\",\"description\":\"Las noticias de mi comarca\",\"potentialAction\":[{\"@type\":\"SearchAction\",\"target\":{\"@type\":\"EntryPoint\",\"urlTemplate\":\"https:\/\/www.noticiasradioreflejos.com.ar\/2021\/?s={search_term_string}\"},\"query-input\":{\"@type\":\"PropertyValueSpecification\",\"valueRequired\":true,\"valueName\":\"search_term_string\"}}],\"inLanguage\":\"es\"},{\"@type\":\"Person\",\"@id\":\"https:\/\/www.noticiasradioreflejos.com.ar\/2021\/#\/schema\/person\/ad82545263dcc5ec0996818884fd5fb1\",\"name\":\"Arnaldo Botto\",\"image\":{\"@type\":\"ImageObject\",\"inLanguage\":\"es\",\"@id\":\"https:\/\/www.noticiasradioreflejos.com.ar\/2021\/#\/schema\/person\/image\/\",\"url\":\"https:\/\/secure.gravatar.com\/avatar\/55cb5e37c1efa326397366e6974cb338056df65cb50e7d64d1cf314e87504837?s=96&d=mm&r=g\",\"contentUrl\":\"https:\/\/secure.gravatar.com\/avatar\/55cb5e37c1efa326397366e6974cb338056df65cb50e7d64d1cf314e87504837?s=96&d=mm&r=g\",\"caption\":\"Arnaldo Botto\"},\"url\":\"https:\/\/www.noticiasradioreflejos.com.ar\/2021\/author\/arnaldo\/\"}]}<\/script>\n<!-- \/ Yoast SEO plugin. -->","yoast_head_json":{"title":"Continuan las diferencias por la consesi\u00f3n de Parque Norte - Noticias Radio Reflejos","robots":{"index":"index","follow":"follow","max-snippet":"max-snippet:-1","max-image-preview":"max-image-preview:large","max-video-preview":"max-video-preview:-1"},"canonical":"https:\/\/www.noticiasradioreflejos.com.ar\/2021\/continuan-las-diferencias-por-la-consesion-de-parque-norte\/","og_locale":"es_ES","og_type":"article","og_title":"Continuan las diferencias por la consesi\u00f3n de Parque Norte - Noticias Radio Reflejos","og_description":"Ant\u00f3n reiter\u00f3 su disconformidad con la concesi\u00f3n del balneario municipal \u201cParque Norte\u201d, aclarando que \u201cel problema no es con Hugo Rodr\u00edguez\u201d (ganador de la licitaci\u00f3n), sino \u201cpor c\u00f3mo se llevaron adelante los procesos\u201d.","og_url":"https:\/\/www.noticiasradioreflejos.com.ar\/2021\/continuan-las-diferencias-por-la-consesion-de-parque-norte\/","og_site_name":"Noticias Radio Reflejos","article_published_time":"2016-09-23T11:16:33+00:00","og_image":[{"width":300,"height":200,"url":"https:\/\/www.noticiasradioreflejos.com.ar\/2021\/wp-content\/uploads\/2021\/07\/logosol300x200.png","type":"image\/png"}],"author":"Arnaldo Botto","twitter_card":"summary_large_image","schema":{"@context":"https:\/\/schema.org","@graph":[{"@type":"WebPage","@id":"https:\/\/www.noticiasradioreflejos.com.ar\/2021\/continuan-las-diferencias-por-la-consesion-de-parque-norte\/","url":"https:\/\/www.noticiasradioreflejos.com.ar\/2021\/continuan-las-diferencias-por-la-consesion-de-parque-norte\/","name":"Continuan las diferencias por la consesi\u00f3n de Parque Norte - Noticias Radio Reflejos","isPartOf":{"@id":"https:\/\/www.noticiasradioreflejos.com.ar\/2021\/#website"},"datePublished":"2016-09-23T11:16:33+00:00","author":{"@id":"https:\/\/www.noticiasradioreflejos.com.ar\/2021\/#\/schema\/person\/ad82545263dcc5ec0996818884fd5fb1"},"breadcrumb":{"@id":"https:\/\/www.noticiasradioreflejos.com.ar\/2021\/continuan-las-diferencias-por-la-consesion-de-parque-norte\/#breadcrumb"},"inLanguage":"es","potentialAction":[{"@type":"ReadAction","target":["https:\/\/www.noticiasradioreflejos.com.ar\/2021\/continuan-las-diferencias-por-la-consesion-de-parque-norte\/"]}]},{"@type":"BreadcrumbList","@id":"https:\/\/www.noticiasradioreflejos.com.ar\/2021\/continuan-las-diferencias-por-la-consesion-de-parque-norte\/#breadcrumb","itemListElement":[{"@type":"ListItem","position":1,"name":"Portada","item":"https:\/\/www.noticiasradioreflejos.com.ar\/2021\/"},{"@type":"ListItem","position":2,"name":"Continuan las diferencias por la consesi\u00f3n de Parque Norte"}]},{"@type":"WebSite","@id":"https:\/\/www.noticiasradioreflejos.com.ar\/2021\/#website","url":"https:\/\/www.noticiasradioreflejos.com.ar\/2021\/","name":"Noticias Radio Reflejos","description":"Las noticias de mi comarca","potentialAction":[{"@type":"SearchAction","target":{"@type":"EntryPoint","urlTemplate":"https:\/\/www.noticiasradioreflejos.com.ar\/2021\/?s={search_term_string}"},"query-input":{"@type":"PropertyValueSpecification","valueRequired":true,"valueName":"search_term_string"}}],"inLanguage":"es"},{"@type":"Person","@id":"https:\/\/www.noticiasradioreflejos.com.ar\/2021\/#\/schema\/person\/ad82545263dcc5ec0996818884fd5fb1","name":"Arnaldo Botto","image":{"@type":"ImageObject","inLanguage":"es","@id":"https:\/\/www.noticiasradioreflejos.com.ar\/2021\/#\/schema\/person\/image\/","url":"https:\/\/secure.gravatar.com\/avatar\/55cb5e37c1efa326397366e6974cb338056df65cb50e7d64d1cf314e87504837?s=96&d=mm&r=g","contentUrl":"https:\/\/secure.gravatar.com\/avatar\/55cb5e37c1efa326397366e6974cb338056df65cb50e7d64d1cf314e87504837?s=96&d=mm&r=g","caption":"Arnaldo Botto"},"url":"https:\/\/www.noticiasradioreflejos.com.ar\/2021\/author\/arnaldo\/"}]}},"_links":{"self":[{"href":"https:\/\/www.noticiasradioreflejos.com.ar\/2021\/wp-json\/wp\/v2\/posts\/1288","targetHints":{"allow":["GET"]}}],"collection":[{"href":"https:\/\/www.noticiasradioreflejos.com.ar\/2021\/wp-json\/wp\/v2\/posts"}],"about":[{"href":"https:\/\/www.noticiasradioreflejos.com.ar\/2021\/wp-json\/wp\/v2\/types\/post"}],"author":[{"embeddable":true,"href":"https:\/\/www.noticiasradioreflejos.com.ar\/2021\/wp-json\/wp\/v2\/users\/3"}],"replies":[{"embeddable":true,"href":"https:\/\/www.noticiasradioreflejos.com.ar\/2021\/wp-json\/wp\/v2\/comments?post=1288"}],"version-history":[{"count":0,"href":"https:\/\/www.noticiasradioreflejos.com.ar\/2021\/wp-json\/wp\/v2\/posts\/1288\/revisions"}],"wp:attachment":[{"href":"https:\/\/www.noticiasradioreflejos.com.ar\/2021\/wp-json\/wp\/v2\/media?parent=1288"}],"wp:term":[{"taxonomy":"category","embeddable":true,"href":"https:\/\/www.noticiasradioreflejos.com.ar\/2021\/wp-json\/wp\/v2\/categories?post=1288"},{"taxonomy":"post_tag","embeddable":true,"href":"https:\/\/www.noticiasradioreflejos.com.ar\/2021\/wp-json\/wp\/v2\/tags?post=1288"}],"curies":[{"name":"wp","href":"https:\/\/api.w.org\/{rel}","templated":true}]}}