{"id":12867,"date":"2017-07-28T08:34:09","date_gmt":"2017-07-28T11:34:09","guid":{"rendered":"http:\/\/www.noticiasradioreflejos.com.ar\/noticias\/?p=12867"},"modified":"2017-07-28T08:34:09","modified_gmt":"2017-07-28T11:34:09","slug":"la-lista-de-cumplir-fue-presentada-en-villa-ventana","status":"publish","type":"post","link":"https:\/\/www.noticiasradioreflejos.com.ar\/2021\/la-lista-de-cumplir-fue-presentada-en-villa-ventana\/","title":{"rendered":"La lista de Cumplir fue presentada en Villa Ventana."},"content":{"rendered":"<p><a title=\"943\" href=\"http:\/\/farm5.staticflickr.com\/4301\/36053462652_1e71d47531_z.jpg\" rel=\"\"><img loading=\"lazy\" decoding=\"async\" class=\"alignleft\" style=\"float: left;\" title=\"943\" src=\"http:\/\/farm5.staticflickr.com\/4301\/36053462652_1e71d47531_z.jpg\" alt=\"943\" width=\"353\" height=\"529\" \/><\/a>Continuando con su recorrida por todo el distrito, este mi\u00e9rcoles el Frente Justicialista Cumplir present\u00f3 a sus precandidatos a concejales y consejeros escolares en Villa Ventana.<!--more--><br \/>\nLa cita tuvo lugar en la sede de la Asociaci\u00f3n de Fomento de la localidad, hasta donde se acercaron varios vecinos para escuchar las propuestas del espacio encabezado por Florencio Randazzo, precandidato a senador nacional, y que tiene al exintendente Gustavo Trankels como precandidato a diputado provincial.<br \/>\nLos integrantes de la lista expusieron las iniciativas que impulsar\u00e1n si les toca llegar al cuerpo deliberativo a partir de diciembre y que buscar\u00e1n mejorar la calidad de vida de los habitantes de Villa Ventana y de todo el distrito.<br \/>\nEn ese sentido, enfatizaron en la importancia de \u201cequilibrar las fuerzas en el Concejo Deliberante para frenar ciertas medidas del Ejecutivo que afectan directamente a los vecinos, como el aumento desmedido de las tasas\u201d.<br \/>\nComo representante de Villa en la lista est\u00e1 Daniel Marchione, quien ocupa el sexto lugar de concejales titulares.<br \/>\nLa n\u00f3mina est\u00e1 encabezada por Laura \u201cLaly\u201d Rosatelli, a quien la acompa\u00f1an Fernando \u201cMandingo\u201d Rojas, Adriana Nielsen, V\u00edctor Ant\u00f3n, Mar\u00eda Olmos y el mencionado Marchione como precandidatos a concejales titulares.<br \/>\nLos lugares suplentes los ocupan Silvina Islas, Jorque \u201cPiqui\u201d Guti\u00e9rrez, Marcela Gim\u00e9nez y Fernando Garrido.<br \/>\nEn tanto, los consejeros escolares propuestos son Mar\u00eda Luz Palacio, Alberto Aldecoa (titulares), Paula Mu\u00f1oz y Walter Taylor (suplentes).<br \/>\n<a title=\"945\" href=\"http:\/\/farm5.staticflickr.com\/4298\/36053457742_973438bd9e_z.jpg\" rel=\"\"><img loading=\"lazy\" decoding=\"async\" class=\"aligncenter\" title=\"945\" src=\"http:\/\/farm5.staticflickr.com\/4298\/36053457742_973438bd9e_z.jpg\" alt=\"945\" width=\"640\" height=\"404\" \/><\/a><a title=\"936\" href=\"http:\/\/farm5.staticflickr.com\/4312\/36218834685_9a3cfdf6a1_z.jpg\" rel=\"\"><img loading=\"lazy\" decoding=\"async\" class=\"aligncenter\" title=\"936\" src=\"http:\/\/farm5.staticflickr.com\/4312\/36218834685_9a3cfdf6a1_z.jpg\" alt=\"936\" width=\"640\" height=\"427\" \/><\/a><br \/>\nPrensa Cumplir Tornquist<\/p>\n","protected":false},"excerpt":{"rendered":"<p>Continuando con su recorrida por todo el distrito, este mi\u00e9rcoles el Frente Justicialista Cumplir present\u00f3 a sus precandidatos a concejales y consejeros escolares en Villa Ventana.<\/p>\n","protected":false},"author":3,"featured_media":0,"comment_status":"closed","ping_status":"open","sticky":false,"template":"","format":"standard","meta":{"footnotes":""},"categories":[24],"tags":[],"class_list":["post-12867","post","type-post","status-publish","format-standard","hentry","category-politica"],"yoast_head":"<!-- This site is optimized with the Yoast SEO plugin v25.9 - https:\/\/yoast.com\/wordpress\/plugins\/seo\/ -->\n<title>La lista de Cumplir fue presentada en Villa Ventana. - Noticias Radio Reflejos<\/title>\n<meta name=\"robots\" content=\"index, follow, max-snippet:-1, max-image-preview:large, max-video-preview:-1\" \/>\n<link rel=\"canonical\" href=\"https:\/\/www.noticiasradioreflejos.com.ar\/2021\/la-lista-de-cumplir-fue-presentada-en-villa-ventana\/\" \/>\n<meta property=\"og:locale\" content=\"es_ES\" \/>\n<meta property=\"og:type\" content=\"article\" \/>\n<meta property=\"og:title\" content=\"La lista de Cumplir fue presentada en Villa Ventana. - Noticias Radio Reflejos\" \/>\n<meta property=\"og:description\" content=\"Continuando con su recorrida por todo el distrito, este mi\u00e9rcoles el Frente Justicialista Cumplir present\u00f3 a sus precandidatos a concejales y consejeros escolares en Villa Ventana.\" \/>\n<meta property=\"og:url\" content=\"https:\/\/www.noticiasradioreflejos.com.ar\/2021\/la-lista-de-cumplir-fue-presentada-en-villa-ventana\/\" \/>\n<meta property=\"og:site_name\" content=\"Noticias Radio Reflejos\" \/>\n<meta property=\"article:published_time\" content=\"2017-07-28T11:34:09+00:00\" \/>\n<meta property=\"og:image\" content=\"http:\/\/farm5.staticflickr.com\/4301\/36053462652_1e71d47531_z.jpg\" \/>\n<meta name=\"author\" content=\"Arnaldo Botto\" \/>\n<meta name=\"twitter:card\" content=\"summary_large_image\" \/>\n<script type=\"application\/ld+json\" class=\"yoast-schema-graph\">{\"@context\":\"https:\/\/schema.org\",\"@graph\":[{\"@type\":\"WebPage\",\"@id\":\"https:\/\/www.noticiasradioreflejos.com.ar\/2021\/la-lista-de-cumplir-fue-presentada-en-villa-ventana\/\",\"url\":\"https:\/\/www.noticiasradioreflejos.com.ar\/2021\/la-lista-de-cumplir-fue-presentada-en-villa-ventana\/\",\"name\":\"La lista de Cumplir fue presentada en Villa Ventana. - Noticias Radio Reflejos\",\"isPartOf\":{\"@id\":\"https:\/\/www.noticiasradioreflejos.com.ar\/2021\/#website\"},\"primaryImageOfPage\":{\"@id\":\"https:\/\/www.noticiasradioreflejos.com.ar\/2021\/la-lista-de-cumplir-fue-presentada-en-villa-ventana\/#primaryimage\"},\"image\":{\"@id\":\"https:\/\/www.noticiasradioreflejos.com.ar\/2021\/la-lista-de-cumplir-fue-presentada-en-villa-ventana\/#primaryimage\"},\"thumbnailUrl\":\"http:\/\/farm5.staticflickr.com\/4301\/36053462652_1e71d47531_z.jpg\",\"datePublished\":\"2017-07-28T11:34:09+00:00\",\"author\":{\"@id\":\"https:\/\/www.noticiasradioreflejos.com.ar\/2021\/#\/schema\/person\/ad82545263dcc5ec0996818884fd5fb1\"},\"breadcrumb\":{\"@id\":\"https:\/\/www.noticiasradioreflejos.com.ar\/2021\/la-lista-de-cumplir-fue-presentada-en-villa-ventana\/#breadcrumb\"},\"inLanguage\":\"es\",\"potentialAction\":[{\"@type\":\"ReadAction\",\"target\":[\"https:\/\/www.noticiasradioreflejos.com.ar\/2021\/la-lista-de-cumplir-fue-presentada-en-villa-ventana\/\"]}]},{\"@type\":\"ImageObject\",\"inLanguage\":\"es\",\"@id\":\"https:\/\/www.noticiasradioreflejos.com.ar\/2021\/la-lista-de-cumplir-fue-presentada-en-villa-ventana\/#primaryimage\",\"url\":\"http:\/\/farm5.staticflickr.com\/4301\/36053462652_1e71d47531_z.jpg\",\"contentUrl\":\"http:\/\/farm5.staticflickr.com\/4301\/36053462652_1e71d47531_z.jpg\"},{\"@type\":\"BreadcrumbList\",\"@id\":\"https:\/\/www.noticiasradioreflejos.com.ar\/2021\/la-lista-de-cumplir-fue-presentada-en-villa-ventana\/#breadcrumb\",\"itemListElement\":[{\"@type\":\"ListItem\",\"position\":1,\"name\":\"Portada\",\"item\":\"https:\/\/www.noticiasradioreflejos.com.ar\/2021\/\"},{\"@type\":\"ListItem\",\"position\":2,\"name\":\"La lista de Cumplir fue presentada en Villa Ventana.\"}]},{\"@type\":\"WebSite\",\"@id\":\"https:\/\/www.noticiasradioreflejos.com.ar\/2021\/#website\",\"url\":\"https:\/\/www.noticiasradioreflejos.com.ar\/2021\/\",\"name\":\"Noticias Radio Reflejos\",\"description\":\"Las noticias de mi comarca\",\"potentialAction\":[{\"@type\":\"SearchAction\",\"target\":{\"@type\":\"EntryPoint\",\"urlTemplate\":\"https:\/\/www.noticiasradioreflejos.com.ar\/2021\/?s={search_term_string}\"},\"query-input\":{\"@type\":\"PropertyValueSpecification\",\"valueRequired\":true,\"valueName\":\"search_term_string\"}}],\"inLanguage\":\"es\"},{\"@type\":\"Person\",\"@id\":\"https:\/\/www.noticiasradioreflejos.com.ar\/2021\/#\/schema\/person\/ad82545263dcc5ec0996818884fd5fb1\",\"name\":\"Arnaldo Botto\",\"image\":{\"@type\":\"ImageObject\",\"inLanguage\":\"es\",\"@id\":\"https:\/\/www.noticiasradioreflejos.com.ar\/2021\/#\/schema\/person\/image\/\",\"url\":\"https:\/\/secure.gravatar.com\/avatar\/55cb5e37c1efa326397366e6974cb338056df65cb50e7d64d1cf314e87504837?s=96&d=mm&r=g\",\"contentUrl\":\"https:\/\/secure.gravatar.com\/avatar\/55cb5e37c1efa326397366e6974cb338056df65cb50e7d64d1cf314e87504837?s=96&d=mm&r=g\",\"caption\":\"Arnaldo Botto\"},\"url\":\"https:\/\/www.noticiasradioreflejos.com.ar\/2021\/author\/arnaldo\/\"}]}<\/script>\n<!-- \/ Yoast SEO plugin. -->","yoast_head_json":{"title":"La lista de Cumplir fue presentada en Villa Ventana. - Noticias Radio Reflejos","robots":{"index":"index","follow":"follow","max-snippet":"max-snippet:-1","max-image-preview":"max-image-preview:large","max-video-preview":"max-video-preview:-1"},"canonical":"https:\/\/www.noticiasradioreflejos.com.ar\/2021\/la-lista-de-cumplir-fue-presentada-en-villa-ventana\/","og_locale":"es_ES","og_type":"article","og_title":"La lista de Cumplir fue presentada en Villa Ventana. - Noticias Radio Reflejos","og_description":"Continuando con su recorrida por todo el distrito, este mi\u00e9rcoles el Frente Justicialista Cumplir present\u00f3 a sus precandidatos a concejales y consejeros escolares en Villa Ventana.","og_url":"https:\/\/www.noticiasradioreflejos.com.ar\/2021\/la-lista-de-cumplir-fue-presentada-en-villa-ventana\/","og_site_name":"Noticias Radio Reflejos","article_published_time":"2017-07-28T11:34:09+00:00","og_image":[{"url":"http:\/\/farm5.staticflickr.com\/4301\/36053462652_1e71d47531_z.jpg","type":"","width":"","height":""}],"author":"Arnaldo Botto","twitter_card":"summary_large_image","schema":{"@context":"https:\/\/schema.org","@graph":[{"@type":"WebPage","@id":"https:\/\/www.noticiasradioreflejos.com.ar\/2021\/la-lista-de-cumplir-fue-presentada-en-villa-ventana\/","url":"https:\/\/www.noticiasradioreflejos.com.ar\/2021\/la-lista-de-cumplir-fue-presentada-en-villa-ventana\/","name":"La lista de Cumplir fue presentada en Villa Ventana. - Noticias Radio Reflejos","isPartOf":{"@id":"https:\/\/www.noticiasradioreflejos.com.ar\/2021\/#website"},"primaryImageOfPage":{"@id":"https:\/\/www.noticiasradioreflejos.com.ar\/2021\/la-lista-de-cumplir-fue-presentada-en-villa-ventana\/#primaryimage"},"image":{"@id":"https:\/\/www.noticiasradioreflejos.com.ar\/2021\/la-lista-de-cumplir-fue-presentada-en-villa-ventana\/#primaryimage"},"thumbnailUrl":"http:\/\/farm5.staticflickr.com\/4301\/36053462652_1e71d47531_z.jpg","datePublished":"2017-07-28T11:34:09+00:00","author":{"@id":"https:\/\/www.noticiasradioreflejos.com.ar\/2021\/#\/schema\/person\/ad82545263dcc5ec0996818884fd5fb1"},"breadcrumb":{"@id":"https:\/\/www.noticiasradioreflejos.com.ar\/2021\/la-lista-de-cumplir-fue-presentada-en-villa-ventana\/#breadcrumb"},"inLanguage":"es","potentialAction":[{"@type":"ReadAction","target":["https:\/\/www.noticiasradioreflejos.com.ar\/2021\/la-lista-de-cumplir-fue-presentada-en-villa-ventana\/"]}]},{"@type":"ImageObject","inLanguage":"es","@id":"https:\/\/www.noticiasradioreflejos.com.ar\/2021\/la-lista-de-cumplir-fue-presentada-en-villa-ventana\/#primaryimage","url":"http:\/\/farm5.staticflickr.com\/4301\/36053462652_1e71d47531_z.jpg","contentUrl":"http:\/\/farm5.staticflickr.com\/4301\/36053462652_1e71d47531_z.jpg"},{"@type":"BreadcrumbList","@id":"https:\/\/www.noticiasradioreflejos.com.ar\/2021\/la-lista-de-cumplir-fue-presentada-en-villa-ventana\/#breadcrumb","itemListElement":[{"@type":"ListItem","position":1,"name":"Portada","item":"https:\/\/www.noticiasradioreflejos.com.ar\/2021\/"},{"@type":"ListItem","position":2,"name":"La lista de Cumplir fue presentada en Villa Ventana."}]},{"@type":"WebSite","@id":"https:\/\/www.noticiasradioreflejos.com.ar\/2021\/#website","url":"https:\/\/www.noticiasradioreflejos.com.ar\/2021\/","name":"Noticias Radio Reflejos","description":"Las noticias de mi comarca","potentialAction":[{"@type":"SearchAction","target":{"@type":"EntryPoint","urlTemplate":"https:\/\/www.noticiasradioreflejos.com.ar\/2021\/?s={search_term_string}"},"query-input":{"@type":"PropertyValueSpecification","valueRequired":true,"valueName":"search_term_string"}}],"inLanguage":"es"},{"@type":"Person","@id":"https:\/\/www.noticiasradioreflejos.com.ar\/2021\/#\/schema\/person\/ad82545263dcc5ec0996818884fd5fb1","name":"Arnaldo Botto","image":{"@type":"ImageObject","inLanguage":"es","@id":"https:\/\/www.noticiasradioreflejos.com.ar\/2021\/#\/schema\/person\/image\/","url":"https:\/\/secure.gravatar.com\/avatar\/55cb5e37c1efa326397366e6974cb338056df65cb50e7d64d1cf314e87504837?s=96&d=mm&r=g","contentUrl":"https:\/\/secure.gravatar.com\/avatar\/55cb5e37c1efa326397366e6974cb338056df65cb50e7d64d1cf314e87504837?s=96&d=mm&r=g","caption":"Arnaldo Botto"},"url":"https:\/\/www.noticiasradioreflejos.com.ar\/2021\/author\/arnaldo\/"}]}},"_links":{"self":[{"href":"https:\/\/www.noticiasradioreflejos.com.ar\/2021\/wp-json\/wp\/v2\/posts\/12867","targetHints":{"allow":["GET"]}}],"collection":[{"href":"https:\/\/www.noticiasradioreflejos.com.ar\/2021\/wp-json\/wp\/v2\/posts"}],"about":[{"href":"https:\/\/www.noticiasradioreflejos.com.ar\/2021\/wp-json\/wp\/v2\/types\/post"}],"author":[{"embeddable":true,"href":"https:\/\/www.noticiasradioreflejos.com.ar\/2021\/wp-json\/wp\/v2\/users\/3"}],"replies":[{"embeddable":true,"href":"https:\/\/www.noticiasradioreflejos.com.ar\/2021\/wp-json\/wp\/v2\/comments?post=12867"}],"version-history":[{"count":0,"href":"https:\/\/www.noticiasradioreflejos.com.ar\/2021\/wp-json\/wp\/v2\/posts\/12867\/revisions"}],"wp:attachment":[{"href":"https:\/\/www.noticiasradioreflejos.com.ar\/2021\/wp-json\/wp\/v2\/media?parent=12867"}],"wp:term":[{"taxonomy":"category","embeddable":true,"href":"https:\/\/www.noticiasradioreflejos.com.ar\/2021\/wp-json\/wp\/v2\/categories?post=12867"},{"taxonomy":"post_tag","embeddable":true,"href":"https:\/\/www.noticiasradioreflejos.com.ar\/2021\/wp-json\/wp\/v2\/tags?post=12867"}],"curies":[{"name":"wp","href":"https:\/\/api.w.org\/{rel}","templated":true}]}}