{"id":128657,"date":"2025-11-20T08:14:28","date_gmt":"2025-11-20T11:14:28","guid":{"rendered":"https:\/\/www.noticiasradioreflejos.com.ar\/2021\/?p=128657"},"modified":"2025-11-20T09:40:05","modified_gmt":"2025-11-20T12:40:05","slug":"20-de-noviembre-dia-de-la-soberania-nacional","status":"publish","type":"post","link":"https:\/\/www.noticiasradioreflejos.com.ar\/2021\/20-de-noviembre-dia-de-la-soberania-nacional\/","title":{"rendered":"20 de Noviembre: D\u00eda de la Soberan\u00eda Nacional"},"content":{"rendered":"<p>El Combate de la Vuelta de Obligado, un hito de la resistencia argentina ante las potencias imperiales&lt;<!--more--><\/p>\n<p data-path-to-node=\"5\">El 20 de noviembre de cada a\u00f1o, Argentina conmemora el <b>D\u00eda de la Soberan\u00eda Nacional<\/b> en recuerdo del <b>Combate de la Vuelta de Obligado<\/b>, librado en 1845. Este hecho trascendental, ocurrido en las costas del R\u00edo Paran\u00e1, es un s\u00edmbolo de la defensa de la independencia y la dignidad de la Patria frente a la agresi\u00f3n de las flotas anglo-francesas.<\/p>\n<h4><strong>Contexto Hist\u00f3rico de la \u00abGuerra del Paran\u00e1\u00bb<\/strong><\/h4>\n<p data-path-to-node=\"8\">La batalla se enmarca dentro de la denominada <b>Guerra del Paran\u00e1<\/b> (1845-1847), un conflicto que tuvo como eje la defensa de la soberan\u00eda sobre los r\u00edos interiores de Argentina. En ese momento, la Confederaci\u00f3n Argentina era gobernada por <b>Juan Manuel de Rosas<\/b>, quien ejerc\u00eda las Relaciones Exteriores del pa\u00eds. Rosas se negaba a permitir la libre navegaci\u00f3n de los r\u00edos Paran\u00e1 y Uruguay para buques de guerra y mercantes de potencias extranjeras sin previo permiso, defendiendo el principio de que los r\u00edos interiores eran de uso exclusivo nacional.<\/p>\n<p data-path-to-node=\"9\">Las flotas de <b>Gran Breta\u00f1a<\/b> y <b>Francia<\/b>, buscando abrir nuevas rutas comerciales y presionar al gobierno de Rosas, decidieron forzar su paso.<\/p>\n<h4><strong>La Batalla de Vuelta de Obligado (20 de Noviembre de 1845)<\/strong><\/h4>\n<p data-path-to-node=\"11\">El enfrentamiento tuvo lugar en un recodo estrat\u00e9gico del R\u00edo Paran\u00e1, conocido como la <b>Vuelta de Obligado<\/b>, en el actual partido de San Pedro (Provincia de Buenos Aires).<\/p>\n<ul data-path-to-node=\"12\">\n<li>\n<p data-path-to-node=\"12,0,0\"><b>La Estrategia Argentina:<\/b> Bajo la planificaci\u00f3n y el mando del General <b>Lucio Norberto Mansilla<\/b>, las fuerzas argentinas implementaron una estrategia audaz. Tendieron <b>tres gruesas cadenas<\/b> de costa a costa, sostenidas por 24 lanchones, para cerrar el paso a la flota invasora.<\/p>\n<\/li>\n<li>\n<h4 data-path-to-node=\"12,1,0\"><b>Las Fuerzas Enfrentadas:<\/b><\/h4>\n<ul data-path-to-node=\"12,1,1\">\n<li>\n<p data-path-to-node=\"12,1,1,0,0\"><b>Fuerzas Nacionales:<\/b> Contaban con una fuerza terrestre de artiller\u00eda de campa\u00f1a y pocos buques, equipados con armamento obsoleto y escasa munici\u00f3n.<\/p>\n<\/li>\n<li>\n<p data-path-to-node=\"12,1,1,1,0\"><b>Fuerzas Invasoras:<\/b> La <b>Flota Inglesa<\/b> estaba al mando del Almirante <b>Sir Thomas Inglefield<\/b> (mal citado en algunos registros como <i>Inglefield<\/i>, el comandante era <b>Charles Hotham<\/b>) y la <b>Flota Francesa<\/b> bajo el mando del Almirante <b>Lain\u00e9<\/b> (comandante del escuadr\u00f3n, aunque el principal referente naval franc\u00e9s era el <b>Pr\u00edncipe de Joinville<\/b>). Los buques enemigos, en contraste, eran <b>modernos barcos de guerra a vapor<\/b>, equipados con <b>ca\u00f1ones estriados de carga posterior<\/b> y una potencia de fuego infinitamente superior.<\/p>\n<\/li>\n<\/ul>\n<\/li>\n<\/ul>\n<p>&nbsp;<\/p>\n<p><strong>La Resistencia Heroica<\/strong><\/p>\n<p data-path-to-node=\"14\">A pesar de la abrumadora superioridad t\u00e9cnica de los invasores, los defensores argentinos \u2014civiles, soldados de caballer\u00eda convertidos en artilleros, y el <b>Regimiento N\u00ba 1 de Patricios<\/b>\u2014 lucharon con un coraje inquebrantable.<\/p>\n<p data-path-to-node=\"15\">El intenso <b>bombardeo<\/b> destroz\u00f3 las cadenas, las bater\u00edas terrestres y los buques de la defensa, pero los argentinos resistieron. El General Mansilla fue herido, al igual que otros jefes. Tras agotarse la munici\u00f3n, las tropas nacionales cargaron a <b>bayoneta<\/b> contra el desembarco enemigo, repitiendo los gritos de <b>\u00ab\u00a1Viva la Patria!\u00bb<\/b>. En el momento m\u00e1s \u00e1lgido del combate, la banda del Regimiento de Patricios, por orden de Mansilla, toc\u00f3 el <b>Himno Nacional Argentino<\/b>, que fue coreado con furia por los combatientes.<\/p>\n<p data-path-to-node=\"16\">\n<h4>El Significado de la Derrota: Una Victoria Pol\u00edtica<\/h4>\n<p>&nbsp;<\/p>\n<p data-path-to-node=\"17\">Aunque en t\u00e9rminos militares la batalla result\u00f3 en una derrota para la Confederaci\u00f3n (las flotas invasoras lograron pasar el obst\u00e1culo), el Combate de Obligado se convirti\u00f3 en una <b>gigantesca victoria pol\u00edtica y moral<\/b>.<\/p>\n<ul data-path-to-node=\"18\">\n<li>\n<p data-path-to-node=\"18,0,0\"><b>El Costo de la Invasi\u00f3n:<\/b> Las flotas sufrieron da\u00f1os significativos y demostraron que la libre navegaci\u00f3n forzada ser\u00eda extremadamente costosa en vidas y recursos.<\/p>\n<\/li>\n<li>\n<p data-path-to-node=\"18,1,0\"><b>Repercusi\u00f3n Internacional:<\/b> La heroica resistencia gener\u00f3 una fuerte admiraci\u00f3n y apoyo a la causa argentina en Europa, especialmente en pa\u00edses como el Reino de Prusia, que condenaron la intervenci\u00f3n.<\/p>\n<\/li>\n<li>\n<p data-path-to-node=\"18,2,0\"><b>El Tratado de Paz:<\/b> Como resultado de la presi\u00f3n internacional y los costos operativos de la campa\u00f1a, la intervenci\u00f3n anglo-francesa fracas\u00f3. Los tratados de paz posteriores (Tratado Arana-Southern y Arana-Lepredour, 1849 y 1850) reconocieron que <b>los r\u00edos de la Confederaci\u00f3n Argentina eran de su uso exclusivo<\/b>, reafirmando la soberan\u00eda defendida por Rosas.<\/p>\n<\/li>\n<\/ul>\n<h4>La Instituci\u00f3n de la Conmemoraci\u00f3n<\/h4>\n<p data-path-to-node=\"21\">La fecha fue instituida como <b>D\u00eda de la Soberan\u00eda Nacional<\/b> por ley, y su relevancia fue impulsada en gran medida por el historiador y fil\u00f3sofo <b>Jos\u00e9 Mar\u00eda Rosa<\/b>.<\/p>\n<p data-path-to-node=\"22\">Este 20 de noviembre, al cumplirse el <span class=\"math-inline\" data-math=\"180^\\text{vo}\">$180^\\text{vo}$<\/span> (o <span class=\"math-inline\" data-math=\"180^\\text{mo}\">$180^\\text{mo}$<\/span>) Aniversario de aquella gesta, los argentinos recuerdan el valor de aquellos que, con alma y vida, marcaron para siempre la dignidad de la Patria y el derecho innegociable a defender su territorio y sus recursos.<\/p>\n","protected":false},"excerpt":{"rendered":"<p>El Combate de la Vuelta de Obligado, un hito de la resistencia argentina ante las potencias imperiales&lt;<\/p>\n","protected":false},"author":3,"featured_media":109813,"comment_status":"closed","ping_status":"closed","sticky":false,"template":"","format":"standard","meta":{"footnotes":""},"categories":[35,26],"tags":[48],"class_list":["post-128657","post","type-post","status-publish","format-standard","has-post-thumbnail","hentry","category-cultura","category-sociedad","tag-destacada"],"yoast_head":"<!-- This site is optimized with the Yoast SEO plugin v25.9 - https:\/\/yoast.com\/wordpress\/plugins\/seo\/ -->\n<title>20 de Noviembre: D\u00eda de la Soberan\u00eda Nacional - Noticias Radio Reflejos<\/title>\n<meta name=\"robots\" content=\"index, follow, max-snippet:-1, max-image-preview:large, max-video-preview:-1\" \/>\n<link rel=\"canonical\" href=\"https:\/\/www.noticiasradioreflejos.com.ar\/2021\/20-de-noviembre-dia-de-la-soberania-nacional\/\" \/>\n<meta property=\"og:locale\" content=\"es_ES\" \/>\n<meta property=\"og:type\" content=\"article\" \/>\n<meta property=\"og:title\" content=\"20 de Noviembre: D\u00eda de la Soberan\u00eda Nacional - Noticias Radio Reflejos\" \/>\n<meta property=\"og:description\" content=\"El Combate de la Vuelta de Obligado, un hito de la resistencia argentina ante las potencias imperiales&lt;\" \/>\n<meta property=\"og:url\" content=\"https:\/\/www.noticiasradioreflejos.com.ar\/2021\/20-de-noviembre-dia-de-la-soberania-nacional\/\" \/>\n<meta property=\"og:site_name\" content=\"Noticias Radio Reflejos\" \/>\n<meta property=\"article:published_time\" content=\"2025-11-20T11:14:28+00:00\" \/>\n<meta property=\"article:modified_time\" content=\"2025-11-20T12:40:05+00:00\" \/>\n<meta property=\"og:image\" content=\"https:\/\/www.noticiasradioreflejos.com.ar\/2021\/wp-content\/uploads\/2024\/11\/soberania.jpg\" \/>\n\t<meta property=\"og:image:width\" content=\"1200\" \/>\n\t<meta property=\"og:image:height\" content=\"675\" \/>\n\t<meta property=\"og:image:type\" content=\"image\/jpeg\" \/>\n<meta name=\"author\" content=\"Arnaldo Botto\" \/>\n<meta name=\"twitter:card\" content=\"summary_large_image\" \/>\n<script type=\"application\/ld+json\" class=\"yoast-schema-graph\">{\"@context\":\"https:\/\/schema.org\",\"@graph\":[{\"@type\":\"WebPage\",\"@id\":\"https:\/\/www.noticiasradioreflejos.com.ar\/2021\/20-de-noviembre-dia-de-la-soberania-nacional\/\",\"url\":\"https:\/\/www.noticiasradioreflejos.com.ar\/2021\/20-de-noviembre-dia-de-la-soberania-nacional\/\",\"name\":\"20 de Noviembre: D\u00eda de la Soberan\u00eda Nacional - Noticias Radio Reflejos\",\"isPartOf\":{\"@id\":\"https:\/\/www.noticiasradioreflejos.com.ar\/2021\/#website\"},\"primaryImageOfPage\":{\"@id\":\"https:\/\/www.noticiasradioreflejos.com.ar\/2021\/20-de-noviembre-dia-de-la-soberania-nacional\/#primaryimage\"},\"image\":{\"@id\":\"https:\/\/www.noticiasradioreflejos.com.ar\/2021\/20-de-noviembre-dia-de-la-soberania-nacional\/#primaryimage\"},\"thumbnailUrl\":\"https:\/\/www.noticiasradioreflejos.com.ar\/2021\/wp-content\/uploads\/2024\/11\/soberania.jpg\",\"datePublished\":\"2025-11-20T11:14:28+00:00\",\"dateModified\":\"2025-11-20T12:40:05+00:00\",\"author\":{\"@id\":\"https:\/\/www.noticiasradioreflejos.com.ar\/2021\/#\/schema\/person\/ad82545263dcc5ec0996818884fd5fb1\"},\"breadcrumb\":{\"@id\":\"https:\/\/www.noticiasradioreflejos.com.ar\/2021\/20-de-noviembre-dia-de-la-soberania-nacional\/#breadcrumb\"},\"inLanguage\":\"es\",\"potentialAction\":[{\"@type\":\"ReadAction\",\"target\":[\"https:\/\/www.noticiasradioreflejos.com.ar\/2021\/20-de-noviembre-dia-de-la-soberania-nacional\/\"]}]},{\"@type\":\"ImageObject\",\"inLanguage\":\"es\",\"@id\":\"https:\/\/www.noticiasradioreflejos.com.ar\/2021\/20-de-noviembre-dia-de-la-soberania-nacional\/#primaryimage\",\"url\":\"https:\/\/www.noticiasradioreflejos.com.ar\/2021\/wp-content\/uploads\/2024\/11\/soberania.jpg\",\"contentUrl\":\"https:\/\/www.noticiasradioreflejos.com.ar\/2021\/wp-content\/uploads\/2024\/11\/soberania.jpg\",\"width\":1200,\"height\":675},{\"@type\":\"BreadcrumbList\",\"@id\":\"https:\/\/www.noticiasradioreflejos.com.ar\/2021\/20-de-noviembre-dia-de-la-soberania-nacional\/#breadcrumb\",\"itemListElement\":[{\"@type\":\"ListItem\",\"position\":1,\"name\":\"Portada\",\"item\":\"https:\/\/www.noticiasradioreflejos.com.ar\/2021\/\"},{\"@type\":\"ListItem\",\"position\":2,\"name\":\"20 de Noviembre: D\u00eda de la Soberan\u00eda Nacional\"}]},{\"@type\":\"WebSite\",\"@id\":\"https:\/\/www.noticiasradioreflejos.com.ar\/2021\/#website\",\"url\":\"https:\/\/www.noticiasradioreflejos.com.ar\/2021\/\",\"name\":\"Noticias Radio Reflejos\",\"description\":\"Las noticias de mi comarca\",\"potentialAction\":[{\"@type\":\"SearchAction\",\"target\":{\"@type\":\"EntryPoint\",\"urlTemplate\":\"https:\/\/www.noticiasradioreflejos.com.ar\/2021\/?s={search_term_string}\"},\"query-input\":{\"@type\":\"PropertyValueSpecification\",\"valueRequired\":true,\"valueName\":\"search_term_string\"}}],\"inLanguage\":\"es\"},{\"@type\":\"Person\",\"@id\":\"https:\/\/www.noticiasradioreflejos.com.ar\/2021\/#\/schema\/person\/ad82545263dcc5ec0996818884fd5fb1\",\"name\":\"Arnaldo Botto\",\"image\":{\"@type\":\"ImageObject\",\"inLanguage\":\"es\",\"@id\":\"https:\/\/www.noticiasradioreflejos.com.ar\/2021\/#\/schema\/person\/image\/\",\"url\":\"https:\/\/secure.gravatar.com\/avatar\/55cb5e37c1efa326397366e6974cb338056df65cb50e7d64d1cf314e87504837?s=96&d=mm&r=g\",\"contentUrl\":\"https:\/\/secure.gravatar.com\/avatar\/55cb5e37c1efa326397366e6974cb338056df65cb50e7d64d1cf314e87504837?s=96&d=mm&r=g\",\"caption\":\"Arnaldo Botto\"},\"url\":\"https:\/\/www.noticiasradioreflejos.com.ar\/2021\/author\/arnaldo\/\"}]}<\/script>\n<!-- \/ Yoast SEO plugin. -->","yoast_head_json":{"title":"20 de Noviembre: D\u00eda de la Soberan\u00eda Nacional - Noticias Radio Reflejos","robots":{"index":"index","follow":"follow","max-snippet":"max-snippet:-1","max-image-preview":"max-image-preview:large","max-video-preview":"max-video-preview:-1"},"canonical":"https:\/\/www.noticiasradioreflejos.com.ar\/2021\/20-de-noviembre-dia-de-la-soberania-nacional\/","og_locale":"es_ES","og_type":"article","og_title":"20 de Noviembre: D\u00eda de la Soberan\u00eda Nacional - Noticias Radio Reflejos","og_description":"El Combate de la Vuelta de Obligado, un hito de la resistencia argentina ante las potencias imperiales&lt;","og_url":"https:\/\/www.noticiasradioreflejos.com.ar\/2021\/20-de-noviembre-dia-de-la-soberania-nacional\/","og_site_name":"Noticias Radio Reflejos","article_published_time":"2025-11-20T11:14:28+00:00","article_modified_time":"2025-11-20T12:40:05+00:00","og_image":[{"width":1200,"height":675,"url":"https:\/\/www.noticiasradioreflejos.com.ar\/2021\/wp-content\/uploads\/2024\/11\/soberania.jpg","type":"image\/jpeg"}],"author":"Arnaldo Botto","twitter_card":"summary_large_image","schema":{"@context":"https:\/\/schema.org","@graph":[{"@type":"WebPage","@id":"https:\/\/www.noticiasradioreflejos.com.ar\/2021\/20-de-noviembre-dia-de-la-soberania-nacional\/","url":"https:\/\/www.noticiasradioreflejos.com.ar\/2021\/20-de-noviembre-dia-de-la-soberania-nacional\/","name":"20 de Noviembre: D\u00eda de la Soberan\u00eda Nacional - Noticias Radio Reflejos","isPartOf":{"@id":"https:\/\/www.noticiasradioreflejos.com.ar\/2021\/#website"},"primaryImageOfPage":{"@id":"https:\/\/www.noticiasradioreflejos.com.ar\/2021\/20-de-noviembre-dia-de-la-soberania-nacional\/#primaryimage"},"image":{"@id":"https:\/\/www.noticiasradioreflejos.com.ar\/2021\/20-de-noviembre-dia-de-la-soberania-nacional\/#primaryimage"},"thumbnailUrl":"https:\/\/www.noticiasradioreflejos.com.ar\/2021\/wp-content\/uploads\/2024\/11\/soberania.jpg","datePublished":"2025-11-20T11:14:28+00:00","dateModified":"2025-11-20T12:40:05+00:00","author":{"@id":"https:\/\/www.noticiasradioreflejos.com.ar\/2021\/#\/schema\/person\/ad82545263dcc5ec0996818884fd5fb1"},"breadcrumb":{"@id":"https:\/\/www.noticiasradioreflejos.com.ar\/2021\/20-de-noviembre-dia-de-la-soberania-nacional\/#breadcrumb"},"inLanguage":"es","potentialAction":[{"@type":"ReadAction","target":["https:\/\/www.noticiasradioreflejos.com.ar\/2021\/20-de-noviembre-dia-de-la-soberania-nacional\/"]}]},{"@type":"ImageObject","inLanguage":"es","@id":"https:\/\/www.noticiasradioreflejos.com.ar\/2021\/20-de-noviembre-dia-de-la-soberania-nacional\/#primaryimage","url":"https:\/\/www.noticiasradioreflejos.com.ar\/2021\/wp-content\/uploads\/2024\/11\/soberania.jpg","contentUrl":"https:\/\/www.noticiasradioreflejos.com.ar\/2021\/wp-content\/uploads\/2024\/11\/soberania.jpg","width":1200,"height":675},{"@type":"BreadcrumbList","@id":"https:\/\/www.noticiasradioreflejos.com.ar\/2021\/20-de-noviembre-dia-de-la-soberania-nacional\/#breadcrumb","itemListElement":[{"@type":"ListItem","position":1,"name":"Portada","item":"https:\/\/www.noticiasradioreflejos.com.ar\/2021\/"},{"@type":"ListItem","position":2,"name":"20 de Noviembre: D\u00eda de la Soberan\u00eda Nacional"}]},{"@type":"WebSite","@id":"https:\/\/www.noticiasradioreflejos.com.ar\/2021\/#website","url":"https:\/\/www.noticiasradioreflejos.com.ar\/2021\/","name":"Noticias Radio Reflejos","description":"Las noticias de mi comarca","potentialAction":[{"@type":"SearchAction","target":{"@type":"EntryPoint","urlTemplate":"https:\/\/www.noticiasradioreflejos.com.ar\/2021\/?s={search_term_string}"},"query-input":{"@type":"PropertyValueSpecification","valueRequired":true,"valueName":"search_term_string"}}],"inLanguage":"es"},{"@type":"Person","@id":"https:\/\/www.noticiasradioreflejos.com.ar\/2021\/#\/schema\/person\/ad82545263dcc5ec0996818884fd5fb1","name":"Arnaldo Botto","image":{"@type":"ImageObject","inLanguage":"es","@id":"https:\/\/www.noticiasradioreflejos.com.ar\/2021\/#\/schema\/person\/image\/","url":"https:\/\/secure.gravatar.com\/avatar\/55cb5e37c1efa326397366e6974cb338056df65cb50e7d64d1cf314e87504837?s=96&d=mm&r=g","contentUrl":"https:\/\/secure.gravatar.com\/avatar\/55cb5e37c1efa326397366e6974cb338056df65cb50e7d64d1cf314e87504837?s=96&d=mm&r=g","caption":"Arnaldo Botto"},"url":"https:\/\/www.noticiasradioreflejos.com.ar\/2021\/author\/arnaldo\/"}]}},"_links":{"self":[{"href":"https:\/\/www.noticiasradioreflejos.com.ar\/2021\/wp-json\/wp\/v2\/posts\/128657","targetHints":{"allow":["GET"]}}],"collection":[{"href":"https:\/\/www.noticiasradioreflejos.com.ar\/2021\/wp-json\/wp\/v2\/posts"}],"about":[{"href":"https:\/\/www.noticiasradioreflejos.com.ar\/2021\/wp-json\/wp\/v2\/types\/post"}],"author":[{"embeddable":true,"href":"https:\/\/www.noticiasradioreflejos.com.ar\/2021\/wp-json\/wp\/v2\/users\/3"}],"replies":[{"embeddable":true,"href":"https:\/\/www.noticiasradioreflejos.com.ar\/2021\/wp-json\/wp\/v2\/comments?post=128657"}],"version-history":[{"count":3,"href":"https:\/\/www.noticiasradioreflejos.com.ar\/2021\/wp-json\/wp\/v2\/posts\/128657\/revisions"}],"predecessor-version":[{"id":128659,"href":"https:\/\/www.noticiasradioreflejos.com.ar\/2021\/wp-json\/wp\/v2\/posts\/128657\/revisions\/128659"}],"wp:featuredmedia":[{"embeddable":true,"href":"https:\/\/www.noticiasradioreflejos.com.ar\/2021\/wp-json\/wp\/v2\/media\/109813"}],"wp:attachment":[{"href":"https:\/\/www.noticiasradioreflejos.com.ar\/2021\/wp-json\/wp\/v2\/media?parent=128657"}],"wp:term":[{"taxonomy":"category","embeddable":true,"href":"https:\/\/www.noticiasradioreflejos.com.ar\/2021\/wp-json\/wp\/v2\/categories?post=128657"},{"taxonomy":"post_tag","embeddable":true,"href":"https:\/\/www.noticiasradioreflejos.com.ar\/2021\/wp-json\/wp\/v2\/tags?post=128657"}],"curies":[{"name":"wp","href":"https:\/\/api.w.org\/{rel}","templated":true}]}}