{"id":128653,"date":"2025-11-20T07:46:44","date_gmt":"2025-11-20T10:46:44","guid":{"rendered":"https:\/\/www.noticiasradioreflejos.com.ar\/2021\/?p=128653"},"modified":"2025-11-20T07:46:44","modified_gmt":"2025-11-20T10:46:44","slug":"la-nasa-publica-imagenes-de-3i-atlas-desde-marte-y-corta-de-raiz-los-rumores-es-un-cometa-y-no-es-un-peligro","status":"publish","type":"post","link":"https:\/\/www.noticiasradioreflejos.com.ar\/2021\/la-nasa-publica-imagenes-de-3i-atlas-desde-marte-y-corta-de-raiz-los-rumores-es-un-cometa-y-no-es-un-peligro\/","title":{"rendered":"La NASA publica im\u00e1genes de 3I\/ATLAS desde Marte y corta de ra\u00edz los rumores: \u201cEs un cometa y no es un peligro\u201d"},"content":{"rendered":"<p>La agencia pone fin a las especulaciones sobre la posibilidad de que sea una nave extraterrestre y reconoce que desea fervientemente encontrar se\u00f1ales de vida en el universo. \u201cPero 3I\/ATLAS es un cometa\u201d, subrayan.<!--more--><\/p>\n<p>La NASA hizo p\u00fablicas este mi\u00e9rcoles\u00a0<a class=\"link\" href=\"https:\/\/science.nasa.gov\/solar-system\/view-interstellar-comet-3i-atlas-through-nasas-multiple-lenses\/\" target=\"_blank\" rel=\"noopener\" data-mrf-recirculation=\"links-noticia\" data-mrf-link=\"https:\/\/science.nasa.gov\/solar-system\/view-interstellar-comet-3i-atlas-through-nasas-multiple-lenses\/\">las im\u00e1genes<\/a>\u00a0del cometa interestelar 3I\/ATLAS y todos los datos recopilados por la sonda\u00a0<a class=\"link\" href=\"https:\/\/science.nasa.gov\/mission\/mars-reconnaissance-orbiter\/\" target=\"_blank\" rel=\"noopener\" data-mrf-recirculation=\"links-noticia\" data-mrf-link=\"https:\/\/science.nasa.gov\/mission\/mars-reconnaissance-orbiter\/\">Mars Reconnaissance Orbiter<\/a> (MRO) durante su aproximaci\u00f3n a Marte a principios de octubre. Tambi\u00e9n quiso cortar de ra\u00edz los rumores de que se trata de una nave alien\u00edgena o un peligro para la Tierra.<\/p>\n<p class=\"article-text\">\u201cMe gustar\u00eda abordar los rumores desde el principio\u201d, dijo Amit Kshatriya, administrador asociado de la NASA. \u201cEste objeto es un cometa. Se ve y se comporta como un cometa y toda la evidencia apunta a que es un cometa. Pero este vino de fuera del sistema solar, lo que lo hace fascinante, emocionante y cient\u00edficamente muy importante\u201d.\u00a0Kshatriya insisti\u00f3 en que la NASA desea fervientemente encontrar se\u00f1ales de vida en el universo. \u201cPodr\u00eda ser un descubrimiento asombroso si logramos confirmarlo. Pero 3I\/ATLAS es un cometa\u201d.<\/p>\n<p>&nbsp;<\/p>\n<figure><picture class=\"news-image\"><source srcset=\"https:\/\/static.eldiario.es\/clip\/49fa8ae9-6377-4e15-8ec9-1d3469061a29_source-aspect-ratio_50p_0.webp\" type=\"image\/webp\" media=\"(max-width: 576px)\" \/><source srcset=\"https:\/\/static.eldiario.es\/clip\/49fa8ae9-6377-4e15-8ec9-1d3469061a29_source-aspect-ratio_50p_0.jpg\" type=\"image\/jpg\" media=\"(max-width: 576px)\" \/><source srcset=\"https:\/\/static.eldiario.es\/clip\/49fa8ae9-6377-4e15-8ec9-1d3469061a29_source-aspect-ratio_75p_0.webp\" type=\"image\/webp\" media=\"(max-width: 767px)\" \/><source srcset=\"https:\/\/static.eldiario.es\/clip\/49fa8ae9-6377-4e15-8ec9-1d3469061a29_source-aspect-ratio_75p_0.jpg\" type=\"image\/jpg\" media=\"(max-width: 767px)\" \/><source srcset=\"https:\/\/static.eldiario.es\/clip\/49fa8ae9-6377-4e15-8ec9-1d3469061a29_source-aspect-ratio_default_0.webp\" type=\"image\/webp\" media=\"(min-width: 768px)\" \/><source srcset=\"https:\/\/static.eldiario.es\/clip\/49fa8ae9-6377-4e15-8ec9-1d3469061a29_source-aspect-ratio_default_0.jpg\" type=\"image\/jpg\" media=\"(min-width: 768px)\" \/><source srcset=\"https:\/\/static.eldiario.es\/clip\/49fa8ae9-6377-4e15-8ec9-1d3469061a29_source-aspect-ratio_default_0.webp\" type=\"image\/webp\" \/><img decoding=\"async\" class=\"lazy entered loaded\" src=\"https:\/\/static.eldiario.es\/clip\/49fa8ae9-6377-4e15-8ec9-1d3469061a29_source-aspect-ratio_default_0.jpg\" alt=\"Una imagen compuesta ultravioleta de los \u00e1tomos de hidr\u00f3geno que rodean al cometa tomada por MAVEN.\" data-src=\"https:\/\/static.eldiario.es\/clip\/49fa8ae9-6377-4e15-8ec9-1d3469061a29_source-aspect-ratio_default_0.jpg\" data-ll-status=\"loaded\" \/><\/picture><figcaption class=\"image-footer\"><em><span class=\"title\">Una imagen compuesta ultravioleta de los \u00e1tomos de hidr\u00f3geno que rodean al cometa tomada por MAVEN.\u00a0<span class=\"author\">NASA\/Goddard\/LASP\/CU Boulder<\/span><\/span><\/em><\/figcaption><\/figure>\n<p>&nbsp;<\/p>\n<p class=\"article-text\">La sonda Mars Reconnaissance Orbiter (MRO) capt\u00f3 una de las im\u00e1genes m\u00e1s cercanas del cometa, mientras que la sonda MAVEN (Mars Atmosphere and Volatile Evolution) obtuvo im\u00e1genes ultravioleta que ayudar\u00e1n a los cient\u00edficos a comprender su composici\u00f3n. Entretanto, el rover Perseverance capt\u00f3 una tenue imagen desde la superficie de Marte.<\/p>\n<h2 class=\"article-text\">Un retraso justificado<\/h2>\n<p class=\"article-text\">El retraso en la publicaci\u00f3n, que llev\u00f3 al controvertido y fantasioso astrof\u00edsico de Harvard\u00a0<a class=\"link\" href=\"https:\/\/es.wikipedia.org\/wiki\/Abraham_Loeb\" target=\"_blank\" rel=\"noopener\" data-mrf-recirculation=\"links-noticia\" data-mrf-link=\"https:\/\/es.wikipedia.org\/wiki\/Abraham_Loeb\">Avi Loeb<\/a>\u00a0a acusar a la NASA de retener las im\u00e1genes, no se debi\u00f3 a motivos ocultos, sino al cierre del gobierno estadounidense entre el 1 de octubre y el 13 de noviembre.<\/p>\n<p class=\"article-text\">El cometa 3I\/ATLAS fue descubierto el 1 de julio y es el tercer objeto identificado que ingresa a nuestro sistema solar desde otra parte de la galaxia. Tambi\u00e9n result\u00f3 ser el m\u00e1s grande y\u00a0de mayor velocidad hasta la fecha\u00a0y se sospecha que podr\u00eda ser el m\u00e1s antiguo.<\/p>\n<figure><picture class=\"news-image\"><source srcset=\"https:\/\/static.eldiario.es\/clip\/67e147d7-ef92-4e4a-b08f-2e4f541ade5b_16-9-aspect-ratio_50p_1130813.webp\" type=\"image\/webp\" media=\"(max-width: 576px)\" \/><source srcset=\"https:\/\/static.eldiario.es\/clip\/67e147d7-ef92-4e4a-b08f-2e4f541ade5b_16-9-aspect-ratio_50p_1130813.jpg\" type=\"image\/jpg\" media=\"(max-width: 576px)\" \/><source srcset=\"https:\/\/static.eldiario.es\/clip\/67e147d7-ef92-4e4a-b08f-2e4f541ade5b_16-9-aspect-ratio_75p_1130813.webp\" type=\"image\/webp\" media=\"(max-width: 767px)\" \/><source srcset=\"https:\/\/static.eldiario.es\/clip\/67e147d7-ef92-4e4a-b08f-2e4f541ade5b_16-9-aspect-ratio_75p_1130813.jpg\" type=\"image\/jpg\" media=\"(max-width: 767px)\" \/><source srcset=\"https:\/\/static.eldiario.es\/clip\/67e147d7-ef92-4e4a-b08f-2e4f541ade5b_16-9-aspect-ratio_default_1130813.webp\" type=\"image\/webp\" media=\"(min-width: 768px)\" \/><source srcset=\"https:\/\/static.eldiario.es\/clip\/67e147d7-ef92-4e4a-b08f-2e4f541ade5b_16-9-aspect-ratio_default_1130813.jpg\" type=\"image\/jpg\" media=\"(min-width: 768px)\" \/><source srcset=\"https:\/\/static.eldiario.es\/clip\/67e147d7-ef92-4e4a-b08f-2e4f541ade5b_16-9-aspect-ratio_default_1130813.webp\" type=\"image\/webp\" \/><img decoding=\"async\" class=\"lazy entered loaded\" src=\"https:\/\/static.eldiario.es\/clip\/67e147d7-ef92-4e4a-b08f-2e4f541ade5b_16-9-aspect-ratio_default_1130813.jpg\" alt=\"Una tenue imagen del cometa 3I\/ATLAS observada por la misi\u00f3n SOHO de la ESA\/NASA entre el 15 y el 16 de octubre de 2025.\" data-src=\"https:\/\/static.eldiario.es\/clip\/67e147d7-ef92-4e4a-b08f-2e4f541ade5b_16-9-aspect-ratio_default_1130813.jpg\" data-ll-status=\"loaded\" \/><\/picture><figcaption class=\"image-footer\"><em><span class=\"title\">Una tenue imagen del cometa 3I\/ATLAS observada por la misi\u00f3n SOHO de la ESA\/NASA entre el 15 y el 16 de octubre de 2025.\u00a0<span class=\"author\">Observatorio Lowell\/Qicheng Zhang<\/span><\/span><\/em><\/figcaption><\/figure>\n<p>&nbsp;<\/p>\n<p class=\"article-text\">A principios de octubre, la Agencia Espacial Europea (ESA) hizo p\u00fablicas las\u00a0<a class=\"link\" href=\"https:\/\/www.eldiario.es\/sociedad\/nuevas-fotografias-cometa-interestelar-3i-atlas-paso-marte-camino-sol_1_12669414.html\" target=\"_blank\" rel=\"noopener\" data-mrf-recirculation=\"links-noticia\" data-mrf-link=\"https:\/\/www.eldiario.es\/sociedad\/nuevas-fotografias-cometa-interestelar-3i-atlas-paso-marte-camino-sol_1_12669414.html\">im\u00e1genes del cometa obtenidas por sus sondas en Marte<\/a>, el Orbitador de Gases Traza\u00a0<a class=\"link\" href=\"https:\/\/www.esa.int\/Science_Exploration\/Human_and_Robotic_Exploration\/Exploration\/ExoMars\" target=\"_blank\" rel=\"noopener\" data-mrf-recirculation=\"links-noticia\" data-mrf-link=\"https:\/\/www.esa.int\/Science_Exploration\/Human_and_Robotic_Exploration\/Exploration\/ExoMars\">ExoMars<\/a>\u00a0(TGO) y la nave espacial\u00a0<a class=\"link\" href=\"https:\/\/www.esa.int\/Science_Exploration\/Space_Science\/Mars_Express\" target=\"_blank\" rel=\"noopener\" data-mrf-recirculation=\"links-noticia\" data-mrf-link=\"https:\/\/www.esa.int\/Science_Exploration\/Space_Science\/Mars_Express\">Mars Express<\/a>. En ellas el cometa se observa como un punto blanco ligeramente difuso, compuesto por su n\u00facleo rocoso y helado y la coma circundante.<\/p>\n<h2 class=\"article-text\">Muy lejos de la Tierra<\/h2>\n<p class=\"article-text\">El cometa interestelar pas\u00f3 a principios de octubre a tan solo 30 millones de kil\u00f3metros (19 millones de millas) de Marte y a finales de mes alcanz\u00f3 el punto m\u00e1s cercano al sol (perihelio). Presumiblemente la cercan\u00eda a nuestra estrella lo har\u00e1 m\u00e1s visible, pero no ser\u00e1 hasta principios de diciembre cuando reaparezca y podamos detectarlo con los telescopios terrestres. El objeto no representa ninguna amenaza para la Tierra y no se acercar\u00e1 a menos de 274 millones de kil\u00f3metros (170 millones de millas) de nuestro planeta.<\/p>\n<blockquote class=\"quote\">\n<div class=\"quote-wrapper\">\n<div class=\"first-quote\"><\/div>\n<p class=\"quote-text\">Por supuesto, la Oficina de Coordinaci\u00f3n de Defensa Planetaria de la NASA confirm\u00f3 que Atlas no representa ning\u00fan peligro para la Tierra<\/p>\n<div class=\"quote-author\"><span class=\"name\">Nicky Fox<\/span>\u00a0\u2014\u00a0Administradora asociada, Direcci\u00f3n de Misiones Cient\u00edficas<\/div>\n<\/div>\n<\/blockquote>\n<p class=\"article-text\">\u201cNuestros telescopios vigilan constantemente el cielo para protegernos y, al hacerlo, ocasionalmente realizan importantes descubrimientos cient\u00edficos como este\u201d, asegura Nicky Fox, administradora asociada, Direcci\u00f3n de Misiones Cient\u00edficas. \u201cPor supuesto, la Oficina de Coordinaci\u00f3n de Defensa Planetaria de la NASA confirm\u00f3 que Atlas no representa ning\u00fan peligro para la Tierra\u201d.<\/p>\n<div id=\"container-after-news-outlook\"><\/div>\n<h2 class=\"article-text\">Ocasi\u00f3n para aprender m\u00e1s<\/h2>\n<p class=\"article-text\"><a class=\"link\" href=\"https:\/\/home.iaa.csic.es\/cienciasplanetarias\/iac_ssolar.html\" target=\"_blank\" rel=\"noopener\" data-mrf-recirculation=\"links-noticia\" data-mrf-link=\"https:\/\/home.iaa.csic.es\/cienciasplanetarias\/iac_ssolar.html\">Javier Licandro<\/a>, astrof\u00edsico del IAC, cree que ser\u00e1n las observaciones a finales de noviembre o inicios de diciembre las que nos van a permitir caracterizar completamente la actividad del cometa: cu\u00e1nto gas y polvo emite, c\u00f3mo var\u00eda esa emisi\u00f3n con la distancia al Sol, o qu\u00e9 otros gases nos encontramos en la coma. \u201cComo todo cometa, nos puede sorprender con un aumento s\u00fabito de la actividad (<em>outburst<\/em>), pero no apostar\u00eda demasiado por ello\u201d, explica. En diciembre saldremos de dudas, y despu\u00e9s se ir\u00e1 alejando y haci\u00e9ndose cada vez m\u00e1s d\u00e9bil durante los meses siguientes.<\/p>\n<p class=\"article-text\">Despu\u00e9s, se volver\u00e1 a perder de vista y ser\u00e1n las sondas de la ESA\u00a0de camino a J\u00fapiter,\u00a0<a class=\"link\" href=\"https:\/\/www.eldiario.es\/andalucia\/la-cuadratura-del-circulo\/juice-explorando-jupiter-lunas-la-mision-juice-jupiter-icy-moons-explorer-de-la-agencia-espacial-europea-esa-tiene-previsto-su-lanzamiento-en-el-mes-de-abril-y-tardara-unos-ocho-anos-en-alcanzar-el-gigante-gaseoso-heladas_132_10077169.html\" target=\"_blank\" rel=\"noopener\" data-mrf-recirculation=\"links-noticia\" data-mrf-link=\"https:\/\/www.eldiario.es\/andalucia\/la-cuadratura-del-circulo\/juice-explorando-jupiter-lunas-la-mision-juice-jupiter-icy-moons-explorer-de-la-agencia-espacial-europea-esa-tiene-previsto-su-lanzamiento-en-el-mes-de-abril-y-tardara-unos-ocho-anos-en-alcanzar-el-gigante-gaseoso-heladas_132_10077169.html\">como JUICE<\/a>, las que se activen para seguir a 3I\/ATLAS mientras se aleja de nuestro sistema solar para siempre. \u201cLo bueno de 3I\/Atlas es que lo detectamos cuando estaba lejos del Sol y su actividad era muy poca, lo que nos permite estudiar su n\u00facleo y despu\u00e9s hacer un seguimiento temporal de su comportamiento a medida que se activa\u201d, observa\u00a0<a class=\"link\" href=\"https:\/\/www.eldiario.es\/sociedad\/julia-leon-astrofisica-si-viene-meteorito-diez-kilometros-perdidos_128_12074521.html\" target=\"_blank\" rel=\"noopener\" data-mrf-recirculation=\"links-noticia\" data-mrf-link=\"https:\/\/www.eldiario.es\/sociedad\/julia-leon-astrofisica-si-viene-meteorito-diez-kilometros-perdidos_128_12074521.html\">Julia de Le\u00f3n<\/a>, astrof\u00edsica del Instituto de Astrof\u00edsica de Canarias (IAC). \u201cEsto nos va a permitir una caracterizaci\u00f3n m\u00e1s completa\u201d.<\/p>\n<p>&nbsp;<\/p>\n<p>&nbsp;<\/p>\n<p><strong>Antonio Mart\u00ednez Ron &#8211; elDiarioAR<\/strong><\/p>\n","protected":false},"excerpt":{"rendered":"<p>La agencia pone fin a las especulaciones sobre la posibilidad de que sea una nave extraterrestre y reconoce que desea fervientemente encontrar se\u00f1ales de vida en el universo. \u201cPero 3I\/ATLAS es un cometa\u201d, subrayan.<\/p>\n","protected":false},"author":3,"featured_media":128654,"comment_status":"closed","ping_status":"closed","sticky":false,"template":"","format":"standard","meta":{"footnotes":""},"categories":[46],"tags":[],"class_list":["post-128653","post","type-post","status-publish","format-standard","has-post-thumbnail","hentry","category-ciencia-y-tecnologia"],"yoast_head":"<!-- This site is optimized with the Yoast SEO plugin v25.9 - https:\/\/yoast.com\/wordpress\/plugins\/seo\/ -->\n<title>La NASA publica im\u00e1genes de 3I\/ATLAS desde Marte y corta de ra\u00edz los rumores: \u201cEs un cometa y no es un peligro\u201d - Noticias Radio Reflejos<\/title>\n<meta name=\"robots\" content=\"index, follow, max-snippet:-1, max-image-preview:large, max-video-preview:-1\" \/>\n<link rel=\"canonical\" href=\"https:\/\/www.noticiasradioreflejos.com.ar\/2021\/la-nasa-publica-imagenes-de-3i-atlas-desde-marte-y-corta-de-raiz-los-rumores-es-un-cometa-y-no-es-un-peligro\/\" \/>\n<meta property=\"og:locale\" content=\"es_ES\" \/>\n<meta property=\"og:type\" content=\"article\" \/>\n<meta property=\"og:title\" content=\"La NASA publica im\u00e1genes de 3I\/ATLAS desde Marte y corta de ra\u00edz los rumores: \u201cEs un cometa y no es un peligro\u201d - Noticias Radio Reflejos\" \/>\n<meta property=\"og:description\" content=\"La agencia pone fin a las especulaciones sobre la posibilidad de que sea una nave extraterrestre y reconoce que desea fervientemente encontrar se\u00f1ales de vida en el universo. \u201cPero 3I\/ATLAS es un cometa\u201d, subrayan.\" \/>\n<meta property=\"og:url\" content=\"https:\/\/www.noticiasradioreflejos.com.ar\/2021\/la-nasa-publica-imagenes-de-3i-atlas-desde-marte-y-corta-de-raiz-los-rumores-es-un-cometa-y-no-es-un-peligro\/\" \/>\n<meta property=\"og:site_name\" content=\"Noticias Radio Reflejos\" \/>\n<meta property=\"article:published_time\" content=\"2025-11-20T10:46:44+00:00\" \/>\n<meta property=\"og:image\" content=\"https:\/\/www.noticiasradioreflejos.com.ar\/2021\/wp-content\/uploads\/2025\/11\/atlas.webp\" \/>\n\t<meta property=\"og:image:width\" content=\"1200\" \/>\n\t<meta property=\"og:image:height\" content=\"675\" \/>\n\t<meta property=\"og:image:type\" content=\"image\/webp\" \/>\n<meta name=\"author\" content=\"Arnaldo Botto\" \/>\n<meta name=\"twitter:card\" content=\"summary_large_image\" \/>\n<script type=\"application\/ld+json\" class=\"yoast-schema-graph\">{\"@context\":\"https:\/\/schema.org\",\"@graph\":[{\"@type\":\"WebPage\",\"@id\":\"https:\/\/www.noticiasradioreflejos.com.ar\/2021\/la-nasa-publica-imagenes-de-3i-atlas-desde-marte-y-corta-de-raiz-los-rumores-es-un-cometa-y-no-es-un-peligro\/\",\"url\":\"https:\/\/www.noticiasradioreflejos.com.ar\/2021\/la-nasa-publica-imagenes-de-3i-atlas-desde-marte-y-corta-de-raiz-los-rumores-es-un-cometa-y-no-es-un-peligro\/\",\"name\":\"La NASA publica im\u00e1genes de 3I\/ATLAS desde Marte y corta de ra\u00edz los rumores: \u201cEs un cometa y no es un peligro\u201d - Noticias Radio Reflejos\",\"isPartOf\":{\"@id\":\"https:\/\/www.noticiasradioreflejos.com.ar\/2021\/#website\"},\"primaryImageOfPage\":{\"@id\":\"https:\/\/www.noticiasradioreflejos.com.ar\/2021\/la-nasa-publica-imagenes-de-3i-atlas-desde-marte-y-corta-de-raiz-los-rumores-es-un-cometa-y-no-es-un-peligro\/#primaryimage\"},\"image\":{\"@id\":\"https:\/\/www.noticiasradioreflejos.com.ar\/2021\/la-nasa-publica-imagenes-de-3i-atlas-desde-marte-y-corta-de-raiz-los-rumores-es-un-cometa-y-no-es-un-peligro\/#primaryimage\"},\"thumbnailUrl\":\"https:\/\/www.noticiasradioreflejos.com.ar\/2021\/wp-content\/uploads\/2025\/11\/atlas.webp\",\"datePublished\":\"2025-11-20T10:46:44+00:00\",\"author\":{\"@id\":\"https:\/\/www.noticiasradioreflejos.com.ar\/2021\/#\/schema\/person\/ad82545263dcc5ec0996818884fd5fb1\"},\"breadcrumb\":{\"@id\":\"https:\/\/www.noticiasradioreflejos.com.ar\/2021\/la-nasa-publica-imagenes-de-3i-atlas-desde-marte-y-corta-de-raiz-los-rumores-es-un-cometa-y-no-es-un-peligro\/#breadcrumb\"},\"inLanguage\":\"es\",\"potentialAction\":[{\"@type\":\"ReadAction\",\"target\":[\"https:\/\/www.noticiasradioreflejos.com.ar\/2021\/la-nasa-publica-imagenes-de-3i-atlas-desde-marte-y-corta-de-raiz-los-rumores-es-un-cometa-y-no-es-un-peligro\/\"]}]},{\"@type\":\"ImageObject\",\"inLanguage\":\"es\",\"@id\":\"https:\/\/www.noticiasradioreflejos.com.ar\/2021\/la-nasa-publica-imagenes-de-3i-atlas-desde-marte-y-corta-de-raiz-los-rumores-es-un-cometa-y-no-es-un-peligro\/#primaryimage\",\"url\":\"https:\/\/www.noticiasradioreflejos.com.ar\/2021\/wp-content\/uploads\/2025\/11\/atlas.webp\",\"contentUrl\":\"https:\/\/www.noticiasradioreflejos.com.ar\/2021\/wp-content\/uploads\/2025\/11\/atlas.webp\",\"width\":1200,\"height\":675},{\"@type\":\"BreadcrumbList\",\"@id\":\"https:\/\/www.noticiasradioreflejos.com.ar\/2021\/la-nasa-publica-imagenes-de-3i-atlas-desde-marte-y-corta-de-raiz-los-rumores-es-un-cometa-y-no-es-un-peligro\/#breadcrumb\",\"itemListElement\":[{\"@type\":\"ListItem\",\"position\":1,\"name\":\"Portada\",\"item\":\"https:\/\/www.noticiasradioreflejos.com.ar\/2021\/\"},{\"@type\":\"ListItem\",\"position\":2,\"name\":\"La NASA publica im\u00e1genes de 3I\/ATLAS desde Marte y corta de ra\u00edz los rumores: \u201cEs un cometa y no es un peligro\u201d\"}]},{\"@type\":\"WebSite\",\"@id\":\"https:\/\/www.noticiasradioreflejos.com.ar\/2021\/#website\",\"url\":\"https:\/\/www.noticiasradioreflejos.com.ar\/2021\/\",\"name\":\"Noticias Radio Reflejos\",\"description\":\"Las noticias de mi comarca\",\"potentialAction\":[{\"@type\":\"SearchAction\",\"target\":{\"@type\":\"EntryPoint\",\"urlTemplate\":\"https:\/\/www.noticiasradioreflejos.com.ar\/2021\/?s={search_term_string}\"},\"query-input\":{\"@type\":\"PropertyValueSpecification\",\"valueRequired\":true,\"valueName\":\"search_term_string\"}}],\"inLanguage\":\"es\"},{\"@type\":\"Person\",\"@id\":\"https:\/\/www.noticiasradioreflejos.com.ar\/2021\/#\/schema\/person\/ad82545263dcc5ec0996818884fd5fb1\",\"name\":\"Arnaldo Botto\",\"image\":{\"@type\":\"ImageObject\",\"inLanguage\":\"es\",\"@id\":\"https:\/\/www.noticiasradioreflejos.com.ar\/2021\/#\/schema\/person\/image\/\",\"url\":\"https:\/\/secure.gravatar.com\/avatar\/55cb5e37c1efa326397366e6974cb338056df65cb50e7d64d1cf314e87504837?s=96&d=mm&r=g\",\"contentUrl\":\"https:\/\/secure.gravatar.com\/avatar\/55cb5e37c1efa326397366e6974cb338056df65cb50e7d64d1cf314e87504837?s=96&d=mm&r=g\",\"caption\":\"Arnaldo Botto\"},\"url\":\"https:\/\/www.noticiasradioreflejos.com.ar\/2021\/author\/arnaldo\/\"}]}<\/script>\n<!-- \/ Yoast SEO plugin. -->","yoast_head_json":{"title":"La NASA publica im\u00e1genes de 3I\/ATLAS desde Marte y corta de ra\u00edz los rumores: \u201cEs un cometa y no es un peligro\u201d - Noticias Radio Reflejos","robots":{"index":"index","follow":"follow","max-snippet":"max-snippet:-1","max-image-preview":"max-image-preview:large","max-video-preview":"max-video-preview:-1"},"canonical":"https:\/\/www.noticiasradioreflejos.com.ar\/2021\/la-nasa-publica-imagenes-de-3i-atlas-desde-marte-y-corta-de-raiz-los-rumores-es-un-cometa-y-no-es-un-peligro\/","og_locale":"es_ES","og_type":"article","og_title":"La NASA publica im\u00e1genes de 3I\/ATLAS desde Marte y corta de ra\u00edz los rumores: \u201cEs un cometa y no es un peligro\u201d - Noticias Radio Reflejos","og_description":"La agencia pone fin a las especulaciones sobre la posibilidad de que sea una nave extraterrestre y reconoce que desea fervientemente encontrar se\u00f1ales de vida en el universo. \u201cPero 3I\/ATLAS es un cometa\u201d, subrayan.","og_url":"https:\/\/www.noticiasradioreflejos.com.ar\/2021\/la-nasa-publica-imagenes-de-3i-atlas-desde-marte-y-corta-de-raiz-los-rumores-es-un-cometa-y-no-es-un-peligro\/","og_site_name":"Noticias Radio Reflejos","article_published_time":"2025-11-20T10:46:44+00:00","og_image":[{"width":1200,"height":675,"url":"https:\/\/www.noticiasradioreflejos.com.ar\/2021\/wp-content\/uploads\/2025\/11\/atlas.webp","type":"image\/webp"}],"author":"Arnaldo Botto","twitter_card":"summary_large_image","schema":{"@context":"https:\/\/schema.org","@graph":[{"@type":"WebPage","@id":"https:\/\/www.noticiasradioreflejos.com.ar\/2021\/la-nasa-publica-imagenes-de-3i-atlas-desde-marte-y-corta-de-raiz-los-rumores-es-un-cometa-y-no-es-un-peligro\/","url":"https:\/\/www.noticiasradioreflejos.com.ar\/2021\/la-nasa-publica-imagenes-de-3i-atlas-desde-marte-y-corta-de-raiz-los-rumores-es-un-cometa-y-no-es-un-peligro\/","name":"La NASA publica im\u00e1genes de 3I\/ATLAS desde Marte y corta de ra\u00edz los rumores: \u201cEs un cometa y no es un peligro\u201d - Noticias Radio Reflejos","isPartOf":{"@id":"https:\/\/www.noticiasradioreflejos.com.ar\/2021\/#website"},"primaryImageOfPage":{"@id":"https:\/\/www.noticiasradioreflejos.com.ar\/2021\/la-nasa-publica-imagenes-de-3i-atlas-desde-marte-y-corta-de-raiz-los-rumores-es-un-cometa-y-no-es-un-peligro\/#primaryimage"},"image":{"@id":"https:\/\/www.noticiasradioreflejos.com.ar\/2021\/la-nasa-publica-imagenes-de-3i-atlas-desde-marte-y-corta-de-raiz-los-rumores-es-un-cometa-y-no-es-un-peligro\/#primaryimage"},"thumbnailUrl":"https:\/\/www.noticiasradioreflejos.com.ar\/2021\/wp-content\/uploads\/2025\/11\/atlas.webp","datePublished":"2025-11-20T10:46:44+00:00","author":{"@id":"https:\/\/www.noticiasradioreflejos.com.ar\/2021\/#\/schema\/person\/ad82545263dcc5ec0996818884fd5fb1"},"breadcrumb":{"@id":"https:\/\/www.noticiasradioreflejos.com.ar\/2021\/la-nasa-publica-imagenes-de-3i-atlas-desde-marte-y-corta-de-raiz-los-rumores-es-un-cometa-y-no-es-un-peligro\/#breadcrumb"},"inLanguage":"es","potentialAction":[{"@type":"ReadAction","target":["https:\/\/www.noticiasradioreflejos.com.ar\/2021\/la-nasa-publica-imagenes-de-3i-atlas-desde-marte-y-corta-de-raiz-los-rumores-es-un-cometa-y-no-es-un-peligro\/"]}]},{"@type":"ImageObject","inLanguage":"es","@id":"https:\/\/www.noticiasradioreflejos.com.ar\/2021\/la-nasa-publica-imagenes-de-3i-atlas-desde-marte-y-corta-de-raiz-los-rumores-es-un-cometa-y-no-es-un-peligro\/#primaryimage","url":"https:\/\/www.noticiasradioreflejos.com.ar\/2021\/wp-content\/uploads\/2025\/11\/atlas.webp","contentUrl":"https:\/\/www.noticiasradioreflejos.com.ar\/2021\/wp-content\/uploads\/2025\/11\/atlas.webp","width":1200,"height":675},{"@type":"BreadcrumbList","@id":"https:\/\/www.noticiasradioreflejos.com.ar\/2021\/la-nasa-publica-imagenes-de-3i-atlas-desde-marte-y-corta-de-raiz-los-rumores-es-un-cometa-y-no-es-un-peligro\/#breadcrumb","itemListElement":[{"@type":"ListItem","position":1,"name":"Portada","item":"https:\/\/www.noticiasradioreflejos.com.ar\/2021\/"},{"@type":"ListItem","position":2,"name":"La NASA publica im\u00e1genes de 3I\/ATLAS desde Marte y corta de ra\u00edz los rumores: \u201cEs un cometa y no es un peligro\u201d"}]},{"@type":"WebSite","@id":"https:\/\/www.noticiasradioreflejos.com.ar\/2021\/#website","url":"https:\/\/www.noticiasradioreflejos.com.ar\/2021\/","name":"Noticias Radio Reflejos","description":"Las noticias de mi comarca","potentialAction":[{"@type":"SearchAction","target":{"@type":"EntryPoint","urlTemplate":"https:\/\/www.noticiasradioreflejos.com.ar\/2021\/?s={search_term_string}"},"query-input":{"@type":"PropertyValueSpecification","valueRequired":true,"valueName":"search_term_string"}}],"inLanguage":"es"},{"@type":"Person","@id":"https:\/\/www.noticiasradioreflejos.com.ar\/2021\/#\/schema\/person\/ad82545263dcc5ec0996818884fd5fb1","name":"Arnaldo Botto","image":{"@type":"ImageObject","inLanguage":"es","@id":"https:\/\/www.noticiasradioreflejos.com.ar\/2021\/#\/schema\/person\/image\/","url":"https:\/\/secure.gravatar.com\/avatar\/55cb5e37c1efa326397366e6974cb338056df65cb50e7d64d1cf314e87504837?s=96&d=mm&r=g","contentUrl":"https:\/\/secure.gravatar.com\/avatar\/55cb5e37c1efa326397366e6974cb338056df65cb50e7d64d1cf314e87504837?s=96&d=mm&r=g","caption":"Arnaldo Botto"},"url":"https:\/\/www.noticiasradioreflejos.com.ar\/2021\/author\/arnaldo\/"}]}},"_links":{"self":[{"href":"https:\/\/www.noticiasradioreflejos.com.ar\/2021\/wp-json\/wp\/v2\/posts\/128653","targetHints":{"allow":["GET"]}}],"collection":[{"href":"https:\/\/www.noticiasradioreflejos.com.ar\/2021\/wp-json\/wp\/v2\/posts"}],"about":[{"href":"https:\/\/www.noticiasradioreflejos.com.ar\/2021\/wp-json\/wp\/v2\/types\/post"}],"author":[{"embeddable":true,"href":"https:\/\/www.noticiasradioreflejos.com.ar\/2021\/wp-json\/wp\/v2\/users\/3"}],"replies":[{"embeddable":true,"href":"https:\/\/www.noticiasradioreflejos.com.ar\/2021\/wp-json\/wp\/v2\/comments?post=128653"}],"version-history":[{"count":1,"href":"https:\/\/www.noticiasradioreflejos.com.ar\/2021\/wp-json\/wp\/v2\/posts\/128653\/revisions"}],"predecessor-version":[{"id":128655,"href":"https:\/\/www.noticiasradioreflejos.com.ar\/2021\/wp-json\/wp\/v2\/posts\/128653\/revisions\/128655"}],"wp:featuredmedia":[{"embeddable":true,"href":"https:\/\/www.noticiasradioreflejos.com.ar\/2021\/wp-json\/wp\/v2\/media\/128654"}],"wp:attachment":[{"href":"https:\/\/www.noticiasradioreflejos.com.ar\/2021\/wp-json\/wp\/v2\/media?parent=128653"}],"wp:term":[{"taxonomy":"category","embeddable":true,"href":"https:\/\/www.noticiasradioreflejos.com.ar\/2021\/wp-json\/wp\/v2\/categories?post=128653"},{"taxonomy":"post_tag","embeddable":true,"href":"https:\/\/www.noticiasradioreflejos.com.ar\/2021\/wp-json\/wp\/v2\/tags?post=128653"}],"curies":[{"name":"wp","href":"https:\/\/api.w.org\/{rel}","templated":true}]}}