{"id":128650,"date":"2025-11-20T07:37:38","date_gmt":"2025-11-20T10:37:38","guid":{"rendered":"https:\/\/www.noticiasradioreflejos.com.ar\/2021\/?p=128650"},"modified":"2025-11-20T07:37:38","modified_gmt":"2025-11-20T10:37:38","slug":"presupuesto-2026-prohiben-cubrir-vacantes-publicas-por-dos-anos-sin-autorizacion-de-la-jefatura-de-gabinete","status":"publish","type":"post","link":"https:\/\/www.noticiasradioreflejos.com.ar\/2021\/presupuesto-2026-prohiben-cubrir-vacantes-publicas-por-dos-anos-sin-autorizacion-de-la-jefatura-de-gabinete\/","title":{"rendered":"Presupuesto 2026: proh\u00edben cubrir vacantes p\u00fablicas por dos a\u00f1os sin autorizaci\u00f3n de la Jefatura de Gabinete"},"content":{"rendered":"<p>El Gobierno mantiene la prohibici\u00f3n de cubrir las vacantes que se hayan generado por renuncias o jubilaciones<br \/>\n<!--more--><\/p>\n<p><strong>La Administraci\u00f3n Central, empresas p\u00fablicas as\u00ed como organismos descentralizados no podr\u00e1n tomar<\/strong>, en los pr\u00f3ximos dos a\u00f1os,\u00a0<strong>\u00a0nuevos empleados p\u00fablicos<\/strong>\u00a0para cubrir las vacantes que surjan por renuncias o jubilaciones, y solo lo podr\u00e1n hacer si lo autoriza la Jefatura de Gabinete.<\/p>\n<p><strong>La prohibici\u00f3n est\u00e1 incluida en el proyecto de Presupuesto 2026 que quiere aprobar el Gobierno en las sesiones extraordinarias, y por el cual el oficialismo busca acuerdos con los mandatarios provinciales para construir las mayor\u00edas que permitan sancionar esta clave iniciativa.<\/strong><\/p>\n<p>A diferencia de los dos primeros a\u00f1os de Gobierno, el oficialismo tendr\u00e1 en diputados 88 diputados propios y alcanzar\u00e1 unos 110 con sus aliados, pero necesita el respaldo de gobernadores para alcanzar los 129 votos en diputados para habilitar la sanci\u00f3n y la aprobaci\u00f3n en general y particular de la ley de leyes.<\/p>\n<p>Por ese motivo, el jefe de Gabinete Manuel Adorni y el ministro del Interior Diego Santilli mantienen todos los d\u00edas encuentros para conseguir el respaldo de los mandatarios para aprobar el Presupuesto 2026, donde el principal objetivo es que mantenga el super\u00e1vit fiscal.<\/p>\n<p>Uno de los puntos que se incluy\u00f3 en el Presupuesto es la prohibici\u00f3n de cubrir cargos vacantes sin la previa autorizaci\u00f3n del Jefe de Gabinete de Ministros y establece determinadas excepciones.<\/p>\n<p>\u201cLas \u00a0jurisdicciones y entidades de la Administraci\u00f3n P\u00fablica Naciona<strong>l no podr\u00e1n cubrir los cargos<\/strong>\u00a0vacantes existentes a la fecha de la entrada en vigencia de la presente ley ni los que se produzcan con posterioridad, sin la previa autorizaci\u00f3n del Jefe de Gabinete de Ministros\u201d, se se\u00f1ala en el art\u00edculo 7 del Presupuesto.<\/p>\n<p title=\"vlxufA\" data-ipspy=\"vlxufA\">Se\u00f1ala que \u201c<strong>las decisiones administrativas que se dicten en tal sentido tendr\u00e1n vigencia durante el presente ejercicio fiscal y el siguiente para los casos en los que las vacantes autorizadas no hayan podido ser cubiertas<\/strong>\u201d<span data-nosnippet=\"\">vlxufA<\/span><\/p>\n<p>De todos modos pone excepciones para que si puedan cubrir los cargos de las autoridades superiores de la Administraci\u00f3n P\u00fablica Nacional; los funcionarios del Cuerpo de Guardaparques Nacionales; los cargos del Convenio Colectivo de Trabajo Sectorial del Personal Profesional de los Establecimientos Hospitalarios y Asistenciales e Institutos de Investigaci\u00f3n y Producci\u00f3n dependientes del Ministerio de Salud.<\/p>\n<p>Tambi\u00e9n estar\u00e1n exceptuados \u00a0los cargos comprendidos en el Convenio Colectivo de Trabajo Sectorial para el Sistema Federal de Manejo del Fuego; \u00a0en la Agencia Nacional de Puertos y Navegaci\u00f3n (ANPYN), ente aut\u00e1rquico actuante en la \u00f3rbita del MINISTERIO DE ECONOM\u00cdA; y a los cargos incluidos en el nomenclador de \u00a0funciones ejecutivas del Convenio Colectivo de Trabajo Sectorial del Personal del Sistema Nacional de Empleo P\u00fablico (SINEP).<\/p>\n","protected":false},"excerpt":{"rendered":"<p>El Gobierno mantiene la prohibici\u00f3n de cubrir las vacantes que se hayan generado por renuncias o jubilaciones<\/p>\n","protected":false},"author":3,"featured_media":128651,"comment_status":"closed","ping_status":"closed","sticky":false,"template":"","format":"standard","meta":{"footnotes":""},"categories":[58],"tags":[],"class_list":["post-128650","post","type-post","status-publish","format-standard","has-post-thumbnail","hentry","category-gobierno"],"yoast_head":"<!-- This site is optimized with the Yoast SEO plugin v25.9 - https:\/\/yoast.com\/wordpress\/plugins\/seo\/ -->\n<title>Presupuesto 2026: proh\u00edben cubrir vacantes p\u00fablicas por dos a\u00f1os sin autorizaci\u00f3n de la Jefatura de Gabinete - Noticias Radio Reflejos<\/title>\n<meta name=\"robots\" content=\"index, follow, max-snippet:-1, max-image-preview:large, max-video-preview:-1\" \/>\n<link rel=\"canonical\" href=\"https:\/\/www.noticiasradioreflejos.com.ar\/2021\/presupuesto-2026-prohiben-cubrir-vacantes-publicas-por-dos-anos-sin-autorizacion-de-la-jefatura-de-gabinete\/\" \/>\n<meta property=\"og:locale\" content=\"es_ES\" \/>\n<meta property=\"og:type\" content=\"article\" \/>\n<meta property=\"og:title\" content=\"Presupuesto 2026: proh\u00edben cubrir vacantes p\u00fablicas por dos a\u00f1os sin autorizaci\u00f3n de la Jefatura de Gabinete - Noticias Radio Reflejos\" \/>\n<meta property=\"og:description\" content=\"El Gobierno mantiene la prohibici\u00f3n de cubrir las vacantes que se hayan generado por renuncias o jubilaciones\" \/>\n<meta property=\"og:url\" content=\"https:\/\/www.noticiasradioreflejos.com.ar\/2021\/presupuesto-2026-prohiben-cubrir-vacantes-publicas-por-dos-anos-sin-autorizacion-de-la-jefatura-de-gabinete\/\" \/>\n<meta property=\"og:site_name\" content=\"Noticias Radio Reflejos\" \/>\n<meta property=\"article:published_time\" content=\"2025-11-20T10:37:38+00:00\" \/>\n<meta property=\"og:image\" content=\"https:\/\/www.noticiasradioreflejos.com.ar\/2021\/wp-content\/uploads\/2025\/11\/milei-caputo.webp\" \/>\n\t<meta property=\"og:image:width\" content=\"540\" \/>\n\t<meta property=\"og:image:height\" content=\"360\" \/>\n\t<meta property=\"og:image:type\" content=\"image\/webp\" \/>\n<meta name=\"author\" content=\"Arnaldo Botto\" \/>\n<meta name=\"twitter:card\" content=\"summary_large_image\" \/>\n<script type=\"application\/ld+json\" class=\"yoast-schema-graph\">{\"@context\":\"https:\/\/schema.org\",\"@graph\":[{\"@type\":\"WebPage\",\"@id\":\"https:\/\/www.noticiasradioreflejos.com.ar\/2021\/presupuesto-2026-prohiben-cubrir-vacantes-publicas-por-dos-anos-sin-autorizacion-de-la-jefatura-de-gabinete\/\",\"url\":\"https:\/\/www.noticiasradioreflejos.com.ar\/2021\/presupuesto-2026-prohiben-cubrir-vacantes-publicas-por-dos-anos-sin-autorizacion-de-la-jefatura-de-gabinete\/\",\"name\":\"Presupuesto 2026: proh\u00edben cubrir vacantes p\u00fablicas por dos a\u00f1os sin autorizaci\u00f3n de la Jefatura de Gabinete - Noticias Radio Reflejos\",\"isPartOf\":{\"@id\":\"https:\/\/www.noticiasradioreflejos.com.ar\/2021\/#website\"},\"primaryImageOfPage\":{\"@id\":\"https:\/\/www.noticiasradioreflejos.com.ar\/2021\/presupuesto-2026-prohiben-cubrir-vacantes-publicas-por-dos-anos-sin-autorizacion-de-la-jefatura-de-gabinete\/#primaryimage\"},\"image\":{\"@id\":\"https:\/\/www.noticiasradioreflejos.com.ar\/2021\/presupuesto-2026-prohiben-cubrir-vacantes-publicas-por-dos-anos-sin-autorizacion-de-la-jefatura-de-gabinete\/#primaryimage\"},\"thumbnailUrl\":\"https:\/\/www.noticiasradioreflejos.com.ar\/2021\/wp-content\/uploads\/2025\/11\/milei-caputo.webp\",\"datePublished\":\"2025-11-20T10:37:38+00:00\",\"author\":{\"@id\":\"https:\/\/www.noticiasradioreflejos.com.ar\/2021\/#\/schema\/person\/ad82545263dcc5ec0996818884fd5fb1\"},\"breadcrumb\":{\"@id\":\"https:\/\/www.noticiasradioreflejos.com.ar\/2021\/presupuesto-2026-prohiben-cubrir-vacantes-publicas-por-dos-anos-sin-autorizacion-de-la-jefatura-de-gabinete\/#breadcrumb\"},\"inLanguage\":\"es\",\"potentialAction\":[{\"@type\":\"ReadAction\",\"target\":[\"https:\/\/www.noticiasradioreflejos.com.ar\/2021\/presupuesto-2026-prohiben-cubrir-vacantes-publicas-por-dos-anos-sin-autorizacion-de-la-jefatura-de-gabinete\/\"]}]},{\"@type\":\"ImageObject\",\"inLanguage\":\"es\",\"@id\":\"https:\/\/www.noticiasradioreflejos.com.ar\/2021\/presupuesto-2026-prohiben-cubrir-vacantes-publicas-por-dos-anos-sin-autorizacion-de-la-jefatura-de-gabinete\/#primaryimage\",\"url\":\"https:\/\/www.noticiasradioreflejos.com.ar\/2021\/wp-content\/uploads\/2025\/11\/milei-caputo.webp\",\"contentUrl\":\"https:\/\/www.noticiasradioreflejos.com.ar\/2021\/wp-content\/uploads\/2025\/11\/milei-caputo.webp\",\"width\":540,\"height\":360},{\"@type\":\"BreadcrumbList\",\"@id\":\"https:\/\/www.noticiasradioreflejos.com.ar\/2021\/presupuesto-2026-prohiben-cubrir-vacantes-publicas-por-dos-anos-sin-autorizacion-de-la-jefatura-de-gabinete\/#breadcrumb\",\"itemListElement\":[{\"@type\":\"ListItem\",\"position\":1,\"name\":\"Portada\",\"item\":\"https:\/\/www.noticiasradioreflejos.com.ar\/2021\/\"},{\"@type\":\"ListItem\",\"position\":2,\"name\":\"Presupuesto 2026: proh\u00edben cubrir vacantes p\u00fablicas por dos a\u00f1os sin autorizaci\u00f3n de la Jefatura de Gabinete\"}]},{\"@type\":\"WebSite\",\"@id\":\"https:\/\/www.noticiasradioreflejos.com.ar\/2021\/#website\",\"url\":\"https:\/\/www.noticiasradioreflejos.com.ar\/2021\/\",\"name\":\"Noticias Radio Reflejos\",\"description\":\"Las noticias de mi comarca\",\"potentialAction\":[{\"@type\":\"SearchAction\",\"target\":{\"@type\":\"EntryPoint\",\"urlTemplate\":\"https:\/\/www.noticiasradioreflejos.com.ar\/2021\/?s={search_term_string}\"},\"query-input\":{\"@type\":\"PropertyValueSpecification\",\"valueRequired\":true,\"valueName\":\"search_term_string\"}}],\"inLanguage\":\"es\"},{\"@type\":\"Person\",\"@id\":\"https:\/\/www.noticiasradioreflejos.com.ar\/2021\/#\/schema\/person\/ad82545263dcc5ec0996818884fd5fb1\",\"name\":\"Arnaldo Botto\",\"image\":{\"@type\":\"ImageObject\",\"inLanguage\":\"es\",\"@id\":\"https:\/\/www.noticiasradioreflejos.com.ar\/2021\/#\/schema\/person\/image\/\",\"url\":\"https:\/\/secure.gravatar.com\/avatar\/55cb5e37c1efa326397366e6974cb338056df65cb50e7d64d1cf314e87504837?s=96&d=mm&r=g\",\"contentUrl\":\"https:\/\/secure.gravatar.com\/avatar\/55cb5e37c1efa326397366e6974cb338056df65cb50e7d64d1cf314e87504837?s=96&d=mm&r=g\",\"caption\":\"Arnaldo Botto\"},\"url\":\"https:\/\/www.noticiasradioreflejos.com.ar\/2021\/author\/arnaldo\/\"}]}<\/script>\n<!-- \/ Yoast SEO plugin. -->","yoast_head_json":{"title":"Presupuesto 2026: proh\u00edben cubrir vacantes p\u00fablicas por dos a\u00f1os sin autorizaci\u00f3n de la Jefatura de Gabinete - Noticias Radio Reflejos","robots":{"index":"index","follow":"follow","max-snippet":"max-snippet:-1","max-image-preview":"max-image-preview:large","max-video-preview":"max-video-preview:-1"},"canonical":"https:\/\/www.noticiasradioreflejos.com.ar\/2021\/presupuesto-2026-prohiben-cubrir-vacantes-publicas-por-dos-anos-sin-autorizacion-de-la-jefatura-de-gabinete\/","og_locale":"es_ES","og_type":"article","og_title":"Presupuesto 2026: proh\u00edben cubrir vacantes p\u00fablicas por dos a\u00f1os sin autorizaci\u00f3n de la Jefatura de Gabinete - Noticias Radio Reflejos","og_description":"El Gobierno mantiene la prohibici\u00f3n de cubrir las vacantes que se hayan generado por renuncias o jubilaciones","og_url":"https:\/\/www.noticiasradioreflejos.com.ar\/2021\/presupuesto-2026-prohiben-cubrir-vacantes-publicas-por-dos-anos-sin-autorizacion-de-la-jefatura-de-gabinete\/","og_site_name":"Noticias Radio Reflejos","article_published_time":"2025-11-20T10:37:38+00:00","og_image":[{"width":540,"height":360,"url":"https:\/\/www.noticiasradioreflejos.com.ar\/2021\/wp-content\/uploads\/2025\/11\/milei-caputo.webp","type":"image\/webp"}],"author":"Arnaldo Botto","twitter_card":"summary_large_image","schema":{"@context":"https:\/\/schema.org","@graph":[{"@type":"WebPage","@id":"https:\/\/www.noticiasradioreflejos.com.ar\/2021\/presupuesto-2026-prohiben-cubrir-vacantes-publicas-por-dos-anos-sin-autorizacion-de-la-jefatura-de-gabinete\/","url":"https:\/\/www.noticiasradioreflejos.com.ar\/2021\/presupuesto-2026-prohiben-cubrir-vacantes-publicas-por-dos-anos-sin-autorizacion-de-la-jefatura-de-gabinete\/","name":"Presupuesto 2026: proh\u00edben cubrir vacantes p\u00fablicas por dos a\u00f1os sin autorizaci\u00f3n de la Jefatura de Gabinete - Noticias Radio Reflejos","isPartOf":{"@id":"https:\/\/www.noticiasradioreflejos.com.ar\/2021\/#website"},"primaryImageOfPage":{"@id":"https:\/\/www.noticiasradioreflejos.com.ar\/2021\/presupuesto-2026-prohiben-cubrir-vacantes-publicas-por-dos-anos-sin-autorizacion-de-la-jefatura-de-gabinete\/#primaryimage"},"image":{"@id":"https:\/\/www.noticiasradioreflejos.com.ar\/2021\/presupuesto-2026-prohiben-cubrir-vacantes-publicas-por-dos-anos-sin-autorizacion-de-la-jefatura-de-gabinete\/#primaryimage"},"thumbnailUrl":"https:\/\/www.noticiasradioreflejos.com.ar\/2021\/wp-content\/uploads\/2025\/11\/milei-caputo.webp","datePublished":"2025-11-20T10:37:38+00:00","author":{"@id":"https:\/\/www.noticiasradioreflejos.com.ar\/2021\/#\/schema\/person\/ad82545263dcc5ec0996818884fd5fb1"},"breadcrumb":{"@id":"https:\/\/www.noticiasradioreflejos.com.ar\/2021\/presupuesto-2026-prohiben-cubrir-vacantes-publicas-por-dos-anos-sin-autorizacion-de-la-jefatura-de-gabinete\/#breadcrumb"},"inLanguage":"es","potentialAction":[{"@type":"ReadAction","target":["https:\/\/www.noticiasradioreflejos.com.ar\/2021\/presupuesto-2026-prohiben-cubrir-vacantes-publicas-por-dos-anos-sin-autorizacion-de-la-jefatura-de-gabinete\/"]}]},{"@type":"ImageObject","inLanguage":"es","@id":"https:\/\/www.noticiasradioreflejos.com.ar\/2021\/presupuesto-2026-prohiben-cubrir-vacantes-publicas-por-dos-anos-sin-autorizacion-de-la-jefatura-de-gabinete\/#primaryimage","url":"https:\/\/www.noticiasradioreflejos.com.ar\/2021\/wp-content\/uploads\/2025\/11\/milei-caputo.webp","contentUrl":"https:\/\/www.noticiasradioreflejos.com.ar\/2021\/wp-content\/uploads\/2025\/11\/milei-caputo.webp","width":540,"height":360},{"@type":"BreadcrumbList","@id":"https:\/\/www.noticiasradioreflejos.com.ar\/2021\/presupuesto-2026-prohiben-cubrir-vacantes-publicas-por-dos-anos-sin-autorizacion-de-la-jefatura-de-gabinete\/#breadcrumb","itemListElement":[{"@type":"ListItem","position":1,"name":"Portada","item":"https:\/\/www.noticiasradioreflejos.com.ar\/2021\/"},{"@type":"ListItem","position":2,"name":"Presupuesto 2026: proh\u00edben cubrir vacantes p\u00fablicas por dos a\u00f1os sin autorizaci\u00f3n de la Jefatura de Gabinete"}]},{"@type":"WebSite","@id":"https:\/\/www.noticiasradioreflejos.com.ar\/2021\/#website","url":"https:\/\/www.noticiasradioreflejos.com.ar\/2021\/","name":"Noticias Radio Reflejos","description":"Las noticias de mi comarca","potentialAction":[{"@type":"SearchAction","target":{"@type":"EntryPoint","urlTemplate":"https:\/\/www.noticiasradioreflejos.com.ar\/2021\/?s={search_term_string}"},"query-input":{"@type":"PropertyValueSpecification","valueRequired":true,"valueName":"search_term_string"}}],"inLanguage":"es"},{"@type":"Person","@id":"https:\/\/www.noticiasradioreflejos.com.ar\/2021\/#\/schema\/person\/ad82545263dcc5ec0996818884fd5fb1","name":"Arnaldo Botto","image":{"@type":"ImageObject","inLanguage":"es","@id":"https:\/\/www.noticiasradioreflejos.com.ar\/2021\/#\/schema\/person\/image\/","url":"https:\/\/secure.gravatar.com\/avatar\/55cb5e37c1efa326397366e6974cb338056df65cb50e7d64d1cf314e87504837?s=96&d=mm&r=g","contentUrl":"https:\/\/secure.gravatar.com\/avatar\/55cb5e37c1efa326397366e6974cb338056df65cb50e7d64d1cf314e87504837?s=96&d=mm&r=g","caption":"Arnaldo Botto"},"url":"https:\/\/www.noticiasradioreflejos.com.ar\/2021\/author\/arnaldo\/"}]}},"_links":{"self":[{"href":"https:\/\/www.noticiasradioreflejos.com.ar\/2021\/wp-json\/wp\/v2\/posts\/128650","targetHints":{"allow":["GET"]}}],"collection":[{"href":"https:\/\/www.noticiasradioreflejos.com.ar\/2021\/wp-json\/wp\/v2\/posts"}],"about":[{"href":"https:\/\/www.noticiasradioreflejos.com.ar\/2021\/wp-json\/wp\/v2\/types\/post"}],"author":[{"embeddable":true,"href":"https:\/\/www.noticiasradioreflejos.com.ar\/2021\/wp-json\/wp\/v2\/users\/3"}],"replies":[{"embeddable":true,"href":"https:\/\/www.noticiasradioreflejos.com.ar\/2021\/wp-json\/wp\/v2\/comments?post=128650"}],"version-history":[{"count":1,"href":"https:\/\/www.noticiasradioreflejos.com.ar\/2021\/wp-json\/wp\/v2\/posts\/128650\/revisions"}],"predecessor-version":[{"id":128652,"href":"https:\/\/www.noticiasradioreflejos.com.ar\/2021\/wp-json\/wp\/v2\/posts\/128650\/revisions\/128652"}],"wp:featuredmedia":[{"embeddable":true,"href":"https:\/\/www.noticiasradioreflejos.com.ar\/2021\/wp-json\/wp\/v2\/media\/128651"}],"wp:attachment":[{"href":"https:\/\/www.noticiasradioreflejos.com.ar\/2021\/wp-json\/wp\/v2\/media?parent=128650"}],"wp:term":[{"taxonomy":"category","embeddable":true,"href":"https:\/\/www.noticiasradioreflejos.com.ar\/2021\/wp-json\/wp\/v2\/categories?post=128650"},{"taxonomy":"post_tag","embeddable":true,"href":"https:\/\/www.noticiasradioreflejos.com.ar\/2021\/wp-json\/wp\/v2\/tags?post=128650"}],"curies":[{"name":"wp","href":"https:\/\/api.w.org\/{rel}","templated":true}]}}