{"id":128644,"date":"2025-11-20T07:26:44","date_gmt":"2025-11-20T10:26:44","guid":{"rendered":"https:\/\/www.noticiasradioreflejos.com.ar\/2021\/?p=128644"},"modified":"2025-11-20T07:26:44","modified_gmt":"2025-11-20T10:26:44","slug":"dia-universal-de-la-infancia-por-que-se-celebra-el-20-de-noviembre","status":"publish","type":"post","link":"https:\/\/www.noticiasradioreflejos.com.ar\/2021\/dia-universal-de-la-infancia-por-que-se-celebra-el-20-de-noviembre\/","title":{"rendered":"D\u00eda Universal de la Infancia: \u00bfPor qu\u00e9 se celebra el 20 de noviembre?"},"content":{"rendered":"<p>Cada 20 de noviembre, el mundo recuerda la importancia de proteger a la infancia y promover sus derechos. La fecha coincide con la Declaraci\u00f3n de Derechos del Ni\u00f1o (1959) y con la aprobaci\u00f3n de la Convenci\u00f3n sobre los Derechos del Ni\u00f1o (1989), el tratado internacional m\u00e1s ratificado del planeta.<!--more--><\/p>\n<p>El D\u00eda Universal del Ni\u00f1o, tambi\u00e9n conocido como D\u00eda Mundial del Ni\u00f1o o D\u00eda Mundial de la Infancia, se celebra cada 20 de noviembre y se ha convertido en una jornada clave para reflexionar sobre el presente y el futuro de los ni\u00f1os y ni\u00f1as del mundo. La fecha fue proclamada en 1954 por la Asamblea General de las Naciones Unidas, buscando promover el bienestar infantil y fomentar un compromiso global con sus derechos.<\/p>\n<h2 class=\"article-text\"><strong>Un d\u00eda que reconoce hitos hist\u00f3ricos y un compromiso global<\/strong><\/h2>\n<p class=\"article-text\">La conmemoraci\u00f3n coincide con dos hitos hist\u00f3ricos: la\u00a0<strong>Declaraci\u00f3n Universal de Derechos del Ni\u00f1o (1959)<\/strong>\u00a0y la\u00a0<strong>Convenci\u00f3n sobre los Derechos del Ni\u00f1o (1989)<\/strong>, un tratado que re\u00fane 54 art\u00edculos sobre los derechos econ\u00f3micos, sociales, civiles, culturales y pol\u00edticos de la infancia. Es el acuerdo internacional m\u00e1s universal:\u00a0<strong>194 Estados<\/strong>\u00a0lo han ratificado y est\u00e1n obligados a garantizar su cumplimiento.<\/p>\n<figure class=\"embed-container embed-container--type-youtube ratio\"><script src=\"https:\/\/www.youtube.com\/iframe_api\"><\/script><script type=\"module\">window.marfeel.cmd.push(['multimedia', function(multimedia) { multimedia.initializeItem('yt-rwwRCShzgrQ-5760', 'youtube', 'rwwRCShzgrQ', document.getElementById('yt-rwwRCShzgrQ-5760')); }]);<\/script><iframe id=\"yt-rwwRCShzgrQ-5760\" title=\"Un solo equipo por los derechos de la infancia | UNICEF\" src=\"https:\/\/www.youtube.com\/embed\/rwwRCShzgrQ?enablejsapi=1\" frameborder=\"0\" data-gtm-yt-inspected-34399851_303=\"true\" data-gtm-yt-inspected-34399851_396=\"true\" data-gtm-yt-inspected-40=\"true\" data-mce-fragment=\"1\"><\/iframe><\/figure>\n<p class=\"article-text\">El lema elegido para 2024,\u00a0<strong>\u201cEscuchemos al futuro, defendamos los derechos de los ni\u00f1os\u201d<\/strong>, invita a reforzar la participaci\u00f3n de la infancia y a redoblar esfuerzos para asegurar que todos los ni\u00f1os y ni\u00f1as est\u00e9n protegidos, seguros, con salud y educaci\u00f3n, sin importar su lugar de nacimiento ni sus condiciones socioecon\u00f3micas.<\/p>\n<h2 class=\"article-text\"><strong>Derechos vigentes, deudas pendientes<\/strong><\/h2>\n<p class=\"article-text\">La Convenci\u00f3n reconoce derechos fundamentales como el derecho a la\u00a0<strong>vida<\/strong>, la\u00a0<strong>salud<\/strong>, la\u00a0<strong>educaci\u00f3n<\/strong>, el\u00a0<strong>juego<\/strong>, la\u00a0<strong>protecci\u00f3n contra la violencia<\/strong>, la\u00a0<strong>no discriminaci\u00f3n<\/strong>\u00a0y el derecho a que sus\u00a0<strong>opiniones sean escuchadas<\/strong>. Su aplicaci\u00f3n implica responsabilidades para padres, docentes, profesionales de la salud y los propios Estados. Adem\u00e1s, el cumplimiento es monitoreado por el\u00a0<strong>Comit\u00e9 de los Derechos del Ni\u00f1o<\/strong>, integrado por especialistas de distintos pa\u00edses.<\/p>\n<p class=\"article-text\">A pesar de los avances, los desaf\u00edos siguen siendo enormes:\u00a0<strong>385 millones<\/strong>\u00a0de ni\u00f1os viven en pobreza extrema,\u00a0<strong>264 millones<\/strong>\u00a0permanecen fuera del sistema educativo y\u00a0<strong>5,6 millones<\/strong>\u00a0de menores de cinco a\u00f1os murieron el \u00faltimo a\u00f1o por causas evitables. Las desigualdades seg\u00fan el pa\u00eds de origen contin\u00faan siendo una barrera cr\u00edtica para el pleno ejercicio de sus derechos.<\/p>\n<div id=\"container-after-news-outlook\"><\/div>\n<p class=\"article-text\">El D\u00eda Universal del Ni\u00f1o busca visibilizar estas urgencias y reconocer el trabajo de quienes, desde distintos \u00e1mbitos, defienden a la infancia. Un recordatorio de que garantizar sus derechos no solo es un deber legal, sino tambi\u00e9n una inversi\u00f3n en un futuro m\u00e1s justo para toda la humanidad.<\/p>\n<p class=\"article-text\"><em>LN<\/em><\/p>\n","protected":false},"excerpt":{"rendered":"<p>Cada 20 de noviembre, el mundo recuerda la importancia de proteger a la infancia y promover sus derechos. La fecha coincide con la Declaraci\u00f3n de Derechos del Ni\u00f1o (1959) y con la aprobaci\u00f3n de la Convenci\u00f3n sobre los Derechos del Ni\u00f1o (1989), el tratado internacional m\u00e1s ratificado del planeta.<\/p>\n","protected":false},"author":3,"featured_media":128645,"comment_status":"closed","ping_status":"closed","sticky":false,"template":"","format":"standard","meta":{"footnotes":""},"categories":[26],"tags":[],"class_list":["post-128644","post","type-post","status-publish","format-standard","has-post-thumbnail","hentry","category-sociedad"],"yoast_head":"<!-- This site is optimized with the Yoast SEO plugin v25.9 - https:\/\/yoast.com\/wordpress\/plugins\/seo\/ -->\n<title>D\u00eda Universal de la Infancia: \u00bfPor qu\u00e9 se celebra el 20 de noviembre? - Noticias Radio Reflejos<\/title>\n<meta name=\"robots\" content=\"index, follow, max-snippet:-1, max-image-preview:large, max-video-preview:-1\" \/>\n<link rel=\"canonical\" href=\"https:\/\/www.noticiasradioreflejos.com.ar\/2021\/dia-universal-de-la-infancia-por-que-se-celebra-el-20-de-noviembre\/\" \/>\n<meta property=\"og:locale\" content=\"es_ES\" \/>\n<meta property=\"og:type\" content=\"article\" \/>\n<meta property=\"og:title\" content=\"D\u00eda Universal de la Infancia: \u00bfPor qu\u00e9 se celebra el 20 de noviembre? - Noticias Radio Reflejos\" \/>\n<meta property=\"og:description\" content=\"Cada 20 de noviembre, el mundo recuerda la importancia de proteger a la infancia y promover sus derechos. La fecha coincide con la Declaraci\u00f3n de Derechos del Ni\u00f1o (1959) y con la aprobaci\u00f3n de la Convenci\u00f3n sobre los Derechos del Ni\u00f1o (1989), el tratado internacional m\u00e1s ratificado del planeta.\" \/>\n<meta property=\"og:url\" content=\"https:\/\/www.noticiasradioreflejos.com.ar\/2021\/dia-universal-de-la-infancia-por-que-se-celebra-el-20-de-noviembre\/\" \/>\n<meta property=\"og:site_name\" content=\"Noticias Radio Reflejos\" \/>\n<meta property=\"article:published_time\" content=\"2025-11-20T10:26:44+00:00\" \/>\n<meta property=\"og:image\" content=\"https:\/\/www.noticiasradioreflejos.com.ar\/2021\/wp-content\/uploads\/2025\/11\/infancias.webp\" \/>\n\t<meta property=\"og:image:width\" content=\"1200\" \/>\n\t<meta property=\"og:image:height\" content=\"675\" \/>\n\t<meta property=\"og:image:type\" content=\"image\/webp\" \/>\n<meta name=\"author\" content=\"Arnaldo Botto\" \/>\n<meta name=\"twitter:card\" content=\"summary_large_image\" \/>\n<script type=\"application\/ld+json\" class=\"yoast-schema-graph\">{\"@context\":\"https:\/\/schema.org\",\"@graph\":[{\"@type\":\"WebPage\",\"@id\":\"https:\/\/www.noticiasradioreflejos.com.ar\/2021\/dia-universal-de-la-infancia-por-que-se-celebra-el-20-de-noviembre\/\",\"url\":\"https:\/\/www.noticiasradioreflejos.com.ar\/2021\/dia-universal-de-la-infancia-por-que-se-celebra-el-20-de-noviembre\/\",\"name\":\"D\u00eda Universal de la Infancia: \u00bfPor qu\u00e9 se celebra el 20 de noviembre? - Noticias Radio Reflejos\",\"isPartOf\":{\"@id\":\"https:\/\/www.noticiasradioreflejos.com.ar\/2021\/#website\"},\"primaryImageOfPage\":{\"@id\":\"https:\/\/www.noticiasradioreflejos.com.ar\/2021\/dia-universal-de-la-infancia-por-que-se-celebra-el-20-de-noviembre\/#primaryimage\"},\"image\":{\"@id\":\"https:\/\/www.noticiasradioreflejos.com.ar\/2021\/dia-universal-de-la-infancia-por-que-se-celebra-el-20-de-noviembre\/#primaryimage\"},\"thumbnailUrl\":\"https:\/\/www.noticiasradioreflejos.com.ar\/2021\/wp-content\/uploads\/2025\/11\/infancias.webp\",\"datePublished\":\"2025-11-20T10:26:44+00:00\",\"author\":{\"@id\":\"https:\/\/www.noticiasradioreflejos.com.ar\/2021\/#\/schema\/person\/ad82545263dcc5ec0996818884fd5fb1\"},\"breadcrumb\":{\"@id\":\"https:\/\/www.noticiasradioreflejos.com.ar\/2021\/dia-universal-de-la-infancia-por-que-se-celebra-el-20-de-noviembre\/#breadcrumb\"},\"inLanguage\":\"es\",\"potentialAction\":[{\"@type\":\"ReadAction\",\"target\":[\"https:\/\/www.noticiasradioreflejos.com.ar\/2021\/dia-universal-de-la-infancia-por-que-se-celebra-el-20-de-noviembre\/\"]}]},{\"@type\":\"ImageObject\",\"inLanguage\":\"es\",\"@id\":\"https:\/\/www.noticiasradioreflejos.com.ar\/2021\/dia-universal-de-la-infancia-por-que-se-celebra-el-20-de-noviembre\/#primaryimage\",\"url\":\"https:\/\/www.noticiasradioreflejos.com.ar\/2021\/wp-content\/uploads\/2025\/11\/infancias.webp\",\"contentUrl\":\"https:\/\/www.noticiasradioreflejos.com.ar\/2021\/wp-content\/uploads\/2025\/11\/infancias.webp\",\"width\":1200,\"height\":675},{\"@type\":\"BreadcrumbList\",\"@id\":\"https:\/\/www.noticiasradioreflejos.com.ar\/2021\/dia-universal-de-la-infancia-por-que-se-celebra-el-20-de-noviembre\/#breadcrumb\",\"itemListElement\":[{\"@type\":\"ListItem\",\"position\":1,\"name\":\"Portada\",\"item\":\"https:\/\/www.noticiasradioreflejos.com.ar\/2021\/\"},{\"@type\":\"ListItem\",\"position\":2,\"name\":\"D\u00eda Universal de la Infancia: \u00bfPor qu\u00e9 se celebra el 20 de noviembre?\"}]},{\"@type\":\"WebSite\",\"@id\":\"https:\/\/www.noticiasradioreflejos.com.ar\/2021\/#website\",\"url\":\"https:\/\/www.noticiasradioreflejos.com.ar\/2021\/\",\"name\":\"Noticias Radio Reflejos\",\"description\":\"Las noticias de mi comarca\",\"potentialAction\":[{\"@type\":\"SearchAction\",\"target\":{\"@type\":\"EntryPoint\",\"urlTemplate\":\"https:\/\/www.noticiasradioreflejos.com.ar\/2021\/?s={search_term_string}\"},\"query-input\":{\"@type\":\"PropertyValueSpecification\",\"valueRequired\":true,\"valueName\":\"search_term_string\"}}],\"inLanguage\":\"es\"},{\"@type\":\"Person\",\"@id\":\"https:\/\/www.noticiasradioreflejos.com.ar\/2021\/#\/schema\/person\/ad82545263dcc5ec0996818884fd5fb1\",\"name\":\"Arnaldo Botto\",\"image\":{\"@type\":\"ImageObject\",\"inLanguage\":\"es\",\"@id\":\"https:\/\/www.noticiasradioreflejos.com.ar\/2021\/#\/schema\/person\/image\/\",\"url\":\"https:\/\/secure.gravatar.com\/avatar\/55cb5e37c1efa326397366e6974cb338056df65cb50e7d64d1cf314e87504837?s=96&d=mm&r=g\",\"contentUrl\":\"https:\/\/secure.gravatar.com\/avatar\/55cb5e37c1efa326397366e6974cb338056df65cb50e7d64d1cf314e87504837?s=96&d=mm&r=g\",\"caption\":\"Arnaldo Botto\"},\"url\":\"https:\/\/www.noticiasradioreflejos.com.ar\/2021\/author\/arnaldo\/\"}]}<\/script>\n<!-- \/ Yoast SEO plugin. -->","yoast_head_json":{"title":"D\u00eda Universal de la Infancia: \u00bfPor qu\u00e9 se celebra el 20 de noviembre? - Noticias Radio Reflejos","robots":{"index":"index","follow":"follow","max-snippet":"max-snippet:-1","max-image-preview":"max-image-preview:large","max-video-preview":"max-video-preview:-1"},"canonical":"https:\/\/www.noticiasradioreflejos.com.ar\/2021\/dia-universal-de-la-infancia-por-que-se-celebra-el-20-de-noviembre\/","og_locale":"es_ES","og_type":"article","og_title":"D\u00eda Universal de la Infancia: \u00bfPor qu\u00e9 se celebra el 20 de noviembre? - Noticias Radio Reflejos","og_description":"Cada 20 de noviembre, el mundo recuerda la importancia de proteger a la infancia y promover sus derechos. La fecha coincide con la Declaraci\u00f3n de Derechos del Ni\u00f1o (1959) y con la aprobaci\u00f3n de la Convenci\u00f3n sobre los Derechos del Ni\u00f1o (1989), el tratado internacional m\u00e1s ratificado del planeta.","og_url":"https:\/\/www.noticiasradioreflejos.com.ar\/2021\/dia-universal-de-la-infancia-por-que-se-celebra-el-20-de-noviembre\/","og_site_name":"Noticias Radio Reflejos","article_published_time":"2025-11-20T10:26:44+00:00","og_image":[{"width":1200,"height":675,"url":"https:\/\/www.noticiasradioreflejos.com.ar\/2021\/wp-content\/uploads\/2025\/11\/infancias.webp","type":"image\/webp"}],"author":"Arnaldo Botto","twitter_card":"summary_large_image","schema":{"@context":"https:\/\/schema.org","@graph":[{"@type":"WebPage","@id":"https:\/\/www.noticiasradioreflejos.com.ar\/2021\/dia-universal-de-la-infancia-por-que-se-celebra-el-20-de-noviembre\/","url":"https:\/\/www.noticiasradioreflejos.com.ar\/2021\/dia-universal-de-la-infancia-por-que-se-celebra-el-20-de-noviembre\/","name":"D\u00eda Universal de la Infancia: \u00bfPor qu\u00e9 se celebra el 20 de noviembre? - Noticias Radio Reflejos","isPartOf":{"@id":"https:\/\/www.noticiasradioreflejos.com.ar\/2021\/#website"},"primaryImageOfPage":{"@id":"https:\/\/www.noticiasradioreflejos.com.ar\/2021\/dia-universal-de-la-infancia-por-que-se-celebra-el-20-de-noviembre\/#primaryimage"},"image":{"@id":"https:\/\/www.noticiasradioreflejos.com.ar\/2021\/dia-universal-de-la-infancia-por-que-se-celebra-el-20-de-noviembre\/#primaryimage"},"thumbnailUrl":"https:\/\/www.noticiasradioreflejos.com.ar\/2021\/wp-content\/uploads\/2025\/11\/infancias.webp","datePublished":"2025-11-20T10:26:44+00:00","author":{"@id":"https:\/\/www.noticiasradioreflejos.com.ar\/2021\/#\/schema\/person\/ad82545263dcc5ec0996818884fd5fb1"},"breadcrumb":{"@id":"https:\/\/www.noticiasradioreflejos.com.ar\/2021\/dia-universal-de-la-infancia-por-que-se-celebra-el-20-de-noviembre\/#breadcrumb"},"inLanguage":"es","potentialAction":[{"@type":"ReadAction","target":["https:\/\/www.noticiasradioreflejos.com.ar\/2021\/dia-universal-de-la-infancia-por-que-se-celebra-el-20-de-noviembre\/"]}]},{"@type":"ImageObject","inLanguage":"es","@id":"https:\/\/www.noticiasradioreflejos.com.ar\/2021\/dia-universal-de-la-infancia-por-que-se-celebra-el-20-de-noviembre\/#primaryimage","url":"https:\/\/www.noticiasradioreflejos.com.ar\/2021\/wp-content\/uploads\/2025\/11\/infancias.webp","contentUrl":"https:\/\/www.noticiasradioreflejos.com.ar\/2021\/wp-content\/uploads\/2025\/11\/infancias.webp","width":1200,"height":675},{"@type":"BreadcrumbList","@id":"https:\/\/www.noticiasradioreflejos.com.ar\/2021\/dia-universal-de-la-infancia-por-que-se-celebra-el-20-de-noviembre\/#breadcrumb","itemListElement":[{"@type":"ListItem","position":1,"name":"Portada","item":"https:\/\/www.noticiasradioreflejos.com.ar\/2021\/"},{"@type":"ListItem","position":2,"name":"D\u00eda Universal de la Infancia: \u00bfPor qu\u00e9 se celebra el 20 de noviembre?"}]},{"@type":"WebSite","@id":"https:\/\/www.noticiasradioreflejos.com.ar\/2021\/#website","url":"https:\/\/www.noticiasradioreflejos.com.ar\/2021\/","name":"Noticias Radio Reflejos","description":"Las noticias de mi comarca","potentialAction":[{"@type":"SearchAction","target":{"@type":"EntryPoint","urlTemplate":"https:\/\/www.noticiasradioreflejos.com.ar\/2021\/?s={search_term_string}"},"query-input":{"@type":"PropertyValueSpecification","valueRequired":true,"valueName":"search_term_string"}}],"inLanguage":"es"},{"@type":"Person","@id":"https:\/\/www.noticiasradioreflejos.com.ar\/2021\/#\/schema\/person\/ad82545263dcc5ec0996818884fd5fb1","name":"Arnaldo Botto","image":{"@type":"ImageObject","inLanguage":"es","@id":"https:\/\/www.noticiasradioreflejos.com.ar\/2021\/#\/schema\/person\/image\/","url":"https:\/\/secure.gravatar.com\/avatar\/55cb5e37c1efa326397366e6974cb338056df65cb50e7d64d1cf314e87504837?s=96&d=mm&r=g","contentUrl":"https:\/\/secure.gravatar.com\/avatar\/55cb5e37c1efa326397366e6974cb338056df65cb50e7d64d1cf314e87504837?s=96&d=mm&r=g","caption":"Arnaldo Botto"},"url":"https:\/\/www.noticiasradioreflejos.com.ar\/2021\/author\/arnaldo\/"}]}},"_links":{"self":[{"href":"https:\/\/www.noticiasradioreflejos.com.ar\/2021\/wp-json\/wp\/v2\/posts\/128644","targetHints":{"allow":["GET"]}}],"collection":[{"href":"https:\/\/www.noticiasradioreflejos.com.ar\/2021\/wp-json\/wp\/v2\/posts"}],"about":[{"href":"https:\/\/www.noticiasradioreflejos.com.ar\/2021\/wp-json\/wp\/v2\/types\/post"}],"author":[{"embeddable":true,"href":"https:\/\/www.noticiasradioreflejos.com.ar\/2021\/wp-json\/wp\/v2\/users\/3"}],"replies":[{"embeddable":true,"href":"https:\/\/www.noticiasradioreflejos.com.ar\/2021\/wp-json\/wp\/v2\/comments?post=128644"}],"version-history":[{"count":1,"href":"https:\/\/www.noticiasradioreflejos.com.ar\/2021\/wp-json\/wp\/v2\/posts\/128644\/revisions"}],"predecessor-version":[{"id":128646,"href":"https:\/\/www.noticiasradioreflejos.com.ar\/2021\/wp-json\/wp\/v2\/posts\/128644\/revisions\/128646"}],"wp:featuredmedia":[{"embeddable":true,"href":"https:\/\/www.noticiasradioreflejos.com.ar\/2021\/wp-json\/wp\/v2\/media\/128645"}],"wp:attachment":[{"href":"https:\/\/www.noticiasradioreflejos.com.ar\/2021\/wp-json\/wp\/v2\/media?parent=128644"}],"wp:term":[{"taxonomy":"category","embeddable":true,"href":"https:\/\/www.noticiasradioreflejos.com.ar\/2021\/wp-json\/wp\/v2\/categories?post=128644"},{"taxonomy":"post_tag","embeddable":true,"href":"https:\/\/www.noticiasradioreflejos.com.ar\/2021\/wp-json\/wp\/v2\/tags?post=128644"}],"curies":[{"name":"wp","href":"https:\/\/api.w.org\/{rel}","templated":true}]}}