{"id":128634,"date":"2025-11-19T20:14:28","date_gmt":"2025-11-19T23:14:28","guid":{"rendered":"https:\/\/www.noticiasradioreflejos.com.ar\/2021\/?p=128634"},"modified":"2025-11-19T20:14:28","modified_gmt":"2025-11-19T23:14:28","slug":"el-abrazo-peron-balbin-un-gesto-que-aun-interpela-a-la-argentina","status":"publish","type":"post","link":"https:\/\/www.noticiasradioreflejos.com.ar\/2021\/el-abrazo-peron-balbin-un-gesto-que-aun-interpela-a-la-argentina\/","title":{"rendered":"EL ABRAZO PER\u00d3N &#8211; BALB\u00cdN: un gesto que a\u00fan interpela a la Argentina"},"content":{"rendered":"<p>El hist\u00f3rico abrazo entre Juan Per\u00f3n y Ricardo Balb\u00edn, el 19 noviembre de 1972, no fue una escenograf\u00eda armada ni un gesto aislado: fue una decisi\u00f3n pol\u00edtica de enorme profundidad.<\/p>\n<p><!--more--><\/p>\n<p>En un pa\u00eds desgarrado por d\u00e9cadas de enfrentamientos, proscripciones y violencias cruzadas, ese abrazo condens\u00f3 una se\u00f1al potente: dos conductores que hab\u00edan estado en veredas opuestas, incluso enfrentados con dureza, reconoc\u00edan que la Naci\u00f3n estaba por encima de sus diferencias. En aquel contexto de fragilidad institucional y tensi\u00f3n social, el gesto fue un llamado a la madurez pol\u00edtica, al reencuentro y a la responsabilidad hist\u00f3rica.<\/p>\n<p>El significado central de aquel abrazo no fue la reconciliaci\u00f3n personal, sino la comprensi\u00f3n de que sin acuerdos b\u00e1sicos no hay pa\u00eds que pueda sostenerse. Per\u00f3n hablaba de \u201cunidad nacional\u201d como estrategia de supervivencia de la Argentina; Balb\u00edn, por su parte, comprend\u00eda que la legitimidad pol\u00edtica deb\u00eda reemplazar definitivamente a la proscripci\u00f3n. Ambos entendieron que el conflicto permanente no construye futuro, y que gobernar exige grandeza, previsi\u00f3n y la capacidad de reconocer al otro como parte necesaria del proyecto colectivo.<\/p>\n<p>Hoy, cuando la pol\u00edtica argentina parece fragmentada entre insultos, marketing y l\u00f3gicas de demolici\u00f3n, ese abrazo nos recuerda que el adversario no es un enemigo y que ning\u00fan dirigente, por poderoso que se crea, puede conducir una naci\u00f3n fracturada. Para la provincia de Buenos Aires -territorio clave donde conviven todas las tensiones econ\u00f3micas, sociales y culturales del pa\u00eds- la lectura es a\u00fan m\u00e1s fuerte: sin acuerdos transversales, sin di\u00e1logo productivo y sin un horizonte compartido, no hay reforma posible y no hay desarrollo real.<\/p>\n<p>La ense\u00f1anza del abrazo Per\u00f3n\u2013Balb\u00edn para el presente es clara: la Argentina necesita recuperar la cultura del ACUERDO. No un PACTO de c\u00fapulas, sino un compromiso profundo que ordene la pol\u00edtica y priorice al pueblo por encima de las identidades partidarias. Los bonaerenses, que padecemos a diario los efectos del centralismo, la desigualdad territorial y la ausencia de un proyecto provincial propio, deben leer ese gesto como un llamado a construir acuerdos para generar las mayor\u00edas que permitan transformar la provincia en una verdadera locomotora federal.<\/p>\n<p>As\u00ed como en 1972 estos dos conductores entendieron que el pa\u00eds estaba primero, hoy la dirigencia tiene la obligaci\u00f3n hist\u00f3rica de reencontrarse, debatir sin odio y acordar un rumbo com\u00fan. Solo as\u00ed la Argentina dejar\u00e1 de repetirse en su crisis c\u00edclica y podr\u00e1 caminar, de una vez por todas, hacia una comunidad pol\u00edtica madura, justa y organizada.<\/p>\n<p>Luis Gotte<br \/>\nla trinchera bonaerense<\/p>\n","protected":false},"excerpt":{"rendered":"<p>El hist\u00f3rico abrazo entre Juan Per\u00f3n y Ricardo Balb\u00edn, el 19 noviembre de 1972, no fue una escenograf\u00eda armada ni un gesto aislado: fue una decisi\u00f3n pol\u00edtica de enorme profundidad.<\/p>\n","protected":false},"author":3,"featured_media":128635,"comment_status":"closed","ping_status":"closed","sticky":false,"template":"","format":"standard","meta":{"footnotes":""},"categories":[24,26],"tags":[],"class_list":["post-128634","post","type-post","status-publish","format-standard","has-post-thumbnail","hentry","category-politica","category-sociedad"],"yoast_head":"<!-- This site is optimized with the Yoast SEO plugin v25.9 - https:\/\/yoast.com\/wordpress\/plugins\/seo\/ -->\n<title>EL ABRAZO PER\u00d3N - BALB\u00cdN: un gesto que a\u00fan interpela a la Argentina - Noticias Radio Reflejos<\/title>\n<meta name=\"robots\" content=\"index, follow, max-snippet:-1, max-image-preview:large, max-video-preview:-1\" \/>\n<link rel=\"canonical\" href=\"https:\/\/www.noticiasradioreflejos.com.ar\/2021\/el-abrazo-peron-balbin-un-gesto-que-aun-interpela-a-la-argentina\/\" \/>\n<meta property=\"og:locale\" content=\"es_ES\" \/>\n<meta property=\"og:type\" content=\"article\" \/>\n<meta property=\"og:title\" content=\"EL ABRAZO PER\u00d3N - BALB\u00cdN: un gesto que a\u00fan interpela a la Argentina - Noticias Radio Reflejos\" \/>\n<meta property=\"og:description\" content=\"El hist\u00f3rico abrazo entre Juan Per\u00f3n y Ricardo Balb\u00edn, el 19 noviembre de 1972, no fue una escenograf\u00eda armada ni un gesto aislado: fue una decisi\u00f3n pol\u00edtica de enorme profundidad.\" \/>\n<meta property=\"og:url\" content=\"https:\/\/www.noticiasradioreflejos.com.ar\/2021\/el-abrazo-peron-balbin-un-gesto-que-aun-interpela-a-la-argentina\/\" \/>\n<meta property=\"og:site_name\" content=\"Noticias Radio Reflejos\" \/>\n<meta property=\"article:published_time\" content=\"2025-11-19T23:14:28+00:00\" \/>\n<meta property=\"og:image\" content=\"https:\/\/www.noticiasradioreflejos.com.ar\/2021\/wp-content\/uploads\/2025\/11\/Peron-Balbin.jpg\" \/>\n\t<meta property=\"og:image:width\" content=\"720\" \/>\n\t<meta property=\"og:image:height\" content=\"447\" \/>\n\t<meta property=\"og:image:type\" content=\"image\/jpeg\" \/>\n<meta name=\"author\" content=\"Arnaldo Botto\" \/>\n<meta name=\"twitter:card\" content=\"summary_large_image\" \/>\n<script type=\"application\/ld+json\" class=\"yoast-schema-graph\">{\"@context\":\"https:\/\/schema.org\",\"@graph\":[{\"@type\":\"WebPage\",\"@id\":\"https:\/\/www.noticiasradioreflejos.com.ar\/2021\/el-abrazo-peron-balbin-un-gesto-que-aun-interpela-a-la-argentina\/\",\"url\":\"https:\/\/www.noticiasradioreflejos.com.ar\/2021\/el-abrazo-peron-balbin-un-gesto-que-aun-interpela-a-la-argentina\/\",\"name\":\"EL ABRAZO PER\u00d3N - BALB\u00cdN: un gesto que a\u00fan interpela a la Argentina - Noticias Radio Reflejos\",\"isPartOf\":{\"@id\":\"https:\/\/www.noticiasradioreflejos.com.ar\/2021\/#website\"},\"primaryImageOfPage\":{\"@id\":\"https:\/\/www.noticiasradioreflejos.com.ar\/2021\/el-abrazo-peron-balbin-un-gesto-que-aun-interpela-a-la-argentina\/#primaryimage\"},\"image\":{\"@id\":\"https:\/\/www.noticiasradioreflejos.com.ar\/2021\/el-abrazo-peron-balbin-un-gesto-que-aun-interpela-a-la-argentina\/#primaryimage\"},\"thumbnailUrl\":\"https:\/\/www.noticiasradioreflejos.com.ar\/2021\/wp-content\/uploads\/2025\/11\/Peron-Balbin.jpg\",\"datePublished\":\"2025-11-19T23:14:28+00:00\",\"author\":{\"@id\":\"https:\/\/www.noticiasradioreflejos.com.ar\/2021\/#\/schema\/person\/ad82545263dcc5ec0996818884fd5fb1\"},\"breadcrumb\":{\"@id\":\"https:\/\/www.noticiasradioreflejos.com.ar\/2021\/el-abrazo-peron-balbin-un-gesto-que-aun-interpela-a-la-argentina\/#breadcrumb\"},\"inLanguage\":\"es\",\"potentialAction\":[{\"@type\":\"ReadAction\",\"target\":[\"https:\/\/www.noticiasradioreflejos.com.ar\/2021\/el-abrazo-peron-balbin-un-gesto-que-aun-interpela-a-la-argentina\/\"]}]},{\"@type\":\"ImageObject\",\"inLanguage\":\"es\",\"@id\":\"https:\/\/www.noticiasradioreflejos.com.ar\/2021\/el-abrazo-peron-balbin-un-gesto-que-aun-interpela-a-la-argentina\/#primaryimage\",\"url\":\"https:\/\/www.noticiasradioreflejos.com.ar\/2021\/wp-content\/uploads\/2025\/11\/Peron-Balbin.jpg\",\"contentUrl\":\"https:\/\/www.noticiasradioreflejos.com.ar\/2021\/wp-content\/uploads\/2025\/11\/Peron-Balbin.jpg\",\"width\":720,\"height\":447},{\"@type\":\"BreadcrumbList\",\"@id\":\"https:\/\/www.noticiasradioreflejos.com.ar\/2021\/el-abrazo-peron-balbin-un-gesto-que-aun-interpela-a-la-argentina\/#breadcrumb\",\"itemListElement\":[{\"@type\":\"ListItem\",\"position\":1,\"name\":\"Portada\",\"item\":\"https:\/\/www.noticiasradioreflejos.com.ar\/2021\/\"},{\"@type\":\"ListItem\",\"position\":2,\"name\":\"EL ABRAZO PER\u00d3N &#8211; BALB\u00cdN: un gesto que a\u00fan interpela a la Argentina\"}]},{\"@type\":\"WebSite\",\"@id\":\"https:\/\/www.noticiasradioreflejos.com.ar\/2021\/#website\",\"url\":\"https:\/\/www.noticiasradioreflejos.com.ar\/2021\/\",\"name\":\"Noticias Radio Reflejos\",\"description\":\"Las noticias de mi comarca\",\"potentialAction\":[{\"@type\":\"SearchAction\",\"target\":{\"@type\":\"EntryPoint\",\"urlTemplate\":\"https:\/\/www.noticiasradioreflejos.com.ar\/2021\/?s={search_term_string}\"},\"query-input\":{\"@type\":\"PropertyValueSpecification\",\"valueRequired\":true,\"valueName\":\"search_term_string\"}}],\"inLanguage\":\"es\"},{\"@type\":\"Person\",\"@id\":\"https:\/\/www.noticiasradioreflejos.com.ar\/2021\/#\/schema\/person\/ad82545263dcc5ec0996818884fd5fb1\",\"name\":\"Arnaldo Botto\",\"image\":{\"@type\":\"ImageObject\",\"inLanguage\":\"es\",\"@id\":\"https:\/\/www.noticiasradioreflejos.com.ar\/2021\/#\/schema\/person\/image\/\",\"url\":\"https:\/\/secure.gravatar.com\/avatar\/55cb5e37c1efa326397366e6974cb338056df65cb50e7d64d1cf314e87504837?s=96&d=mm&r=g\",\"contentUrl\":\"https:\/\/secure.gravatar.com\/avatar\/55cb5e37c1efa326397366e6974cb338056df65cb50e7d64d1cf314e87504837?s=96&d=mm&r=g\",\"caption\":\"Arnaldo Botto\"},\"url\":\"https:\/\/www.noticiasradioreflejos.com.ar\/2021\/author\/arnaldo\/\"}]}<\/script>\n<!-- \/ Yoast SEO plugin. -->","yoast_head_json":{"title":"EL ABRAZO PER\u00d3N - BALB\u00cdN: un gesto que a\u00fan interpela a la Argentina - Noticias Radio Reflejos","robots":{"index":"index","follow":"follow","max-snippet":"max-snippet:-1","max-image-preview":"max-image-preview:large","max-video-preview":"max-video-preview:-1"},"canonical":"https:\/\/www.noticiasradioreflejos.com.ar\/2021\/el-abrazo-peron-balbin-un-gesto-que-aun-interpela-a-la-argentina\/","og_locale":"es_ES","og_type":"article","og_title":"EL ABRAZO PER\u00d3N - BALB\u00cdN: un gesto que a\u00fan interpela a la Argentina - Noticias Radio Reflejos","og_description":"El hist\u00f3rico abrazo entre Juan Per\u00f3n y Ricardo Balb\u00edn, el 19 noviembre de 1972, no fue una escenograf\u00eda armada ni un gesto aislado: fue una decisi\u00f3n pol\u00edtica de enorme profundidad.","og_url":"https:\/\/www.noticiasradioreflejos.com.ar\/2021\/el-abrazo-peron-balbin-un-gesto-que-aun-interpela-a-la-argentina\/","og_site_name":"Noticias Radio Reflejos","article_published_time":"2025-11-19T23:14:28+00:00","og_image":[{"width":720,"height":447,"url":"https:\/\/www.noticiasradioreflejos.com.ar\/2021\/wp-content\/uploads\/2025\/11\/Peron-Balbin.jpg","type":"image\/jpeg"}],"author":"Arnaldo Botto","twitter_card":"summary_large_image","schema":{"@context":"https:\/\/schema.org","@graph":[{"@type":"WebPage","@id":"https:\/\/www.noticiasradioreflejos.com.ar\/2021\/el-abrazo-peron-balbin-un-gesto-que-aun-interpela-a-la-argentina\/","url":"https:\/\/www.noticiasradioreflejos.com.ar\/2021\/el-abrazo-peron-balbin-un-gesto-que-aun-interpela-a-la-argentina\/","name":"EL ABRAZO PER\u00d3N - BALB\u00cdN: un gesto que a\u00fan interpela a la Argentina - Noticias Radio Reflejos","isPartOf":{"@id":"https:\/\/www.noticiasradioreflejos.com.ar\/2021\/#website"},"primaryImageOfPage":{"@id":"https:\/\/www.noticiasradioreflejos.com.ar\/2021\/el-abrazo-peron-balbin-un-gesto-que-aun-interpela-a-la-argentina\/#primaryimage"},"image":{"@id":"https:\/\/www.noticiasradioreflejos.com.ar\/2021\/el-abrazo-peron-balbin-un-gesto-que-aun-interpela-a-la-argentina\/#primaryimage"},"thumbnailUrl":"https:\/\/www.noticiasradioreflejos.com.ar\/2021\/wp-content\/uploads\/2025\/11\/Peron-Balbin.jpg","datePublished":"2025-11-19T23:14:28+00:00","author":{"@id":"https:\/\/www.noticiasradioreflejos.com.ar\/2021\/#\/schema\/person\/ad82545263dcc5ec0996818884fd5fb1"},"breadcrumb":{"@id":"https:\/\/www.noticiasradioreflejos.com.ar\/2021\/el-abrazo-peron-balbin-un-gesto-que-aun-interpela-a-la-argentina\/#breadcrumb"},"inLanguage":"es","potentialAction":[{"@type":"ReadAction","target":["https:\/\/www.noticiasradioreflejos.com.ar\/2021\/el-abrazo-peron-balbin-un-gesto-que-aun-interpela-a-la-argentina\/"]}]},{"@type":"ImageObject","inLanguage":"es","@id":"https:\/\/www.noticiasradioreflejos.com.ar\/2021\/el-abrazo-peron-balbin-un-gesto-que-aun-interpela-a-la-argentina\/#primaryimage","url":"https:\/\/www.noticiasradioreflejos.com.ar\/2021\/wp-content\/uploads\/2025\/11\/Peron-Balbin.jpg","contentUrl":"https:\/\/www.noticiasradioreflejos.com.ar\/2021\/wp-content\/uploads\/2025\/11\/Peron-Balbin.jpg","width":720,"height":447},{"@type":"BreadcrumbList","@id":"https:\/\/www.noticiasradioreflejos.com.ar\/2021\/el-abrazo-peron-balbin-un-gesto-que-aun-interpela-a-la-argentina\/#breadcrumb","itemListElement":[{"@type":"ListItem","position":1,"name":"Portada","item":"https:\/\/www.noticiasradioreflejos.com.ar\/2021\/"},{"@type":"ListItem","position":2,"name":"EL ABRAZO PER\u00d3N &#8211; BALB\u00cdN: un gesto que a\u00fan interpela a la Argentina"}]},{"@type":"WebSite","@id":"https:\/\/www.noticiasradioreflejos.com.ar\/2021\/#website","url":"https:\/\/www.noticiasradioreflejos.com.ar\/2021\/","name":"Noticias Radio Reflejos","description":"Las noticias de mi comarca","potentialAction":[{"@type":"SearchAction","target":{"@type":"EntryPoint","urlTemplate":"https:\/\/www.noticiasradioreflejos.com.ar\/2021\/?s={search_term_string}"},"query-input":{"@type":"PropertyValueSpecification","valueRequired":true,"valueName":"search_term_string"}}],"inLanguage":"es"},{"@type":"Person","@id":"https:\/\/www.noticiasradioreflejos.com.ar\/2021\/#\/schema\/person\/ad82545263dcc5ec0996818884fd5fb1","name":"Arnaldo Botto","image":{"@type":"ImageObject","inLanguage":"es","@id":"https:\/\/www.noticiasradioreflejos.com.ar\/2021\/#\/schema\/person\/image\/","url":"https:\/\/secure.gravatar.com\/avatar\/55cb5e37c1efa326397366e6974cb338056df65cb50e7d64d1cf314e87504837?s=96&d=mm&r=g","contentUrl":"https:\/\/secure.gravatar.com\/avatar\/55cb5e37c1efa326397366e6974cb338056df65cb50e7d64d1cf314e87504837?s=96&d=mm&r=g","caption":"Arnaldo Botto"},"url":"https:\/\/www.noticiasradioreflejos.com.ar\/2021\/author\/arnaldo\/"}]}},"_links":{"self":[{"href":"https:\/\/www.noticiasradioreflejos.com.ar\/2021\/wp-json\/wp\/v2\/posts\/128634","targetHints":{"allow":["GET"]}}],"collection":[{"href":"https:\/\/www.noticiasradioreflejos.com.ar\/2021\/wp-json\/wp\/v2\/posts"}],"about":[{"href":"https:\/\/www.noticiasradioreflejos.com.ar\/2021\/wp-json\/wp\/v2\/types\/post"}],"author":[{"embeddable":true,"href":"https:\/\/www.noticiasradioreflejos.com.ar\/2021\/wp-json\/wp\/v2\/users\/3"}],"replies":[{"embeddable":true,"href":"https:\/\/www.noticiasradioreflejos.com.ar\/2021\/wp-json\/wp\/v2\/comments?post=128634"}],"version-history":[{"count":1,"href":"https:\/\/www.noticiasradioreflejos.com.ar\/2021\/wp-json\/wp\/v2\/posts\/128634\/revisions"}],"predecessor-version":[{"id":128636,"href":"https:\/\/www.noticiasradioreflejos.com.ar\/2021\/wp-json\/wp\/v2\/posts\/128634\/revisions\/128636"}],"wp:featuredmedia":[{"embeddable":true,"href":"https:\/\/www.noticiasradioreflejos.com.ar\/2021\/wp-json\/wp\/v2\/media\/128635"}],"wp:attachment":[{"href":"https:\/\/www.noticiasradioreflejos.com.ar\/2021\/wp-json\/wp\/v2\/media?parent=128634"}],"wp:term":[{"taxonomy":"category","embeddable":true,"href":"https:\/\/www.noticiasradioreflejos.com.ar\/2021\/wp-json\/wp\/v2\/categories?post=128634"},{"taxonomy":"post_tag","embeddable":true,"href":"https:\/\/www.noticiasradioreflejos.com.ar\/2021\/wp-json\/wp\/v2\/tags?post=128634"}],"curies":[{"name":"wp","href":"https:\/\/api.w.org\/{rel}","templated":true}]}}