{"id":128624,"date":"2025-11-19T17:43:51","date_gmt":"2025-11-19T20:43:51","guid":{"rendered":"https:\/\/www.noticiasradioreflejos.com.ar\/2021\/?p=128624"},"modified":"2025-11-19T17:43:51","modified_gmt":"2025-11-19T20:43:51","slug":"imponen-un-maximo-de-tres-personas-para-las-visitas-a-la-ex-presidenta-cristina-fernandez-de-kirchner","status":"publish","type":"post","link":"https:\/\/www.noticiasradioreflejos.com.ar\/2021\/imponen-un-maximo-de-tres-personas-para-las-visitas-a-la-ex-presidenta-cristina-fernandez-de-kirchner\/","title":{"rendered":"Imponen un m\u00e1ximo de tres personas para las visitas a la ex presidenta Cristina Fern\u00e1ndez de Kirchner"},"content":{"rendered":"<p>As\u00ed lo dispuso el Tribunal Oral Federal 2 despu\u00e9s de la reuni\u00f3n que la ex mandataria mantuvo el lunes \u00faltimo con nueve economistas.<!--more--><\/p>\n<p>El Tribunal Oral en lo Criminal Federal 2 resolvi\u00f3 modificar el r\u00e9gimen de visitas de Cristina Fern\u00e1ndez de Kirchner,\u00a0al considerar que la ex presidenta\u00a0<strong>incumpli\u00f3 las condiciones de su prisi\u00f3n<\/strong>\u00a0domiciliaria al haber recibido de forma simult\u00e1nea a nueve personas en su domicilio sin la debida autorizaci\u00f3n judicial. La decisi\u00f3n, firmada este martes, responde a\u00a0<strong>una publicaci\u00f3n realizada el pasado 17 de noviembre<\/strong>\u00a0desde la cuenta verificada de Fern\u00e1ndez de Kirchner en la red social X, en la que informaba sobre\u00a0<strong>un encuentro en su casa con un grupo de economistas<\/strong>, en ocasi\u00f3n del D\u00eda del Militante.<\/p>\n<div class=\"partner-wrapper article-page__body-row\">\n<div class=\"second-col\">\n<p class=\"article-text\">Seg\u00fan indic\u00f3, el grupo le present\u00f3 un documento econ\u00f3mico de m\u00e1s de 400 p\u00e1ginas en representaci\u00f3n de m\u00e1s de ochenta profesionales.\u00a0<strong>Si bien las personas que participaron del encuentro figuraban en una n\u00f3mina presentada por la defensa el 12 de noviembre, la autorizaci\u00f3n solicitada no contemplaba la reuni\u00f3n simult\u00e1nea\u00a0<\/strong>de todos los visitantes. Por ello, el juez a cargo del control de la ejecuci\u00f3n de la pena consider\u00f3 que el evento se realiz\u00f3 sin autorizaci\u00f3n previa y contravino las reglas impuestas.<\/p>\n<p class=\"article-text\">La resoluci\u00f3n se\u00f1ala que este tipo de encuentros\u00a0<strong>\u201cno se compadece con la l\u00f3gica de restricci\u00f3n que caracteriza el r\u00e9gimen excepcional de prisi\u00f3n domiciliaria\u201d<\/strong>\u00a0y que desvirt\u00faan su naturaleza punitiva. Adem\u00e1s, establece que en adelante las visitas no autorizadas deber\u00e1n ser solicitadas en forma individual, con una justificaci\u00f3n concreta, fecha y hora previstas.<\/p>\n<p class=\"article-text\">El nuevo r\u00e9gimen fijado por el tribunal impone que las visitas no podr\u00e1n exceder las dos horas de duraci\u00f3n,\u00a0<strong>se permitir\u00e1n hasta dos veces por semana y no podr\u00e1n concurrir m\u00e1s de tres personas por vez.\u00a0\u00a0<\/strong>Asimismo, se mantiene la autorizaci\u00f3n general \u00fanicamente para<strong>\u00a0familiares directos, m\u00e9dicos tratantes, abogados defensores y la custodia policial,\u00a0<\/strong>conforme a las n\u00f3minas ya aprobadas.<\/p>\n<p class=\"article-text\">El fallo tambi\u00e9n dej\u00f3 sin efecto una autorizaci\u00f3n previa del 14 de noviembre, y dispuso que la Direcci\u00f3n de Control y Asistencia de Ejecuci\u00f3n Penal supervise el cumplimiento de estas nuevas pautas, con informes detallados de cada ingreso al domicilio. Finalmente, el tribunal advirti\u00f3 que, ante nuevos incumplimientos, la modalidad de prisi\u00f3n domiciliaria podr\u00e1 ser revisada y eventualmente revocada, de acuerdo al art\u00edculo 34 de la ley 24.660.<\/p>\n<h2 class=\"article-text\">CFK defendi\u00f3 la reuni\u00f3n<\/h2>\n<p class=\"article-text\">Fern\u00e1ndez de Kirchner, a su vez, defendi\u00f3 la reuni\u00f3n que mantuvo el lunes \u00faltimo con un grupo de economistas, cuestion\u00f3\u00a0a los medios que criticaron el encuentro y tild\u00f3 al mandatario Javier Milei de<strong>\u00a0\u201caprendiz de carnicero<\/strong>\u201d.\u00a0La ex mandataria afirm\u00f3 desde las redes sociales que el \u201cbestiario medi\u00e1tico\u201d lanz\u00f3 \u201cun ataque\u201d por una foto donde se la ve junto a nueve j\u00f3venes economistas que le presentaron propuestas sobre un \u201cModelo Econ\u00f3mico Nacional de crecimiento productivo y federal para el Siglo XXI\u201d.<\/p>\n<p class=\"article-text\">Seg\u00fan explic\u00f3, los especialistas asistieron \u201cautorizados\u201d por el Tribunal, al se\u00f1alar que \u201cno recibe a nadie sin previa autorizaci\u00f3n\u201d. Fern\u00e1ndez de Kirchner consider\u00f3 que la pol\u00e9mica no se debi\u00f3 a la cantidad de personas reunidas ni a que estuviera \u201chaciendo pol\u00edtica\u201d, sino a que durante el encuentro se debati\u00f3 sobre un \u201cModelo Econ\u00f3mico Nacional de crecimiento productivo y federal para el Siglo XXI\u201d y la situaci\u00f3n econ\u00f3mica del pa\u00eds bajo la gesti\u00f3n de Milei.<\/p>\n<p class=\"article-text\">En ese sentido, sostuvo que la Argentina \u201cno deja de destruir empresas y puestos de trabajo\u201d desde diciembre de 2023 y mencion\u00f3 que entre noviembre de ese a\u00f1o y agosto \u00faltimo \u201cdesaparecieron 19.164 empresas\u201d y \u201cse destruyeron 276.624 empleos registrados\u201d. La ex presidenta compar\u00f3 esos n\u00fameros con los resultados de administraciones peronistas anteriores y calific\u00f3 las pol\u00edticas actuales como \u201cuna cat\u00e1strofe\u201d.<\/p>\n<div id=\"container-after-news-outlook\"><\/div>\n<p class=\"article-text\">Adem\u00e1s, critic\u00f3 la estrategia anti inflacionaria del oficialismo, al considerar que con \u201cbrutal recesi\u00f3n, destrucci\u00f3n de puestos de trabajo, d\u00f3lar anclado y salarios congelados\u2026 m\u00e1s que de \u2018economista experto en crecimiento con o sin dinero\u2019\u2026 es de aprendiz de carnicero (con todo mi respeto a ese noble oficio)\u201d, consider\u00f3.\u00a0En el cierre del mensaje, apunt\u00f3 tambi\u00e9n contra el Poder Judicial y volvi\u00f3 a cuestionar lo que describi\u00f3 como una articulaci\u00f3n entre \u201cbestiario medi\u00e1tico\u201d y \u201cbestiario judicial\u201d.\u00a0 \u201c\u00bfPor qu\u00e9 no dejamos que directamente Clar\u00edn y La Naci\u00f3n firmen las sentencias judiciales\u2026 y nos ahorramos el 0,32% del PBI que gasta el Poder Judicial?\u201d, escribi\u00f3.<\/p>\n<figure class=\"embed-container embed-container--type-twitter \">\n<div class=\"twitter-tweet twitter-tweet-rendered\"><iframe id=\"twitter-widget-0\" class=\"\" title=\"X Post\" src=\"https:\/\/platform.twitter.com\/embed\/Tweet.html?dnt=false&amp;embedId=twitter-widget-0&amp;features=eyJ0ZndfdGltZWxpbmVfbGlzdCI6eyJidWNrZXQiOltdLCJ2ZXJzaW9uIjpudWxsfSwidGZ3X2ZvbGxvd2VyX2NvdW50X3N1bnNldCI6eyJidWNrZXQiOnRydWUsInZlcnNpb24iOm51bGx9LCJ0ZndfdHdlZXRfZWRpdF9iYWNrZW5kIjp7ImJ1Y2tldCI6Im9uIiwidmVyc2lvbiI6bnVsbH0sInRmd19yZWZzcmNfc2Vzc2lvbiI6eyJidWNrZXQiOiJvbiIsInZlcnNpb24iOm51bGx9LCJ0ZndfZm9zbnJfc29mdF9pbnRlcnZlbnRpb25zX2VuYWJsZWQiOnsiYnVja2V0Ijoib24iLCJ2ZXJzaW9uIjpudWxsfSwidGZ3X21peGVkX21lZGlhXzE1ODk3Ijp7ImJ1Y2tldCI6InRyZWF0bWVudCIsInZlcnNpb24iOm51bGx9LCJ0ZndfZXhwZXJpbWVudHNfY29va2llX2V4cGlyYXRpb24iOnsiYnVja2V0IjoxMjA5NjAwLCJ2ZXJzaW9uIjpudWxsfSwidGZ3X3Nob3dfYmlyZHdhdGNoX3Bpdm90c19lbmFibGVkIjp7ImJ1Y2tldCI6Im9uIiwidmVyc2lvbiI6bnVsbH0sInRmd19kdXBsaWNhdGVfc2NyaWJlc190b19zZXR0aW5ncyI6eyJidWNrZXQiOiJvbiIsInZlcnNpb24iOm51bGx9LCJ0ZndfdXNlX3Byb2ZpbGVfaW1hZ2Vfc2hhcGVfZW5hYmxlZCI6eyJidWNrZXQiOiJvbiIsInZlcnNpb24iOm51bGx9LCJ0ZndfdmlkZW9faGxzX2R5bmFtaWNfbWFuaWZlc3RzXzE1MDgyIjp7ImJ1Y2tldCI6InRydWVfYml0cmF0ZSIsInZlcnNpb24iOm51bGx9LCJ0ZndfbGVnYWN5X3RpbWVsaW5lX3N1bnNldCI6eyJidWNrZXQiOnRydWUsInZlcnNpb24iOm51bGx9LCJ0ZndfdHdlZXRfZWRpdF9mcm9udGVuZCI6eyJidWNrZXQiOiJvbiIsInZlcnNpb24iOm51bGx9fQ%3D%3D&amp;frame=false&amp;hideCard=false&amp;hideThread=false&amp;id=1991208670047400220&amp;lang=es&amp;origin=https%3A%2F%2Fwww.eldiarioar.com%2Fpolitica%2Fimponen-maximo-3-personas-visitas-ex-presidenta-cristina-kirchner_1_12782009.html&amp;sessionId=057c24137ad3ecc59432f62a6578ea8e7f0e3de0&amp;theme=light&amp;widgetsVersion=2615f7e52b7e0%3A1702314776716&amp;width=550px\" frameborder=\"0\" scrolling=\"no\" allowfullscreen=\"allowfullscreen\" data-gtm-yt-inspected-34399851_303=\"true\" data-gtm-yt-inspected-34399851_396=\"true\" data-gtm-yt-inspected-40=\"true\" data-tweet-id=\"1991208670047400220\" data-mce-fragment=\"1\"><\/iframe><\/div>\n<\/figure>\n<p class=\"article-text\"><em>Con informaci\u00f3n de la agencia NA<\/em><\/p>\n<\/div>\n<\/div>\n","protected":false},"excerpt":{"rendered":"<p>As\u00ed lo dispuso el Tribunal Oral Federal 2 despu\u00e9s de la reuni\u00f3n que la ex mandataria mantuvo el lunes \u00faltimo con nueve economistas.<\/p>\n","protected":false},"author":3,"featured_media":0,"comment_status":"closed","ping_status":"closed","sticky":false,"template":"","format":"standard","meta":{"footnotes":""},"categories":[57,24],"tags":[],"class_list":["post-128624","post","type-post","status-publish","format-standard","hentry","category-judiciales","category-politica"],"yoast_head":"<!-- This site is optimized with the Yoast SEO plugin v25.9 - https:\/\/yoast.com\/wordpress\/plugins\/seo\/ -->\n<title>Imponen un m\u00e1ximo de tres personas para las visitas a la ex presidenta Cristina Fern\u00e1ndez de Kirchner - Noticias Radio Reflejos<\/title>\n<meta name=\"robots\" content=\"index, follow, max-snippet:-1, max-image-preview:large, max-video-preview:-1\" \/>\n<link rel=\"canonical\" href=\"https:\/\/www.noticiasradioreflejos.com.ar\/2021\/imponen-un-maximo-de-tres-personas-para-las-visitas-a-la-ex-presidenta-cristina-fernandez-de-kirchner\/\" \/>\n<meta property=\"og:locale\" content=\"es_ES\" \/>\n<meta property=\"og:type\" content=\"article\" \/>\n<meta property=\"og:title\" content=\"Imponen un m\u00e1ximo de tres personas para las visitas a la ex presidenta Cristina Fern\u00e1ndez de Kirchner - Noticias Radio Reflejos\" \/>\n<meta property=\"og:description\" content=\"As\u00ed lo dispuso el Tribunal Oral Federal 2 despu\u00e9s de la reuni\u00f3n que la ex mandataria mantuvo el lunes \u00faltimo con nueve economistas.\" \/>\n<meta property=\"og:url\" content=\"https:\/\/www.noticiasradioreflejos.com.ar\/2021\/imponen-un-maximo-de-tres-personas-para-las-visitas-a-la-ex-presidenta-cristina-fernandez-de-kirchner\/\" \/>\n<meta property=\"og:site_name\" content=\"Noticias Radio Reflejos\" \/>\n<meta property=\"article:published_time\" content=\"2025-11-19T20:43:51+00:00\" \/>\n<meta property=\"og:image\" content=\"https:\/\/www.noticiasradioreflejos.com.ar\/2021\/wp-content\/uploads\/2025\/11\/cristina-en-su-casa.webp\" \/>\n\t<meta property=\"og:image:width\" content=\"1200\" \/>\n\t<meta property=\"og:image:height\" content=\"675\" \/>\n\t<meta property=\"og:image:type\" content=\"image\/webp\" \/>\n<meta name=\"author\" content=\"Arnaldo Botto\" \/>\n<meta name=\"twitter:card\" content=\"summary_large_image\" \/>\n<script type=\"application\/ld+json\" class=\"yoast-schema-graph\">{\"@context\":\"https:\/\/schema.org\",\"@graph\":[{\"@type\":\"WebPage\",\"@id\":\"https:\/\/www.noticiasradioreflejos.com.ar\/2021\/imponen-un-maximo-de-tres-personas-para-las-visitas-a-la-ex-presidenta-cristina-fernandez-de-kirchner\/\",\"url\":\"https:\/\/www.noticiasradioreflejos.com.ar\/2021\/imponen-un-maximo-de-tres-personas-para-las-visitas-a-la-ex-presidenta-cristina-fernandez-de-kirchner\/\",\"name\":\"Imponen un m\u00e1ximo de tres personas para las visitas a la ex presidenta Cristina Fern\u00e1ndez de Kirchner - Noticias Radio Reflejos\",\"isPartOf\":{\"@id\":\"https:\/\/www.noticiasradioreflejos.com.ar\/2021\/#website\"},\"datePublished\":\"2025-11-19T20:43:51+00:00\",\"author\":{\"@id\":\"https:\/\/www.noticiasradioreflejos.com.ar\/2021\/#\/schema\/person\/ad82545263dcc5ec0996818884fd5fb1\"},\"breadcrumb\":{\"@id\":\"https:\/\/www.noticiasradioreflejos.com.ar\/2021\/imponen-un-maximo-de-tres-personas-para-las-visitas-a-la-ex-presidenta-cristina-fernandez-de-kirchner\/#breadcrumb\"},\"inLanguage\":\"es\",\"potentialAction\":[{\"@type\":\"ReadAction\",\"target\":[\"https:\/\/www.noticiasradioreflejos.com.ar\/2021\/imponen-un-maximo-de-tres-personas-para-las-visitas-a-la-ex-presidenta-cristina-fernandez-de-kirchner\/\"]}]},{\"@type\":\"BreadcrumbList\",\"@id\":\"https:\/\/www.noticiasradioreflejos.com.ar\/2021\/imponen-un-maximo-de-tres-personas-para-las-visitas-a-la-ex-presidenta-cristina-fernandez-de-kirchner\/#breadcrumb\",\"itemListElement\":[{\"@type\":\"ListItem\",\"position\":1,\"name\":\"Portada\",\"item\":\"https:\/\/www.noticiasradioreflejos.com.ar\/2021\/\"},{\"@type\":\"ListItem\",\"position\":2,\"name\":\"Imponen un m\u00e1ximo de tres personas para las visitas a la ex presidenta Cristina Fern\u00e1ndez de Kirchner\"}]},{\"@type\":\"WebSite\",\"@id\":\"https:\/\/www.noticiasradioreflejos.com.ar\/2021\/#website\",\"url\":\"https:\/\/www.noticiasradioreflejos.com.ar\/2021\/\",\"name\":\"Noticias Radio Reflejos\",\"description\":\"Las noticias de mi comarca\",\"potentialAction\":[{\"@type\":\"SearchAction\",\"target\":{\"@type\":\"EntryPoint\",\"urlTemplate\":\"https:\/\/www.noticiasradioreflejos.com.ar\/2021\/?s={search_term_string}\"},\"query-input\":{\"@type\":\"PropertyValueSpecification\",\"valueRequired\":true,\"valueName\":\"search_term_string\"}}],\"inLanguage\":\"es\"},{\"@type\":\"Person\",\"@id\":\"https:\/\/www.noticiasradioreflejos.com.ar\/2021\/#\/schema\/person\/ad82545263dcc5ec0996818884fd5fb1\",\"name\":\"Arnaldo Botto\",\"image\":{\"@type\":\"ImageObject\",\"inLanguage\":\"es\",\"@id\":\"https:\/\/www.noticiasradioreflejos.com.ar\/2021\/#\/schema\/person\/image\/\",\"url\":\"https:\/\/secure.gravatar.com\/avatar\/55cb5e37c1efa326397366e6974cb338056df65cb50e7d64d1cf314e87504837?s=96&d=mm&r=g\",\"contentUrl\":\"https:\/\/secure.gravatar.com\/avatar\/55cb5e37c1efa326397366e6974cb338056df65cb50e7d64d1cf314e87504837?s=96&d=mm&r=g\",\"caption\":\"Arnaldo Botto\"},\"url\":\"https:\/\/www.noticiasradioreflejos.com.ar\/2021\/author\/arnaldo\/\"}]}<\/script>\n<!-- \/ Yoast SEO plugin. -->","yoast_head_json":{"title":"Imponen un m\u00e1ximo de tres personas para las visitas a la ex presidenta Cristina Fern\u00e1ndez de Kirchner - Noticias Radio Reflejos","robots":{"index":"index","follow":"follow","max-snippet":"max-snippet:-1","max-image-preview":"max-image-preview:large","max-video-preview":"max-video-preview:-1"},"canonical":"https:\/\/www.noticiasradioreflejos.com.ar\/2021\/imponen-un-maximo-de-tres-personas-para-las-visitas-a-la-ex-presidenta-cristina-fernandez-de-kirchner\/","og_locale":"es_ES","og_type":"article","og_title":"Imponen un m\u00e1ximo de tres personas para las visitas a la ex presidenta Cristina Fern\u00e1ndez de Kirchner - Noticias Radio Reflejos","og_description":"As\u00ed lo dispuso el Tribunal Oral Federal 2 despu\u00e9s de la reuni\u00f3n que la ex mandataria mantuvo el lunes \u00faltimo con nueve economistas.","og_url":"https:\/\/www.noticiasradioreflejos.com.ar\/2021\/imponen-un-maximo-de-tres-personas-para-las-visitas-a-la-ex-presidenta-cristina-fernandez-de-kirchner\/","og_site_name":"Noticias Radio Reflejos","article_published_time":"2025-11-19T20:43:51+00:00","og_image":[{"width":1200,"height":675,"url":"https:\/\/www.noticiasradioreflejos.com.ar\/2021\/wp-content\/uploads\/2025\/11\/cristina-en-su-casa.webp","type":"image\/webp"}],"author":"Arnaldo Botto","twitter_card":"summary_large_image","schema":{"@context":"https:\/\/schema.org","@graph":[{"@type":"WebPage","@id":"https:\/\/www.noticiasradioreflejos.com.ar\/2021\/imponen-un-maximo-de-tres-personas-para-las-visitas-a-la-ex-presidenta-cristina-fernandez-de-kirchner\/","url":"https:\/\/www.noticiasradioreflejos.com.ar\/2021\/imponen-un-maximo-de-tres-personas-para-las-visitas-a-la-ex-presidenta-cristina-fernandez-de-kirchner\/","name":"Imponen un m\u00e1ximo de tres personas para las visitas a la ex presidenta Cristina Fern\u00e1ndez de Kirchner - Noticias Radio Reflejos","isPartOf":{"@id":"https:\/\/www.noticiasradioreflejos.com.ar\/2021\/#website"},"datePublished":"2025-11-19T20:43:51+00:00","author":{"@id":"https:\/\/www.noticiasradioreflejos.com.ar\/2021\/#\/schema\/person\/ad82545263dcc5ec0996818884fd5fb1"},"breadcrumb":{"@id":"https:\/\/www.noticiasradioreflejos.com.ar\/2021\/imponen-un-maximo-de-tres-personas-para-las-visitas-a-la-ex-presidenta-cristina-fernandez-de-kirchner\/#breadcrumb"},"inLanguage":"es","potentialAction":[{"@type":"ReadAction","target":["https:\/\/www.noticiasradioreflejos.com.ar\/2021\/imponen-un-maximo-de-tres-personas-para-las-visitas-a-la-ex-presidenta-cristina-fernandez-de-kirchner\/"]}]},{"@type":"BreadcrumbList","@id":"https:\/\/www.noticiasradioreflejos.com.ar\/2021\/imponen-un-maximo-de-tres-personas-para-las-visitas-a-la-ex-presidenta-cristina-fernandez-de-kirchner\/#breadcrumb","itemListElement":[{"@type":"ListItem","position":1,"name":"Portada","item":"https:\/\/www.noticiasradioreflejos.com.ar\/2021\/"},{"@type":"ListItem","position":2,"name":"Imponen un m\u00e1ximo de tres personas para las visitas a la ex presidenta Cristina Fern\u00e1ndez de Kirchner"}]},{"@type":"WebSite","@id":"https:\/\/www.noticiasradioreflejos.com.ar\/2021\/#website","url":"https:\/\/www.noticiasradioreflejos.com.ar\/2021\/","name":"Noticias Radio Reflejos","description":"Las noticias de mi comarca","potentialAction":[{"@type":"SearchAction","target":{"@type":"EntryPoint","urlTemplate":"https:\/\/www.noticiasradioreflejos.com.ar\/2021\/?s={search_term_string}"},"query-input":{"@type":"PropertyValueSpecification","valueRequired":true,"valueName":"search_term_string"}}],"inLanguage":"es"},{"@type":"Person","@id":"https:\/\/www.noticiasradioreflejos.com.ar\/2021\/#\/schema\/person\/ad82545263dcc5ec0996818884fd5fb1","name":"Arnaldo Botto","image":{"@type":"ImageObject","inLanguage":"es","@id":"https:\/\/www.noticiasradioreflejos.com.ar\/2021\/#\/schema\/person\/image\/","url":"https:\/\/secure.gravatar.com\/avatar\/55cb5e37c1efa326397366e6974cb338056df65cb50e7d64d1cf314e87504837?s=96&d=mm&r=g","contentUrl":"https:\/\/secure.gravatar.com\/avatar\/55cb5e37c1efa326397366e6974cb338056df65cb50e7d64d1cf314e87504837?s=96&d=mm&r=g","caption":"Arnaldo Botto"},"url":"https:\/\/www.noticiasradioreflejos.com.ar\/2021\/author\/arnaldo\/"}]}},"_links":{"self":[{"href":"https:\/\/www.noticiasradioreflejos.com.ar\/2021\/wp-json\/wp\/v2\/posts\/128624","targetHints":{"allow":["GET"]}}],"collection":[{"href":"https:\/\/www.noticiasradioreflejos.com.ar\/2021\/wp-json\/wp\/v2\/posts"}],"about":[{"href":"https:\/\/www.noticiasradioreflejos.com.ar\/2021\/wp-json\/wp\/v2\/types\/post"}],"author":[{"embeddable":true,"href":"https:\/\/www.noticiasradioreflejos.com.ar\/2021\/wp-json\/wp\/v2\/users\/3"}],"replies":[{"embeddable":true,"href":"https:\/\/www.noticiasradioreflejos.com.ar\/2021\/wp-json\/wp\/v2\/comments?post=128624"}],"version-history":[{"count":1,"href":"https:\/\/www.noticiasradioreflejos.com.ar\/2021\/wp-json\/wp\/v2\/posts\/128624\/revisions"}],"predecessor-version":[{"id":128626,"href":"https:\/\/www.noticiasradioreflejos.com.ar\/2021\/wp-json\/wp\/v2\/posts\/128624\/revisions\/128626"}],"wp:attachment":[{"href":"https:\/\/www.noticiasradioreflejos.com.ar\/2021\/wp-json\/wp\/v2\/media?parent=128624"}],"wp:term":[{"taxonomy":"category","embeddable":true,"href":"https:\/\/www.noticiasradioreflejos.com.ar\/2021\/wp-json\/wp\/v2\/categories?post=128624"},{"taxonomy":"post_tag","embeddable":true,"href":"https:\/\/www.noticiasradioreflejos.com.ar\/2021\/wp-json\/wp\/v2\/tags?post=128624"}],"curies":[{"name":"wp","href":"https:\/\/api.w.org\/{rel}","templated":true}]}}