{"id":128616,"date":"2025-11-19T13:44:03","date_gmt":"2025-11-19T16:44:03","guid":{"rendered":"https:\/\/www.noticiasradioreflejos.com.ar\/2021\/?p=128616"},"modified":"2025-11-19T13:44:03","modified_gmt":"2025-11-19T16:44:03","slug":"detuvieron-a-un-hombre-en-bahia-blanca-por-tenencia-y-distribucion-de-material-de-abuso-sexual-infantil","status":"publish","type":"post","link":"https:\/\/www.noticiasradioreflejos.com.ar\/2021\/detuvieron-a-un-hombre-en-bahia-blanca-por-tenencia-y-distribucion-de-material-de-abuso-sexual-infantil\/","title":{"rendered":"Detuvieron a un hombre en Bah\u00eda Blanca por tenencia y distribuci\u00f3n de material de abuso sexual infantil"},"content":{"rendered":"<p>Cristian Hern\u00e1n Grimalt Villanueva fue capturado en su vivienda ubicada en Charlone al 300.<!--more--><\/p>\n<p>Fiscal\u00eda General inform\u00f3 que en las \u00faltimas horas fue detenido un hombre por\u00a0<strong>tenencia y distribuci\u00f3n de material de abuso sexual infantil<\/strong>.<\/p>\n<p>En el marco de una causa que tramita en la UFIJ N\u00ba 20, a cargo del fiscal Rodolfo De Luc\u00eda, el Juzgado de Garant\u00edas N\u00ba 1 orden\u00f3 la\u00a0<strong>detenci\u00f3n de Cristian Hern\u00e1n Grimalt Villanuev<\/strong>a en su domicilio de Charlone al 300.<\/p>\n<p>La\u00a0<strong>investigaci\u00f3n se inici\u00f3 en abril de 2024<\/strong>\u00a0cuando NCMEC (National Center for Missing &amp; Exploited Children) emiti\u00f3 una alerta luego de detectar que se hab\u00edan compartido videos con contenido il\u00edcito a trav\u00e9s de Messenger de Facebook. Esas actuaciones las enviaron al Departamento Judicial de Bah\u00eda Blanca para su an\u00e1lisis.<\/p>\n<p>Se lograron individualizar un total de 6 videos en los cuales se observaba a menores de 13 a\u00f1os siendo sometidos a abusos sexuales.<\/p>\n<p>El\u00a0<strong>19 de agosto de 2024 fue allanada su vivienda<\/strong>\u00a0y personal de la Divisi\u00f3n de Casos Especiales secuestr\u00f3 un pen drive que conten\u00eda 277 archivos con contenido de abuso sexual infantil.<\/p>\n<p>Con esos elementos de prueba reunidos, conversaciones que mantuvo con otros usuarios donde solicita e intercambia material prohibido, sumado al hallazgo de numerosos videos e im\u00e1genes en su tel\u00e9fono celular, se solicit\u00f3 la detenci\u00f3n de Grimalt Villanueva.<\/p>\n<p>El acusado ser\u00e1 indagado en las pr\u00f3ximas horas por los delitos de tenencia y distribuci\u00f3n de representaciones de menores de 18 a\u00f1os dedicados a actividades sexuales expl\u00edcitas o de sus partes genitales con fines sexuales, agravada por ser las v\u00edctimas menores de 13 a\u00f1os.<\/p>\n<\/div>\n<\/div>\n","protected":false},"excerpt":{"rendered":"<p>Cristian Hern\u00e1n Grimalt Villanueva fue capturado en su vivienda ubicada en Charlone al 300.<\/p>\n","protected":false},"author":3,"featured_media":128617,"comment_status":"closed","ping_status":"closed","sticky":false,"template":"","format":"standard","meta":{"footnotes":""},"categories":[57,29],"tags":[],"class_list":["post-128616","post","type-post","status-publish","format-standard","has-post-thumbnail","hentry","category-judiciales","category-policiales"],"yoast_head":"<!-- This site is optimized with the Yoast SEO plugin v25.9 - https:\/\/yoast.com\/wordpress\/plugins\/seo\/ -->\n<title>Detuvieron a un hombre en Bah\u00eda Blanca por tenencia y distribuci\u00f3n de material de abuso sexual infantil - Noticias Radio Reflejos<\/title>\n<meta name=\"robots\" content=\"index, follow, max-snippet:-1, max-image-preview:large, max-video-preview:-1\" \/>\n<link rel=\"canonical\" href=\"https:\/\/www.noticiasradioreflejos.com.ar\/2021\/detuvieron-a-un-hombre-en-bahia-blanca-por-tenencia-y-distribucion-de-material-de-abuso-sexual-infantil\/\" \/>\n<meta property=\"og:locale\" content=\"es_ES\" \/>\n<meta property=\"og:type\" content=\"article\" \/>\n<meta property=\"og:title\" content=\"Detuvieron a un hombre en Bah\u00eda Blanca por tenencia y distribuci\u00f3n de material de abuso sexual infantil - Noticias Radio Reflejos\" \/>\n<meta property=\"og:description\" content=\"Cristian Hern\u00e1n Grimalt Villanueva fue capturado en su vivienda ubicada en Charlone al 300.\" \/>\n<meta property=\"og:url\" content=\"https:\/\/www.noticiasradioreflejos.com.ar\/2021\/detuvieron-a-un-hombre-en-bahia-blanca-por-tenencia-y-distribucion-de-material-de-abuso-sexual-infantil\/\" \/>\n<meta property=\"og:site_name\" content=\"Noticias Radio Reflejos\" \/>\n<meta property=\"article:published_time\" content=\"2025-11-19T16:44:03+00:00\" \/>\n<meta property=\"og:image\" content=\"https:\/\/www.noticiasradioreflejos.com.ar\/2021\/wp-content\/uploads\/2025\/11\/fiscalia.webp\" \/>\n\t<meta property=\"og:image:width\" content=\"1192\" \/>\n\t<meta property=\"og:image:height\" content=\"831\" \/>\n\t<meta property=\"og:image:type\" content=\"image\/webp\" \/>\n<meta name=\"author\" content=\"Arnaldo Botto\" \/>\n<meta name=\"twitter:card\" content=\"summary_large_image\" \/>\n<script type=\"application\/ld+json\" class=\"yoast-schema-graph\">{\"@context\":\"https:\/\/schema.org\",\"@graph\":[{\"@type\":\"WebPage\",\"@id\":\"https:\/\/www.noticiasradioreflejos.com.ar\/2021\/detuvieron-a-un-hombre-en-bahia-blanca-por-tenencia-y-distribucion-de-material-de-abuso-sexual-infantil\/\",\"url\":\"https:\/\/www.noticiasradioreflejos.com.ar\/2021\/detuvieron-a-un-hombre-en-bahia-blanca-por-tenencia-y-distribucion-de-material-de-abuso-sexual-infantil\/\",\"name\":\"Detuvieron a un hombre en Bah\u00eda Blanca por tenencia y distribuci\u00f3n de material de abuso sexual infantil - Noticias Radio Reflejos\",\"isPartOf\":{\"@id\":\"https:\/\/www.noticiasradioreflejos.com.ar\/2021\/#website\"},\"primaryImageOfPage\":{\"@id\":\"https:\/\/www.noticiasradioreflejos.com.ar\/2021\/detuvieron-a-un-hombre-en-bahia-blanca-por-tenencia-y-distribucion-de-material-de-abuso-sexual-infantil\/#primaryimage\"},\"image\":{\"@id\":\"https:\/\/www.noticiasradioreflejos.com.ar\/2021\/detuvieron-a-un-hombre-en-bahia-blanca-por-tenencia-y-distribucion-de-material-de-abuso-sexual-infantil\/#primaryimage\"},\"thumbnailUrl\":\"https:\/\/www.noticiasradioreflejos.com.ar\/2021\/wp-content\/uploads\/2025\/11\/fiscalia.webp\",\"datePublished\":\"2025-11-19T16:44:03+00:00\",\"author\":{\"@id\":\"https:\/\/www.noticiasradioreflejos.com.ar\/2021\/#\/schema\/person\/ad82545263dcc5ec0996818884fd5fb1\"},\"breadcrumb\":{\"@id\":\"https:\/\/www.noticiasradioreflejos.com.ar\/2021\/detuvieron-a-un-hombre-en-bahia-blanca-por-tenencia-y-distribucion-de-material-de-abuso-sexual-infantil\/#breadcrumb\"},\"inLanguage\":\"es\",\"potentialAction\":[{\"@type\":\"ReadAction\",\"target\":[\"https:\/\/www.noticiasradioreflejos.com.ar\/2021\/detuvieron-a-un-hombre-en-bahia-blanca-por-tenencia-y-distribucion-de-material-de-abuso-sexual-infantil\/\"]}]},{\"@type\":\"ImageObject\",\"inLanguage\":\"es\",\"@id\":\"https:\/\/www.noticiasradioreflejos.com.ar\/2021\/detuvieron-a-un-hombre-en-bahia-blanca-por-tenencia-y-distribucion-de-material-de-abuso-sexual-infantil\/#primaryimage\",\"url\":\"https:\/\/www.noticiasradioreflejos.com.ar\/2021\/wp-content\/uploads\/2025\/11\/fiscalia.webp\",\"contentUrl\":\"https:\/\/www.noticiasradioreflejos.com.ar\/2021\/wp-content\/uploads\/2025\/11\/fiscalia.webp\",\"width\":1192,\"height\":831},{\"@type\":\"BreadcrumbList\",\"@id\":\"https:\/\/www.noticiasradioreflejos.com.ar\/2021\/detuvieron-a-un-hombre-en-bahia-blanca-por-tenencia-y-distribucion-de-material-de-abuso-sexual-infantil\/#breadcrumb\",\"itemListElement\":[{\"@type\":\"ListItem\",\"position\":1,\"name\":\"Portada\",\"item\":\"https:\/\/www.noticiasradioreflejos.com.ar\/2021\/\"},{\"@type\":\"ListItem\",\"position\":2,\"name\":\"Detuvieron a un hombre en Bah\u00eda Blanca por tenencia y distribuci\u00f3n de material de abuso sexual infantil\"}]},{\"@type\":\"WebSite\",\"@id\":\"https:\/\/www.noticiasradioreflejos.com.ar\/2021\/#website\",\"url\":\"https:\/\/www.noticiasradioreflejos.com.ar\/2021\/\",\"name\":\"Noticias Radio Reflejos\",\"description\":\"Las noticias de mi comarca\",\"potentialAction\":[{\"@type\":\"SearchAction\",\"target\":{\"@type\":\"EntryPoint\",\"urlTemplate\":\"https:\/\/www.noticiasradioreflejos.com.ar\/2021\/?s={search_term_string}\"},\"query-input\":{\"@type\":\"PropertyValueSpecification\",\"valueRequired\":true,\"valueName\":\"search_term_string\"}}],\"inLanguage\":\"es\"},{\"@type\":\"Person\",\"@id\":\"https:\/\/www.noticiasradioreflejos.com.ar\/2021\/#\/schema\/person\/ad82545263dcc5ec0996818884fd5fb1\",\"name\":\"Arnaldo Botto\",\"image\":{\"@type\":\"ImageObject\",\"inLanguage\":\"es\",\"@id\":\"https:\/\/www.noticiasradioreflejos.com.ar\/2021\/#\/schema\/person\/image\/\",\"url\":\"https:\/\/secure.gravatar.com\/avatar\/55cb5e37c1efa326397366e6974cb338056df65cb50e7d64d1cf314e87504837?s=96&d=mm&r=g\",\"contentUrl\":\"https:\/\/secure.gravatar.com\/avatar\/55cb5e37c1efa326397366e6974cb338056df65cb50e7d64d1cf314e87504837?s=96&d=mm&r=g\",\"caption\":\"Arnaldo Botto\"},\"url\":\"https:\/\/www.noticiasradioreflejos.com.ar\/2021\/author\/arnaldo\/\"}]}<\/script>\n<!-- \/ Yoast SEO plugin. -->","yoast_head_json":{"title":"Detuvieron a un hombre en Bah\u00eda Blanca por tenencia y distribuci\u00f3n de material de abuso sexual infantil - Noticias Radio Reflejos","robots":{"index":"index","follow":"follow","max-snippet":"max-snippet:-1","max-image-preview":"max-image-preview:large","max-video-preview":"max-video-preview:-1"},"canonical":"https:\/\/www.noticiasradioreflejos.com.ar\/2021\/detuvieron-a-un-hombre-en-bahia-blanca-por-tenencia-y-distribucion-de-material-de-abuso-sexual-infantil\/","og_locale":"es_ES","og_type":"article","og_title":"Detuvieron a un hombre en Bah\u00eda Blanca por tenencia y distribuci\u00f3n de material de abuso sexual infantil - Noticias Radio Reflejos","og_description":"Cristian Hern\u00e1n Grimalt Villanueva fue capturado en su vivienda ubicada en Charlone al 300.","og_url":"https:\/\/www.noticiasradioreflejos.com.ar\/2021\/detuvieron-a-un-hombre-en-bahia-blanca-por-tenencia-y-distribucion-de-material-de-abuso-sexual-infantil\/","og_site_name":"Noticias Radio Reflejos","article_published_time":"2025-11-19T16:44:03+00:00","og_image":[{"width":1192,"height":831,"url":"https:\/\/www.noticiasradioreflejos.com.ar\/2021\/wp-content\/uploads\/2025\/11\/fiscalia.webp","type":"image\/webp"}],"author":"Arnaldo Botto","twitter_card":"summary_large_image","schema":{"@context":"https:\/\/schema.org","@graph":[{"@type":"WebPage","@id":"https:\/\/www.noticiasradioreflejos.com.ar\/2021\/detuvieron-a-un-hombre-en-bahia-blanca-por-tenencia-y-distribucion-de-material-de-abuso-sexual-infantil\/","url":"https:\/\/www.noticiasradioreflejos.com.ar\/2021\/detuvieron-a-un-hombre-en-bahia-blanca-por-tenencia-y-distribucion-de-material-de-abuso-sexual-infantil\/","name":"Detuvieron a un hombre en Bah\u00eda Blanca por tenencia y distribuci\u00f3n de material de abuso sexual infantil - Noticias Radio Reflejos","isPartOf":{"@id":"https:\/\/www.noticiasradioreflejos.com.ar\/2021\/#website"},"primaryImageOfPage":{"@id":"https:\/\/www.noticiasradioreflejos.com.ar\/2021\/detuvieron-a-un-hombre-en-bahia-blanca-por-tenencia-y-distribucion-de-material-de-abuso-sexual-infantil\/#primaryimage"},"image":{"@id":"https:\/\/www.noticiasradioreflejos.com.ar\/2021\/detuvieron-a-un-hombre-en-bahia-blanca-por-tenencia-y-distribucion-de-material-de-abuso-sexual-infantil\/#primaryimage"},"thumbnailUrl":"https:\/\/www.noticiasradioreflejos.com.ar\/2021\/wp-content\/uploads\/2025\/11\/fiscalia.webp","datePublished":"2025-11-19T16:44:03+00:00","author":{"@id":"https:\/\/www.noticiasradioreflejos.com.ar\/2021\/#\/schema\/person\/ad82545263dcc5ec0996818884fd5fb1"},"breadcrumb":{"@id":"https:\/\/www.noticiasradioreflejos.com.ar\/2021\/detuvieron-a-un-hombre-en-bahia-blanca-por-tenencia-y-distribucion-de-material-de-abuso-sexual-infantil\/#breadcrumb"},"inLanguage":"es","potentialAction":[{"@type":"ReadAction","target":["https:\/\/www.noticiasradioreflejos.com.ar\/2021\/detuvieron-a-un-hombre-en-bahia-blanca-por-tenencia-y-distribucion-de-material-de-abuso-sexual-infantil\/"]}]},{"@type":"ImageObject","inLanguage":"es","@id":"https:\/\/www.noticiasradioreflejos.com.ar\/2021\/detuvieron-a-un-hombre-en-bahia-blanca-por-tenencia-y-distribucion-de-material-de-abuso-sexual-infantil\/#primaryimage","url":"https:\/\/www.noticiasradioreflejos.com.ar\/2021\/wp-content\/uploads\/2025\/11\/fiscalia.webp","contentUrl":"https:\/\/www.noticiasradioreflejos.com.ar\/2021\/wp-content\/uploads\/2025\/11\/fiscalia.webp","width":1192,"height":831},{"@type":"BreadcrumbList","@id":"https:\/\/www.noticiasradioreflejos.com.ar\/2021\/detuvieron-a-un-hombre-en-bahia-blanca-por-tenencia-y-distribucion-de-material-de-abuso-sexual-infantil\/#breadcrumb","itemListElement":[{"@type":"ListItem","position":1,"name":"Portada","item":"https:\/\/www.noticiasradioreflejos.com.ar\/2021\/"},{"@type":"ListItem","position":2,"name":"Detuvieron a un hombre en Bah\u00eda Blanca por tenencia y distribuci\u00f3n de material de abuso sexual infantil"}]},{"@type":"WebSite","@id":"https:\/\/www.noticiasradioreflejos.com.ar\/2021\/#website","url":"https:\/\/www.noticiasradioreflejos.com.ar\/2021\/","name":"Noticias Radio Reflejos","description":"Las noticias de mi comarca","potentialAction":[{"@type":"SearchAction","target":{"@type":"EntryPoint","urlTemplate":"https:\/\/www.noticiasradioreflejos.com.ar\/2021\/?s={search_term_string}"},"query-input":{"@type":"PropertyValueSpecification","valueRequired":true,"valueName":"search_term_string"}}],"inLanguage":"es"},{"@type":"Person","@id":"https:\/\/www.noticiasradioreflejos.com.ar\/2021\/#\/schema\/person\/ad82545263dcc5ec0996818884fd5fb1","name":"Arnaldo Botto","image":{"@type":"ImageObject","inLanguage":"es","@id":"https:\/\/www.noticiasradioreflejos.com.ar\/2021\/#\/schema\/person\/image\/","url":"https:\/\/secure.gravatar.com\/avatar\/55cb5e37c1efa326397366e6974cb338056df65cb50e7d64d1cf314e87504837?s=96&d=mm&r=g","contentUrl":"https:\/\/secure.gravatar.com\/avatar\/55cb5e37c1efa326397366e6974cb338056df65cb50e7d64d1cf314e87504837?s=96&d=mm&r=g","caption":"Arnaldo Botto"},"url":"https:\/\/www.noticiasradioreflejos.com.ar\/2021\/author\/arnaldo\/"}]}},"_links":{"self":[{"href":"https:\/\/www.noticiasradioreflejos.com.ar\/2021\/wp-json\/wp\/v2\/posts\/128616","targetHints":{"allow":["GET"]}}],"collection":[{"href":"https:\/\/www.noticiasradioreflejos.com.ar\/2021\/wp-json\/wp\/v2\/posts"}],"about":[{"href":"https:\/\/www.noticiasradioreflejos.com.ar\/2021\/wp-json\/wp\/v2\/types\/post"}],"author":[{"embeddable":true,"href":"https:\/\/www.noticiasradioreflejos.com.ar\/2021\/wp-json\/wp\/v2\/users\/3"}],"replies":[{"embeddable":true,"href":"https:\/\/www.noticiasradioreflejos.com.ar\/2021\/wp-json\/wp\/v2\/comments?post=128616"}],"version-history":[{"count":1,"href":"https:\/\/www.noticiasradioreflejos.com.ar\/2021\/wp-json\/wp\/v2\/posts\/128616\/revisions"}],"predecessor-version":[{"id":128618,"href":"https:\/\/www.noticiasradioreflejos.com.ar\/2021\/wp-json\/wp\/v2\/posts\/128616\/revisions\/128618"}],"wp:featuredmedia":[{"embeddable":true,"href":"https:\/\/www.noticiasradioreflejos.com.ar\/2021\/wp-json\/wp\/v2\/media\/128617"}],"wp:attachment":[{"href":"https:\/\/www.noticiasradioreflejos.com.ar\/2021\/wp-json\/wp\/v2\/media?parent=128616"}],"wp:term":[{"taxonomy":"category","embeddable":true,"href":"https:\/\/www.noticiasradioreflejos.com.ar\/2021\/wp-json\/wp\/v2\/categories?post=128616"},{"taxonomy":"post_tag","embeddable":true,"href":"https:\/\/www.noticiasradioreflejos.com.ar\/2021\/wp-json\/wp\/v2\/tags?post=128616"}],"curies":[{"name":"wp","href":"https:\/\/api.w.org\/{rel}","templated":true}]}}